{"id":9275,"date":"2015-11-29T20:46:13","date_gmt":"2015-11-29T20:46:13","guid":{"rendered":"http:\/\/www.montalegre.org\/?p=9275"},"modified":"2015-11-29T20:46:13","modified_gmt":"2015-11-29T20:46:13","slug":"el-rostro-de-la-misericordia","status":"publish","type":"post","link":"https:\/\/www.montalegre.org\/es\/2015\/11\/el-rostro-de-la-misericordia\/","title":{"rendered":"El rostro de la misericordia"},"content":{"rendered":"<p style=\"text-align: justify;\"><em>&#8220;Estamos viviendo el tiempo de la misericordia. Este es el tiempo de la misericordia. Hoy hay mucha necesidad de misericordia, y es importante que los fieles laicos la vivan y la lleven a los diferentes ambientes sociales. \u00a0\u00a1Adelante! &#8220;<\/em><\/p>\n<p style=\"text-align: justify;\">El Papa Francisco nos invita a prepararnos para vivir el Jubileo de la Misericordia que comenzar\u00e1 en la pr\u00f3xima solemnidad de la Inmaculada Concepci\u00f3n, coincidiendo con el 50 aniversario de la clausura del Concilio Vaticano II. Es m\u00e1s, nos alienta a hacerlo con decisi\u00f3n personal, sin esperar a que nos digan c\u00f3mo y cu\u00e1ndo. Conf\u00eda en que todos los fieles vivan este tiempo de la misericordia, pero especialmente los fieles laicos: los cristianos corrientes, padres y madres de familia, abuelos, hijos e hijas; trabajadores y estudiantes. Todos vosotros.<\/p>\n<p style=\"text-align: justify;\">La misericordia es un tema sensible para el Santo Padre. De hecho, est\u00e1 incluido en su lema episcopal: &#8220;miserando adque eligendo&#8221;; haciendo referencia a la forma que ten\u00eda Jesucristo de escoger sus disc\u00edpulos y en concreto en San Mateo, considerado publicano y pecador por sus coet\u00e1neos: Jes\u00fas, mir\u00e1ndolo con sentimiento de amor, la elije y le dijo: \u00a1s\u00edgueme! Jes\u00fas es el rostro de la misericordia del Padre. Es m\u00e1s, Jes\u00fas nos mira siempre con ojos de misericordia.<\/p>\n<p style=\"text-align: justify;\">Con el Jubileo de la misericordia, el Papa Francisco, pone en el centro de atenci\u00f3n a Dios misericordioso que invita a todos a volver a \u00c9l. El encuentro personal con \u00c9l inspira la virtud de la misericordia. Como nos dec\u00eda san Juan Pablo II, Dios se hace visible como Padre rico en misericordia. Desde la fe es f\u00e1cil comprenderlo, porque la misericordia consiste fundamentalmente en hacer propia la miseria ajena. Y eso es lo que hace Jes\u00fas al asumir todas las lacras humanas para redimirse en la Cruz. Qu\u00e9 lejos queda esta actitud de nuestra inclinaci\u00f3n a buscar culpables de todo lo que sucede, pero sin incluirnos nunca. Nuestro mundo ser\u00eda mucho m\u00e1s humano si aprendi\u00e9ramos de verdad a necesitar el perd\u00f3n y otorgarlo siempre. No podemos olvidar que la misericordia es inseparable del perd\u00f3n y por tanto de reconocer la culpa y manifestar arrepentimiento. Si queremos obtener el perd\u00f3n es l\u00f3gico que tambi\u00e9n estemos dispuestos a perdonar. Es una de las principales peticiones del Padrenuestro, la oraci\u00f3n dominical.<\/p>\n<p style=\"text-align: justify;\">Prepar\u00e9monos para tal gran evento contemplando el misterio de la misericordia: fuente de alegr\u00eda, de serenidad y de paz; condici\u00f3n de nuestra salvaci\u00f3n. <em>Misericordia:<\/em> nos dice el Francisco<em>, es el acto \u00faltimo y supremo con el que Dios viene a nuestro encuentro. Misericordia: es la ley fundamental que habita en el coraz\u00f3n de cada persona cuando mira con ojos sinceros el hermano que se encuentra en el camino de la vida. Misericordia: es la v\u00eda que une a Dios y el hombre, porque abre el coraz\u00f3n a la esperanza de ser estimados a pesar del l\u00edmite de nuestro pecado. En el Evangelio encontramos multitud de manifestaciones de esta misericordia divina. Os invito a descubrirlas vosotros mismos; abra el Evangelio y medite-lo saboreando los hechos y las palabras de quien es paciente y misericordioso. Descubriremos c\u00f3mo la misericordia de Dios no es una idea abstracta, sino una realidad concreta con la que \u00c9l revela su amor, que es como el de un padre o madre que se enternecen en lo m\u00e1s profundo de sus entra\u00f1as por el propio hijo. Es un amor que proviene desde el m\u00e1s \u00edntimo, como un profundo sentimiento, natural, hecho de ternura y compasi\u00f3n, de indulgencia y de perd\u00f3n. Qu\u00e9 f\u00e1cil es, entonces, devolver a \u00c9l y redescubrir la alegr\u00eda de la vida cristiana. Qu\u00e9 f\u00e1cil lo tenemos, si empezamos a vivirlo en nuestro propio hogar. Dejemos que la misericordia de Dios ilumine nuestras familias. Seamos misericordiosos hay lograremos la Misericordia<\/em>.<\/p>\n<p>Mn. Xavier Argelich Casals<\/p>\n<p>Rector de Montalegre<\/p>\n","protected":false},"excerpt":{"rendered":"<p>&#8220;Estamos viviendo el tiempo de la misericordia. Este es el tiempo de la misericordia. Hoy hay mucha necesidad de misericordia, y es importante que los fieles laicos la vivan y la lleven a los diferentes ambientes sociales. \u00a0\u00a1Adelante! &#8220; El Papa Francisco nos invita a prepararnos para vivir el Jubileo de la Misericordia que comenzar\u00e1 [&hellip;]<\/p>\n","protected":false},"author":4,"featured_media":0,"comment_status":"open","ping_status":"open","sticky":false,"template":"","format":"standard","meta":{"footnotes":""},"categories":[31],"tags":[],"class_list":["post-9275","post","type-post","status-publish","format-standard","hentry","category-actualidad"],"yoast_head":"<!-- This site is optimized with the Yoast SEO plugin v27.1.1 - https:\/\/yoast.com\/product\/yoast-seo-wordpress\/ -->\n<title>El rostro de la misericordia - Montalegre<\/title>\n<meta name=\"robots\" content=\"index, follow, max-snippet:-1, max-image-preview:large, max-video-preview:-1\" \/>\n<link rel=\"canonical\" href=\"https:\/\/www.montalegre.org\/es\/2015\/11\/el-rostro-de-la-misericordia\/\" \/>\n<meta property=\"og:locale\" content=\"es_ES\" \/>\n<meta property=\"og:type\" content=\"article\" \/>\n<meta property=\"og:title\" content=\"El rostro de la misericordia - Montalegre\" \/>\n<meta property=\"og:description\" content=\"&#8220;Estamos viviendo el tiempo de la misericordia. Este es el tiempo de la misericordia. Hoy hay mucha necesidad de misericordia, y es importante que los fieles laicos la vivan y la lleven a los diferentes ambientes sociales. \u00a0\u00a1Adelante! &#8220; El Papa Francisco nos invita a prepararnos para vivir el Jubileo de la Misericordia que comenzar\u00e1 [&hellip;]\" \/>\n<meta property=\"og:url\" content=\"https:\/\/www.montalegre.org\/es\/2015\/11\/el-rostro-de-la-misericordia\/\" \/>\n<meta property=\"og:site_name\" content=\"Montalegre\" \/>\n<meta property=\"article:published_time\" content=\"2015-11-29T20:46:13+00:00\" \/>\n<meta name=\"author\" content=\"montalegre\" \/>\n<meta name=\"twitter:card\" content=\"summary_large_image\" \/>\n<meta name=\"twitter:label1\" content=\"Escrito por\" \/>\n\t<meta name=\"twitter:data1\" content=\"montalegre\" \/>\n\t<meta name=\"twitter:label2\" content=\"Tiempo de lectura\" \/>\n\t<meta name=\"twitter:data2\" content=\"3 minutos\" \/>\n<script type=\"application\/ld+json\" class=\"yoast-schema-graph\">{\"@context\":\"https:\/\/schema.org\",\"@graph\":[{\"@type\":\"Article\",\"@id\":\"https:\/\/www.montalegre.org\/es\/2015\/11\/el-rostro-de-la-misericordia\/#article\",\"isPartOf\":{\"@id\":\"https:\/\/www.montalegre.org\/es\/2015\/11\/el-rostro-de-la-misericordia\/\"},\"author\":{\"name\":\"montalegre\",\"@id\":\"https:\/\/www.montalegre.org\/es\/#\/schema\/person\/fa12d4cf3a3f1735a9176b4fafd6a633\"},\"headline\":\"El rostro de la misericordia\",\"datePublished\":\"2015-11-29T20:46:13+00:00\",\"mainEntityOfPage\":{\"@id\":\"https:\/\/www.montalegre.org\/es\/2015\/11\/el-rostro-de-la-misericordia\/\"},\"wordCount\":674,\"commentCount\":0,\"articleSection\":[\"Actualidad\"],\"inLanguage\":\"es\",\"potentialAction\":[{\"@type\":\"CommentAction\",\"name\":\"Comment\",\"target\":[\"https:\/\/www.montalegre.org\/es\/2015\/11\/el-rostro-de-la-misericordia\/#respond\"]}]},{\"@type\":\"WebPage\",\"@id\":\"https:\/\/www.montalegre.org\/es\/2015\/11\/el-rostro-de-la-misericordia\/\",\"url\":\"https:\/\/www.montalegre.org\/es\/2015\/11\/el-rostro-de-la-misericordia\/\",\"name\":\"El rostro de la misericordia - Montalegre\",\"isPartOf\":{\"@id\":\"https:\/\/www.montalegre.org\/es\/#website\"},\"datePublished\":\"2015-11-29T20:46:13+00:00\",\"author\":{\"@id\":\"https:\/\/www.montalegre.org\/es\/#\/schema\/person\/fa12d4cf3a3f1735a9176b4fafd6a633\"},\"breadcrumb\":{\"@id\":\"https:\/\/www.montalegre.org\/es\/2015\/11\/el-rostro-de-la-misericordia\/#breadcrumb\"},\"inLanguage\":\"es\",\"potentialAction\":[{\"@type\":\"ReadAction\",\"target\":[\"https:\/\/www.montalegre.org\/es\/2015\/11\/el-rostro-de-la-misericordia\/\"]}]},{\"@type\":\"BreadcrumbList\",\"@id\":\"https:\/\/www.montalegre.org\/es\/2015\/11\/el-rostro-de-la-misericordia\/#breadcrumb\",\"itemListElement\":[{\"@type\":\"ListItem\",\"position\":1,\"name\":\"Portada\",\"item\":\"https:\/\/www.montalegre.org\/es\/\"},{\"@type\":\"ListItem\",\"position\":2,\"name\":\"El rostro de la misericordia\"}]},{\"@type\":\"WebSite\",\"@id\":\"https:\/\/www.montalegre.org\/es\/#website\",\"url\":\"https:\/\/www.montalegre.org\/es\/\",\"name\":\"Montalegre\",\"description\":\"\",\"potentialAction\":[{\"@type\":\"SearchAction\",\"target\":{\"@type\":\"EntryPoint\",\"urlTemplate\":\"https:\/\/www.montalegre.org\/es\/?s={search_term_string}\"},\"query-input\":{\"@type\":\"PropertyValueSpecification\",\"valueRequired\":true,\"valueName\":\"search_term_string\"}}],\"inLanguage\":\"es\"},{\"@type\":\"Person\",\"@id\":\"https:\/\/www.montalegre.org\/es\/#\/schema\/person\/fa12d4cf3a3f1735a9176b4fafd6a633\",\"name\":\"montalegre\",\"image\":{\"@type\":\"ImageObject\",\"inLanguage\":\"es\",\"@id\":\"https:\/\/www.montalegre.org\/es\/#\/schema\/person\/image\/\",\"url\":\"https:\/\/secure.gravatar.com\/avatar\/fe6d886cf5081e723c666dceda1f12d4f39070fa2ed4e79695edc3ca355c9b5a?s=96&d=mm&r=g\",\"contentUrl\":\"https:\/\/secure.gravatar.com\/avatar\/fe6d886cf5081e723c666dceda1f12d4f39070fa2ed4e79695edc3ca355c9b5a?s=96&d=mm&r=g\",\"caption\":\"montalegre\"},\"url\":\"https:\/\/www.montalegre.org\/es\/author\/montalegre\/\"}]}<\/script>\n<!-- \/ Yoast SEO plugin. -->","yoast_head_json":{"title":"El rostro de la misericordia - Montalegre","robots":{"index":"index","follow":"follow","max-snippet":"max-snippet:-1","max-image-preview":"max-image-preview:large","max-video-preview":"max-video-preview:-1"},"canonical":"https:\/\/www.montalegre.org\/es\/2015\/11\/el-rostro-de-la-misericordia\/","og_locale":"es_ES","og_type":"article","og_title":"El rostro de la misericordia - Montalegre","og_description":"&#8220;Estamos viviendo el tiempo de la misericordia. Este es el tiempo de la misericordia. Hoy hay mucha necesidad de misericordia, y es importante que los fieles laicos la vivan y la lleven a los diferentes ambientes sociales. \u00a0\u00a1Adelante! &#8220; El Papa Francisco nos invita a prepararnos para vivir el Jubileo de la Misericordia que comenzar\u00e1 [&hellip;]","og_url":"https:\/\/www.montalegre.org\/es\/2015\/11\/el-rostro-de-la-misericordia\/","og_site_name":"Montalegre","article_published_time":"2015-11-29T20:46:13+00:00","author":"montalegre","twitter_card":"summary_large_image","twitter_misc":{"Escrito por":"montalegre","Tiempo de lectura":"3 minutos"},"schema":{"@context":"https:\/\/schema.org","@graph":[{"@type":"Article","@id":"https:\/\/www.montalegre.org\/es\/2015\/11\/el-rostro-de-la-misericordia\/#article","isPartOf":{"@id":"https:\/\/www.montalegre.org\/es\/2015\/11\/el-rostro-de-la-misericordia\/"},"author":{"name":"montalegre","@id":"https:\/\/www.montalegre.org\/es\/#\/schema\/person\/fa12d4cf3a3f1735a9176b4fafd6a633"},"headline":"El rostro de la misericordia","datePublished":"2015-11-29T20:46:13+00:00","mainEntityOfPage":{"@id":"https:\/\/www.montalegre.org\/es\/2015\/11\/el-rostro-de-la-misericordia\/"},"wordCount":674,"commentCount":0,"articleSection":["Actualidad"],"inLanguage":"es","potentialAction":[{"@type":"CommentAction","name":"Comment","target":["https:\/\/www.montalegre.org\/es\/2015\/11\/el-rostro-de-la-misericordia\/#respond"]}]},{"@type":"WebPage","@id":"https:\/\/www.montalegre.org\/es\/2015\/11\/el-rostro-de-la-misericordia\/","url":"https:\/\/www.montalegre.org\/es\/2015\/11\/el-rostro-de-la-misericordia\/","name":"El rostro de la misericordia - Montalegre","isPartOf":{"@id":"https:\/\/www.montalegre.org\/es\/#website"},"datePublished":"2015-11-29T20:46:13+00:00","author":{"@id":"https:\/\/www.montalegre.org\/es\/#\/schema\/person\/fa12d4cf3a3f1735a9176b4fafd6a633"},"breadcrumb":{"@id":"https:\/\/www.montalegre.org\/es\/2015\/11\/el-rostro-de-la-misericordia\/#breadcrumb"},"inLanguage":"es","potentialAction":[{"@type":"ReadAction","target":["https:\/\/www.montalegre.org\/es\/2015\/11\/el-rostro-de-la-misericordia\/"]}]},{"@type":"BreadcrumbList","@id":"https:\/\/www.montalegre.org\/es\/2015\/11\/el-rostro-de-la-misericordia\/#breadcrumb","itemListElement":[{"@type":"ListItem","position":1,"name":"Portada","item":"https:\/\/www.montalegre.org\/es\/"},{"@type":"ListItem","position":2,"name":"El rostro de la misericordia"}]},{"@type":"WebSite","@id":"https:\/\/www.montalegre.org\/es\/#website","url":"https:\/\/www.montalegre.org\/es\/","name":"Montalegre","description":"","potentialAction":[{"@type":"SearchAction","target":{"@type":"EntryPoint","urlTemplate":"https:\/\/www.montalegre.org\/es\/?s={search_term_string}"},"query-input":{"@type":"PropertyValueSpecification","valueRequired":true,"valueName":"search_term_string"}}],"inLanguage":"es"},{"@type":"Person","@id":"https:\/\/www.montalegre.org\/es\/#\/schema\/person\/fa12d4cf3a3f1735a9176b4fafd6a633","name":"montalegre","image":{"@type":"ImageObject","inLanguage":"es","@id":"https:\/\/www.montalegre.org\/es\/#\/schema\/person\/image\/","url":"https:\/\/secure.gravatar.com\/avatar\/fe6d886cf5081e723c666dceda1f12d4f39070fa2ed4e79695edc3ca355c9b5a?s=96&d=mm&r=g","contentUrl":"https:\/\/secure.gravatar.com\/avatar\/fe6d886cf5081e723c666dceda1f12d4f39070fa2ed4e79695edc3ca355c9b5a?s=96&d=mm&r=g","caption":"montalegre"},"url":"https:\/\/www.montalegre.org\/es\/author\/montalegre\/"}]}},"_links":{"self":[{"href":"https:\/\/www.montalegre.org\/es\/wp-json\/wp\/v2\/posts\/9275","targetHints":{"allow":["GET"]}}],"collection":[{"href":"https:\/\/www.montalegre.org\/es\/wp-json\/wp\/v2\/posts"}],"about":[{"href":"https:\/\/www.montalegre.org\/es\/wp-json\/wp\/v2\/types\/post"}],"author":[{"embeddable":true,"href":"https:\/\/www.montalegre.org\/es\/wp-json\/wp\/v2\/users\/4"}],"replies":[{"embeddable":true,"href":"https:\/\/www.montalegre.org\/es\/wp-json\/wp\/v2\/comments?post=9275"}],"version-history":[{"count":1,"href":"https:\/\/www.montalegre.org\/es\/wp-json\/wp\/v2\/posts\/9275\/revisions"}],"predecessor-version":[{"id":9276,"href":"https:\/\/www.montalegre.org\/es\/wp-json\/wp\/v2\/posts\/9275\/revisions\/9276"}],"wp:attachment":[{"href":"https:\/\/www.montalegre.org\/es\/wp-json\/wp\/v2\/media?parent=9275"}],"wp:term":[{"taxonomy":"category","embeddable":true,"href":"https:\/\/www.montalegre.org\/es\/wp-json\/wp\/v2\/categories?post=9275"},{"taxonomy":"post_tag","embeddable":true,"href":"https:\/\/www.montalegre.org\/es\/wp-json\/wp\/v2\/tags?post=9275"}],"curies":[{"name":"wp","href":"https:\/\/api.w.org\/{rel}","templated":true}]}}