{"id":9177,"date":"2015-10-09T18:59:16","date_gmt":"2015-10-09T18:59:16","guid":{"rendered":"http:\/\/www.montalegre.org\/?p=9177"},"modified":"2015-10-09T18:59:16","modified_gmt":"2015-10-09T18:59:16","slug":"la-obra-es-de-dios","status":"publish","type":"post","link":"https:\/\/www.montalegre.org\/es\/2015\/10\/la-obra-es-de-dios\/","title":{"rendered":"La Obra es de Dios"},"content":{"rendered":"<p style=\"text-align: justify;\"><a href=\"http:\/\/www.montalegre.org\/wp-content\/uploads\/2015\/10\/IMG_1244.jpg\"><img loading=\"lazy\" decoding=\"async\" class=\"alignleft size-medium wp-image-9173\" src=\"http:\/\/www.montalegre.org\/wp-content\/uploads\/2015\/10\/IMG_1244-300x225.jpg\" alt=\"IMG_1244\" width=\"300\" height=\"225\" \/><\/a>En el d\u00eda de la festividad de los \u00c1ngeles Custodios, se celebr\u00f3 en la\u00a0Iglesia de Santa Mar\u00eda de Montalegre el aniversario de la fundaci\u00f3n del Opus Dei pues en la fecha del 2 de octubre pero de hace 87 a\u00f1os, San Josemar\u00eda, por inspiraci\u00f3n divina, vio la Obra. Presidi\u00f3 la misa Mn. Luis Tusquellas y concelebrada con Mn. Xavier Argelich y Mn. Manel Mallol, ambos sacerdotes de Montalegre.<\/p>\n<p style=\"text-align: justify;\">En la oraci\u00f3n de la entrada se pidi\u00f3 a los \u00e1ngeles que nos protegiesen de todos los peligros. En la homil\u00eda, entre otras cosas, Mn. Tusquellas record\u00f3 c\u00f3mo se produjo esa monici\u00f3n de Dios a san Josemar\u00eda. El <a href=\"http:\/\/www.montalegre.org\/wp-content\/uploads\/2015\/10\/IMG_1217.jpg\"><img loading=\"lazy\" decoding=\"async\" class=\"alignright size-medium wp-image-9174\" src=\"http:\/\/www.montalegre.org\/wp-content\/uploads\/2015\/10\/IMG_1217-225x300.jpg\" alt=\"IMG_1217\" width=\"225\" height=\"300\" \/><\/a>fundador de la Obra estaba haciendo un retiro espiritual y en oraci\u00f3n, decidido a hacer la voluntad de Dios, vio lo que estaba esperando que se le revelara, lo que Dios esperaba de \u00e9l, es decir, hacer la Obra. Mn. Tusquellas nos habl\u00f3 de lo importante que es la oraci\u00f3n para un cristiano, pues Dios desea est\u00e1 con nosotros, en nuestra intimidad, en especial en la santa eucarist\u00eda. Nuestro interior deber\u00eda ser la casa de Dios, entonces \u00c9l actuar\u00e1 siempre en nosotros. Y en el camino del Opus Dei descubriremos que todos estamos llamados a la santidad, en todo el mundo. Cualquier persona puede ser santa, Dios no descarta nadie, ama a todos, para \u00c9l cada persona es importante y \u00fanica. Amando a Dios y haciendo su voluntad se pueden hacer cosas grandes a sus ojos, y ganarse el cielo resultar\u00e1 una gran aventura. Por tanto, es importante lo que hacemos en la vida si le decimos a Dios, \u00bfqu\u00e9 quieres que haga, Dios m\u00edo? \u00bfHacia donde quieres que vaya, Dios m\u00edo? \u00a1Se\u00f1or, quiero ser obra tuya!<\/p>\n<p style=\"text-align: justify;\"><a href=\"http:\/\/www.montalegre.org\/wp-content\/uploads\/2015\/10\/IMG_1206.jpg\"><img loading=\"lazy\" decoding=\"async\" class=\"alignleft size-medium wp-image-9175\" src=\"http:\/\/www.montalegre.org\/wp-content\/uploads\/2015\/10\/IMG_1206-300x225.jpg\" alt=\"IMG_1206\" width=\"300\" height=\"225\" \/><\/a>Como suele ser habitual y tambi\u00e9n en este 2 de octubre de 2015, dirigi\u00f3 los cantos Mn. Joan Juventeny junto con el se\u00f1or Pep Masabeu, el organista de la Casa. Las lecturas fueron a cargo del colaborador se\u00f1or \u00c1ngel G\u00f3mez-Sala.<\/p>\n<p style=\"text-align: justify;\">Isabel Hern\u00e1ndez Esteban<\/p>\n","protected":false},"excerpt":{"rendered":"<p>En el d\u00eda de la festividad de los \u00c1ngeles Custodios, se celebr\u00f3 en la\u00a0Iglesia de Santa Mar\u00eda de Montalegre el aniversario de la fundaci\u00f3n del Opus Dei pues en la fecha del 2 de octubre pero de hace 87 a\u00f1os, San Josemar\u00eda, por inspiraci\u00f3n divina, vio la Obra. Presidi\u00f3 la misa Mn. Luis Tusquellas y [&hellip;]<\/p>\n","protected":false},"author":4,"featured_media":0,"comment_status":"open","ping_status":"open","sticky":false,"template":"","format":"standard","meta":{"footnotes":""},"categories":[1],"tags":[],"class_list":["post-9177","post","type-post","status-publish","format-standard","hentry","category-noticias-de-montalegre"],"yoast_head":"<!-- This site is optimized with the Yoast SEO plugin v27.1.1 - https:\/\/yoast.com\/product\/yoast-seo-wordpress\/ -->\n<title>La Obra es de Dios - Montalegre<\/title>\n<meta name=\"robots\" content=\"index, follow, max-snippet:-1, max-image-preview:large, max-video-preview:-1\" \/>\n<link rel=\"canonical\" href=\"https:\/\/www.montalegre.org\/es\/2015\/10\/la-obra-es-de-dios\/\" \/>\n<meta property=\"og:locale\" content=\"es_ES\" \/>\n<meta property=\"og:type\" content=\"article\" \/>\n<meta property=\"og:title\" content=\"La Obra es de Dios - Montalegre\" \/>\n<meta property=\"og:description\" content=\"En el d\u00eda de la festividad de los \u00c1ngeles Custodios, se celebr\u00f3 en la\u00a0Iglesia de Santa Mar\u00eda de Montalegre el aniversario de la fundaci\u00f3n del Opus Dei pues en la fecha del 2 de octubre pero de hace 87 a\u00f1os, San Josemar\u00eda, por inspiraci\u00f3n divina, vio la Obra. Presidi\u00f3 la misa Mn. Luis Tusquellas y [&hellip;]\" \/>\n<meta property=\"og:url\" content=\"https:\/\/www.montalegre.org\/es\/2015\/10\/la-obra-es-de-dios\/\" \/>\n<meta property=\"og:site_name\" content=\"Montalegre\" \/>\n<meta property=\"article:published_time\" content=\"2015-10-09T18:59:16+00:00\" \/>\n<meta property=\"og:image\" content=\"http:\/\/www.montalegre.org\/wp-content\/uploads\/2015\/10\/IMG_1244-300x225.jpg\" \/>\n<meta name=\"author\" content=\"montalegre\" \/>\n<meta name=\"twitter:card\" content=\"summary_large_image\" \/>\n<meta name=\"twitter:label1\" content=\"Escrito por\" \/>\n\t<meta name=\"twitter:data1\" content=\"montalegre\" \/>\n\t<meta name=\"twitter:label2\" content=\"Tiempo de lectura\" \/>\n\t<meta name=\"twitter:data2\" content=\"2 minutos\" \/>\n<script type=\"application\/ld+json\" class=\"yoast-schema-graph\">{\"@context\":\"https:\/\/schema.org\",\"@graph\":[{\"@type\":\"Article\",\"@id\":\"https:\/\/www.montalegre.org\/es\/2015\/10\/la-obra-es-de-dios\/#article\",\"isPartOf\":{\"@id\":\"https:\/\/www.montalegre.org\/es\/2015\/10\/la-obra-es-de-dios\/\"},\"author\":{\"name\":\"montalegre\",\"@id\":\"https:\/\/www.montalegre.org\/es\/#\/schema\/person\/fa12d4cf3a3f1735a9176b4fafd6a633\"},\"headline\":\"La Obra es de Dios\",\"datePublished\":\"2015-10-09T18:59:16+00:00\",\"mainEntityOfPage\":{\"@id\":\"https:\/\/www.montalegre.org\/es\/2015\/10\/la-obra-es-de-dios\/\"},\"wordCount\":351,\"commentCount\":0,\"image\":{\"@id\":\"https:\/\/www.montalegre.org\/es\/2015\/10\/la-obra-es-de-dios\/#primaryimage\"},\"thumbnailUrl\":\"http:\/\/www.montalegre.org\/wp-content\/uploads\/2015\/10\/IMG_1244-300x225.jpg\",\"articleSection\":[\"Noticias de Montalegre\"],\"inLanguage\":\"es\",\"potentialAction\":[{\"@type\":\"CommentAction\",\"name\":\"Comment\",\"target\":[\"https:\/\/www.montalegre.org\/es\/2015\/10\/la-obra-es-de-dios\/#respond\"]}]},{\"@type\":\"WebPage\",\"@id\":\"https:\/\/www.montalegre.org\/es\/2015\/10\/la-obra-es-de-dios\/\",\"url\":\"https:\/\/www.montalegre.org\/es\/2015\/10\/la-obra-es-de-dios\/\",\"name\":\"La Obra es de Dios - Montalegre\",\"isPartOf\":{\"@id\":\"https:\/\/www.montalegre.org\/es\/#website\"},\"primaryImageOfPage\":{\"@id\":\"https:\/\/www.montalegre.org\/es\/2015\/10\/la-obra-es-de-dios\/#primaryimage\"},\"image\":{\"@id\":\"https:\/\/www.montalegre.org\/es\/2015\/10\/la-obra-es-de-dios\/#primaryimage\"},\"thumbnailUrl\":\"http:\/\/www.montalegre.org\/wp-content\/uploads\/2015\/10\/IMG_1244-300x225.jpg\",\"datePublished\":\"2015-10-09T18:59:16+00:00\",\"author\":{\"@id\":\"https:\/\/www.montalegre.org\/es\/#\/schema\/person\/fa12d4cf3a3f1735a9176b4fafd6a633\"},\"breadcrumb\":{\"@id\":\"https:\/\/www.montalegre.org\/es\/2015\/10\/la-obra-es-de-dios\/#breadcrumb\"},\"inLanguage\":\"es\",\"potentialAction\":[{\"@type\":\"ReadAction\",\"target\":[\"https:\/\/www.montalegre.org\/es\/2015\/10\/la-obra-es-de-dios\/\"]}]},{\"@type\":\"ImageObject\",\"inLanguage\":\"es\",\"@id\":\"https:\/\/www.montalegre.org\/es\/2015\/10\/la-obra-es-de-dios\/#primaryimage\",\"url\":\"http:\/\/www.montalegre.org\/wp-content\/uploads\/2015\/10\/IMG_1244-300x225.jpg\",\"contentUrl\":\"http:\/\/www.montalegre.org\/wp-content\/uploads\/2015\/10\/IMG_1244-300x225.jpg\"},{\"@type\":\"BreadcrumbList\",\"@id\":\"https:\/\/www.montalegre.org\/es\/2015\/10\/la-obra-es-de-dios\/#breadcrumb\",\"itemListElement\":[{\"@type\":\"ListItem\",\"position\":1,\"name\":\"Portada\",\"item\":\"https:\/\/www.montalegre.org\/es\/\"},{\"@type\":\"ListItem\",\"position\":2,\"name\":\"La Obra es de Dios\"}]},{\"@type\":\"WebSite\",\"@id\":\"https:\/\/www.montalegre.org\/es\/#website\",\"url\":\"https:\/\/www.montalegre.org\/es\/\",\"name\":\"Montalegre\",\"description\":\"\",\"potentialAction\":[{\"@type\":\"SearchAction\",\"target\":{\"@type\":\"EntryPoint\",\"urlTemplate\":\"https:\/\/www.montalegre.org\/es\/?s={search_term_string}\"},\"query-input\":{\"@type\":\"PropertyValueSpecification\",\"valueRequired\":true,\"valueName\":\"search_term_string\"}}],\"inLanguage\":\"es\"},{\"@type\":\"Person\",\"@id\":\"https:\/\/www.montalegre.org\/es\/#\/schema\/person\/fa12d4cf3a3f1735a9176b4fafd6a633\",\"name\":\"montalegre\",\"image\":{\"@type\":\"ImageObject\",\"inLanguage\":\"es\",\"@id\":\"https:\/\/www.montalegre.org\/es\/#\/schema\/person\/image\/\",\"url\":\"https:\/\/secure.gravatar.com\/avatar\/fe6d886cf5081e723c666dceda1f12d4f39070fa2ed4e79695edc3ca355c9b5a?s=96&d=mm&r=g\",\"contentUrl\":\"https:\/\/secure.gravatar.com\/avatar\/fe6d886cf5081e723c666dceda1f12d4f39070fa2ed4e79695edc3ca355c9b5a?s=96&d=mm&r=g\",\"caption\":\"montalegre\"},\"url\":\"https:\/\/www.montalegre.org\/es\/author\/montalegre\/\"}]}<\/script>\n<!-- \/ Yoast SEO plugin. -->","yoast_head_json":{"title":"La Obra es de Dios - Montalegre","robots":{"index":"index","follow":"follow","max-snippet":"max-snippet:-1","max-image-preview":"max-image-preview:large","max-video-preview":"max-video-preview:-1"},"canonical":"https:\/\/www.montalegre.org\/es\/2015\/10\/la-obra-es-de-dios\/","og_locale":"es_ES","og_type":"article","og_title":"La Obra es de Dios - Montalegre","og_description":"En el d\u00eda de la festividad de los \u00c1ngeles Custodios, se celebr\u00f3 en la\u00a0Iglesia de Santa Mar\u00eda de Montalegre el aniversario de la fundaci\u00f3n del Opus Dei pues en la fecha del 2 de octubre pero de hace 87 a\u00f1os, San Josemar\u00eda, por inspiraci\u00f3n divina, vio la Obra. Presidi\u00f3 la misa Mn. Luis Tusquellas y [&hellip;]","og_url":"https:\/\/www.montalegre.org\/es\/2015\/10\/la-obra-es-de-dios\/","og_site_name":"Montalegre","article_published_time":"2015-10-09T18:59:16+00:00","og_image":[{"url":"http:\/\/www.montalegre.org\/wp-content\/uploads\/2015\/10\/IMG_1244-300x225.jpg","type":"","width":"","height":""}],"author":"montalegre","twitter_card":"summary_large_image","twitter_misc":{"Escrito por":"montalegre","Tiempo de lectura":"2 minutos"},"schema":{"@context":"https:\/\/schema.org","@graph":[{"@type":"Article","@id":"https:\/\/www.montalegre.org\/es\/2015\/10\/la-obra-es-de-dios\/#article","isPartOf":{"@id":"https:\/\/www.montalegre.org\/es\/2015\/10\/la-obra-es-de-dios\/"},"author":{"name":"montalegre","@id":"https:\/\/www.montalegre.org\/es\/#\/schema\/person\/fa12d4cf3a3f1735a9176b4fafd6a633"},"headline":"La Obra es de Dios","datePublished":"2015-10-09T18:59:16+00:00","mainEntityOfPage":{"@id":"https:\/\/www.montalegre.org\/es\/2015\/10\/la-obra-es-de-dios\/"},"wordCount":351,"commentCount":0,"image":{"@id":"https:\/\/www.montalegre.org\/es\/2015\/10\/la-obra-es-de-dios\/#primaryimage"},"thumbnailUrl":"http:\/\/www.montalegre.org\/wp-content\/uploads\/2015\/10\/IMG_1244-300x225.jpg","articleSection":["Noticias de Montalegre"],"inLanguage":"es","potentialAction":[{"@type":"CommentAction","name":"Comment","target":["https:\/\/www.montalegre.org\/es\/2015\/10\/la-obra-es-de-dios\/#respond"]}]},{"@type":"WebPage","@id":"https:\/\/www.montalegre.org\/es\/2015\/10\/la-obra-es-de-dios\/","url":"https:\/\/www.montalegre.org\/es\/2015\/10\/la-obra-es-de-dios\/","name":"La Obra es de Dios - Montalegre","isPartOf":{"@id":"https:\/\/www.montalegre.org\/es\/#website"},"primaryImageOfPage":{"@id":"https:\/\/www.montalegre.org\/es\/2015\/10\/la-obra-es-de-dios\/#primaryimage"},"image":{"@id":"https:\/\/www.montalegre.org\/es\/2015\/10\/la-obra-es-de-dios\/#primaryimage"},"thumbnailUrl":"http:\/\/www.montalegre.org\/wp-content\/uploads\/2015\/10\/IMG_1244-300x225.jpg","datePublished":"2015-10-09T18:59:16+00:00","author":{"@id":"https:\/\/www.montalegre.org\/es\/#\/schema\/person\/fa12d4cf3a3f1735a9176b4fafd6a633"},"breadcrumb":{"@id":"https:\/\/www.montalegre.org\/es\/2015\/10\/la-obra-es-de-dios\/#breadcrumb"},"inLanguage":"es","potentialAction":[{"@type":"ReadAction","target":["https:\/\/www.montalegre.org\/es\/2015\/10\/la-obra-es-de-dios\/"]}]},{"@type":"ImageObject","inLanguage":"es","@id":"https:\/\/www.montalegre.org\/es\/2015\/10\/la-obra-es-de-dios\/#primaryimage","url":"http:\/\/www.montalegre.org\/wp-content\/uploads\/2015\/10\/IMG_1244-300x225.jpg","contentUrl":"http:\/\/www.montalegre.org\/wp-content\/uploads\/2015\/10\/IMG_1244-300x225.jpg"},{"@type":"BreadcrumbList","@id":"https:\/\/www.montalegre.org\/es\/2015\/10\/la-obra-es-de-dios\/#breadcrumb","itemListElement":[{"@type":"ListItem","position":1,"name":"Portada","item":"https:\/\/www.montalegre.org\/es\/"},{"@type":"ListItem","position":2,"name":"La Obra es de Dios"}]},{"@type":"WebSite","@id":"https:\/\/www.montalegre.org\/es\/#website","url":"https:\/\/www.montalegre.org\/es\/","name":"Montalegre","description":"","potentialAction":[{"@type":"SearchAction","target":{"@type":"EntryPoint","urlTemplate":"https:\/\/www.montalegre.org\/es\/?s={search_term_string}"},"query-input":{"@type":"PropertyValueSpecification","valueRequired":true,"valueName":"search_term_string"}}],"inLanguage":"es"},{"@type":"Person","@id":"https:\/\/www.montalegre.org\/es\/#\/schema\/person\/fa12d4cf3a3f1735a9176b4fafd6a633","name":"montalegre","image":{"@type":"ImageObject","inLanguage":"es","@id":"https:\/\/www.montalegre.org\/es\/#\/schema\/person\/image\/","url":"https:\/\/secure.gravatar.com\/avatar\/fe6d886cf5081e723c666dceda1f12d4f39070fa2ed4e79695edc3ca355c9b5a?s=96&d=mm&r=g","contentUrl":"https:\/\/secure.gravatar.com\/avatar\/fe6d886cf5081e723c666dceda1f12d4f39070fa2ed4e79695edc3ca355c9b5a?s=96&d=mm&r=g","caption":"montalegre"},"url":"https:\/\/www.montalegre.org\/es\/author\/montalegre\/"}]}},"_links":{"self":[{"href":"https:\/\/www.montalegre.org\/es\/wp-json\/wp\/v2\/posts\/9177","targetHints":{"allow":["GET"]}}],"collection":[{"href":"https:\/\/www.montalegre.org\/es\/wp-json\/wp\/v2\/posts"}],"about":[{"href":"https:\/\/www.montalegre.org\/es\/wp-json\/wp\/v2\/types\/post"}],"author":[{"embeddable":true,"href":"https:\/\/www.montalegre.org\/es\/wp-json\/wp\/v2\/users\/4"}],"replies":[{"embeddable":true,"href":"https:\/\/www.montalegre.org\/es\/wp-json\/wp\/v2\/comments?post=9177"}],"version-history":[{"count":1,"href":"https:\/\/www.montalegre.org\/es\/wp-json\/wp\/v2\/posts\/9177\/revisions"}],"predecessor-version":[{"id":9178,"href":"https:\/\/www.montalegre.org\/es\/wp-json\/wp\/v2\/posts\/9177\/revisions\/9178"}],"wp:attachment":[{"href":"https:\/\/www.montalegre.org\/es\/wp-json\/wp\/v2\/media?parent=9177"}],"wp:term":[{"taxonomy":"category","embeddable":true,"href":"https:\/\/www.montalegre.org\/es\/wp-json\/wp\/v2\/categories?post=9177"},{"taxonomy":"post_tag","embeddable":true,"href":"https:\/\/www.montalegre.org\/es\/wp-json\/wp\/v2\/tags?post=9177"}],"curies":[{"name":"wp","href":"https:\/\/api.w.org\/{rel}","templated":true}]}}