{"id":9164,"date":"2015-10-09T18:19:04","date_gmt":"2015-10-09T18:19:04","guid":{"rendered":"http:\/\/www.montalegre.org\/?p=9164"},"modified":"2015-10-09T18:19:59","modified_gmt":"2015-10-09T18:19:59","slug":"el-sinodo-de-la-familia","status":"publish","type":"post","link":"https:\/\/www.montalegre.org\/es\/2015\/10\/el-sinodo-de-la-familia\/","title":{"rendered":"El S\u00ednodo de la Familia"},"content":{"rendered":"<p><a href=\"http:\/\/www.montalegre.org\/wp-content\/uploads\/2015\/10\/descarga.jpg\"><img loading=\"lazy\" decoding=\"async\" class=\"alignright size-medium wp-image-9162\" src=\"http:\/\/www.montalegre.org\/wp-content\/uploads\/2015\/10\/descarga-300x168.jpg\" alt=\"descarga\" width=\"300\" height=\"168\" \/><\/a>Durante este mes, como muy bien sab\u00e9is, todos los fieles del mundo entero, estaremos muy unidos al Santo Padre y a los obispos reunidos en Roma del 4 al 25 de octubre d\u00f3nde tratar\u00e1n sobre \u201cla vocaci\u00f3n y misi\u00f3n de la familia en la Iglesia i en el mundo contempor\u00e1neo\u201d.<\/p>\n<p style=\"text-align: justify;\">Esta unidad ser\u00e1 real y verdadera si\u00a0 va acompa\u00f1ada de nuestra oraci\u00f3n y de nuestro trabajo bien hecho. El Papa Francisco nos ha pedido, en repetidas ocasiones, que le ayudemos en esta tarea. He aqu\u00ed sus palabras: \u201cOs pido, por favor, que no falte vuestra oraci\u00f3n. Todos estamos llamados a rezar por el S\u00ednodo. Invito tambi\u00e9n a rezar a quienes se sienten alejados, o que ya no est\u00e1n acostumbrados a hacerlo. Esta oraci\u00f3n por el S\u00ednodo sobre la familia es para el bien de todos.\u201d Y contin\u00faa anim\u00e1ndonos a recorrer juntos el camino sinodal no s\u00f3lo con la oraci\u00f3n sino tambi\u00e9n con la \u201ccompasi\u00f3n del buen Pastor por su reba\u00f1o, especialmente por las personas y las familias que por diversos motivos est\u00e1n \u00abextenuadas y abandonadas, como ovejas que no tienen pastor\u00bb (Mt 9, 36). As\u00ed, sostenida y animada por la gracia de Dios, la Iglesia podr\u00e1 estar a\u00fan m\u00e1s comprometida, y a\u00fan m\u00e1s unida, en el testimonio de la verdad del amor de Dios y de su misericordia por las familias del mundo, ninguna excluida, tanto dentro como fuera del redil.\u201d<\/p>\n<p style=\"text-align: justify;\">Mn. Xavier Argelich<\/p>\n","protected":false},"excerpt":{"rendered":"<p>Durante este mes, como muy bien sab\u00e9is, todos los fieles del mundo entero, estaremos muy unidos al Santo Padre y a los obispos reunidos en Roma del 4 al 25 de octubre d\u00f3nde tratar\u00e1n sobre \u201cla vocaci\u00f3n y misi\u00f3n de la familia en la Iglesia i en el mundo contempor\u00e1neo\u201d. Esta unidad ser\u00e1 real y [&hellip;]<\/p>\n","protected":false},"author":4,"featured_media":0,"comment_status":"open","ping_status":"open","sticky":false,"template":"","format":"standard","meta":{"footnotes":""},"categories":[52],"tags":[],"class_list":["post-9164","post","type-post","status-publish","format-standard","hentry","category-editorial"],"yoast_head":"<!-- This site is optimized with the Yoast SEO plugin v27.1.1 - https:\/\/yoast.com\/product\/yoast-seo-wordpress\/ -->\n<title>El S\u00ednodo de la Familia - Montalegre<\/title>\n<meta name=\"robots\" content=\"index, follow, max-snippet:-1, max-image-preview:large, max-video-preview:-1\" \/>\n<link rel=\"canonical\" href=\"https:\/\/www.montalegre.org\/es\/2015\/10\/el-sinodo-de-la-familia\/\" \/>\n<meta property=\"og:locale\" content=\"es_ES\" \/>\n<meta property=\"og:type\" content=\"article\" \/>\n<meta property=\"og:title\" content=\"El S\u00ednodo de la Familia - Montalegre\" \/>\n<meta property=\"og:description\" content=\"Durante este mes, como muy bien sab\u00e9is, todos los fieles del mundo entero, estaremos muy unidos al Santo Padre y a los obispos reunidos en Roma del 4 al 25 de octubre d\u00f3nde tratar\u00e1n sobre \u201cla vocaci\u00f3n y misi\u00f3n de la familia en la Iglesia i en el mundo contempor\u00e1neo\u201d. Esta unidad ser\u00e1 real y [&hellip;]\" \/>\n<meta property=\"og:url\" content=\"https:\/\/www.montalegre.org\/es\/2015\/10\/el-sinodo-de-la-familia\/\" \/>\n<meta property=\"og:site_name\" content=\"Montalegre\" \/>\n<meta property=\"article:published_time\" content=\"2015-10-09T18:19:04+00:00\" \/>\n<meta property=\"article:modified_time\" content=\"2015-10-09T18:19:59+00:00\" \/>\n<meta property=\"og:image\" content=\"http:\/\/www.montalegre.org\/wp-content\/uploads\/2015\/10\/descarga-300x168.jpg\" \/>\n<meta name=\"author\" content=\"montalegre\" \/>\n<meta name=\"twitter:card\" content=\"summary_large_image\" \/>\n<meta name=\"twitter:label1\" content=\"Escrito por\" \/>\n\t<meta name=\"twitter:data1\" content=\"montalegre\" \/>\n\t<meta name=\"twitter:label2\" content=\"Tiempo de lectura\" \/>\n\t<meta name=\"twitter:data2\" content=\"1 minuto\" \/>\n<script type=\"application\/ld+json\" class=\"yoast-schema-graph\">{\"@context\":\"https:\/\/schema.org\",\"@graph\":[{\"@type\":\"Article\",\"@id\":\"https:\/\/www.montalegre.org\/es\/2015\/10\/el-sinodo-de-la-familia\/#article\",\"isPartOf\":{\"@id\":\"https:\/\/www.montalegre.org\/es\/2015\/10\/el-sinodo-de-la-familia\/\"},\"author\":{\"name\":\"montalegre\",\"@id\":\"https:\/\/www.montalegre.org\/es\/#\/schema\/person\/fa12d4cf3a3f1735a9176b4fafd6a633\"},\"headline\":\"El S\u00ednodo de la Familia\",\"datePublished\":\"2015-10-09T18:19:04+00:00\",\"dateModified\":\"2015-10-09T18:19:59+00:00\",\"mainEntityOfPage\":{\"@id\":\"https:\/\/www.montalegre.org\/es\/2015\/10\/el-sinodo-de-la-familia\/\"},\"wordCount\":262,\"commentCount\":0,\"image\":{\"@id\":\"https:\/\/www.montalegre.org\/es\/2015\/10\/el-sinodo-de-la-familia\/#primaryimage\"},\"thumbnailUrl\":\"http:\/\/www.montalegre.org\/wp-content\/uploads\/2015\/10\/descarga-300x168.jpg\",\"articleSection\":[\"Editorial\"],\"inLanguage\":\"es\",\"potentialAction\":[{\"@type\":\"CommentAction\",\"name\":\"Comment\",\"target\":[\"https:\/\/www.montalegre.org\/es\/2015\/10\/el-sinodo-de-la-familia\/#respond\"]}]},{\"@type\":\"WebPage\",\"@id\":\"https:\/\/www.montalegre.org\/es\/2015\/10\/el-sinodo-de-la-familia\/\",\"url\":\"https:\/\/www.montalegre.org\/es\/2015\/10\/el-sinodo-de-la-familia\/\",\"name\":\"El S\u00ednodo de la Familia - Montalegre\",\"isPartOf\":{\"@id\":\"https:\/\/www.montalegre.org\/es\/#website\"},\"primaryImageOfPage\":{\"@id\":\"https:\/\/www.montalegre.org\/es\/2015\/10\/el-sinodo-de-la-familia\/#primaryimage\"},\"image\":{\"@id\":\"https:\/\/www.montalegre.org\/es\/2015\/10\/el-sinodo-de-la-familia\/#primaryimage\"},\"thumbnailUrl\":\"http:\/\/www.montalegre.org\/wp-content\/uploads\/2015\/10\/descarga-300x168.jpg\",\"datePublished\":\"2015-10-09T18:19:04+00:00\",\"dateModified\":\"2015-10-09T18:19:59+00:00\",\"author\":{\"@id\":\"https:\/\/www.montalegre.org\/es\/#\/schema\/person\/fa12d4cf3a3f1735a9176b4fafd6a633\"},\"breadcrumb\":{\"@id\":\"https:\/\/www.montalegre.org\/es\/2015\/10\/el-sinodo-de-la-familia\/#breadcrumb\"},\"inLanguage\":\"es\",\"potentialAction\":[{\"@type\":\"ReadAction\",\"target\":[\"https:\/\/www.montalegre.org\/es\/2015\/10\/el-sinodo-de-la-familia\/\"]}]},{\"@type\":\"ImageObject\",\"inLanguage\":\"es\",\"@id\":\"https:\/\/www.montalegre.org\/es\/2015\/10\/el-sinodo-de-la-familia\/#primaryimage\",\"url\":\"http:\/\/www.montalegre.org\/wp-content\/uploads\/2015\/10\/descarga-300x168.jpg\",\"contentUrl\":\"http:\/\/www.montalegre.org\/wp-content\/uploads\/2015\/10\/descarga-300x168.jpg\"},{\"@type\":\"BreadcrumbList\",\"@id\":\"https:\/\/www.montalegre.org\/es\/2015\/10\/el-sinodo-de-la-familia\/#breadcrumb\",\"itemListElement\":[{\"@type\":\"ListItem\",\"position\":1,\"name\":\"Portada\",\"item\":\"https:\/\/www.montalegre.org\/es\/\"},{\"@type\":\"ListItem\",\"position\":2,\"name\":\"El S\u00ednodo de la Familia\"}]},{\"@type\":\"WebSite\",\"@id\":\"https:\/\/www.montalegre.org\/es\/#website\",\"url\":\"https:\/\/www.montalegre.org\/es\/\",\"name\":\"Montalegre\",\"description\":\"\",\"potentialAction\":[{\"@type\":\"SearchAction\",\"target\":{\"@type\":\"EntryPoint\",\"urlTemplate\":\"https:\/\/www.montalegre.org\/es\/?s={search_term_string}\"},\"query-input\":{\"@type\":\"PropertyValueSpecification\",\"valueRequired\":true,\"valueName\":\"search_term_string\"}}],\"inLanguage\":\"es\"},{\"@type\":\"Person\",\"@id\":\"https:\/\/www.montalegre.org\/es\/#\/schema\/person\/fa12d4cf3a3f1735a9176b4fafd6a633\",\"name\":\"montalegre\",\"image\":{\"@type\":\"ImageObject\",\"inLanguage\":\"es\",\"@id\":\"https:\/\/www.montalegre.org\/es\/#\/schema\/person\/image\/\",\"url\":\"https:\/\/secure.gravatar.com\/avatar\/fe6d886cf5081e723c666dceda1f12d4f39070fa2ed4e79695edc3ca355c9b5a?s=96&d=mm&r=g\",\"contentUrl\":\"https:\/\/secure.gravatar.com\/avatar\/fe6d886cf5081e723c666dceda1f12d4f39070fa2ed4e79695edc3ca355c9b5a?s=96&d=mm&r=g\",\"caption\":\"montalegre\"},\"url\":\"https:\/\/www.montalegre.org\/es\/author\/montalegre\/\"}]}<\/script>\n<!-- \/ Yoast SEO plugin. -->","yoast_head_json":{"title":"El S\u00ednodo de la Familia - Montalegre","robots":{"index":"index","follow":"follow","max-snippet":"max-snippet:-1","max-image-preview":"max-image-preview:large","max-video-preview":"max-video-preview:-1"},"canonical":"https:\/\/www.montalegre.org\/es\/2015\/10\/el-sinodo-de-la-familia\/","og_locale":"es_ES","og_type":"article","og_title":"El S\u00ednodo de la Familia - Montalegre","og_description":"Durante este mes, como muy bien sab\u00e9is, todos los fieles del mundo entero, estaremos muy unidos al Santo Padre y a los obispos reunidos en Roma del 4 al 25 de octubre d\u00f3nde tratar\u00e1n sobre \u201cla vocaci\u00f3n y misi\u00f3n de la familia en la Iglesia i en el mundo contempor\u00e1neo\u201d. Esta unidad ser\u00e1 real y [&hellip;]","og_url":"https:\/\/www.montalegre.org\/es\/2015\/10\/el-sinodo-de-la-familia\/","og_site_name":"Montalegre","article_published_time":"2015-10-09T18:19:04+00:00","article_modified_time":"2015-10-09T18:19:59+00:00","og_image":[{"url":"http:\/\/www.montalegre.org\/wp-content\/uploads\/2015\/10\/descarga-300x168.jpg","type":"","width":"","height":""}],"author":"montalegre","twitter_card":"summary_large_image","twitter_misc":{"Escrito por":"montalegre","Tiempo de lectura":"1 minuto"},"schema":{"@context":"https:\/\/schema.org","@graph":[{"@type":"Article","@id":"https:\/\/www.montalegre.org\/es\/2015\/10\/el-sinodo-de-la-familia\/#article","isPartOf":{"@id":"https:\/\/www.montalegre.org\/es\/2015\/10\/el-sinodo-de-la-familia\/"},"author":{"name":"montalegre","@id":"https:\/\/www.montalegre.org\/es\/#\/schema\/person\/fa12d4cf3a3f1735a9176b4fafd6a633"},"headline":"El S\u00ednodo de la Familia","datePublished":"2015-10-09T18:19:04+00:00","dateModified":"2015-10-09T18:19:59+00:00","mainEntityOfPage":{"@id":"https:\/\/www.montalegre.org\/es\/2015\/10\/el-sinodo-de-la-familia\/"},"wordCount":262,"commentCount":0,"image":{"@id":"https:\/\/www.montalegre.org\/es\/2015\/10\/el-sinodo-de-la-familia\/#primaryimage"},"thumbnailUrl":"http:\/\/www.montalegre.org\/wp-content\/uploads\/2015\/10\/descarga-300x168.jpg","articleSection":["Editorial"],"inLanguage":"es","potentialAction":[{"@type":"CommentAction","name":"Comment","target":["https:\/\/www.montalegre.org\/es\/2015\/10\/el-sinodo-de-la-familia\/#respond"]}]},{"@type":"WebPage","@id":"https:\/\/www.montalegre.org\/es\/2015\/10\/el-sinodo-de-la-familia\/","url":"https:\/\/www.montalegre.org\/es\/2015\/10\/el-sinodo-de-la-familia\/","name":"El S\u00ednodo de la Familia - Montalegre","isPartOf":{"@id":"https:\/\/www.montalegre.org\/es\/#website"},"primaryImageOfPage":{"@id":"https:\/\/www.montalegre.org\/es\/2015\/10\/el-sinodo-de-la-familia\/#primaryimage"},"image":{"@id":"https:\/\/www.montalegre.org\/es\/2015\/10\/el-sinodo-de-la-familia\/#primaryimage"},"thumbnailUrl":"http:\/\/www.montalegre.org\/wp-content\/uploads\/2015\/10\/descarga-300x168.jpg","datePublished":"2015-10-09T18:19:04+00:00","dateModified":"2015-10-09T18:19:59+00:00","author":{"@id":"https:\/\/www.montalegre.org\/es\/#\/schema\/person\/fa12d4cf3a3f1735a9176b4fafd6a633"},"breadcrumb":{"@id":"https:\/\/www.montalegre.org\/es\/2015\/10\/el-sinodo-de-la-familia\/#breadcrumb"},"inLanguage":"es","potentialAction":[{"@type":"ReadAction","target":["https:\/\/www.montalegre.org\/es\/2015\/10\/el-sinodo-de-la-familia\/"]}]},{"@type":"ImageObject","inLanguage":"es","@id":"https:\/\/www.montalegre.org\/es\/2015\/10\/el-sinodo-de-la-familia\/#primaryimage","url":"http:\/\/www.montalegre.org\/wp-content\/uploads\/2015\/10\/descarga-300x168.jpg","contentUrl":"http:\/\/www.montalegre.org\/wp-content\/uploads\/2015\/10\/descarga-300x168.jpg"},{"@type":"BreadcrumbList","@id":"https:\/\/www.montalegre.org\/es\/2015\/10\/el-sinodo-de-la-familia\/#breadcrumb","itemListElement":[{"@type":"ListItem","position":1,"name":"Portada","item":"https:\/\/www.montalegre.org\/es\/"},{"@type":"ListItem","position":2,"name":"El S\u00ednodo de la Familia"}]},{"@type":"WebSite","@id":"https:\/\/www.montalegre.org\/es\/#website","url":"https:\/\/www.montalegre.org\/es\/","name":"Montalegre","description":"","potentialAction":[{"@type":"SearchAction","target":{"@type":"EntryPoint","urlTemplate":"https:\/\/www.montalegre.org\/es\/?s={search_term_string}"},"query-input":{"@type":"PropertyValueSpecification","valueRequired":true,"valueName":"search_term_string"}}],"inLanguage":"es"},{"@type":"Person","@id":"https:\/\/www.montalegre.org\/es\/#\/schema\/person\/fa12d4cf3a3f1735a9176b4fafd6a633","name":"montalegre","image":{"@type":"ImageObject","inLanguage":"es","@id":"https:\/\/www.montalegre.org\/es\/#\/schema\/person\/image\/","url":"https:\/\/secure.gravatar.com\/avatar\/fe6d886cf5081e723c666dceda1f12d4f39070fa2ed4e79695edc3ca355c9b5a?s=96&d=mm&r=g","contentUrl":"https:\/\/secure.gravatar.com\/avatar\/fe6d886cf5081e723c666dceda1f12d4f39070fa2ed4e79695edc3ca355c9b5a?s=96&d=mm&r=g","caption":"montalegre"},"url":"https:\/\/www.montalegre.org\/es\/author\/montalegre\/"}]}},"_links":{"self":[{"href":"https:\/\/www.montalegre.org\/es\/wp-json\/wp\/v2\/posts\/9164","targetHints":{"allow":["GET"]}}],"collection":[{"href":"https:\/\/www.montalegre.org\/es\/wp-json\/wp\/v2\/posts"}],"about":[{"href":"https:\/\/www.montalegre.org\/es\/wp-json\/wp\/v2\/types\/post"}],"author":[{"embeddable":true,"href":"https:\/\/www.montalegre.org\/es\/wp-json\/wp\/v2\/users\/4"}],"replies":[{"embeddable":true,"href":"https:\/\/www.montalegre.org\/es\/wp-json\/wp\/v2\/comments?post=9164"}],"version-history":[{"count":1,"href":"https:\/\/www.montalegre.org\/es\/wp-json\/wp\/v2\/posts\/9164\/revisions"}],"predecessor-version":[{"id":9165,"href":"https:\/\/www.montalegre.org\/es\/wp-json\/wp\/v2\/posts\/9164\/revisions\/9165"}],"wp:attachment":[{"href":"https:\/\/www.montalegre.org\/es\/wp-json\/wp\/v2\/media?parent=9164"}],"wp:term":[{"taxonomy":"category","embeddable":true,"href":"https:\/\/www.montalegre.org\/es\/wp-json\/wp\/v2\/categories?post=9164"},{"taxonomy":"post_tag","embeddable":true,"href":"https:\/\/www.montalegre.org\/es\/wp-json\/wp\/v2\/tags?post=9164"}],"curies":[{"name":"wp","href":"https:\/\/api.w.org\/{rel}","templated":true}]}}