{"id":915,"date":"2010-06-27T09:49:36","date_gmt":"2010-06-27T09:49:36","guid":{"rendered":"http:\/\/www.montalegre.org\/?p=915"},"modified":"2010-07-12T18:27:16","modified_gmt":"2010-07-12T18:27:16","slug":"la-iglesia-se-lleno-en-la-misa-de-san-josemaria-2","status":"publish","type":"post","link":"https:\/\/www.montalegre.org\/es\/2010\/06\/la-iglesia-se-lleno-en-la-misa-de-san-josemaria-2\/","title":{"rendered":"La iglesia se llen\u00f3 en la Misa de San Josemar\u00eda"},"content":{"rendered":"<div id=\"content\">\n<p><a href=\"http:\/\/www.montalegre.org\/wp-content\/uploads\/2010\/06\/P6260433-2red1.jpg\"><img loading=\"lazy\" decoding=\"async\" class=\"alignleft size-medium wp-image-1092\" title=\"P6260433 (2)red\" src=\"http:\/\/www.montalegre.org\/wp-content\/uploads\/2010\/06\/P6260433-2red1-224x300.jpg\" alt=\"\" width=\"189\" height=\"246\" \/><\/a>\u00a0El d\u00eda 26 de junio, fecha en la que se cumple el traspaso de San Josemar\u00eda al cielo, se celebraron misas en diferentes lugares del mundo. En la Iglesia de Santa Mar\u00eda de Montalegre la misa solemne se celebr\u00f3 a las 11 de la ma\u00f1ana. La presidi\u00f3 el presb\u00edtero Javier Palos de la Delegaci\u00f3n del Opus Dei en Catalu\u00f1a, junto con el rector de la iglesia\u00a0 Mn. Francesc Perarnau y Mn. Xavier Jarne, actuando como maestro de ceremonias Mn. Joan Juventeny.\u00a0 Durante todo el acto un buen n\u00famero de componentes de la Coral Canig\u00f3, acompa\u00f1ados al \u00f3rgano del maestro Muro, cantaron desde el canto de entrada hasta el final de la celebraci\u00f3n, momento en el que interpretaron los Gozos de San Josemar\u00eda, mientras los fieles\u00a0 veneraban las reliquias del santo.<\/p>\n<p>\u00a0Mn. Palos, en su homil\u00eda, record\u00f3 que la vida de San Josemar\u00eda era hacer siempre la voluntad de Dios, y que esto lo aprendi\u00f3 desde que era ni\u00f1o cuando sus abuelos le dec\u00edan: \u201cTuyo soy, para Vos nac\u00ed, \u00bfqu\u00e9 quieres hoy de m\u00ed?\u201d . Y se hizo sacerdote para estar m\u00e1s disponible para todo y en cada instante. No buscaba nunca el agradecimiento, ni tampoco llevaba cuenta de lo que hac\u00eda. Siempre dec\u00eda que era necesario entregar la vida y el alma a Dios. Consideraba la posibilidad de que siempre surgir\u00edan dificultades en la vida ordinaria, y muchas tambi\u00e9n en la labor apost\u00f3lica, por ello no aceptaba un no por respuesta porque siempre confiaba en la gracia y en la misericordia de Dios.<\/p>\n<p>Isabelita Hern\u00e1ndez Esteban<\/p>\n<p>Aqu\u00ed pod\u00e9is ver la fotografia de la misa<\/p>\n<p><a href=\"https:\/\/www.montalegre.org\/es\/2010\/07\/misa-26-de-junio-de-2010-san-josemaria\/\">Fotos de la Misa del 26 de junio de 2010<\/a><\/p>\n<\/div>\n","protected":false},"excerpt":{"rendered":"<p>El Dr. Javier Palos, sacerdote de la Delegaci\u00f3n de la Prelatura del Opus Dei, presidi\u00f3 la celebraci\u00f3n y record\u00f3 de San Josemaria su entrega total e incondicional a la voluntad de Dios.<\/p>\n","protected":false},"author":4,"featured_media":0,"comment_status":"open","ping_status":"open","sticky":false,"template":"","format":"standard","meta":{"footnotes":""},"categories":[1],"tags":[],"class_list":["post-915","post","type-post","status-publish","format-standard","hentry","category-noticias-de-montalegre"],"yoast_head":"<!-- This site is optimized with the Yoast SEO plugin v27.1.1 - https:\/\/yoast.com\/product\/yoast-seo-wordpress\/ -->\n<title>La iglesia se llen\u00f3 en la Misa de San Josemar\u00eda - Montalegre<\/title>\n<meta name=\"robots\" content=\"index, follow, max-snippet:-1, max-image-preview:large, max-video-preview:-1\" \/>\n<link rel=\"canonical\" href=\"https:\/\/www.montalegre.org\/es\/2010\/06\/la-iglesia-se-lleno-en-la-misa-de-san-josemaria-2\/\" \/>\n<meta property=\"og:locale\" content=\"es_ES\" \/>\n<meta property=\"og:type\" content=\"article\" \/>\n<meta property=\"og:title\" content=\"La iglesia se llen\u00f3 en la Misa de San Josemar\u00eda - Montalegre\" \/>\n<meta property=\"og:description\" content=\"El Dr. Javier Palos, sacerdote de la Delegaci\u00f3n de la Prelatura del Opus Dei, presidi\u00f3 la celebraci\u00f3n y record\u00f3 de San Josemaria su entrega total e incondicional a la voluntad de Dios.\" \/>\n<meta property=\"og:url\" content=\"https:\/\/www.montalegre.org\/es\/2010\/06\/la-iglesia-se-lleno-en-la-misa-de-san-josemaria-2\/\" \/>\n<meta property=\"og:site_name\" content=\"Montalegre\" \/>\n<meta property=\"article:published_time\" content=\"2010-06-27T09:49:36+00:00\" \/>\n<meta property=\"article:modified_time\" content=\"2010-07-12T18:27:16+00:00\" \/>\n<meta property=\"og:image\" content=\"http:\/\/www.montalegre.org\/wp-content\/uploads\/2010\/06\/P6260433-2red1-224x300.jpg\" \/>\n<meta name=\"author\" content=\"montalegre\" \/>\n<meta name=\"twitter:card\" content=\"summary_large_image\" \/>\n<meta name=\"twitter:label1\" content=\"Escrito por\" \/>\n\t<meta name=\"twitter:data1\" content=\"montalegre\" \/>\n\t<meta name=\"twitter:label2\" content=\"Tiempo de lectura\" \/>\n\t<meta name=\"twitter:data2\" content=\"1 minuto\" \/>\n<script type=\"application\/ld+json\" class=\"yoast-schema-graph\">{\"@context\":\"https:\/\/schema.org\",\"@graph\":[{\"@type\":\"Article\",\"@id\":\"https:\/\/www.montalegre.org\/es\/2010\/06\/la-iglesia-se-lleno-en-la-misa-de-san-josemaria-2\/#article\",\"isPartOf\":{\"@id\":\"https:\/\/www.montalegre.org\/es\/2010\/06\/la-iglesia-se-lleno-en-la-misa-de-san-josemaria-2\/\"},\"author\":{\"name\":\"montalegre\",\"@id\":\"https:\/\/www.montalegre.org\/es\/#\/schema\/person\/fa12d4cf3a3f1735a9176b4fafd6a633\"},\"headline\":\"La iglesia se llen\u00f3 en la Misa de San Josemar\u00eda\",\"datePublished\":\"2010-06-27T09:49:36+00:00\",\"dateModified\":\"2010-07-12T18:27:16+00:00\",\"mainEntityOfPage\":{\"@id\":\"https:\/\/www.montalegre.org\/es\/2010\/06\/la-iglesia-se-lleno-en-la-misa-de-san-josemaria-2\/\"},\"wordCount\":303,\"commentCount\":0,\"image\":{\"@id\":\"https:\/\/www.montalegre.org\/es\/2010\/06\/la-iglesia-se-lleno-en-la-misa-de-san-josemaria-2\/#primaryimage\"},\"thumbnailUrl\":\"http:\/\/www.montalegre.org\/wp-content\/uploads\/2010\/06\/P6260433-2red1-224x300.jpg\",\"articleSection\":[\"Noticias de Montalegre\"],\"inLanguage\":\"es\",\"potentialAction\":[{\"@type\":\"CommentAction\",\"name\":\"Comment\",\"target\":[\"https:\/\/www.montalegre.org\/es\/2010\/06\/la-iglesia-se-lleno-en-la-misa-de-san-josemaria-2\/#respond\"]}]},{\"@type\":\"WebPage\",\"@id\":\"https:\/\/www.montalegre.org\/es\/2010\/06\/la-iglesia-se-lleno-en-la-misa-de-san-josemaria-2\/\",\"url\":\"https:\/\/www.montalegre.org\/es\/2010\/06\/la-iglesia-se-lleno-en-la-misa-de-san-josemaria-2\/\",\"name\":\"La iglesia se llen\u00f3 en la Misa de San Josemar\u00eda - Montalegre\",\"isPartOf\":{\"@id\":\"https:\/\/www.montalegre.org\/es\/#website\"},\"primaryImageOfPage\":{\"@id\":\"https:\/\/www.montalegre.org\/es\/2010\/06\/la-iglesia-se-lleno-en-la-misa-de-san-josemaria-2\/#primaryimage\"},\"image\":{\"@id\":\"https:\/\/www.montalegre.org\/es\/2010\/06\/la-iglesia-se-lleno-en-la-misa-de-san-josemaria-2\/#primaryimage\"},\"thumbnailUrl\":\"http:\/\/www.montalegre.org\/wp-content\/uploads\/2010\/06\/P6260433-2red1-224x300.jpg\",\"datePublished\":\"2010-06-27T09:49:36+00:00\",\"dateModified\":\"2010-07-12T18:27:16+00:00\",\"author\":{\"@id\":\"https:\/\/www.montalegre.org\/es\/#\/schema\/person\/fa12d4cf3a3f1735a9176b4fafd6a633\"},\"breadcrumb\":{\"@id\":\"https:\/\/www.montalegre.org\/es\/2010\/06\/la-iglesia-se-lleno-en-la-misa-de-san-josemaria-2\/#breadcrumb\"},\"inLanguage\":\"es\",\"potentialAction\":[{\"@type\":\"ReadAction\",\"target\":[\"https:\/\/www.montalegre.org\/es\/2010\/06\/la-iglesia-se-lleno-en-la-misa-de-san-josemaria-2\/\"]}]},{\"@type\":\"ImageObject\",\"inLanguage\":\"es\",\"@id\":\"https:\/\/www.montalegre.org\/es\/2010\/06\/la-iglesia-se-lleno-en-la-misa-de-san-josemaria-2\/#primaryimage\",\"url\":\"http:\/\/www.montalegre.org\/wp-content\/uploads\/2010\/06\/P6260433-2red1-224x300.jpg\",\"contentUrl\":\"http:\/\/www.montalegre.org\/wp-content\/uploads\/2010\/06\/P6260433-2red1-224x300.jpg\"},{\"@type\":\"BreadcrumbList\",\"@id\":\"https:\/\/www.montalegre.org\/es\/2010\/06\/la-iglesia-se-lleno-en-la-misa-de-san-josemaria-2\/#breadcrumb\",\"itemListElement\":[{\"@type\":\"ListItem\",\"position\":1,\"name\":\"Portada\",\"item\":\"https:\/\/www.montalegre.org\/es\/\"},{\"@type\":\"ListItem\",\"position\":2,\"name\":\"La iglesia se llen\u00f3 en la Misa de San Josemar\u00eda\"}]},{\"@type\":\"WebSite\",\"@id\":\"https:\/\/www.montalegre.org\/es\/#website\",\"url\":\"https:\/\/www.montalegre.org\/es\/\",\"name\":\"Montalegre\",\"description\":\"\",\"potentialAction\":[{\"@type\":\"SearchAction\",\"target\":{\"@type\":\"EntryPoint\",\"urlTemplate\":\"https:\/\/www.montalegre.org\/es\/?s={search_term_string}\"},\"query-input\":{\"@type\":\"PropertyValueSpecification\",\"valueRequired\":true,\"valueName\":\"search_term_string\"}}],\"inLanguage\":\"es\"},{\"@type\":\"Person\",\"@id\":\"https:\/\/www.montalegre.org\/es\/#\/schema\/person\/fa12d4cf3a3f1735a9176b4fafd6a633\",\"name\":\"montalegre\",\"image\":{\"@type\":\"ImageObject\",\"inLanguage\":\"es\",\"@id\":\"https:\/\/www.montalegre.org\/es\/#\/schema\/person\/image\/\",\"url\":\"https:\/\/secure.gravatar.com\/avatar\/fe6d886cf5081e723c666dceda1f12d4f39070fa2ed4e79695edc3ca355c9b5a?s=96&d=mm&r=g\",\"contentUrl\":\"https:\/\/secure.gravatar.com\/avatar\/fe6d886cf5081e723c666dceda1f12d4f39070fa2ed4e79695edc3ca355c9b5a?s=96&d=mm&r=g\",\"caption\":\"montalegre\"},\"url\":\"https:\/\/www.montalegre.org\/es\/author\/montalegre\/\"}]}<\/script>\n<!-- \/ Yoast SEO plugin. -->","yoast_head_json":{"title":"La iglesia se llen\u00f3 en la Misa de San Josemar\u00eda - Montalegre","robots":{"index":"index","follow":"follow","max-snippet":"max-snippet:-1","max-image-preview":"max-image-preview:large","max-video-preview":"max-video-preview:-1"},"canonical":"https:\/\/www.montalegre.org\/es\/2010\/06\/la-iglesia-se-lleno-en-la-misa-de-san-josemaria-2\/","og_locale":"es_ES","og_type":"article","og_title":"La iglesia se llen\u00f3 en la Misa de San Josemar\u00eda - Montalegre","og_description":"El Dr. Javier Palos, sacerdote de la Delegaci\u00f3n de la Prelatura del Opus Dei, presidi\u00f3 la celebraci\u00f3n y record\u00f3 de San Josemaria su entrega total e incondicional a la voluntad de Dios.","og_url":"https:\/\/www.montalegre.org\/es\/2010\/06\/la-iglesia-se-lleno-en-la-misa-de-san-josemaria-2\/","og_site_name":"Montalegre","article_published_time":"2010-06-27T09:49:36+00:00","article_modified_time":"2010-07-12T18:27:16+00:00","og_image":[{"url":"http:\/\/www.montalegre.org\/wp-content\/uploads\/2010\/06\/P6260433-2red1-224x300.jpg","type":"","width":"","height":""}],"author":"montalegre","twitter_card":"summary_large_image","twitter_misc":{"Escrito por":"montalegre","Tiempo de lectura":"1 minuto"},"schema":{"@context":"https:\/\/schema.org","@graph":[{"@type":"Article","@id":"https:\/\/www.montalegre.org\/es\/2010\/06\/la-iglesia-se-lleno-en-la-misa-de-san-josemaria-2\/#article","isPartOf":{"@id":"https:\/\/www.montalegre.org\/es\/2010\/06\/la-iglesia-se-lleno-en-la-misa-de-san-josemaria-2\/"},"author":{"name":"montalegre","@id":"https:\/\/www.montalegre.org\/es\/#\/schema\/person\/fa12d4cf3a3f1735a9176b4fafd6a633"},"headline":"La iglesia se llen\u00f3 en la Misa de San Josemar\u00eda","datePublished":"2010-06-27T09:49:36+00:00","dateModified":"2010-07-12T18:27:16+00:00","mainEntityOfPage":{"@id":"https:\/\/www.montalegre.org\/es\/2010\/06\/la-iglesia-se-lleno-en-la-misa-de-san-josemaria-2\/"},"wordCount":303,"commentCount":0,"image":{"@id":"https:\/\/www.montalegre.org\/es\/2010\/06\/la-iglesia-se-lleno-en-la-misa-de-san-josemaria-2\/#primaryimage"},"thumbnailUrl":"http:\/\/www.montalegre.org\/wp-content\/uploads\/2010\/06\/P6260433-2red1-224x300.jpg","articleSection":["Noticias de Montalegre"],"inLanguage":"es","potentialAction":[{"@type":"CommentAction","name":"Comment","target":["https:\/\/www.montalegre.org\/es\/2010\/06\/la-iglesia-se-lleno-en-la-misa-de-san-josemaria-2\/#respond"]}]},{"@type":"WebPage","@id":"https:\/\/www.montalegre.org\/es\/2010\/06\/la-iglesia-se-lleno-en-la-misa-de-san-josemaria-2\/","url":"https:\/\/www.montalegre.org\/es\/2010\/06\/la-iglesia-se-lleno-en-la-misa-de-san-josemaria-2\/","name":"La iglesia se llen\u00f3 en la Misa de San Josemar\u00eda - Montalegre","isPartOf":{"@id":"https:\/\/www.montalegre.org\/es\/#website"},"primaryImageOfPage":{"@id":"https:\/\/www.montalegre.org\/es\/2010\/06\/la-iglesia-se-lleno-en-la-misa-de-san-josemaria-2\/#primaryimage"},"image":{"@id":"https:\/\/www.montalegre.org\/es\/2010\/06\/la-iglesia-se-lleno-en-la-misa-de-san-josemaria-2\/#primaryimage"},"thumbnailUrl":"http:\/\/www.montalegre.org\/wp-content\/uploads\/2010\/06\/P6260433-2red1-224x300.jpg","datePublished":"2010-06-27T09:49:36+00:00","dateModified":"2010-07-12T18:27:16+00:00","author":{"@id":"https:\/\/www.montalegre.org\/es\/#\/schema\/person\/fa12d4cf3a3f1735a9176b4fafd6a633"},"breadcrumb":{"@id":"https:\/\/www.montalegre.org\/es\/2010\/06\/la-iglesia-se-lleno-en-la-misa-de-san-josemaria-2\/#breadcrumb"},"inLanguage":"es","potentialAction":[{"@type":"ReadAction","target":["https:\/\/www.montalegre.org\/es\/2010\/06\/la-iglesia-se-lleno-en-la-misa-de-san-josemaria-2\/"]}]},{"@type":"ImageObject","inLanguage":"es","@id":"https:\/\/www.montalegre.org\/es\/2010\/06\/la-iglesia-se-lleno-en-la-misa-de-san-josemaria-2\/#primaryimage","url":"http:\/\/www.montalegre.org\/wp-content\/uploads\/2010\/06\/P6260433-2red1-224x300.jpg","contentUrl":"http:\/\/www.montalegre.org\/wp-content\/uploads\/2010\/06\/P6260433-2red1-224x300.jpg"},{"@type":"BreadcrumbList","@id":"https:\/\/www.montalegre.org\/es\/2010\/06\/la-iglesia-se-lleno-en-la-misa-de-san-josemaria-2\/#breadcrumb","itemListElement":[{"@type":"ListItem","position":1,"name":"Portada","item":"https:\/\/www.montalegre.org\/es\/"},{"@type":"ListItem","position":2,"name":"La iglesia se llen\u00f3 en la Misa de San Josemar\u00eda"}]},{"@type":"WebSite","@id":"https:\/\/www.montalegre.org\/es\/#website","url":"https:\/\/www.montalegre.org\/es\/","name":"Montalegre","description":"","potentialAction":[{"@type":"SearchAction","target":{"@type":"EntryPoint","urlTemplate":"https:\/\/www.montalegre.org\/es\/?s={search_term_string}"},"query-input":{"@type":"PropertyValueSpecification","valueRequired":true,"valueName":"search_term_string"}}],"inLanguage":"es"},{"@type":"Person","@id":"https:\/\/www.montalegre.org\/es\/#\/schema\/person\/fa12d4cf3a3f1735a9176b4fafd6a633","name":"montalegre","image":{"@type":"ImageObject","inLanguage":"es","@id":"https:\/\/www.montalegre.org\/es\/#\/schema\/person\/image\/","url":"https:\/\/secure.gravatar.com\/avatar\/fe6d886cf5081e723c666dceda1f12d4f39070fa2ed4e79695edc3ca355c9b5a?s=96&d=mm&r=g","contentUrl":"https:\/\/secure.gravatar.com\/avatar\/fe6d886cf5081e723c666dceda1f12d4f39070fa2ed4e79695edc3ca355c9b5a?s=96&d=mm&r=g","caption":"montalegre"},"url":"https:\/\/www.montalegre.org\/es\/author\/montalegre\/"}]}},"_links":{"self":[{"href":"https:\/\/www.montalegre.org\/es\/wp-json\/wp\/v2\/posts\/915","targetHints":{"allow":["GET"]}}],"collection":[{"href":"https:\/\/www.montalegre.org\/es\/wp-json\/wp\/v2\/posts"}],"about":[{"href":"https:\/\/www.montalegre.org\/es\/wp-json\/wp\/v2\/types\/post"}],"author":[{"embeddable":true,"href":"https:\/\/www.montalegre.org\/es\/wp-json\/wp\/v2\/users\/4"}],"replies":[{"embeddable":true,"href":"https:\/\/www.montalegre.org\/es\/wp-json\/wp\/v2\/comments?post=915"}],"version-history":[{"count":8,"href":"https:\/\/www.montalegre.org\/es\/wp-json\/wp\/v2\/posts\/915\/revisions"}],"predecessor-version":[{"id":1142,"href":"https:\/\/www.montalegre.org\/es\/wp-json\/wp\/v2\/posts\/915\/revisions\/1142"}],"wp:attachment":[{"href":"https:\/\/www.montalegre.org\/es\/wp-json\/wp\/v2\/media?parent=915"}],"wp:term":[{"taxonomy":"category","embeddable":true,"href":"https:\/\/www.montalegre.org\/es\/wp-json\/wp\/v2\/categories?post=915"},{"taxonomy":"post_tag","embeddable":true,"href":"https:\/\/www.montalegre.org\/es\/wp-json\/wp\/v2\/tags?post=915"}],"curies":[{"name":"wp","href":"https:\/\/api.w.org\/{rel}","templated":true}]}}