{"id":8364,"date":"2014-06-28T12:43:12","date_gmt":"2014-06-28T12:43:12","guid":{"rendered":"http:\/\/www.montalegre.org\/?p=8364"},"modified":"2014-06-28T14:45:40","modified_gmt":"2014-06-28T14:45:40","slug":"raval-cultural-y-raval-social","status":"publish","type":"post","link":"https:\/\/www.montalegre.org\/es\/2014\/06\/raval-cultural-y-raval-social\/","title":{"rendered":"Raval Cultural y Raval Social"},"content":{"rendered":"<p><a href=\"http:\/\/www.montalegre.org\/wp-content\/uploads\/2014\/06\/IMG_0008.jpg\"><img loading=\"lazy\" decoding=\"async\" class=\"alignleft size-medium wp-image-8359\" alt=\"IMG_0008\" src=\"http:\/\/www.montalegre.org\/wp-content\/uploads\/2014\/06\/IMG_0008-300x225.jpg\" width=\"300\" height=\"225\" \/><\/a>El 21 de junio de 2014 por la tarde, se desarroll\u00f3 el <strong>XI Encuentro del arciprestazgo Rambla &#8211; Poble sec<\/strong>, que este a\u00f1o se ha celebrado en el Pati Mannig donde tiene la entrada principal a la Iglesia de Santa Mar\u00eda de Montalegre, en Barcelona.<\/p>\n<p>El programa del encuentro se iniciaba con la llegada y bienvenida de los asistentes, a quienes se les ofreci\u00f3 un refresco. Los asistentes forman parte de las actividades parroquiales de las iglesias del arciprestazgo Rambla &#8211; Poble sec. A continuaci\u00f3n, el arcipreste de la zona, Mn. Joan Cabot, present\u00f3 el acto, el cual tuvo tres partes: El espacio de di\u00e1logo; Descubrimiento \u2013 paseo, con varios itinerarios; y a las 20 horas, la Eucarist\u00eda en el templo, celebrada por el rector de Montalegre.<\/p>\n<p>En cuanto al Espacio de di\u00e1logo, llamado &#8220;Raval Cultural vs Raval Social&#8221; intervinieron tres ponentes: Josep Masabeu, presidente de la entidad Braval; Nuria Paricio, directora de la Fundaci\u00f3n Tot Raval; y Josep M. Brugu\u00e9s, jefe de Comunicaci\u00f3n de Blanquerna.<\/p>\n<p><strong>\u00bfC\u00f3mo naci\u00f3 la Casa de la Caridad?<\/strong> <a href=\"http:\/\/www.montalegre.org\/wp-content\/uploads\/2014\/06\/IMG_0022.jpg\"><img loading=\"lazy\" decoding=\"async\" class=\"alignright size-medium wp-image-8360\" alt=\"IMG_0022\" src=\"http:\/\/www.montalegre.org\/wp-content\/uploads\/2014\/06\/IMG_0022-300x225.jpg\" width=\"300\" height=\"225\" \/><\/a><\/p>\n<p>El se\u00f1or Jos\u00e9 Masabeu, aparte de hacer una breve presentaci\u00f3n sobre las actividades que se desarrollan en Braval, explic\u00f3 los or\u00edgenes de la Casa de Caridad, remont\u00e1ndose\u00a0 al a\u00f1o 1362 en se produjo el traslado del convento de las monjas de la Virgen de Montalegre que estaban en Tiana (muy cerca de Barcelona) donde muchos a\u00f1os despu\u00e9s ser\u00eda la Casa de la Caridad. La orden de las monjas se extingui\u00f3 en el 1593 y en ese lugar se instal\u00f3 el Seminario Episcopal de Nuestra Se\u00f1ora de Montalegre de Barcelona, hasta 1772 en que el seminario se traslad\u00f3 a la iglesia de Bel\u00e9n. A partir de esa fecha se cre\u00f3 lo que llamaban el hospicio. Debido a las consecuencias de salud y de hambre a ra\u00edz de la revoluci\u00f3n francesa de 1789, se hab\u00edan creado con iniciativas particulares las Ollas p\u00fablicas o comedores. El capit\u00e1n general de la ciudad de Barcelona promovi\u00f3 tambi\u00e9n con iniciativas particulares, bailes de m\u00e1scaras y rifas para sufragar los gastos e iniciar la creaci\u00f3n de la Casa de la Caridad. As\u00ed el rey Carlos IV le concedi\u00f3 la petici\u00f3n el 8 de octubre de 1802, y el 15 de noviembre de 1803 ya se trasladaron 189 pobres. En general colabor\u00f3 toda la ciudad y la Iglesia. El se\u00f1or Masabeu, que conoce a fondo las tareas interdisciplinares de la inserci\u00f3n social y laboral, destac\u00f3 la labor innovadora de la Casa de la Caridad de hace 200 a\u00f1os, porque all\u00ed no s\u00f3lo daban de comer sino que adem\u00e1s facilitaban una educaci\u00f3n muy completa. Con una frase gr\u00e1fica defini\u00f3 as\u00ed: Dale el pescado pero ens\u00e9\u00f1ale a pescar. En la Casa de la Caridad hab\u00eda un servicio m\u00e9dico, con m\u00e9dicos de la ciudad de Barcelona y del Hospital de la Santa Cruz y San Pablo; una escuela para ciegos; una escuela para sordomudos; otra para deficientes mentales; y otra de m\u00fasica, por destacar especialmente. Los alumnos estudiaron con el m\u00e9todo Montessori, y sal\u00edan preparados para estudiar en institutos, escuelas de magisterio, universidades, y en el conservatorio de m\u00fasica. Adem\u00e1s hab\u00eda 18 tipos de talleres diferentes.<\/p>\n<p>En 1902, tambi\u00e9n por iniciativa particular, sin ninguna colaboraci\u00f3n p\u00fablica, pero con permiso de la Diputaci\u00f3n de Barcelona, se construy\u00f3 la nueva iglesia de Santa Mar\u00eda de Montalegre que conocemos, con el mejor arquitecto de la ciudad, se\u00f1or August Font, el cual tuvo por colaboradores a los mejores artistas de la \u00e9poca. Gracias a Dios, dijo el se\u00f1or Masabeu, en la guerra civil espa\u00f1ola no se quem\u00f3 Montalegre, porque fue el almac\u00e9n de las bobinas de papel de los boletines p\u00fablicos que se editaban muy junto a la iglesia y a la vez hospital. Se destruyeron s\u00f3lo las im\u00e1genes. En 1957 se trasladaron todas las personas alojadas en la Casa de la Caridad, unas 2000, a los Hogares Mundet, de Barcelona. Respecto de la iglesia de Santa Mar\u00eda de Montalegre, fue disminuyendo el culto, hasta que en 1967 el obispo de la di\u00f3cesis de Barcelona encomend\u00f3 el templo en el Opus Dei.<br \/>\n<a href=\"http:\/\/www.montalegre.org\/wp-content\/uploads\/2014\/06\/IMG_0029.jpg\"><img loading=\"lazy\" decoding=\"async\" class=\"alignleft size-medium wp-image-8361\" alt=\"IMG_0029\" src=\"http:\/\/www.montalegre.org\/wp-content\/uploads\/2014\/06\/IMG_0029-300x225.jpg\" width=\"300\" height=\"225\" \/><\/a><br \/>\n<strong>El Raval a partir de 1960<\/strong><\/p>\n<p>La se\u00f1ora Nuria Paricio en su intervenci\u00f3n continu\u00f3 la l\u00ednea cronol\u00f3gica del ponente anterior, y explic\u00f3 c\u00f3mo estaba el barrio del Raval en 1960. Era un barrio que por metro cuadrado hab\u00eda una densidad de poblaci\u00f3n tan alta como en Calcuta. En ese a\u00f1o se contabilizaron s\u00f3lo en este barrio que viv\u00edan 105.000 habitantes, principalmente inmigrantes de otros lugares de Catalu\u00f1a, de otras partes de Espa\u00f1a, y del resto del mundo. Ha sido un barrio hist\u00f3ricamente muy pobre. Posteriormente, a partir de 1980 con el incremento de la droga y la prostituci\u00f3n, la gente comenz\u00f3 a marcharse. En pocos a\u00f1os, se hab\u00edan ido m\u00e1s de 70.000 personas, y progresivamente se quedaron vac\u00edas alrededor de 350 tiendas vac\u00edas.<\/p>\n<p>Con la implantaci\u00f3n de los ayuntamientos democr\u00e1ticos, en Barcelona se decidi\u00f3 que se hab\u00eda de afrontar el problema del Raval, y se elabor\u00f3 el PERI, es decir, el Plan de Remodelaci\u00f3n Integral del Raval. Esto ha supuesto una gran transformaci\u00f3n urban\u00edstica, abriendo calles nuevas, algunas peatonales, derribando edificios muy viejos, haciendo el alcantarillado, etc. Tambi\u00e9n se pens\u00f3 que era necesario que los ciudadanos de fuera del barrio del Raval, entraran en el barrio y era necesario ofrecerles un programa cultural interesante. Se cre\u00f3 el Proyecto del Liceo al Seminario. Esto ha supuesto la creaci\u00f3n de los centros culturales\u00a0 (CCBCN), facultades universitarias (UB-Geograf\u00eda e Historia, Blanquerna, Comunicaci\u00f3n), museos (MACBA), entre otros. Hoy viven 50.000 personas y constantemente hay un flujo de p\u00fablico venido de todas partes, y se puede hablar de coexistencia entre las necesidades sociales y la oferta cultural.<\/p>\n<p><strong>Los efectos de la transformaci\u00f3n del Raval<\/strong> <a href=\"http:\/\/www.montalegre.org\/wp-content\/uploads\/2014\/06\/IMG_0035.jpg\"><img loading=\"lazy\" decoding=\"async\" class=\"alignright size-medium wp-image-8362\" alt=\"IMG_0035\" src=\"http:\/\/www.montalegre.org\/wp-content\/uploads\/2014\/06\/IMG_0035-300x225.jpg\" width=\"300\" height=\"225\" \/><\/a><\/p>\n<p>El se\u00f1or Josep M. Brugu\u00e9s explic\u00f3 el proyecto actual del ayuntamiento de Barcelona, de Fomento de Ciutat Vella, con el nombre de Raval Cultural. Se han computado un total 350 unidades diferenciadas, culturales y arquitect\u00f3nicas entre las que est\u00e1 la iglesia de Santa Mar\u00eda de Montalegre; 12 librer\u00edas, 15 teatros, 20 equipamientos, 50 galer\u00edas de arte, 14 institutos acad\u00e9micos, 50 asociaciones, 24 fiestas tradicionales, entre otros. Tambi\u00e9n se han computado que se hablan m\u00e1s de 100! Idiomas. La transformaci\u00f3n ha supuesto que el Raval tenga, por densidad de poblaci\u00f3n, el n\u00famero m\u00e1s alto de entidades culturales de Europa. Y para citar, en la Facultad de Comunicaci\u00f3n Blanquerna, instalada en el barrio hace 20 a\u00f1os, estudian actualmente 1.500 alumnos, destacando que el d\u00eda del XI Encuentro se celebraban m\u00e1s 40 actividades culturales diferentes en el Raval. Agradeci\u00f3 que, entre todos, se ha hecho posible el cambio de imagen del barrio.<\/p>\n<p><strong>Decoberta &#8211; Paseo y retorno a Montalegre<\/strong><\/p>\n<p>Los organizadores del XI Encuentro del arciprestazgo, propusieron tres itinerarios de paseo por el barrio siguiendo los criterios que los historiadores del proyecto Raval Cultural hab\u00edan dise\u00f1ado, entregando a los asistentes un plano con indicadores de los edificios que hab\u00eda que tener en cuenta, con el\u00a0 fin de redescubrir el barrio, volviendo a la iglesia de Santa Mar\u00eda de Montalegre, para asistir a la Eucarist\u00eda que celebr\u00f3 el rector. En cuanto a la homil\u00eda, Mn. Francisco Perarnau, explic\u00f3 las referencias a la Caridad que se desarrollan en Montalegre, mediante la Acci\u00f3n Social Montalegre.<\/p>\n<p>Isabel Hern\u00e1ndez Esteban<\/p>\n","protected":false},"excerpt":{"rendered":"<p>El 21 de junio de 2014 por la tarde, se desarroll\u00f3 el XI Encuentro del arciprestazgo Rambla &#8211; Poble sec, que este a\u00f1o se ha celebrado en el Pati Mannig donde tiene la entrada principal a la Iglesia de Santa Mar\u00eda de Montalegre, en Barcelona. El programa del encuentro se iniciaba con la llegada y [&hellip;]<\/p>\n","protected":false},"author":4,"featured_media":0,"comment_status":"open","ping_status":"open","sticky":false,"template":"","format":"standard","meta":{"footnotes":""},"categories":[1],"tags":[],"class_list":["post-8364","post","type-post","status-publish","format-standard","hentry","category-noticias-de-montalegre"],"yoast_head":"<!-- This site is optimized with the Yoast SEO plugin v27.1.1 - https:\/\/yoast.com\/product\/yoast-seo-wordpress\/ -->\n<title>Raval Cultural y Raval Social - Montalegre<\/title>\n<meta name=\"robots\" content=\"index, follow, max-snippet:-1, max-image-preview:large, max-video-preview:-1\" \/>\n<link rel=\"canonical\" href=\"https:\/\/www.montalegre.org\/es\/2014\/06\/raval-cultural-y-raval-social\/\" \/>\n<meta property=\"og:locale\" content=\"es_ES\" \/>\n<meta property=\"og:type\" content=\"article\" \/>\n<meta property=\"og:title\" content=\"Raval Cultural y Raval Social - Montalegre\" \/>\n<meta property=\"og:description\" content=\"El 21 de junio de 2014 por la tarde, se desarroll\u00f3 el XI Encuentro del arciprestazgo Rambla &#8211; Poble sec, que este a\u00f1o se ha celebrado en el Pati Mannig donde tiene la entrada principal a la Iglesia de Santa Mar\u00eda de Montalegre, en Barcelona. El programa del encuentro se iniciaba con la llegada y [&hellip;]\" \/>\n<meta property=\"og:url\" content=\"https:\/\/www.montalegre.org\/es\/2014\/06\/raval-cultural-y-raval-social\/\" \/>\n<meta property=\"og:site_name\" content=\"Montalegre\" \/>\n<meta property=\"article:published_time\" content=\"2014-06-28T12:43:12+00:00\" \/>\n<meta property=\"article:modified_time\" content=\"2014-06-28T14:45:40+00:00\" \/>\n<meta property=\"og:image\" content=\"http:\/\/www.montalegre.org\/wp-content\/uploads\/2014\/06\/IMG_0008-300x225.jpg\" \/>\n<meta name=\"author\" content=\"montalegre\" \/>\n<meta name=\"twitter:card\" content=\"summary_large_image\" \/>\n<meta name=\"twitter:label1\" content=\"Escrito por\" \/>\n\t<meta name=\"twitter:data1\" content=\"montalegre\" \/>\n\t<meta name=\"twitter:label2\" content=\"Tiempo de lectura\" \/>\n\t<meta name=\"twitter:data2\" content=\"6 minutos\" \/>\n<script type=\"application\/ld+json\" class=\"yoast-schema-graph\">{\"@context\":\"https:\/\/schema.org\",\"@graph\":[{\"@type\":\"Article\",\"@id\":\"https:\/\/www.montalegre.org\/es\/2014\/06\/raval-cultural-y-raval-social\/#article\",\"isPartOf\":{\"@id\":\"https:\/\/www.montalegre.org\/es\/2014\/06\/raval-cultural-y-raval-social\/\"},\"author\":{\"name\":\"montalegre\",\"@id\":\"https:\/\/www.montalegre.org\/es\/#\/schema\/person\/fa12d4cf3a3f1735a9176b4fafd6a633\"},\"headline\":\"Raval Cultural y Raval Social\",\"datePublished\":\"2014-06-28T12:43:12+00:00\",\"dateModified\":\"2014-06-28T14:45:40+00:00\",\"mainEntityOfPage\":{\"@id\":\"https:\/\/www.montalegre.org\/es\/2014\/06\/raval-cultural-y-raval-social\/\"},\"wordCount\":1274,\"commentCount\":0,\"image\":{\"@id\":\"https:\/\/www.montalegre.org\/es\/2014\/06\/raval-cultural-y-raval-social\/#primaryimage\"},\"thumbnailUrl\":\"http:\/\/www.montalegre.org\/wp-content\/uploads\/2014\/06\/IMG_0008-300x225.jpg\",\"articleSection\":[\"Noticias de Montalegre\"],\"inLanguage\":\"es\",\"potentialAction\":[{\"@type\":\"CommentAction\",\"name\":\"Comment\",\"target\":[\"https:\/\/www.montalegre.org\/es\/2014\/06\/raval-cultural-y-raval-social\/#respond\"]}]},{\"@type\":\"WebPage\",\"@id\":\"https:\/\/www.montalegre.org\/es\/2014\/06\/raval-cultural-y-raval-social\/\",\"url\":\"https:\/\/www.montalegre.org\/es\/2014\/06\/raval-cultural-y-raval-social\/\",\"name\":\"Raval Cultural y Raval Social - Montalegre\",\"isPartOf\":{\"@id\":\"https:\/\/www.montalegre.org\/es\/#website\"},\"primaryImageOfPage\":{\"@id\":\"https:\/\/www.montalegre.org\/es\/2014\/06\/raval-cultural-y-raval-social\/#primaryimage\"},\"image\":{\"@id\":\"https:\/\/www.montalegre.org\/es\/2014\/06\/raval-cultural-y-raval-social\/#primaryimage\"},\"thumbnailUrl\":\"http:\/\/www.montalegre.org\/wp-content\/uploads\/2014\/06\/IMG_0008-300x225.jpg\",\"datePublished\":\"2014-06-28T12:43:12+00:00\",\"dateModified\":\"2014-06-28T14:45:40+00:00\",\"author\":{\"@id\":\"https:\/\/www.montalegre.org\/es\/#\/schema\/person\/fa12d4cf3a3f1735a9176b4fafd6a633\"},\"breadcrumb\":{\"@id\":\"https:\/\/www.montalegre.org\/es\/2014\/06\/raval-cultural-y-raval-social\/#breadcrumb\"},\"inLanguage\":\"es\",\"potentialAction\":[{\"@type\":\"ReadAction\",\"target\":[\"https:\/\/www.montalegre.org\/es\/2014\/06\/raval-cultural-y-raval-social\/\"]}]},{\"@type\":\"ImageObject\",\"inLanguage\":\"es\",\"@id\":\"https:\/\/www.montalegre.org\/es\/2014\/06\/raval-cultural-y-raval-social\/#primaryimage\",\"url\":\"http:\/\/www.montalegre.org\/wp-content\/uploads\/2014\/06\/IMG_0008-300x225.jpg\",\"contentUrl\":\"http:\/\/www.montalegre.org\/wp-content\/uploads\/2014\/06\/IMG_0008-300x225.jpg\"},{\"@type\":\"BreadcrumbList\",\"@id\":\"https:\/\/www.montalegre.org\/es\/2014\/06\/raval-cultural-y-raval-social\/#breadcrumb\",\"itemListElement\":[{\"@type\":\"ListItem\",\"position\":1,\"name\":\"Portada\",\"item\":\"https:\/\/www.montalegre.org\/es\/\"},{\"@type\":\"ListItem\",\"position\":2,\"name\":\"Raval Cultural y Raval Social\"}]},{\"@type\":\"WebSite\",\"@id\":\"https:\/\/www.montalegre.org\/es\/#website\",\"url\":\"https:\/\/www.montalegre.org\/es\/\",\"name\":\"Montalegre\",\"description\":\"\",\"potentialAction\":[{\"@type\":\"SearchAction\",\"target\":{\"@type\":\"EntryPoint\",\"urlTemplate\":\"https:\/\/www.montalegre.org\/es\/?s={search_term_string}\"},\"query-input\":{\"@type\":\"PropertyValueSpecification\",\"valueRequired\":true,\"valueName\":\"search_term_string\"}}],\"inLanguage\":\"es\"},{\"@type\":\"Person\",\"@id\":\"https:\/\/www.montalegre.org\/es\/#\/schema\/person\/fa12d4cf3a3f1735a9176b4fafd6a633\",\"name\":\"montalegre\",\"image\":{\"@type\":\"ImageObject\",\"inLanguage\":\"es\",\"@id\":\"https:\/\/www.montalegre.org\/es\/#\/schema\/person\/image\/\",\"url\":\"https:\/\/secure.gravatar.com\/avatar\/fe6d886cf5081e723c666dceda1f12d4f39070fa2ed4e79695edc3ca355c9b5a?s=96&d=mm&r=g\",\"contentUrl\":\"https:\/\/secure.gravatar.com\/avatar\/fe6d886cf5081e723c666dceda1f12d4f39070fa2ed4e79695edc3ca355c9b5a?s=96&d=mm&r=g\",\"caption\":\"montalegre\"},\"url\":\"https:\/\/www.montalegre.org\/es\/author\/montalegre\/\"}]}<\/script>\n<!-- \/ Yoast SEO plugin. -->","yoast_head_json":{"title":"Raval Cultural y Raval Social - Montalegre","robots":{"index":"index","follow":"follow","max-snippet":"max-snippet:-1","max-image-preview":"max-image-preview:large","max-video-preview":"max-video-preview:-1"},"canonical":"https:\/\/www.montalegre.org\/es\/2014\/06\/raval-cultural-y-raval-social\/","og_locale":"es_ES","og_type":"article","og_title":"Raval Cultural y Raval Social - Montalegre","og_description":"El 21 de junio de 2014 por la tarde, se desarroll\u00f3 el XI Encuentro del arciprestazgo Rambla &#8211; Poble sec, que este a\u00f1o se ha celebrado en el Pati Mannig donde tiene la entrada principal a la Iglesia de Santa Mar\u00eda de Montalegre, en Barcelona. El programa del encuentro se iniciaba con la llegada y [&hellip;]","og_url":"https:\/\/www.montalegre.org\/es\/2014\/06\/raval-cultural-y-raval-social\/","og_site_name":"Montalegre","article_published_time":"2014-06-28T12:43:12+00:00","article_modified_time":"2014-06-28T14:45:40+00:00","og_image":[{"url":"http:\/\/www.montalegre.org\/wp-content\/uploads\/2014\/06\/IMG_0008-300x225.jpg","type":"","width":"","height":""}],"author":"montalegre","twitter_card":"summary_large_image","twitter_misc":{"Escrito por":"montalegre","Tiempo de lectura":"6 minutos"},"schema":{"@context":"https:\/\/schema.org","@graph":[{"@type":"Article","@id":"https:\/\/www.montalegre.org\/es\/2014\/06\/raval-cultural-y-raval-social\/#article","isPartOf":{"@id":"https:\/\/www.montalegre.org\/es\/2014\/06\/raval-cultural-y-raval-social\/"},"author":{"name":"montalegre","@id":"https:\/\/www.montalegre.org\/es\/#\/schema\/person\/fa12d4cf3a3f1735a9176b4fafd6a633"},"headline":"Raval Cultural y Raval Social","datePublished":"2014-06-28T12:43:12+00:00","dateModified":"2014-06-28T14:45:40+00:00","mainEntityOfPage":{"@id":"https:\/\/www.montalegre.org\/es\/2014\/06\/raval-cultural-y-raval-social\/"},"wordCount":1274,"commentCount":0,"image":{"@id":"https:\/\/www.montalegre.org\/es\/2014\/06\/raval-cultural-y-raval-social\/#primaryimage"},"thumbnailUrl":"http:\/\/www.montalegre.org\/wp-content\/uploads\/2014\/06\/IMG_0008-300x225.jpg","articleSection":["Noticias de Montalegre"],"inLanguage":"es","potentialAction":[{"@type":"CommentAction","name":"Comment","target":["https:\/\/www.montalegre.org\/es\/2014\/06\/raval-cultural-y-raval-social\/#respond"]}]},{"@type":"WebPage","@id":"https:\/\/www.montalegre.org\/es\/2014\/06\/raval-cultural-y-raval-social\/","url":"https:\/\/www.montalegre.org\/es\/2014\/06\/raval-cultural-y-raval-social\/","name":"Raval Cultural y Raval Social - Montalegre","isPartOf":{"@id":"https:\/\/www.montalegre.org\/es\/#website"},"primaryImageOfPage":{"@id":"https:\/\/www.montalegre.org\/es\/2014\/06\/raval-cultural-y-raval-social\/#primaryimage"},"image":{"@id":"https:\/\/www.montalegre.org\/es\/2014\/06\/raval-cultural-y-raval-social\/#primaryimage"},"thumbnailUrl":"http:\/\/www.montalegre.org\/wp-content\/uploads\/2014\/06\/IMG_0008-300x225.jpg","datePublished":"2014-06-28T12:43:12+00:00","dateModified":"2014-06-28T14:45:40+00:00","author":{"@id":"https:\/\/www.montalegre.org\/es\/#\/schema\/person\/fa12d4cf3a3f1735a9176b4fafd6a633"},"breadcrumb":{"@id":"https:\/\/www.montalegre.org\/es\/2014\/06\/raval-cultural-y-raval-social\/#breadcrumb"},"inLanguage":"es","potentialAction":[{"@type":"ReadAction","target":["https:\/\/www.montalegre.org\/es\/2014\/06\/raval-cultural-y-raval-social\/"]}]},{"@type":"ImageObject","inLanguage":"es","@id":"https:\/\/www.montalegre.org\/es\/2014\/06\/raval-cultural-y-raval-social\/#primaryimage","url":"http:\/\/www.montalegre.org\/wp-content\/uploads\/2014\/06\/IMG_0008-300x225.jpg","contentUrl":"http:\/\/www.montalegre.org\/wp-content\/uploads\/2014\/06\/IMG_0008-300x225.jpg"},{"@type":"BreadcrumbList","@id":"https:\/\/www.montalegre.org\/es\/2014\/06\/raval-cultural-y-raval-social\/#breadcrumb","itemListElement":[{"@type":"ListItem","position":1,"name":"Portada","item":"https:\/\/www.montalegre.org\/es\/"},{"@type":"ListItem","position":2,"name":"Raval Cultural y Raval Social"}]},{"@type":"WebSite","@id":"https:\/\/www.montalegre.org\/es\/#website","url":"https:\/\/www.montalegre.org\/es\/","name":"Montalegre","description":"","potentialAction":[{"@type":"SearchAction","target":{"@type":"EntryPoint","urlTemplate":"https:\/\/www.montalegre.org\/es\/?s={search_term_string}"},"query-input":{"@type":"PropertyValueSpecification","valueRequired":true,"valueName":"search_term_string"}}],"inLanguage":"es"},{"@type":"Person","@id":"https:\/\/www.montalegre.org\/es\/#\/schema\/person\/fa12d4cf3a3f1735a9176b4fafd6a633","name":"montalegre","image":{"@type":"ImageObject","inLanguage":"es","@id":"https:\/\/www.montalegre.org\/es\/#\/schema\/person\/image\/","url":"https:\/\/secure.gravatar.com\/avatar\/fe6d886cf5081e723c666dceda1f12d4f39070fa2ed4e79695edc3ca355c9b5a?s=96&d=mm&r=g","contentUrl":"https:\/\/secure.gravatar.com\/avatar\/fe6d886cf5081e723c666dceda1f12d4f39070fa2ed4e79695edc3ca355c9b5a?s=96&d=mm&r=g","caption":"montalegre"},"url":"https:\/\/www.montalegre.org\/es\/author\/montalegre\/"}]}},"_links":{"self":[{"href":"https:\/\/www.montalegre.org\/es\/wp-json\/wp\/v2\/posts\/8364","targetHints":{"allow":["GET"]}}],"collection":[{"href":"https:\/\/www.montalegre.org\/es\/wp-json\/wp\/v2\/posts"}],"about":[{"href":"https:\/\/www.montalegre.org\/es\/wp-json\/wp\/v2\/types\/post"}],"author":[{"embeddable":true,"href":"https:\/\/www.montalegre.org\/es\/wp-json\/wp\/v2\/users\/4"}],"replies":[{"embeddable":true,"href":"https:\/\/www.montalegre.org\/es\/wp-json\/wp\/v2\/comments?post=8364"}],"version-history":[{"count":5,"href":"https:\/\/www.montalegre.org\/es\/wp-json\/wp\/v2\/posts\/8364\/revisions"}],"predecessor-version":[{"id":8374,"href":"https:\/\/www.montalegre.org\/es\/wp-json\/wp\/v2\/posts\/8364\/revisions\/8374"}],"wp:attachment":[{"href":"https:\/\/www.montalegre.org\/es\/wp-json\/wp\/v2\/media?parent=8364"}],"wp:term":[{"taxonomy":"category","embeddable":true,"href":"https:\/\/www.montalegre.org\/es\/wp-json\/wp\/v2\/categories?post=8364"},{"taxonomy":"post_tag","embeddable":true,"href":"https:\/\/www.montalegre.org\/es\/wp-json\/wp\/v2\/tags?post=8364"}],"curies":[{"name":"wp","href":"https:\/\/api.w.org\/{rel}","templated":true}]}}