{"id":8337,"date":"2014-06-01T09:15:48","date_gmt":"2014-06-01T09:15:48","guid":{"rendered":"http:\/\/www.montalegre.org\/?p=8337"},"modified":"2014-06-26T09:24:17","modified_gmt":"2014-06-26T09:24:17","slug":"fiestas-de-junio","status":"publish","type":"post","link":"https:\/\/www.montalegre.org\/es\/2014\/06\/fiestas-de-junio\/","title":{"rendered":"Fiestas de Junio"},"content":{"rendered":"<p><a href=\"http:\/\/www.montalegre.org\/wp-content\/uploads\/2014\/06\/sagrat-cor.jpg\"><img loading=\"lazy\" decoding=\"async\" class=\"alignleft size-full wp-image-8340\" alt=\"sagrat cor\" src=\"http:\/\/www.montalegre.org\/wp-content\/uploads\/2014\/06\/sagrat-cor.jpg\" width=\"283\" height=\"178\" \/><\/a>La fecha tan retrasada de la celebraci\u00f3n de la Pascua de este a\u00f1o ha tenido como consecuencia que el mes de Junio este lleno de celebraciones festivas, que se unen a las ya tradicionalmente propias del mes.<\/p>\n<p>As\u00ed, sucesivamente nos encontraremos la Ascensi\u00f3n del Se\u00f1or, Pentecost\u00e9s, La Sant\u00edsima Trinidad, el Corpus Christi y el Sagrado Coraz\u00f3n. Son adem\u00e1s propias de este mes las de San Juan Bautista, San Josemar\u00eda Escriv\u00e1 y la de los Santos Pedro y Pablo.<\/p>\n<p>Realmente es una colecci\u00f3n imponente de fiestas, todas ellas importantes. Como todas las fiestas del calendario cristiano ser\u00e1n un motivo para mantener viva nuestra piedad y para ayudarnos a profundizar el las ra\u00edces hondas de nuestra fe.<\/p>\n<p>El momento de la vida espiritual de cada cristiano le indicar\u00e1 donde conviene poner el acento, para aprovechar bien la riqueza que se nos brinda con estas celebraciones.<\/p>\n<p>Yo se\u00f1alar\u00eda, especialmente el Sagrado Coraz\u00f3n, que suele dar nombre al mes de Junio. De esta fiesta en el n\u00ba 478 del Catecismo leemos:<\/p>\n<p><i>&#8220;Jes\u00fas, durante su vida, su agon\u00eda y su pasi\u00f3n nos ha conocido y amado a todos y a cada uno de nosotros y se ha entregado por cada uno de nosotros: &#8220;El Hijo de Dios me am\u00f3 y se entreg\u00f3 a s\u00ed mismo por m\u00ed&#8221; (Ga 2, 20). Nos ha amado a todos con un coraz\u00f3n humano. Por esta raz\u00f3n, el sagrado Coraz\u00f3n de Jes\u00fas, traspasado por nuestros pecados y para nuestra salvaci\u00f3n (cf. Jn 19, 34), &#8220;es considerado como el principal indicador y s\u00edmbolo del amor con que el divino Redentor ama continuamente al eterno Padre y a todos los hombres&#8221; (Pio XII, Enc.&#8221;Haurietis aquas&#8221;: DS 3924; cf. DS 3812).&#8221;<\/i><\/p>\n<p>El coraz\u00f3n es s\u00edmbolo del amor, y el coraz\u00f3n abierto de Cristo en la Cruz nos recuerda ese amor &#8220;hasta el fin&#8221; con el que nos ha amado y nos amar\u00e1 siempre.<\/p>\n<p>Mn Francesc Perarnau<\/p>\n<p>&nbsp;<\/p>\n","protected":false},"excerpt":{"rendered":"<p>La fecha tan retrasada de la celebraci\u00f3n de la Pascua de este a\u00f1o ha tenido como consecuencia que el mes de Junio este lleno de celebraciones festivas, que se unen a las ya tradicionalmente propias del mes. As\u00ed, sucesivamente nos encontraremos la Ascensi\u00f3n del Se\u00f1or, Pentecost\u00e9s, La Sant\u00edsima Trinidad, el Corpus Christi y el Sagrado [&hellip;]<\/p>\n","protected":false},"author":4,"featured_media":0,"comment_status":"open","ping_status":"open","sticky":false,"template":"","format":"standard","meta":{"footnotes":""},"categories":[52],"tags":[],"class_list":["post-8337","post","type-post","status-publish","format-standard","hentry","category-editorial"],"yoast_head":"<!-- This site is optimized with the Yoast SEO plugin v27.1.1 - https:\/\/yoast.com\/product\/yoast-seo-wordpress\/ -->\n<title>Fiestas de Junio - Montalegre<\/title>\n<meta name=\"robots\" content=\"index, follow, max-snippet:-1, max-image-preview:large, max-video-preview:-1\" \/>\n<link rel=\"canonical\" href=\"https:\/\/www.montalegre.org\/es\/2014\/06\/fiestas-de-junio\/\" \/>\n<meta property=\"og:locale\" content=\"es_ES\" \/>\n<meta property=\"og:type\" content=\"article\" \/>\n<meta property=\"og:title\" content=\"Fiestas de Junio - Montalegre\" \/>\n<meta property=\"og:description\" content=\"La fecha tan retrasada de la celebraci\u00f3n de la Pascua de este a\u00f1o ha tenido como consecuencia que el mes de Junio este lleno de celebraciones festivas, que se unen a las ya tradicionalmente propias del mes. As\u00ed, sucesivamente nos encontraremos la Ascensi\u00f3n del Se\u00f1or, Pentecost\u00e9s, La Sant\u00edsima Trinidad, el Corpus Christi y el Sagrado [&hellip;]\" \/>\n<meta property=\"og:url\" content=\"https:\/\/www.montalegre.org\/es\/2014\/06\/fiestas-de-junio\/\" \/>\n<meta property=\"og:site_name\" content=\"Montalegre\" \/>\n<meta property=\"article:published_time\" content=\"2014-06-01T09:15:48+00:00\" \/>\n<meta property=\"article:modified_time\" content=\"2014-06-26T09:24:17+00:00\" \/>\n<meta property=\"og:image\" content=\"http:\/\/www.montalegre.org\/wp-content\/uploads\/2014\/06\/sagrat-cor.jpg\" \/>\n<meta name=\"author\" content=\"montalegre\" \/>\n<meta name=\"twitter:card\" content=\"summary_large_image\" \/>\n<meta name=\"twitter:label1\" content=\"Escrito por\" \/>\n\t<meta name=\"twitter:data1\" content=\"montalegre\" \/>\n\t<meta name=\"twitter:label2\" content=\"Tiempo de lectura\" \/>\n\t<meta name=\"twitter:data2\" content=\"2 minutos\" \/>\n<script type=\"application\/ld+json\" class=\"yoast-schema-graph\">{\"@context\":\"https:\/\/schema.org\",\"@graph\":[{\"@type\":\"Article\",\"@id\":\"https:\/\/www.montalegre.org\/es\/2014\/06\/fiestas-de-junio\/#article\",\"isPartOf\":{\"@id\":\"https:\/\/www.montalegre.org\/es\/2014\/06\/fiestas-de-junio\/\"},\"author\":{\"name\":\"montalegre\",\"@id\":\"https:\/\/www.montalegre.org\/es\/#\/schema\/person\/fa12d4cf3a3f1735a9176b4fafd6a633\"},\"headline\":\"Fiestas de Junio\",\"datePublished\":\"2014-06-01T09:15:48+00:00\",\"dateModified\":\"2014-06-26T09:24:17+00:00\",\"mainEntityOfPage\":{\"@id\":\"https:\/\/www.montalegre.org\/es\/2014\/06\/fiestas-de-junio\/\"},\"wordCount\":338,\"commentCount\":0,\"image\":{\"@id\":\"https:\/\/www.montalegre.org\/es\/2014\/06\/fiestas-de-junio\/#primaryimage\"},\"thumbnailUrl\":\"http:\/\/www.montalegre.org\/wp-content\/uploads\/2014\/06\/sagrat-cor.jpg\",\"articleSection\":[\"Editorial\"],\"inLanguage\":\"es\",\"potentialAction\":[{\"@type\":\"CommentAction\",\"name\":\"Comment\",\"target\":[\"https:\/\/www.montalegre.org\/es\/2014\/06\/fiestas-de-junio\/#respond\"]}]},{\"@type\":\"WebPage\",\"@id\":\"https:\/\/www.montalegre.org\/es\/2014\/06\/fiestas-de-junio\/\",\"url\":\"https:\/\/www.montalegre.org\/es\/2014\/06\/fiestas-de-junio\/\",\"name\":\"Fiestas de Junio - Montalegre\",\"isPartOf\":{\"@id\":\"https:\/\/www.montalegre.org\/es\/#website\"},\"primaryImageOfPage\":{\"@id\":\"https:\/\/www.montalegre.org\/es\/2014\/06\/fiestas-de-junio\/#primaryimage\"},\"image\":{\"@id\":\"https:\/\/www.montalegre.org\/es\/2014\/06\/fiestas-de-junio\/#primaryimage\"},\"thumbnailUrl\":\"http:\/\/www.montalegre.org\/wp-content\/uploads\/2014\/06\/sagrat-cor.jpg\",\"datePublished\":\"2014-06-01T09:15:48+00:00\",\"dateModified\":\"2014-06-26T09:24:17+00:00\",\"author\":{\"@id\":\"https:\/\/www.montalegre.org\/es\/#\/schema\/person\/fa12d4cf3a3f1735a9176b4fafd6a633\"},\"breadcrumb\":{\"@id\":\"https:\/\/www.montalegre.org\/es\/2014\/06\/fiestas-de-junio\/#breadcrumb\"},\"inLanguage\":\"es\",\"potentialAction\":[{\"@type\":\"ReadAction\",\"target\":[\"https:\/\/www.montalegre.org\/es\/2014\/06\/fiestas-de-junio\/\"]}]},{\"@type\":\"ImageObject\",\"inLanguage\":\"es\",\"@id\":\"https:\/\/www.montalegre.org\/es\/2014\/06\/fiestas-de-junio\/#primaryimage\",\"url\":\"http:\/\/www.montalegre.org\/wp-content\/uploads\/2014\/06\/sagrat-cor.jpg\",\"contentUrl\":\"http:\/\/www.montalegre.org\/wp-content\/uploads\/2014\/06\/sagrat-cor.jpg\"},{\"@type\":\"BreadcrumbList\",\"@id\":\"https:\/\/www.montalegre.org\/es\/2014\/06\/fiestas-de-junio\/#breadcrumb\",\"itemListElement\":[{\"@type\":\"ListItem\",\"position\":1,\"name\":\"Portada\",\"item\":\"https:\/\/www.montalegre.org\/es\/\"},{\"@type\":\"ListItem\",\"position\":2,\"name\":\"Fiestas de Junio\"}]},{\"@type\":\"WebSite\",\"@id\":\"https:\/\/www.montalegre.org\/es\/#website\",\"url\":\"https:\/\/www.montalegre.org\/es\/\",\"name\":\"Montalegre\",\"description\":\"\",\"potentialAction\":[{\"@type\":\"SearchAction\",\"target\":{\"@type\":\"EntryPoint\",\"urlTemplate\":\"https:\/\/www.montalegre.org\/es\/?s={search_term_string}\"},\"query-input\":{\"@type\":\"PropertyValueSpecification\",\"valueRequired\":true,\"valueName\":\"search_term_string\"}}],\"inLanguage\":\"es\"},{\"@type\":\"Person\",\"@id\":\"https:\/\/www.montalegre.org\/es\/#\/schema\/person\/fa12d4cf3a3f1735a9176b4fafd6a633\",\"name\":\"montalegre\",\"image\":{\"@type\":\"ImageObject\",\"inLanguage\":\"es\",\"@id\":\"https:\/\/www.montalegre.org\/es\/#\/schema\/person\/image\/\",\"url\":\"https:\/\/secure.gravatar.com\/avatar\/fe6d886cf5081e723c666dceda1f12d4f39070fa2ed4e79695edc3ca355c9b5a?s=96&d=mm&r=g\",\"contentUrl\":\"https:\/\/secure.gravatar.com\/avatar\/fe6d886cf5081e723c666dceda1f12d4f39070fa2ed4e79695edc3ca355c9b5a?s=96&d=mm&r=g\",\"caption\":\"montalegre\"},\"url\":\"https:\/\/www.montalegre.org\/es\/author\/montalegre\/\"}]}<\/script>\n<!-- \/ Yoast SEO plugin. -->","yoast_head_json":{"title":"Fiestas de Junio - Montalegre","robots":{"index":"index","follow":"follow","max-snippet":"max-snippet:-1","max-image-preview":"max-image-preview:large","max-video-preview":"max-video-preview:-1"},"canonical":"https:\/\/www.montalegre.org\/es\/2014\/06\/fiestas-de-junio\/","og_locale":"es_ES","og_type":"article","og_title":"Fiestas de Junio - Montalegre","og_description":"La fecha tan retrasada de la celebraci\u00f3n de la Pascua de este a\u00f1o ha tenido como consecuencia que el mes de Junio este lleno de celebraciones festivas, que se unen a las ya tradicionalmente propias del mes. As\u00ed, sucesivamente nos encontraremos la Ascensi\u00f3n del Se\u00f1or, Pentecost\u00e9s, La Sant\u00edsima Trinidad, el Corpus Christi y el Sagrado [&hellip;]","og_url":"https:\/\/www.montalegre.org\/es\/2014\/06\/fiestas-de-junio\/","og_site_name":"Montalegre","article_published_time":"2014-06-01T09:15:48+00:00","article_modified_time":"2014-06-26T09:24:17+00:00","og_image":[{"url":"http:\/\/www.montalegre.org\/wp-content\/uploads\/2014\/06\/sagrat-cor.jpg","type":"","width":"","height":""}],"author":"montalegre","twitter_card":"summary_large_image","twitter_misc":{"Escrito por":"montalegre","Tiempo de lectura":"2 minutos"},"schema":{"@context":"https:\/\/schema.org","@graph":[{"@type":"Article","@id":"https:\/\/www.montalegre.org\/es\/2014\/06\/fiestas-de-junio\/#article","isPartOf":{"@id":"https:\/\/www.montalegre.org\/es\/2014\/06\/fiestas-de-junio\/"},"author":{"name":"montalegre","@id":"https:\/\/www.montalegre.org\/es\/#\/schema\/person\/fa12d4cf3a3f1735a9176b4fafd6a633"},"headline":"Fiestas de Junio","datePublished":"2014-06-01T09:15:48+00:00","dateModified":"2014-06-26T09:24:17+00:00","mainEntityOfPage":{"@id":"https:\/\/www.montalegre.org\/es\/2014\/06\/fiestas-de-junio\/"},"wordCount":338,"commentCount":0,"image":{"@id":"https:\/\/www.montalegre.org\/es\/2014\/06\/fiestas-de-junio\/#primaryimage"},"thumbnailUrl":"http:\/\/www.montalegre.org\/wp-content\/uploads\/2014\/06\/sagrat-cor.jpg","articleSection":["Editorial"],"inLanguage":"es","potentialAction":[{"@type":"CommentAction","name":"Comment","target":["https:\/\/www.montalegre.org\/es\/2014\/06\/fiestas-de-junio\/#respond"]}]},{"@type":"WebPage","@id":"https:\/\/www.montalegre.org\/es\/2014\/06\/fiestas-de-junio\/","url":"https:\/\/www.montalegre.org\/es\/2014\/06\/fiestas-de-junio\/","name":"Fiestas de Junio - Montalegre","isPartOf":{"@id":"https:\/\/www.montalegre.org\/es\/#website"},"primaryImageOfPage":{"@id":"https:\/\/www.montalegre.org\/es\/2014\/06\/fiestas-de-junio\/#primaryimage"},"image":{"@id":"https:\/\/www.montalegre.org\/es\/2014\/06\/fiestas-de-junio\/#primaryimage"},"thumbnailUrl":"http:\/\/www.montalegre.org\/wp-content\/uploads\/2014\/06\/sagrat-cor.jpg","datePublished":"2014-06-01T09:15:48+00:00","dateModified":"2014-06-26T09:24:17+00:00","author":{"@id":"https:\/\/www.montalegre.org\/es\/#\/schema\/person\/fa12d4cf3a3f1735a9176b4fafd6a633"},"breadcrumb":{"@id":"https:\/\/www.montalegre.org\/es\/2014\/06\/fiestas-de-junio\/#breadcrumb"},"inLanguage":"es","potentialAction":[{"@type":"ReadAction","target":["https:\/\/www.montalegre.org\/es\/2014\/06\/fiestas-de-junio\/"]}]},{"@type":"ImageObject","inLanguage":"es","@id":"https:\/\/www.montalegre.org\/es\/2014\/06\/fiestas-de-junio\/#primaryimage","url":"http:\/\/www.montalegre.org\/wp-content\/uploads\/2014\/06\/sagrat-cor.jpg","contentUrl":"http:\/\/www.montalegre.org\/wp-content\/uploads\/2014\/06\/sagrat-cor.jpg"},{"@type":"BreadcrumbList","@id":"https:\/\/www.montalegre.org\/es\/2014\/06\/fiestas-de-junio\/#breadcrumb","itemListElement":[{"@type":"ListItem","position":1,"name":"Portada","item":"https:\/\/www.montalegre.org\/es\/"},{"@type":"ListItem","position":2,"name":"Fiestas de Junio"}]},{"@type":"WebSite","@id":"https:\/\/www.montalegre.org\/es\/#website","url":"https:\/\/www.montalegre.org\/es\/","name":"Montalegre","description":"","potentialAction":[{"@type":"SearchAction","target":{"@type":"EntryPoint","urlTemplate":"https:\/\/www.montalegre.org\/es\/?s={search_term_string}"},"query-input":{"@type":"PropertyValueSpecification","valueRequired":true,"valueName":"search_term_string"}}],"inLanguage":"es"},{"@type":"Person","@id":"https:\/\/www.montalegre.org\/es\/#\/schema\/person\/fa12d4cf3a3f1735a9176b4fafd6a633","name":"montalegre","image":{"@type":"ImageObject","inLanguage":"es","@id":"https:\/\/www.montalegre.org\/es\/#\/schema\/person\/image\/","url":"https:\/\/secure.gravatar.com\/avatar\/fe6d886cf5081e723c666dceda1f12d4f39070fa2ed4e79695edc3ca355c9b5a?s=96&d=mm&r=g","contentUrl":"https:\/\/secure.gravatar.com\/avatar\/fe6d886cf5081e723c666dceda1f12d4f39070fa2ed4e79695edc3ca355c9b5a?s=96&d=mm&r=g","caption":"montalegre"},"url":"https:\/\/www.montalegre.org\/es\/author\/montalegre\/"}]}},"_links":{"self":[{"href":"https:\/\/www.montalegre.org\/es\/wp-json\/wp\/v2\/posts\/8337","targetHints":{"allow":["GET"]}}],"collection":[{"href":"https:\/\/www.montalegre.org\/es\/wp-json\/wp\/v2\/posts"}],"about":[{"href":"https:\/\/www.montalegre.org\/es\/wp-json\/wp\/v2\/types\/post"}],"author":[{"embeddable":true,"href":"https:\/\/www.montalegre.org\/es\/wp-json\/wp\/v2\/users\/4"}],"replies":[{"embeddable":true,"href":"https:\/\/www.montalegre.org\/es\/wp-json\/wp\/v2\/comments?post=8337"}],"version-history":[{"count":2,"href":"https:\/\/www.montalegre.org\/es\/wp-json\/wp\/v2\/posts\/8337\/revisions"}],"predecessor-version":[{"id":8342,"href":"https:\/\/www.montalegre.org\/es\/wp-json\/wp\/v2\/posts\/8337\/revisions\/8342"}],"wp:attachment":[{"href":"https:\/\/www.montalegre.org\/es\/wp-json\/wp\/v2\/media?parent=8337"}],"wp:term":[{"taxonomy":"category","embeddable":true,"href":"https:\/\/www.montalegre.org\/es\/wp-json\/wp\/v2\/categories?post=8337"},{"taxonomy":"post_tag","embeddable":true,"href":"https:\/\/www.montalegre.org\/es\/wp-json\/wp\/v2\/tags?post=8337"}],"curies":[{"name":"wp","href":"https:\/\/api.w.org\/{rel}","templated":true}]}}