{"id":7585,"date":"2014-01-13T20:16:14","date_gmt":"2014-01-13T20:16:14","guid":{"rendered":"http:\/\/www.montalegre.org\/?p=7585"},"modified":"2014-01-13T20:17:17","modified_gmt":"2014-01-13T20:17:17","slug":"braval-a-resguardo-de-montalegre","status":"publish","type":"post","link":"https:\/\/www.montalegre.org\/es\/2014\/01\/braval-a-resguardo-de-montalegre\/","title":{"rendered":"Braval a resguardo de Montalegre"},"content":{"rendered":"<p><strong><a href=\"http:\/\/www.montalegre.org\/2014\/01\/braval-a-redos-de-montalegre\/bravalopusdei_2\/\" rel=\"attachment wp-att-7581\"><img loading=\"lazy\" decoding=\"async\" class=\"alignright size-medium wp-image-7581\" title=\"braval+opus+dei_2\" src=\"http:\/\/www.montalegre.org\/wp-content\/uploads\/2014\/01\/braval+opus+dei_2-300x225.jpg\" alt=\"\" width=\"300\" height=\"225\" \/><\/a>Braval<\/strong> es un proyecto de solidaridad que comienza en 1998 y se consolida en el 2002 en ocasi\u00f3n del centenario del nacimiento de San Josepmar\u00eda Escriv\u00e1, fundador del Opus Dei.\u00a0Braval es un paso m\u00e1s en el conjunto de iniciativas de solidaridad que se promueven en el barrio del Raval de Barcelona, alrededor de la Iglesia de Santa Maria de Montalegre, cuando en 1967 fue confiada al Opus Dei. De manera parecida nace Terral en Barcelona.<\/p>\n<p>En <strong>Braval<\/strong> promueven el voluntariado social; buscan el \u00e9xito escolar, incrementando en los j\u00f3venes la motivaci\u00f3n para hacer los estudios obligatorios y el inter\u00e9s para acceder a los superiores, ya sean de bachillerato y universitarios, como de formaci\u00f3n profesional. Despu\u00e9s, impulsan actuaciones que conducen a la inserci\u00f3n laboral. Las persones que colaboran quieren contribuir a resolver una de las situaciones humanas m\u00e1s dif\u00edciles que conoce nuestro pa\u00eds: la inmigraci\u00f3n. Mediante las actividades de Braval los j\u00f3venes se van entendiendo, se comprenden y se respetan cada d\u00eda un poco m\u00e1s. Esta convivencia fundamenta la tolerancia y la cohesi\u00f3n social del futuro. Para quienes lo desean, Braval facilita, adem\u00e1s, medios de formaci\u00f3n cristiana. Adem\u00e1s, colaborando con otras entidades gubernamentales o no gubernamentales, se llevan a t\u00e9rmino programas de cooperaci\u00f3n, promoci\u00f3n y ayuda a pa\u00edses en v\u00edas de desarrollo y comunidades con d\u00e9ficits humanos.<\/p>\n<p>En este sentido, y para conocer m\u00e1s a fondo el d\u00eda a d\u00eda de esta entidad social, la revista <strong>\u201cCatalunya Cristiana\u201d<\/strong> realiz\u00f3 una entrevista al presidente de Braval, Sr. Josep Masabeu, la cual ha sido publicada en la edici\u00f3n del domingo 12 de enero de 2014.<\/p>\n<p>Se adjunta el pdf. <a href=\"http:\/\/www.montalegre.org\/es\/2014\/01\/braval-a-resguardo-de-montalegre\/entrevista-j-masabeu-12-1-2014-2\/\" rel=\"attachment wp-att-7586\">Entrevista J Masabeu 12 1 2014<\/a><\/p>\n<p>Comunicaci\u00f3n Montalegre<\/p>\n","protected":false},"excerpt":{"rendered":"<p>Braval es un proyecto de solidaridad que comienza en 1998 y se consolida en el 2002 en ocasi\u00f3n del centenario del nacimiento de San Josepmar\u00eda Escriv\u00e1, fundador del Opus Dei.\u00a0Braval es un paso m\u00e1s en el conjunto de iniciativas de solidaridad que se promueven en el barrio del Raval de Barcelona, alrededor de la Iglesia [&hellip;]<\/p>\n","protected":false},"author":4,"featured_media":0,"comment_status":"open","ping_status":"open","sticky":false,"template":"","format":"standard","meta":{"footnotes":""},"categories":[1],"tags":[],"class_list":["post-7585","post","type-post","status-publish","format-standard","hentry","category-noticias-de-montalegre"],"yoast_head":"<!-- This site is optimized with the Yoast SEO plugin v27.1.1 - https:\/\/yoast.com\/product\/yoast-seo-wordpress\/ -->\n<title>Braval a resguardo de Montalegre - Montalegre<\/title>\n<meta name=\"robots\" content=\"index, follow, max-snippet:-1, max-image-preview:large, max-video-preview:-1\" \/>\n<link rel=\"canonical\" href=\"https:\/\/www.montalegre.org\/es\/2014\/01\/braval-a-resguardo-de-montalegre\/\" \/>\n<meta property=\"og:locale\" content=\"es_ES\" \/>\n<meta property=\"og:type\" content=\"article\" \/>\n<meta property=\"og:title\" content=\"Braval a resguardo de Montalegre - Montalegre\" \/>\n<meta property=\"og:description\" content=\"Braval es un proyecto de solidaridad que comienza en 1998 y se consolida en el 2002 en ocasi\u00f3n del centenario del nacimiento de San Josepmar\u00eda Escriv\u00e1, fundador del Opus Dei.\u00a0Braval es un paso m\u00e1s en el conjunto de iniciativas de solidaridad que se promueven en el barrio del Raval de Barcelona, alrededor de la Iglesia [&hellip;]\" \/>\n<meta property=\"og:url\" content=\"https:\/\/www.montalegre.org\/es\/2014\/01\/braval-a-resguardo-de-montalegre\/\" \/>\n<meta property=\"og:site_name\" content=\"Montalegre\" \/>\n<meta property=\"article:published_time\" content=\"2014-01-13T20:16:14+00:00\" \/>\n<meta property=\"article:modified_time\" content=\"2014-01-13T20:17:17+00:00\" \/>\n<meta property=\"og:image\" content=\"http:\/\/www.montalegre.org\/wp-content\/uploads\/2014\/01\/braval+opus+dei_2-300x225.jpg\" \/>\n<meta name=\"author\" content=\"montalegre\" \/>\n<meta name=\"twitter:card\" content=\"summary_large_image\" \/>\n<meta name=\"twitter:label1\" content=\"Escrito por\" \/>\n\t<meta name=\"twitter:data1\" content=\"montalegre\" \/>\n\t<meta name=\"twitter:label2\" content=\"Tiempo de lectura\" \/>\n\t<meta name=\"twitter:data2\" content=\"1 minuto\" \/>\n<script type=\"application\/ld+json\" class=\"yoast-schema-graph\">{\"@context\":\"https:\/\/schema.org\",\"@graph\":[{\"@type\":\"Article\",\"@id\":\"https:\/\/www.montalegre.org\/es\/2014\/01\/braval-a-resguardo-de-montalegre\/#article\",\"isPartOf\":{\"@id\":\"https:\/\/www.montalegre.org\/es\/2014\/01\/braval-a-resguardo-de-montalegre\/\"},\"author\":{\"name\":\"montalegre\",\"@id\":\"https:\/\/www.montalegre.org\/es\/#\/schema\/person\/fa12d4cf3a3f1735a9176b4fafd6a633\"},\"headline\":\"Braval a resguardo de Montalegre\",\"datePublished\":\"2014-01-13T20:16:14+00:00\",\"dateModified\":\"2014-01-13T20:17:17+00:00\",\"mainEntityOfPage\":{\"@id\":\"https:\/\/www.montalegre.org\/es\/2014\/01\/braval-a-resguardo-de-montalegre\/\"},\"wordCount\":303,\"commentCount\":0,\"image\":{\"@id\":\"https:\/\/www.montalegre.org\/es\/2014\/01\/braval-a-resguardo-de-montalegre\/#primaryimage\"},\"thumbnailUrl\":\"http:\/\/www.montalegre.org\/wp-content\/uploads\/2014\/01\/braval+opus+dei_2-300x225.jpg\",\"articleSection\":[\"Noticias de Montalegre\"],\"inLanguage\":\"es\",\"potentialAction\":[{\"@type\":\"CommentAction\",\"name\":\"Comment\",\"target\":[\"https:\/\/www.montalegre.org\/es\/2014\/01\/braval-a-resguardo-de-montalegre\/#respond\"]}]},{\"@type\":\"WebPage\",\"@id\":\"https:\/\/www.montalegre.org\/es\/2014\/01\/braval-a-resguardo-de-montalegre\/\",\"url\":\"https:\/\/www.montalegre.org\/es\/2014\/01\/braval-a-resguardo-de-montalegre\/\",\"name\":\"Braval a resguardo de Montalegre - Montalegre\",\"isPartOf\":{\"@id\":\"https:\/\/www.montalegre.org\/es\/#website\"},\"primaryImageOfPage\":{\"@id\":\"https:\/\/www.montalegre.org\/es\/2014\/01\/braval-a-resguardo-de-montalegre\/#primaryimage\"},\"image\":{\"@id\":\"https:\/\/www.montalegre.org\/es\/2014\/01\/braval-a-resguardo-de-montalegre\/#primaryimage\"},\"thumbnailUrl\":\"http:\/\/www.montalegre.org\/wp-content\/uploads\/2014\/01\/braval+opus+dei_2-300x225.jpg\",\"datePublished\":\"2014-01-13T20:16:14+00:00\",\"dateModified\":\"2014-01-13T20:17:17+00:00\",\"author\":{\"@id\":\"https:\/\/www.montalegre.org\/es\/#\/schema\/person\/fa12d4cf3a3f1735a9176b4fafd6a633\"},\"breadcrumb\":{\"@id\":\"https:\/\/www.montalegre.org\/es\/2014\/01\/braval-a-resguardo-de-montalegre\/#breadcrumb\"},\"inLanguage\":\"es\",\"potentialAction\":[{\"@type\":\"ReadAction\",\"target\":[\"https:\/\/www.montalegre.org\/es\/2014\/01\/braval-a-resguardo-de-montalegre\/\"]}]},{\"@type\":\"ImageObject\",\"inLanguage\":\"es\",\"@id\":\"https:\/\/www.montalegre.org\/es\/2014\/01\/braval-a-resguardo-de-montalegre\/#primaryimage\",\"url\":\"http:\/\/www.montalegre.org\/wp-content\/uploads\/2014\/01\/braval+opus+dei_2-300x225.jpg\",\"contentUrl\":\"http:\/\/www.montalegre.org\/wp-content\/uploads\/2014\/01\/braval+opus+dei_2-300x225.jpg\"},{\"@type\":\"BreadcrumbList\",\"@id\":\"https:\/\/www.montalegre.org\/es\/2014\/01\/braval-a-resguardo-de-montalegre\/#breadcrumb\",\"itemListElement\":[{\"@type\":\"ListItem\",\"position\":1,\"name\":\"Portada\",\"item\":\"https:\/\/www.montalegre.org\/es\/\"},{\"@type\":\"ListItem\",\"position\":2,\"name\":\"Braval a resguardo de Montalegre\"}]},{\"@type\":\"WebSite\",\"@id\":\"https:\/\/www.montalegre.org\/es\/#website\",\"url\":\"https:\/\/www.montalegre.org\/es\/\",\"name\":\"Montalegre\",\"description\":\"\",\"potentialAction\":[{\"@type\":\"SearchAction\",\"target\":{\"@type\":\"EntryPoint\",\"urlTemplate\":\"https:\/\/www.montalegre.org\/es\/?s={search_term_string}\"},\"query-input\":{\"@type\":\"PropertyValueSpecification\",\"valueRequired\":true,\"valueName\":\"search_term_string\"}}],\"inLanguage\":\"es\"},{\"@type\":\"Person\",\"@id\":\"https:\/\/www.montalegre.org\/es\/#\/schema\/person\/fa12d4cf3a3f1735a9176b4fafd6a633\",\"name\":\"montalegre\",\"image\":{\"@type\":\"ImageObject\",\"inLanguage\":\"es\",\"@id\":\"https:\/\/www.montalegre.org\/es\/#\/schema\/person\/image\/\",\"url\":\"https:\/\/secure.gravatar.com\/avatar\/fe6d886cf5081e723c666dceda1f12d4f39070fa2ed4e79695edc3ca355c9b5a?s=96&d=mm&r=g\",\"contentUrl\":\"https:\/\/secure.gravatar.com\/avatar\/fe6d886cf5081e723c666dceda1f12d4f39070fa2ed4e79695edc3ca355c9b5a?s=96&d=mm&r=g\",\"caption\":\"montalegre\"},\"url\":\"https:\/\/www.montalegre.org\/es\/author\/montalegre\/\"}]}<\/script>\n<!-- \/ Yoast SEO plugin. -->","yoast_head_json":{"title":"Braval a resguardo de Montalegre - Montalegre","robots":{"index":"index","follow":"follow","max-snippet":"max-snippet:-1","max-image-preview":"max-image-preview:large","max-video-preview":"max-video-preview:-1"},"canonical":"https:\/\/www.montalegre.org\/es\/2014\/01\/braval-a-resguardo-de-montalegre\/","og_locale":"es_ES","og_type":"article","og_title":"Braval a resguardo de Montalegre - Montalegre","og_description":"Braval es un proyecto de solidaridad que comienza en 1998 y se consolida en el 2002 en ocasi\u00f3n del centenario del nacimiento de San Josepmar\u00eda Escriv\u00e1, fundador del Opus Dei.\u00a0Braval es un paso m\u00e1s en el conjunto de iniciativas de solidaridad que se promueven en el barrio del Raval de Barcelona, alrededor de la Iglesia [&hellip;]","og_url":"https:\/\/www.montalegre.org\/es\/2014\/01\/braval-a-resguardo-de-montalegre\/","og_site_name":"Montalegre","article_published_time":"2014-01-13T20:16:14+00:00","article_modified_time":"2014-01-13T20:17:17+00:00","og_image":[{"url":"http:\/\/www.montalegre.org\/wp-content\/uploads\/2014\/01\/braval+opus+dei_2-300x225.jpg","type":"","width":"","height":""}],"author":"montalegre","twitter_card":"summary_large_image","twitter_misc":{"Escrito por":"montalegre","Tiempo de lectura":"1 minuto"},"schema":{"@context":"https:\/\/schema.org","@graph":[{"@type":"Article","@id":"https:\/\/www.montalegre.org\/es\/2014\/01\/braval-a-resguardo-de-montalegre\/#article","isPartOf":{"@id":"https:\/\/www.montalegre.org\/es\/2014\/01\/braval-a-resguardo-de-montalegre\/"},"author":{"name":"montalegre","@id":"https:\/\/www.montalegre.org\/es\/#\/schema\/person\/fa12d4cf3a3f1735a9176b4fafd6a633"},"headline":"Braval a resguardo de Montalegre","datePublished":"2014-01-13T20:16:14+00:00","dateModified":"2014-01-13T20:17:17+00:00","mainEntityOfPage":{"@id":"https:\/\/www.montalegre.org\/es\/2014\/01\/braval-a-resguardo-de-montalegre\/"},"wordCount":303,"commentCount":0,"image":{"@id":"https:\/\/www.montalegre.org\/es\/2014\/01\/braval-a-resguardo-de-montalegre\/#primaryimage"},"thumbnailUrl":"http:\/\/www.montalegre.org\/wp-content\/uploads\/2014\/01\/braval+opus+dei_2-300x225.jpg","articleSection":["Noticias de Montalegre"],"inLanguage":"es","potentialAction":[{"@type":"CommentAction","name":"Comment","target":["https:\/\/www.montalegre.org\/es\/2014\/01\/braval-a-resguardo-de-montalegre\/#respond"]}]},{"@type":"WebPage","@id":"https:\/\/www.montalegre.org\/es\/2014\/01\/braval-a-resguardo-de-montalegre\/","url":"https:\/\/www.montalegre.org\/es\/2014\/01\/braval-a-resguardo-de-montalegre\/","name":"Braval a resguardo de Montalegre - Montalegre","isPartOf":{"@id":"https:\/\/www.montalegre.org\/es\/#website"},"primaryImageOfPage":{"@id":"https:\/\/www.montalegre.org\/es\/2014\/01\/braval-a-resguardo-de-montalegre\/#primaryimage"},"image":{"@id":"https:\/\/www.montalegre.org\/es\/2014\/01\/braval-a-resguardo-de-montalegre\/#primaryimage"},"thumbnailUrl":"http:\/\/www.montalegre.org\/wp-content\/uploads\/2014\/01\/braval+opus+dei_2-300x225.jpg","datePublished":"2014-01-13T20:16:14+00:00","dateModified":"2014-01-13T20:17:17+00:00","author":{"@id":"https:\/\/www.montalegre.org\/es\/#\/schema\/person\/fa12d4cf3a3f1735a9176b4fafd6a633"},"breadcrumb":{"@id":"https:\/\/www.montalegre.org\/es\/2014\/01\/braval-a-resguardo-de-montalegre\/#breadcrumb"},"inLanguage":"es","potentialAction":[{"@type":"ReadAction","target":["https:\/\/www.montalegre.org\/es\/2014\/01\/braval-a-resguardo-de-montalegre\/"]}]},{"@type":"ImageObject","inLanguage":"es","@id":"https:\/\/www.montalegre.org\/es\/2014\/01\/braval-a-resguardo-de-montalegre\/#primaryimage","url":"http:\/\/www.montalegre.org\/wp-content\/uploads\/2014\/01\/braval+opus+dei_2-300x225.jpg","contentUrl":"http:\/\/www.montalegre.org\/wp-content\/uploads\/2014\/01\/braval+opus+dei_2-300x225.jpg"},{"@type":"BreadcrumbList","@id":"https:\/\/www.montalegre.org\/es\/2014\/01\/braval-a-resguardo-de-montalegre\/#breadcrumb","itemListElement":[{"@type":"ListItem","position":1,"name":"Portada","item":"https:\/\/www.montalegre.org\/es\/"},{"@type":"ListItem","position":2,"name":"Braval a resguardo de Montalegre"}]},{"@type":"WebSite","@id":"https:\/\/www.montalegre.org\/es\/#website","url":"https:\/\/www.montalegre.org\/es\/","name":"Montalegre","description":"","potentialAction":[{"@type":"SearchAction","target":{"@type":"EntryPoint","urlTemplate":"https:\/\/www.montalegre.org\/es\/?s={search_term_string}"},"query-input":{"@type":"PropertyValueSpecification","valueRequired":true,"valueName":"search_term_string"}}],"inLanguage":"es"},{"@type":"Person","@id":"https:\/\/www.montalegre.org\/es\/#\/schema\/person\/fa12d4cf3a3f1735a9176b4fafd6a633","name":"montalegre","image":{"@type":"ImageObject","inLanguage":"es","@id":"https:\/\/www.montalegre.org\/es\/#\/schema\/person\/image\/","url":"https:\/\/secure.gravatar.com\/avatar\/fe6d886cf5081e723c666dceda1f12d4f39070fa2ed4e79695edc3ca355c9b5a?s=96&d=mm&r=g","contentUrl":"https:\/\/secure.gravatar.com\/avatar\/fe6d886cf5081e723c666dceda1f12d4f39070fa2ed4e79695edc3ca355c9b5a?s=96&d=mm&r=g","caption":"montalegre"},"url":"https:\/\/www.montalegre.org\/es\/author\/montalegre\/"}]}},"_links":{"self":[{"href":"https:\/\/www.montalegre.org\/es\/wp-json\/wp\/v2\/posts\/7585","targetHints":{"allow":["GET"]}}],"collection":[{"href":"https:\/\/www.montalegre.org\/es\/wp-json\/wp\/v2\/posts"}],"about":[{"href":"https:\/\/www.montalegre.org\/es\/wp-json\/wp\/v2\/types\/post"}],"author":[{"embeddable":true,"href":"https:\/\/www.montalegre.org\/es\/wp-json\/wp\/v2\/users\/4"}],"replies":[{"embeddable":true,"href":"https:\/\/www.montalegre.org\/es\/wp-json\/wp\/v2\/comments?post=7585"}],"version-history":[{"count":4,"href":"https:\/\/www.montalegre.org\/es\/wp-json\/wp\/v2\/posts\/7585\/revisions"}],"predecessor-version":[{"id":7590,"href":"https:\/\/www.montalegre.org\/es\/wp-json\/wp\/v2\/posts\/7585\/revisions\/7590"}],"wp:attachment":[{"href":"https:\/\/www.montalegre.org\/es\/wp-json\/wp\/v2\/media?parent=7585"}],"wp:term":[{"taxonomy":"category","embeddable":true,"href":"https:\/\/www.montalegre.org\/es\/wp-json\/wp\/v2\/categories?post=7585"},{"taxonomy":"post_tag","embeddable":true,"href":"https:\/\/www.montalegre.org\/es\/wp-json\/wp\/v2\/tags?post=7585"}],"curies":[{"name":"wp","href":"https:\/\/api.w.org\/{rel}","templated":true}]}}