{"id":7548,"date":"2014-01-01T00:02:43","date_gmt":"2014-01-01T00:02:43","guid":{"rendered":"http:\/\/www.montalegre.org\/?p=7548"},"modified":"2013-12-31T13:20:34","modified_gmt":"2013-12-31T13:20:34","slug":"terminar-bien-comenzar-con-confianza","status":"publish","type":"post","link":"https:\/\/www.montalegre.org\/es\/2014\/01\/terminar-bien-comenzar-con-confianza\/","title":{"rendered":"Terminar bien, comenzar con confianza."},"content":{"rendered":"<p><a href=\"http:\/\/www.montalegre.org\/es\/2014\/01\/terminar-bien-comenzar-con-confianza\/reloj-2\/\" rel=\"attachment wp-att-7555\"><img loading=\"lazy\" decoding=\"async\" class=\"alignleft size-full wp-image-7555\" title=\"reloj\" src=\"http:\/\/www.montalegre.org\/wp-content\/uploads\/2014\/01\/reloj1.jpg\" alt=\"\" width=\"252\" height=\"241\" \/><\/a>Se ha dicho muchas\u00a0 veces que terminar un a\u00f1o es como cerrar un cap\u00edtulo del libro de nuestras vidas. La imagen de la vida de las personas como un libro la encontramos en el el Apocalipsis de San Juan. En ese libro del Nuevo Testamento se habla de que en el Juicio final se leer\u00e1 el libro en el que est\u00e1n escritas las acciones de las personas. Es una manera muy clara de expresar que la vida de las personas no se pierde en el pasado, queda un registro, simbolizado en el libro, que ser\u00e1 la base del Juicio personal despu\u00e9s de la muerte.<\/p>\n<p>Por tanto es importante que el libro que vamos escribiendo a lo largo de nuestra vida quede bien cerrado, que los cap\u00edtulos est\u00e9n corregidos, que no haya borrones o errores importantes. Al llegar el fin de a\u00f1o, en el momento de cerrar el cap\u00edtulo, se nos presenta una oportunidad interesante. Podemos hacer un repaso de lo que han sido estos 365 d\u00edas que hemos vivido y, como hacen muchas empresas, hacer el balance, con el fin de ver si vamos o no vamos bien, para detectar que cosas en nuestra vida est\u00e1n en orden, y cuales deben mejorar. Desde una perspectiva cristiana esto se podr\u00eda formular as\u00ed: \u00bfva mi vida por donde Dios quiere? \u00bfHay en este a\u00f1o cosas que no han sido de su agrado?<\/p>\n<p>Ser\u00eda triste que constat\u00e1ramos que hay p\u00e1ginas con errores, con cosas que nos averg\u00fcenza haber realizado; paginas escritas que nos gustar\u00eda que no constaran en el libro de nuestra vida, pero que est\u00e1n ah\u00ed, y que tuvi\u00e9ramos que resignarnos a que quedaran as\u00ed para siempre, que no pudi\u00e9ramos hacer nada por arreglarlas: soberbia, apego a cosas materiales, impureza, faltas de caridad, ego\u00edsmos, momentos de pereza\u2026 Cuantas veces pensamos: \u00a1esto quisiera no haberlo hecho! (o dicho!). Tenemos la gran suerte de que Dios, que es un Padre bueno, se deja \u201cenga\u00f1ar\u201d por decirlo de alg\u00fan modo. El arrepentimiento y la confesi\u00f3n son la \u201cgoma de borrar\u201d que limpia los errores. No es que queden tapados, como han dicho algunas corrientes de pensamiento protestante, quedan realmente borrados. As\u00ed de grande es la fuerza del arrepentimiento y as\u00ed de inmenso es el Amor de Dios que nos perdona de verdad. Y no importa el tama\u00f1o del error.<\/p>\n<p>No dejemos escapar esta estupenda oportunidad de enmendar los errores, antes de mirar adelante al a\u00f1o que acabamos de empezar. El arrepentimiento comporta siempre (si no, seria falso) que hemos hecho nuestros buenos prop\u00f3sitos: intentaremos poner los medios para no tropezar otra vez en las\u00a0 mismas piedras. La experiencia nos dice que ser\u00e1 dif\u00edcil, porque no es la primera vez que nos lo proponemos. Pero una vez mas es el mismo Dios quien viene en nuestra ayuda: Empezamos el a\u00f1o acudiendo a Santa Mar\u00eda Madre de Dios, Solemnidad que celebramos el d\u00eda 1 de Enero y que nos recuerda que Ella,la Madre, es nuestra mejor intercesora. Acudamos con confianza a Mar\u00eda para pedirle la gracia que necesitamos para poder salir vencedores en nuestra lucha diaria por ser santos, fieles a su Hijo.<\/p>\n<p>Mn Francesc Perarnau<\/p>\n","protected":false},"excerpt":{"rendered":"<p>Se ha dicho muchas\u00a0 veces que terminar un a\u00f1o es como cerrar un cap\u00edtulo del libro de nuestras vidas. La imagen de la vida de las personas como un libro la encontramos en el el Apocalipsis de San Juan. En ese libro del Nuevo Testamento se habla de que en el Juicio final se leer\u00e1 [&hellip;]<\/p>\n","protected":false},"author":4,"featured_media":0,"comment_status":"open","ping_status":"open","sticky":false,"template":"","format":"standard","meta":{"footnotes":""},"categories":[52],"tags":[],"class_list":["post-7548","post","type-post","status-publish","format-standard","hentry","category-editorial"],"yoast_head":"<!-- This site is optimized with the Yoast SEO plugin v27.1.1 - https:\/\/yoast.com\/product\/yoast-seo-wordpress\/ -->\n<title>Terminar bien, comenzar con confianza. - Montalegre<\/title>\n<meta name=\"robots\" content=\"index, follow, max-snippet:-1, max-image-preview:large, max-video-preview:-1\" \/>\n<link rel=\"canonical\" href=\"https:\/\/www.montalegre.org\/es\/2014\/01\/terminar-bien-comenzar-con-confianza\/\" \/>\n<meta property=\"og:locale\" content=\"es_ES\" \/>\n<meta property=\"og:type\" content=\"article\" \/>\n<meta property=\"og:title\" content=\"Terminar bien, comenzar con confianza. - Montalegre\" \/>\n<meta property=\"og:description\" content=\"Se ha dicho muchas\u00a0 veces que terminar un a\u00f1o es como cerrar un cap\u00edtulo del libro de nuestras vidas. La imagen de la vida de las personas como un libro la encontramos en el el Apocalipsis de San Juan. En ese libro del Nuevo Testamento se habla de que en el Juicio final se leer\u00e1 [&hellip;]\" \/>\n<meta property=\"og:url\" content=\"https:\/\/www.montalegre.org\/es\/2014\/01\/terminar-bien-comenzar-con-confianza\/\" \/>\n<meta property=\"og:site_name\" content=\"Montalegre\" \/>\n<meta property=\"article:published_time\" content=\"2014-01-01T00:02:43+00:00\" \/>\n<meta property=\"og:image\" content=\"http:\/\/www.montalegre.org\/wp-content\/uploads\/2014\/01\/reloj1.jpg\" \/>\n<meta name=\"author\" content=\"montalegre\" \/>\n<meta name=\"twitter:card\" content=\"summary_large_image\" \/>\n<meta name=\"twitter:label1\" content=\"Escrito por\" \/>\n\t<meta name=\"twitter:data1\" content=\"montalegre\" \/>\n\t<meta name=\"twitter:label2\" content=\"Tiempo de lectura\" \/>\n\t<meta name=\"twitter:data2\" content=\"3 minutos\" \/>\n<script type=\"application\/ld+json\" class=\"yoast-schema-graph\">{\"@context\":\"https:\/\/schema.org\",\"@graph\":[{\"@type\":\"Article\",\"@id\":\"https:\/\/www.montalegre.org\/es\/2014\/01\/terminar-bien-comenzar-con-confianza\/#article\",\"isPartOf\":{\"@id\":\"https:\/\/www.montalegre.org\/es\/2014\/01\/terminar-bien-comenzar-con-confianza\/\"},\"author\":{\"name\":\"montalegre\",\"@id\":\"https:\/\/www.montalegre.org\/es\/#\/schema\/person\/fa12d4cf3a3f1735a9176b4fafd6a633\"},\"headline\":\"Terminar bien, comenzar con confianza.\",\"datePublished\":\"2014-01-01T00:02:43+00:00\",\"mainEntityOfPage\":{\"@id\":\"https:\/\/www.montalegre.org\/es\/2014\/01\/terminar-bien-comenzar-con-confianza\/\"},\"wordCount\":555,\"commentCount\":0,\"image\":{\"@id\":\"https:\/\/www.montalegre.org\/es\/2014\/01\/terminar-bien-comenzar-con-confianza\/#primaryimage\"},\"thumbnailUrl\":\"http:\/\/www.montalegre.org\/wp-content\/uploads\/2014\/01\/reloj1.jpg\",\"articleSection\":[\"Editorial\"],\"inLanguage\":\"es\",\"potentialAction\":[{\"@type\":\"CommentAction\",\"name\":\"Comment\",\"target\":[\"https:\/\/www.montalegre.org\/es\/2014\/01\/terminar-bien-comenzar-con-confianza\/#respond\"]}]},{\"@type\":\"WebPage\",\"@id\":\"https:\/\/www.montalegre.org\/es\/2014\/01\/terminar-bien-comenzar-con-confianza\/\",\"url\":\"https:\/\/www.montalegre.org\/es\/2014\/01\/terminar-bien-comenzar-con-confianza\/\",\"name\":\"Terminar bien, comenzar con confianza. - Montalegre\",\"isPartOf\":{\"@id\":\"https:\/\/www.montalegre.org\/es\/#website\"},\"primaryImageOfPage\":{\"@id\":\"https:\/\/www.montalegre.org\/es\/2014\/01\/terminar-bien-comenzar-con-confianza\/#primaryimage\"},\"image\":{\"@id\":\"https:\/\/www.montalegre.org\/es\/2014\/01\/terminar-bien-comenzar-con-confianza\/#primaryimage\"},\"thumbnailUrl\":\"http:\/\/www.montalegre.org\/wp-content\/uploads\/2014\/01\/reloj1.jpg\",\"datePublished\":\"2014-01-01T00:02:43+00:00\",\"author\":{\"@id\":\"https:\/\/www.montalegre.org\/es\/#\/schema\/person\/fa12d4cf3a3f1735a9176b4fafd6a633\"},\"breadcrumb\":{\"@id\":\"https:\/\/www.montalegre.org\/es\/2014\/01\/terminar-bien-comenzar-con-confianza\/#breadcrumb\"},\"inLanguage\":\"es\",\"potentialAction\":[{\"@type\":\"ReadAction\",\"target\":[\"https:\/\/www.montalegre.org\/es\/2014\/01\/terminar-bien-comenzar-con-confianza\/\"]}]},{\"@type\":\"ImageObject\",\"inLanguage\":\"es\",\"@id\":\"https:\/\/www.montalegre.org\/es\/2014\/01\/terminar-bien-comenzar-con-confianza\/#primaryimage\",\"url\":\"http:\/\/www.montalegre.org\/wp-content\/uploads\/2014\/01\/reloj1.jpg\",\"contentUrl\":\"http:\/\/www.montalegre.org\/wp-content\/uploads\/2014\/01\/reloj1.jpg\"},{\"@type\":\"BreadcrumbList\",\"@id\":\"https:\/\/www.montalegre.org\/es\/2014\/01\/terminar-bien-comenzar-con-confianza\/#breadcrumb\",\"itemListElement\":[{\"@type\":\"ListItem\",\"position\":1,\"name\":\"Portada\",\"item\":\"https:\/\/www.montalegre.org\/es\/\"},{\"@type\":\"ListItem\",\"position\":2,\"name\":\"Terminar bien, comenzar con confianza.\"}]},{\"@type\":\"WebSite\",\"@id\":\"https:\/\/www.montalegre.org\/es\/#website\",\"url\":\"https:\/\/www.montalegre.org\/es\/\",\"name\":\"Montalegre\",\"description\":\"\",\"potentialAction\":[{\"@type\":\"SearchAction\",\"target\":{\"@type\":\"EntryPoint\",\"urlTemplate\":\"https:\/\/www.montalegre.org\/es\/?s={search_term_string}\"},\"query-input\":{\"@type\":\"PropertyValueSpecification\",\"valueRequired\":true,\"valueName\":\"search_term_string\"}}],\"inLanguage\":\"es\"},{\"@type\":\"Person\",\"@id\":\"https:\/\/www.montalegre.org\/es\/#\/schema\/person\/fa12d4cf3a3f1735a9176b4fafd6a633\",\"name\":\"montalegre\",\"image\":{\"@type\":\"ImageObject\",\"inLanguage\":\"es\",\"@id\":\"https:\/\/www.montalegre.org\/es\/#\/schema\/person\/image\/\",\"url\":\"https:\/\/secure.gravatar.com\/avatar\/fe6d886cf5081e723c666dceda1f12d4f39070fa2ed4e79695edc3ca355c9b5a?s=96&d=mm&r=g\",\"contentUrl\":\"https:\/\/secure.gravatar.com\/avatar\/fe6d886cf5081e723c666dceda1f12d4f39070fa2ed4e79695edc3ca355c9b5a?s=96&d=mm&r=g\",\"caption\":\"montalegre\"},\"url\":\"https:\/\/www.montalegre.org\/es\/author\/montalegre\/\"}]}<\/script>\n<!-- \/ Yoast SEO plugin. -->","yoast_head_json":{"title":"Terminar bien, comenzar con confianza. - Montalegre","robots":{"index":"index","follow":"follow","max-snippet":"max-snippet:-1","max-image-preview":"max-image-preview:large","max-video-preview":"max-video-preview:-1"},"canonical":"https:\/\/www.montalegre.org\/es\/2014\/01\/terminar-bien-comenzar-con-confianza\/","og_locale":"es_ES","og_type":"article","og_title":"Terminar bien, comenzar con confianza. - Montalegre","og_description":"Se ha dicho muchas\u00a0 veces que terminar un a\u00f1o es como cerrar un cap\u00edtulo del libro de nuestras vidas. La imagen de la vida de las personas como un libro la encontramos en el el Apocalipsis de San Juan. En ese libro del Nuevo Testamento se habla de que en el Juicio final se leer\u00e1 [&hellip;]","og_url":"https:\/\/www.montalegre.org\/es\/2014\/01\/terminar-bien-comenzar-con-confianza\/","og_site_name":"Montalegre","article_published_time":"2014-01-01T00:02:43+00:00","og_image":[{"url":"http:\/\/www.montalegre.org\/wp-content\/uploads\/2014\/01\/reloj1.jpg","type":"","width":"","height":""}],"author":"montalegre","twitter_card":"summary_large_image","twitter_misc":{"Escrito por":"montalegre","Tiempo de lectura":"3 minutos"},"schema":{"@context":"https:\/\/schema.org","@graph":[{"@type":"Article","@id":"https:\/\/www.montalegre.org\/es\/2014\/01\/terminar-bien-comenzar-con-confianza\/#article","isPartOf":{"@id":"https:\/\/www.montalegre.org\/es\/2014\/01\/terminar-bien-comenzar-con-confianza\/"},"author":{"name":"montalegre","@id":"https:\/\/www.montalegre.org\/es\/#\/schema\/person\/fa12d4cf3a3f1735a9176b4fafd6a633"},"headline":"Terminar bien, comenzar con confianza.","datePublished":"2014-01-01T00:02:43+00:00","mainEntityOfPage":{"@id":"https:\/\/www.montalegre.org\/es\/2014\/01\/terminar-bien-comenzar-con-confianza\/"},"wordCount":555,"commentCount":0,"image":{"@id":"https:\/\/www.montalegre.org\/es\/2014\/01\/terminar-bien-comenzar-con-confianza\/#primaryimage"},"thumbnailUrl":"http:\/\/www.montalegre.org\/wp-content\/uploads\/2014\/01\/reloj1.jpg","articleSection":["Editorial"],"inLanguage":"es","potentialAction":[{"@type":"CommentAction","name":"Comment","target":["https:\/\/www.montalegre.org\/es\/2014\/01\/terminar-bien-comenzar-con-confianza\/#respond"]}]},{"@type":"WebPage","@id":"https:\/\/www.montalegre.org\/es\/2014\/01\/terminar-bien-comenzar-con-confianza\/","url":"https:\/\/www.montalegre.org\/es\/2014\/01\/terminar-bien-comenzar-con-confianza\/","name":"Terminar bien, comenzar con confianza. - Montalegre","isPartOf":{"@id":"https:\/\/www.montalegre.org\/es\/#website"},"primaryImageOfPage":{"@id":"https:\/\/www.montalegre.org\/es\/2014\/01\/terminar-bien-comenzar-con-confianza\/#primaryimage"},"image":{"@id":"https:\/\/www.montalegre.org\/es\/2014\/01\/terminar-bien-comenzar-con-confianza\/#primaryimage"},"thumbnailUrl":"http:\/\/www.montalegre.org\/wp-content\/uploads\/2014\/01\/reloj1.jpg","datePublished":"2014-01-01T00:02:43+00:00","author":{"@id":"https:\/\/www.montalegre.org\/es\/#\/schema\/person\/fa12d4cf3a3f1735a9176b4fafd6a633"},"breadcrumb":{"@id":"https:\/\/www.montalegre.org\/es\/2014\/01\/terminar-bien-comenzar-con-confianza\/#breadcrumb"},"inLanguage":"es","potentialAction":[{"@type":"ReadAction","target":["https:\/\/www.montalegre.org\/es\/2014\/01\/terminar-bien-comenzar-con-confianza\/"]}]},{"@type":"ImageObject","inLanguage":"es","@id":"https:\/\/www.montalegre.org\/es\/2014\/01\/terminar-bien-comenzar-con-confianza\/#primaryimage","url":"http:\/\/www.montalegre.org\/wp-content\/uploads\/2014\/01\/reloj1.jpg","contentUrl":"http:\/\/www.montalegre.org\/wp-content\/uploads\/2014\/01\/reloj1.jpg"},{"@type":"BreadcrumbList","@id":"https:\/\/www.montalegre.org\/es\/2014\/01\/terminar-bien-comenzar-con-confianza\/#breadcrumb","itemListElement":[{"@type":"ListItem","position":1,"name":"Portada","item":"https:\/\/www.montalegre.org\/es\/"},{"@type":"ListItem","position":2,"name":"Terminar bien, comenzar con confianza."}]},{"@type":"WebSite","@id":"https:\/\/www.montalegre.org\/es\/#website","url":"https:\/\/www.montalegre.org\/es\/","name":"Montalegre","description":"","potentialAction":[{"@type":"SearchAction","target":{"@type":"EntryPoint","urlTemplate":"https:\/\/www.montalegre.org\/es\/?s={search_term_string}"},"query-input":{"@type":"PropertyValueSpecification","valueRequired":true,"valueName":"search_term_string"}}],"inLanguage":"es"},{"@type":"Person","@id":"https:\/\/www.montalegre.org\/es\/#\/schema\/person\/fa12d4cf3a3f1735a9176b4fafd6a633","name":"montalegre","image":{"@type":"ImageObject","inLanguage":"es","@id":"https:\/\/www.montalegre.org\/es\/#\/schema\/person\/image\/","url":"https:\/\/secure.gravatar.com\/avatar\/fe6d886cf5081e723c666dceda1f12d4f39070fa2ed4e79695edc3ca355c9b5a?s=96&d=mm&r=g","contentUrl":"https:\/\/secure.gravatar.com\/avatar\/fe6d886cf5081e723c666dceda1f12d4f39070fa2ed4e79695edc3ca355c9b5a?s=96&d=mm&r=g","caption":"montalegre"},"url":"https:\/\/www.montalegre.org\/es\/author\/montalegre\/"}]}},"_links":{"self":[{"href":"https:\/\/www.montalegre.org\/es\/wp-json\/wp\/v2\/posts\/7548","targetHints":{"allow":["GET"]}}],"collection":[{"href":"https:\/\/www.montalegre.org\/es\/wp-json\/wp\/v2\/posts"}],"about":[{"href":"https:\/\/www.montalegre.org\/es\/wp-json\/wp\/v2\/types\/post"}],"author":[{"embeddable":true,"href":"https:\/\/www.montalegre.org\/es\/wp-json\/wp\/v2\/users\/4"}],"replies":[{"embeddable":true,"href":"https:\/\/www.montalegre.org\/es\/wp-json\/wp\/v2\/comments?post=7548"}],"version-history":[{"count":4,"href":"https:\/\/www.montalegre.org\/es\/wp-json\/wp\/v2\/posts\/7548\/revisions"}],"predecessor-version":[{"id":7558,"href":"https:\/\/www.montalegre.org\/es\/wp-json\/wp\/v2\/posts\/7548\/revisions\/7558"}],"wp:attachment":[{"href":"https:\/\/www.montalegre.org\/es\/wp-json\/wp\/v2\/media?parent=7548"}],"wp:term":[{"taxonomy":"category","embeddable":true,"href":"https:\/\/www.montalegre.org\/es\/wp-json\/wp\/v2\/categories?post=7548"},{"taxonomy":"post_tag","embeddable":true,"href":"https:\/\/www.montalegre.org\/es\/wp-json\/wp\/v2\/tags?post=7548"}],"curies":[{"name":"wp","href":"https:\/\/api.w.org\/{rel}","templated":true}]}}