{"id":7314,"date":"2013-11-25T21:31:11","date_gmt":"2013-11-25T21:31:11","guid":{"rendered":"http:\/\/www.montalegre.org\/?p=7314"},"modified":"2013-11-25T21:31:14","modified_gmt":"2013-11-25T21:31:14","slug":"las-cuentas-del-arzobispado","status":"publish","type":"post","link":"https:\/\/www.montalegre.org\/es\/2013\/11\/las-cuentas-del-arzobispado\/","title":{"rendered":"Las cuentas del Arzobispado"},"content":{"rendered":"<p>El 14 de noviembre de 2013, el Arzobispado de Barcelona present\u00f3 el\u00a0estado de sus cuentas de 2012, * acto en el <a href=\"http:\/\/www.montalegre.org\/2013\/11\/els-comptes-de-l%e2%80%99arquebisbat\/fotonoticia_20131114160003_500\/\" rel=\"attachment wp-att-7311\"><img loading=\"lazy\" decoding=\"async\" class=\"alignright size-medium wp-image-7311\" title=\"fotonoticia_20131114160003_500\" src=\"http:\/\/www.montalegre.org\/wp-content\/uploads\/2013\/11\/fotonoticia_20131114160003_500-300x225.jpg\" alt=\"\" width=\"300\" height=\"225\" \/><\/a>que han participado Mn. Antoni Matabosch, delegado diocesano de Asuntos Econ\u00f3micos; la Sra. Carme Obiol, jefa de contabilidad en funciones; Mn. Ramon Batlle, jefe de personal, y Mn. Ramon Oll\u00e9, delegado de medios de comunicaci\u00f3n.<\/p>\n<p>El a\u00f1o 2012 se cerr\u00f3 con casi 3,5 millones de euros en donativos y legados, un 59% m\u00e1s que el ejercicio anterior (2,1 millones). Este es el dato m\u00e1s destacado de la rendici\u00f3n de cuentas del Arzobispado de Barcelona. Gracias a los donativos y legados, los ingresos han sido mayores que los gastos y se ha conseguido un super\u00e1vit de 8.594 euros. &#8220;Estos donativos son los que hicieron que no tuvi\u00e9ramos d\u00e9ficit en 2012&#8221;, ha afirmado Mn. Antoni Matabosch.<\/p>\n<p><strong>Balance de ingresos y gastos<\/strong><\/p>\n<p>Los beneficios, sin embargo, han ca\u00eddo un 44% respecto al 2011, ejercicio en el que se consiguieron 15.243 euros. Esto se ha dado debido al descenso en la aportaci\u00f3n de los fieles, de la bajada de la ayuda p\u00fablica (en m\u00e1s de 200.000 euros) y de la ca\u00edda de la aportaci\u00f3n de la Conferencia Episcopal Espa\u00f1ola (que tambi\u00e9n ha descendido en 200.000 euros). Pero tambi\u00e9n porque han aumentado los gastos por el aumento de los servicios sociales y las ayudas parroquiales y porque se conceden m\u00e1s aportaciones sociales. Esto ha supuesto 800.000 euros de m\u00e1s en gastos respecto al a\u00f1o anterior, que contrarrestan los ingresos obtenidos por los donativos y legados.<\/p>\n<p>&#8220;El beneficio es inferior pero equilibrado, por la contenci\u00f3n del gasto&#8221; ha explicado la Sra. Carmen Obiol, jefe de contabilidad en funciones, quien ha apuntado que todas las cuentas han sido validadas por una auditor\u00eda externa &#8220;como muestra de la transparencia del Arzobispado&#8221;.<\/p>\n<p><strong>Austeridad<\/strong><\/p>\n<p>&#8220;El acento del 2012 ha sido la crisis econ\u00f3mica y su repercusi\u00f3n negativa sobre las finanzas diocesanas&#8221; ha comenzando diciendo Mn. Matabosch, delegado diocesano de Asuntos Econ\u00f3micos. &#8220;Los presupuestos de 2012 son muy austeros. Los curas llevan tres a\u00f1os con el sueldo congelado y, durante los \u00faltimos a\u00f1os, estamos haciendo equilibrios para no tener d\u00e9ficit&#8221; a\u00f1adi\u00f3 Mn. Matabosch, quien vaticina que &#8220;no cerraremos el 2013 con d\u00e9ficit&#8221;.<\/p>\n<p>Para aumentar los ingresos, el Arzobispado propone dos soluciones: &#8220;Nos queda el camino de buscar gente con dinero que haga donaciones o el hacer que el patrimonio que tenemos rinda, pero claro, estamos en un momento de crisis inmobiliaria y esto se debe tener en cuenta&#8221;, indic\u00f3 el delegado de Asuntos Econ\u00f3micos.<\/p>\n<p><strong>Reparto de la CEE<\/strong><\/p>\n<p>La aportaci\u00f3n de la Conferencia Episcopal Espa\u00f1ola ha sido de aproximadamente 5,6 millones de euros, mientras que en 2011 fue de casi 5,8 millones. La repartici\u00f3n de este dinero se lleva a cabo en funci\u00f3n del n\u00famero de sacerdotes que tiene cada di\u00f3cesis. &#8220;No puede ser que recibamos dinero de la CEE por el n\u00famero de curas pero que paguemos seg\u00fan habitante, ya que el Arzobispado de Barcelona da, por cada habitante de Barcelona, sea creyente o no, 0,30 euros. El m\u00e9todo de reparto debe cambiar&#8221;, ha subrayado Mn. Matabosch.<\/p>\n<p>* Not\u00edcia extra\u00edda de la web del Arzobispado de Barcelona<\/p>\n<p>Servicios Informativos Montalegre<\/p>\n","protected":false},"excerpt":{"rendered":"<p>El 14 de noviembre de 2013, el Arzobispado de Barcelona present\u00f3 el\u00a0estado de sus cuentas de 2012, * acto en el que han participado Mn. Antoni Matabosch, delegado diocesano de Asuntos Econ\u00f3micos; la Sra. Carme Obiol, jefa de contabilidad en funciones; Mn. Ramon Batlle, jefe de personal, y Mn. Ramon Oll\u00e9, delegado de medios de [&hellip;]<\/p>\n","protected":false},"author":4,"featured_media":0,"comment_status":"open","ping_status":"open","sticky":false,"template":"","format":"standard","meta":{"footnotes":""},"categories":[31],"tags":[],"class_list":["post-7314","post","type-post","status-publish","format-standard","hentry","category-actualidad"],"yoast_head":"<!-- This site is optimized with the Yoast SEO plugin v27.1.1 - https:\/\/yoast.com\/product\/yoast-seo-wordpress\/ -->\n<title>Las cuentas del Arzobispado - Montalegre<\/title>\n<meta name=\"robots\" content=\"index, follow, max-snippet:-1, max-image-preview:large, max-video-preview:-1\" \/>\n<link rel=\"canonical\" href=\"https:\/\/www.montalegre.org\/es\/2013\/11\/las-cuentas-del-arzobispado\/\" \/>\n<meta property=\"og:locale\" content=\"es_ES\" \/>\n<meta property=\"og:type\" content=\"article\" \/>\n<meta property=\"og:title\" content=\"Las cuentas del Arzobispado - Montalegre\" \/>\n<meta property=\"og:description\" content=\"El 14 de noviembre de 2013, el Arzobispado de Barcelona present\u00f3 el\u00a0estado de sus cuentas de 2012, * acto en el que han participado Mn. Antoni Matabosch, delegado diocesano de Asuntos Econ\u00f3micos; la Sra. Carme Obiol, jefa de contabilidad en funciones; Mn. Ramon Batlle, jefe de personal, y Mn. Ramon Oll\u00e9, delegado de medios de [&hellip;]\" \/>\n<meta property=\"og:url\" content=\"https:\/\/www.montalegre.org\/es\/2013\/11\/las-cuentas-del-arzobispado\/\" \/>\n<meta property=\"og:site_name\" content=\"Montalegre\" \/>\n<meta property=\"article:published_time\" content=\"2013-11-25T21:31:11+00:00\" \/>\n<meta property=\"article:modified_time\" content=\"2013-11-25T21:31:14+00:00\" \/>\n<meta property=\"og:image\" content=\"http:\/\/www.montalegre.org\/wp-content\/uploads\/2013\/11\/fotonoticia_20131114160003_500-300x225.jpg\" \/>\n<meta name=\"author\" content=\"montalegre\" \/>\n<meta name=\"twitter:card\" content=\"summary_large_image\" \/>\n<meta name=\"twitter:label1\" content=\"Escrito por\" \/>\n\t<meta name=\"twitter:data1\" content=\"montalegre\" \/>\n\t<meta name=\"twitter:label2\" content=\"Tiempo de lectura\" \/>\n\t<meta name=\"twitter:data2\" content=\"3 minutos\" \/>\n<script type=\"application\/ld+json\" class=\"yoast-schema-graph\">{\"@context\":\"https:\/\/schema.org\",\"@graph\":[{\"@type\":\"Article\",\"@id\":\"https:\/\/www.montalegre.org\/es\/2013\/11\/las-cuentas-del-arzobispado\/#article\",\"isPartOf\":{\"@id\":\"https:\/\/www.montalegre.org\/es\/2013\/11\/las-cuentas-del-arzobispado\/\"},\"author\":{\"name\":\"montalegre\",\"@id\":\"https:\/\/www.montalegre.org\/es\/#\/schema\/person\/fa12d4cf3a3f1735a9176b4fafd6a633\"},\"headline\":\"Las cuentas del Arzobispado\",\"datePublished\":\"2013-11-25T21:31:11+00:00\",\"dateModified\":\"2013-11-25T21:31:14+00:00\",\"mainEntityOfPage\":{\"@id\":\"https:\/\/www.montalegre.org\/es\/2013\/11\/las-cuentas-del-arzobispado\/\"},\"wordCount\":545,\"commentCount\":0,\"image\":{\"@id\":\"https:\/\/www.montalegre.org\/es\/2013\/11\/las-cuentas-del-arzobispado\/#primaryimage\"},\"thumbnailUrl\":\"http:\/\/www.montalegre.org\/wp-content\/uploads\/2013\/11\/fotonoticia_20131114160003_500-300x225.jpg\",\"articleSection\":[\"Actualidad\"],\"inLanguage\":\"es\",\"potentialAction\":[{\"@type\":\"CommentAction\",\"name\":\"Comment\",\"target\":[\"https:\/\/www.montalegre.org\/es\/2013\/11\/las-cuentas-del-arzobispado\/#respond\"]}]},{\"@type\":\"WebPage\",\"@id\":\"https:\/\/www.montalegre.org\/es\/2013\/11\/las-cuentas-del-arzobispado\/\",\"url\":\"https:\/\/www.montalegre.org\/es\/2013\/11\/las-cuentas-del-arzobispado\/\",\"name\":\"Las cuentas del Arzobispado - Montalegre\",\"isPartOf\":{\"@id\":\"https:\/\/www.montalegre.org\/es\/#website\"},\"primaryImageOfPage\":{\"@id\":\"https:\/\/www.montalegre.org\/es\/2013\/11\/las-cuentas-del-arzobispado\/#primaryimage\"},\"image\":{\"@id\":\"https:\/\/www.montalegre.org\/es\/2013\/11\/las-cuentas-del-arzobispado\/#primaryimage\"},\"thumbnailUrl\":\"http:\/\/www.montalegre.org\/wp-content\/uploads\/2013\/11\/fotonoticia_20131114160003_500-300x225.jpg\",\"datePublished\":\"2013-11-25T21:31:11+00:00\",\"dateModified\":\"2013-11-25T21:31:14+00:00\",\"author\":{\"@id\":\"https:\/\/www.montalegre.org\/es\/#\/schema\/person\/fa12d4cf3a3f1735a9176b4fafd6a633\"},\"breadcrumb\":{\"@id\":\"https:\/\/www.montalegre.org\/es\/2013\/11\/las-cuentas-del-arzobispado\/#breadcrumb\"},\"inLanguage\":\"es\",\"potentialAction\":[{\"@type\":\"ReadAction\",\"target\":[\"https:\/\/www.montalegre.org\/es\/2013\/11\/las-cuentas-del-arzobispado\/\"]}]},{\"@type\":\"ImageObject\",\"inLanguage\":\"es\",\"@id\":\"https:\/\/www.montalegre.org\/es\/2013\/11\/las-cuentas-del-arzobispado\/#primaryimage\",\"url\":\"http:\/\/www.montalegre.org\/wp-content\/uploads\/2013\/11\/fotonoticia_20131114160003_500-300x225.jpg\",\"contentUrl\":\"http:\/\/www.montalegre.org\/wp-content\/uploads\/2013\/11\/fotonoticia_20131114160003_500-300x225.jpg\"},{\"@type\":\"BreadcrumbList\",\"@id\":\"https:\/\/www.montalegre.org\/es\/2013\/11\/las-cuentas-del-arzobispado\/#breadcrumb\",\"itemListElement\":[{\"@type\":\"ListItem\",\"position\":1,\"name\":\"Portada\",\"item\":\"https:\/\/www.montalegre.org\/es\/\"},{\"@type\":\"ListItem\",\"position\":2,\"name\":\"Las cuentas del Arzobispado\"}]},{\"@type\":\"WebSite\",\"@id\":\"https:\/\/www.montalegre.org\/es\/#website\",\"url\":\"https:\/\/www.montalegre.org\/es\/\",\"name\":\"Montalegre\",\"description\":\"\",\"potentialAction\":[{\"@type\":\"SearchAction\",\"target\":{\"@type\":\"EntryPoint\",\"urlTemplate\":\"https:\/\/www.montalegre.org\/es\/?s={search_term_string}\"},\"query-input\":{\"@type\":\"PropertyValueSpecification\",\"valueRequired\":true,\"valueName\":\"search_term_string\"}}],\"inLanguage\":\"es\"},{\"@type\":\"Person\",\"@id\":\"https:\/\/www.montalegre.org\/es\/#\/schema\/person\/fa12d4cf3a3f1735a9176b4fafd6a633\",\"name\":\"montalegre\",\"image\":{\"@type\":\"ImageObject\",\"inLanguage\":\"es\",\"@id\":\"https:\/\/www.montalegre.org\/es\/#\/schema\/person\/image\/\",\"url\":\"https:\/\/secure.gravatar.com\/avatar\/fe6d886cf5081e723c666dceda1f12d4f39070fa2ed4e79695edc3ca355c9b5a?s=96&d=mm&r=g\",\"contentUrl\":\"https:\/\/secure.gravatar.com\/avatar\/fe6d886cf5081e723c666dceda1f12d4f39070fa2ed4e79695edc3ca355c9b5a?s=96&d=mm&r=g\",\"caption\":\"montalegre\"},\"url\":\"https:\/\/www.montalegre.org\/es\/author\/montalegre\/\"}]}<\/script>\n<!-- \/ Yoast SEO plugin. -->","yoast_head_json":{"title":"Las cuentas del Arzobispado - Montalegre","robots":{"index":"index","follow":"follow","max-snippet":"max-snippet:-1","max-image-preview":"max-image-preview:large","max-video-preview":"max-video-preview:-1"},"canonical":"https:\/\/www.montalegre.org\/es\/2013\/11\/las-cuentas-del-arzobispado\/","og_locale":"es_ES","og_type":"article","og_title":"Las cuentas del Arzobispado - Montalegre","og_description":"El 14 de noviembre de 2013, el Arzobispado de Barcelona present\u00f3 el\u00a0estado de sus cuentas de 2012, * acto en el que han participado Mn. Antoni Matabosch, delegado diocesano de Asuntos Econ\u00f3micos; la Sra. Carme Obiol, jefa de contabilidad en funciones; Mn. Ramon Batlle, jefe de personal, y Mn. Ramon Oll\u00e9, delegado de medios de [&hellip;]","og_url":"https:\/\/www.montalegre.org\/es\/2013\/11\/las-cuentas-del-arzobispado\/","og_site_name":"Montalegre","article_published_time":"2013-11-25T21:31:11+00:00","article_modified_time":"2013-11-25T21:31:14+00:00","og_image":[{"url":"http:\/\/www.montalegre.org\/wp-content\/uploads\/2013\/11\/fotonoticia_20131114160003_500-300x225.jpg","type":"","width":"","height":""}],"author":"montalegre","twitter_card":"summary_large_image","twitter_misc":{"Escrito por":"montalegre","Tiempo de lectura":"3 minutos"},"schema":{"@context":"https:\/\/schema.org","@graph":[{"@type":"Article","@id":"https:\/\/www.montalegre.org\/es\/2013\/11\/las-cuentas-del-arzobispado\/#article","isPartOf":{"@id":"https:\/\/www.montalegre.org\/es\/2013\/11\/las-cuentas-del-arzobispado\/"},"author":{"name":"montalegre","@id":"https:\/\/www.montalegre.org\/es\/#\/schema\/person\/fa12d4cf3a3f1735a9176b4fafd6a633"},"headline":"Las cuentas del Arzobispado","datePublished":"2013-11-25T21:31:11+00:00","dateModified":"2013-11-25T21:31:14+00:00","mainEntityOfPage":{"@id":"https:\/\/www.montalegre.org\/es\/2013\/11\/las-cuentas-del-arzobispado\/"},"wordCount":545,"commentCount":0,"image":{"@id":"https:\/\/www.montalegre.org\/es\/2013\/11\/las-cuentas-del-arzobispado\/#primaryimage"},"thumbnailUrl":"http:\/\/www.montalegre.org\/wp-content\/uploads\/2013\/11\/fotonoticia_20131114160003_500-300x225.jpg","articleSection":["Actualidad"],"inLanguage":"es","potentialAction":[{"@type":"CommentAction","name":"Comment","target":["https:\/\/www.montalegre.org\/es\/2013\/11\/las-cuentas-del-arzobispado\/#respond"]}]},{"@type":"WebPage","@id":"https:\/\/www.montalegre.org\/es\/2013\/11\/las-cuentas-del-arzobispado\/","url":"https:\/\/www.montalegre.org\/es\/2013\/11\/las-cuentas-del-arzobispado\/","name":"Las cuentas del Arzobispado - Montalegre","isPartOf":{"@id":"https:\/\/www.montalegre.org\/es\/#website"},"primaryImageOfPage":{"@id":"https:\/\/www.montalegre.org\/es\/2013\/11\/las-cuentas-del-arzobispado\/#primaryimage"},"image":{"@id":"https:\/\/www.montalegre.org\/es\/2013\/11\/las-cuentas-del-arzobispado\/#primaryimage"},"thumbnailUrl":"http:\/\/www.montalegre.org\/wp-content\/uploads\/2013\/11\/fotonoticia_20131114160003_500-300x225.jpg","datePublished":"2013-11-25T21:31:11+00:00","dateModified":"2013-11-25T21:31:14+00:00","author":{"@id":"https:\/\/www.montalegre.org\/es\/#\/schema\/person\/fa12d4cf3a3f1735a9176b4fafd6a633"},"breadcrumb":{"@id":"https:\/\/www.montalegre.org\/es\/2013\/11\/las-cuentas-del-arzobispado\/#breadcrumb"},"inLanguage":"es","potentialAction":[{"@type":"ReadAction","target":["https:\/\/www.montalegre.org\/es\/2013\/11\/las-cuentas-del-arzobispado\/"]}]},{"@type":"ImageObject","inLanguage":"es","@id":"https:\/\/www.montalegre.org\/es\/2013\/11\/las-cuentas-del-arzobispado\/#primaryimage","url":"http:\/\/www.montalegre.org\/wp-content\/uploads\/2013\/11\/fotonoticia_20131114160003_500-300x225.jpg","contentUrl":"http:\/\/www.montalegre.org\/wp-content\/uploads\/2013\/11\/fotonoticia_20131114160003_500-300x225.jpg"},{"@type":"BreadcrumbList","@id":"https:\/\/www.montalegre.org\/es\/2013\/11\/las-cuentas-del-arzobispado\/#breadcrumb","itemListElement":[{"@type":"ListItem","position":1,"name":"Portada","item":"https:\/\/www.montalegre.org\/es\/"},{"@type":"ListItem","position":2,"name":"Las cuentas del Arzobispado"}]},{"@type":"WebSite","@id":"https:\/\/www.montalegre.org\/es\/#website","url":"https:\/\/www.montalegre.org\/es\/","name":"Montalegre","description":"","potentialAction":[{"@type":"SearchAction","target":{"@type":"EntryPoint","urlTemplate":"https:\/\/www.montalegre.org\/es\/?s={search_term_string}"},"query-input":{"@type":"PropertyValueSpecification","valueRequired":true,"valueName":"search_term_string"}}],"inLanguage":"es"},{"@type":"Person","@id":"https:\/\/www.montalegre.org\/es\/#\/schema\/person\/fa12d4cf3a3f1735a9176b4fafd6a633","name":"montalegre","image":{"@type":"ImageObject","inLanguage":"es","@id":"https:\/\/www.montalegre.org\/es\/#\/schema\/person\/image\/","url":"https:\/\/secure.gravatar.com\/avatar\/fe6d886cf5081e723c666dceda1f12d4f39070fa2ed4e79695edc3ca355c9b5a?s=96&d=mm&r=g","contentUrl":"https:\/\/secure.gravatar.com\/avatar\/fe6d886cf5081e723c666dceda1f12d4f39070fa2ed4e79695edc3ca355c9b5a?s=96&d=mm&r=g","caption":"montalegre"},"url":"https:\/\/www.montalegre.org\/es\/author\/montalegre\/"}]}},"_links":{"self":[{"href":"https:\/\/www.montalegre.org\/es\/wp-json\/wp\/v2\/posts\/7314","targetHints":{"allow":["GET"]}}],"collection":[{"href":"https:\/\/www.montalegre.org\/es\/wp-json\/wp\/v2\/posts"}],"about":[{"href":"https:\/\/www.montalegre.org\/es\/wp-json\/wp\/v2\/types\/post"}],"author":[{"embeddable":true,"href":"https:\/\/www.montalegre.org\/es\/wp-json\/wp\/v2\/users\/4"}],"replies":[{"embeddable":true,"href":"https:\/\/www.montalegre.org\/es\/wp-json\/wp\/v2\/comments?post=7314"}],"version-history":[{"count":3,"href":"https:\/\/www.montalegre.org\/es\/wp-json\/wp\/v2\/posts\/7314\/revisions"}],"predecessor-version":[{"id":7317,"href":"https:\/\/www.montalegre.org\/es\/wp-json\/wp\/v2\/posts\/7314\/revisions\/7317"}],"wp:attachment":[{"href":"https:\/\/www.montalegre.org\/es\/wp-json\/wp\/v2\/media?parent=7314"}],"wp:term":[{"taxonomy":"category","embeddable":true,"href":"https:\/\/www.montalegre.org\/es\/wp-json\/wp\/v2\/categories?post=7314"},{"taxonomy":"post_tag","embeddable":true,"href":"https:\/\/www.montalegre.org\/es\/wp-json\/wp\/v2\/tags?post=7314"}],"curies":[{"name":"wp","href":"https:\/\/api.w.org\/{rel}","templated":true}]}}