{"id":6914,"date":"2013-08-05T20:23:05","date_gmt":"2013-08-05T20:23:05","guid":{"rendered":"http:\/\/www.montalegre.org\/?p=6914"},"modified":"2013-08-05T20:30:11","modified_gmt":"2013-08-05T20:30:11","slug":"tres-santos-contemporaneos","status":"publish","type":"post","link":"https:\/\/www.montalegre.org\/es\/2013\/08\/tres-santos-contemporaneos\/","title":{"rendered":"Santos contempor\u00e1neos"},"content":{"rendered":"<p>Juan Pablo II, Juan XXII y Mons. \u00c1lvaro del Portillo camino de los altares<\/p>\n<p>Art\u00edculo de la Revista <em>Temes d\u2019Avui<\/em><\/p>\n<p>En la ma\u00f1ana del 5 de julio de 2013 la sala de prensa del Vaticano ha facilitado el siguiente comunicado que por su inter\u00e9s reproducimos \u00edntegramente<\/p>\n<p><em><strong><a href=\"http:\/\/www.montalegre.org\/2013\/08\/tres-sants-del-segle-xx\/beat_joanpauii-_del_portill\/\" rel=\"attachment wp-att-6910\"><img loading=\"lazy\" decoding=\"async\" class=\"alignleft size-medium wp-image-6910\" title=\"Beat_JoanPauII-_Del_Portill\" src=\"http:\/\/www.montalegre.org\/wp-content\/uploads\/2013\/08\/Beat_JoanPauII-_Del_Portill-300x248.jpg\" alt=\"\" width=\"300\" height=\"248\" \/><\/a>Ciudad del Vaticano, 5 julio 2013<\/strong> (VIS).-El Santo Padre ha recibido esta ma\u00f1ana en audiencia al cardenal Angelo Amato, S.D.B., prefecto de la Congregaci\u00f3n para las Causas de los Santos. En el transcurso de la misma, el Papa ha autorizado a la Congregaci\u00f3n a promulgar los siguientes decretos concernientes a:<\/em><\/p>\n<p><em><strong>MILAGROS<\/strong><\/em><\/p>\n<p><em>-Un milagro atribuido a la intercesi\u00f3n del\u00a0Beato Juan Pablo II,\u00a0polaco, (en el siglo Karol J\u00f3zef Wojtyla) Sumo Pont\u00edfice (1920-2005)<\/em><br \/>\n<em>-Un milagro atribuido a la intercesi\u00f3n del Venerable Siervo de Dios\u00a0Alvaro del Portillo y Diez de Sollano, espa\u00f1ol, obispo y prelado de la Prelatura Personal de la Santa Cruz y del Opus Dei, (1914-1994)<\/em><br \/>\n<em>-Un milagro atribuido a la intercesi\u00f3n de la Venerable Sierva de Dios Esperanza de Jes\u00fas (en el siglo Mar\u00eda Josefa Alhama Valera), espa\u00f1ola, Fundadora de las Congregaciones de las Siervas del Amor Misericordioso y de los Hijos del Amor Misericordioso (1893 -1983)<\/em><\/p>\n<p><em><strong>MARTIRIO<\/strong><\/em><\/p>\n<p><em>-Siervo de Dios Jos\u00e9 Guardiet y Pujol, espa\u00f1ol, sacerdote diocesano; nacido en 1879 asesinado por odio a la fe en Espa\u00f1a il 3 agosto 1936;<\/em><br \/>\n<em>-Siervos de Dios Mauricio \u00cd\u00f1iguez de Heredia, espa\u00f1ol y 23 compa\u00f1eros de la Orden Hospitalaria di San Juan de Dios; asesinados por odio a la fe en Espa\u00f1a entre 1936 y 1937.<\/em><br \/>\n<em>-Siervos de Dios Fortunato Velasco Tobar, espa\u00f1ol y 13 compa\u00f1eros, de la Congregaci\u00f3n de la Misi\u00f3n;asesinados por odio a la fe en Espa\u00f1a entre 1934 y 1936;<\/em><br \/>\n<em>-Siervas de Dios Maria Asunci\u00f3n (en el siglo: Juliana Gonz\u00e1lez Trujillano) y 2 compa\u00f1eras, espa\u00f1olas; religiosas profesas de la Congregaci\u00f3n de las Hermanas Franciscanas Misioneras de la Madre del Divino Pastor; asesinadas por odio a la fe en Espa\u00f1a nel 1936.<\/em><\/p>\n<p><em><strong>VIRTUDES HEROICAS<a href=\"http:\/\/www.montalegre.org\/2013\/08\/tres-sants-del-segle-xx\/beat_juanxxiii_pw\/\" rel=\"attachment wp-att-6911\"><img loading=\"lazy\" decoding=\"async\" class=\"alignright size-medium wp-image-6911\" title=\"beat_JuanXXIII_pw\" src=\"http:\/\/www.montalegre.org\/wp-content\/uploads\/2013\/08\/beat_JuanXXIII_pw-233x300.jpg\" alt=\"\" width=\"233\" height=\"300\" \/><\/a><\/strong><\/em><\/p>\n<p><em>-Siervo de Dios Nicola D&#8217;Onofrio, italiano, cl\u00e9rigo profeso de la Orden de los Cl\u00e9rigos Regulares Ministros de los Enfermos (Camilianos ), (1943 -1964).<\/em><br \/>\n<em>-Siervo de Dios Bernard Philippe, franc\u00e9s, (en el siglo Jean Fromental Cayroche), Hermano profeso del Instituto de las Escuelas Cristianas, Fundador de las Hermanas Guadalupanas de La Salle, (1895-1978).<\/em><br \/>\n<em>-Sierva de Dios Maria Isabel da Sant\u00edssima Trinidade, portuguesa, (en el siglo: Maria Isabel Pic\u00e3o Caldeira viuda de Carneiro), Fundadora de la Congregaci\u00f3n de las Hermanas Concepcionistas (1889 -1962).<\/em><br \/>\n<em>-Sierva de Dios Maria del Carmen Rendiles Mart\u00ednez, venezolana, Fundadora de las Siervas de Jes\u00fas de Venezuela; (1903-1977)<\/em><br \/>\n<em>-Siervo de Dios Giuseppe Lazzati, italiano, laico consagrado; (1909-1986).<\/em><\/p>\n<p><em>El Sumo Pont\u00edfice ha aprobado igualmente los votos favorables de la sesi\u00f3n ordinaria de los padres cardenales y obispos acerca de la canonizaci\u00f3n del beato Juan XXIII (Angelo Giuseppe Roncalli) y ha decidido convocar un consistorio que se ocupar\u00e1 tambi\u00e9n de la canonizaci\u00f3n del beato Juan Pablo II (Karol J\u00f3zef Wojtyla).<\/em><\/p>\n","protected":false},"excerpt":{"rendered":"<p>Juan Pablo II, Juan XXII y Mons. \u00c1lvaro del Portillo camino de los altares Art\u00edculo de la Revista Temes d\u2019Avui En la ma\u00f1ana del 5 de julio de 2013 la sala de prensa del Vaticano ha facilitado el siguiente comunicado que por su inter\u00e9s reproducimos \u00edntegramente Ciudad del Vaticano, 5 julio 2013 (VIS).-El Santo Padre [&hellip;]<\/p>\n","protected":false},"author":4,"featured_media":0,"comment_status":"open","ping_status":"open","sticky":false,"template":"","format":"standard","meta":{"footnotes":""},"categories":[31],"tags":[],"class_list":["post-6914","post","type-post","status-publish","format-standard","hentry","category-actualidad"],"yoast_head":"<!-- This site is optimized with the Yoast SEO plugin v27.1.1 - https:\/\/yoast.com\/product\/yoast-seo-wordpress\/ -->\n<title>Santos contempor\u00e1neos - Montalegre<\/title>\n<meta name=\"robots\" content=\"index, follow, max-snippet:-1, max-image-preview:large, max-video-preview:-1\" \/>\n<link rel=\"canonical\" href=\"https:\/\/www.montalegre.org\/es\/2013\/08\/tres-santos-contemporaneos\/\" \/>\n<meta property=\"og:locale\" content=\"es_ES\" \/>\n<meta property=\"og:type\" content=\"article\" \/>\n<meta property=\"og:title\" content=\"Santos contempor\u00e1neos - Montalegre\" \/>\n<meta property=\"og:description\" content=\"Juan Pablo II, Juan XXII y Mons. \u00c1lvaro del Portillo camino de los altares Art\u00edculo de la Revista Temes d\u2019Avui En la ma\u00f1ana del 5 de julio de 2013 la sala de prensa del Vaticano ha facilitado el siguiente comunicado que por su inter\u00e9s reproducimos \u00edntegramente Ciudad del Vaticano, 5 julio 2013 (VIS).-El Santo Padre [&hellip;]\" \/>\n<meta property=\"og:url\" content=\"https:\/\/www.montalegre.org\/es\/2013\/08\/tres-santos-contemporaneos\/\" \/>\n<meta property=\"og:site_name\" content=\"Montalegre\" \/>\n<meta property=\"article:published_time\" content=\"2013-08-05T20:23:05+00:00\" \/>\n<meta property=\"article:modified_time\" content=\"2013-08-05T20:30:11+00:00\" \/>\n<meta property=\"og:image\" content=\"http:\/\/www.montalegre.org\/wp-content\/uploads\/2013\/08\/Beat_JoanPauII-_Del_Portill-300x248.jpg\" \/>\n<meta name=\"author\" content=\"montalegre\" \/>\n<meta name=\"twitter:card\" content=\"summary_large_image\" \/>\n<meta name=\"twitter:label1\" content=\"Escrito por\" \/>\n\t<meta name=\"twitter:data1\" content=\"montalegre\" \/>\n\t<meta name=\"twitter:label2\" content=\"Tiempo de lectura\" \/>\n\t<meta name=\"twitter:data2\" content=\"3 minutos\" \/>\n<script type=\"application\/ld+json\" class=\"yoast-schema-graph\">{\"@context\":\"https:\/\/schema.org\",\"@graph\":[{\"@type\":\"Article\",\"@id\":\"https:\/\/www.montalegre.org\/es\/2013\/08\/tres-santos-contemporaneos\/#article\",\"isPartOf\":{\"@id\":\"https:\/\/www.montalegre.org\/es\/2013\/08\/tres-santos-contemporaneos\/\"},\"author\":{\"name\":\"montalegre\",\"@id\":\"https:\/\/www.montalegre.org\/es\/#\/schema\/person\/fa12d4cf3a3f1735a9176b4fafd6a633\"},\"headline\":\"Santos contempor\u00e1neos\",\"datePublished\":\"2013-08-05T20:23:05+00:00\",\"dateModified\":\"2013-08-05T20:30:11+00:00\",\"mainEntityOfPage\":{\"@id\":\"https:\/\/www.montalegre.org\/es\/2013\/08\/tres-santos-contemporaneos\/\"},\"wordCount\":516,\"commentCount\":0,\"image\":{\"@id\":\"https:\/\/www.montalegre.org\/es\/2013\/08\/tres-santos-contemporaneos\/#primaryimage\"},\"thumbnailUrl\":\"http:\/\/www.montalegre.org\/wp-content\/uploads\/2013\/08\/Beat_JoanPauII-_Del_Portill-300x248.jpg\",\"articleSection\":[\"Actualidad\"],\"inLanguage\":\"es\",\"potentialAction\":[{\"@type\":\"CommentAction\",\"name\":\"Comment\",\"target\":[\"https:\/\/www.montalegre.org\/es\/2013\/08\/tres-santos-contemporaneos\/#respond\"]}]},{\"@type\":\"WebPage\",\"@id\":\"https:\/\/www.montalegre.org\/es\/2013\/08\/tres-santos-contemporaneos\/\",\"url\":\"https:\/\/www.montalegre.org\/es\/2013\/08\/tres-santos-contemporaneos\/\",\"name\":\"Santos contempor\u00e1neos - Montalegre\",\"isPartOf\":{\"@id\":\"https:\/\/www.montalegre.org\/es\/#website\"},\"primaryImageOfPage\":{\"@id\":\"https:\/\/www.montalegre.org\/es\/2013\/08\/tres-santos-contemporaneos\/#primaryimage\"},\"image\":{\"@id\":\"https:\/\/www.montalegre.org\/es\/2013\/08\/tres-santos-contemporaneos\/#primaryimage\"},\"thumbnailUrl\":\"http:\/\/www.montalegre.org\/wp-content\/uploads\/2013\/08\/Beat_JoanPauII-_Del_Portill-300x248.jpg\",\"datePublished\":\"2013-08-05T20:23:05+00:00\",\"dateModified\":\"2013-08-05T20:30:11+00:00\",\"author\":{\"@id\":\"https:\/\/www.montalegre.org\/es\/#\/schema\/person\/fa12d4cf3a3f1735a9176b4fafd6a633\"},\"breadcrumb\":{\"@id\":\"https:\/\/www.montalegre.org\/es\/2013\/08\/tres-santos-contemporaneos\/#breadcrumb\"},\"inLanguage\":\"es\",\"potentialAction\":[{\"@type\":\"ReadAction\",\"target\":[\"https:\/\/www.montalegre.org\/es\/2013\/08\/tres-santos-contemporaneos\/\"]}]},{\"@type\":\"ImageObject\",\"inLanguage\":\"es\",\"@id\":\"https:\/\/www.montalegre.org\/es\/2013\/08\/tres-santos-contemporaneos\/#primaryimage\",\"url\":\"http:\/\/www.montalegre.org\/wp-content\/uploads\/2013\/08\/Beat_JoanPauII-_Del_Portill-300x248.jpg\",\"contentUrl\":\"http:\/\/www.montalegre.org\/wp-content\/uploads\/2013\/08\/Beat_JoanPauII-_Del_Portill-300x248.jpg\"},{\"@type\":\"BreadcrumbList\",\"@id\":\"https:\/\/www.montalegre.org\/es\/2013\/08\/tres-santos-contemporaneos\/#breadcrumb\",\"itemListElement\":[{\"@type\":\"ListItem\",\"position\":1,\"name\":\"Portada\",\"item\":\"https:\/\/www.montalegre.org\/es\/\"},{\"@type\":\"ListItem\",\"position\":2,\"name\":\"Santos contempor\u00e1neos\"}]},{\"@type\":\"WebSite\",\"@id\":\"https:\/\/www.montalegre.org\/es\/#website\",\"url\":\"https:\/\/www.montalegre.org\/es\/\",\"name\":\"Montalegre\",\"description\":\"\",\"potentialAction\":[{\"@type\":\"SearchAction\",\"target\":{\"@type\":\"EntryPoint\",\"urlTemplate\":\"https:\/\/www.montalegre.org\/es\/?s={search_term_string}\"},\"query-input\":{\"@type\":\"PropertyValueSpecification\",\"valueRequired\":true,\"valueName\":\"search_term_string\"}}],\"inLanguage\":\"es\"},{\"@type\":\"Person\",\"@id\":\"https:\/\/www.montalegre.org\/es\/#\/schema\/person\/fa12d4cf3a3f1735a9176b4fafd6a633\",\"name\":\"montalegre\",\"image\":{\"@type\":\"ImageObject\",\"inLanguage\":\"es\",\"@id\":\"https:\/\/www.montalegre.org\/es\/#\/schema\/person\/image\/\",\"url\":\"https:\/\/secure.gravatar.com\/avatar\/fe6d886cf5081e723c666dceda1f12d4f39070fa2ed4e79695edc3ca355c9b5a?s=96&d=mm&r=g\",\"contentUrl\":\"https:\/\/secure.gravatar.com\/avatar\/fe6d886cf5081e723c666dceda1f12d4f39070fa2ed4e79695edc3ca355c9b5a?s=96&d=mm&r=g\",\"caption\":\"montalegre\"},\"url\":\"https:\/\/www.montalegre.org\/es\/author\/montalegre\/\"}]}<\/script>\n<!-- \/ Yoast SEO plugin. -->","yoast_head_json":{"title":"Santos contempor\u00e1neos - Montalegre","robots":{"index":"index","follow":"follow","max-snippet":"max-snippet:-1","max-image-preview":"max-image-preview:large","max-video-preview":"max-video-preview:-1"},"canonical":"https:\/\/www.montalegre.org\/es\/2013\/08\/tres-santos-contemporaneos\/","og_locale":"es_ES","og_type":"article","og_title":"Santos contempor\u00e1neos - Montalegre","og_description":"Juan Pablo II, Juan XXII y Mons. \u00c1lvaro del Portillo camino de los altares Art\u00edculo de la Revista Temes d\u2019Avui En la ma\u00f1ana del 5 de julio de 2013 la sala de prensa del Vaticano ha facilitado el siguiente comunicado que por su inter\u00e9s reproducimos \u00edntegramente Ciudad del Vaticano, 5 julio 2013 (VIS).-El Santo Padre [&hellip;]","og_url":"https:\/\/www.montalegre.org\/es\/2013\/08\/tres-santos-contemporaneos\/","og_site_name":"Montalegre","article_published_time":"2013-08-05T20:23:05+00:00","article_modified_time":"2013-08-05T20:30:11+00:00","og_image":[{"url":"http:\/\/www.montalegre.org\/wp-content\/uploads\/2013\/08\/Beat_JoanPauII-_Del_Portill-300x248.jpg","type":"","width":"","height":""}],"author":"montalegre","twitter_card":"summary_large_image","twitter_misc":{"Escrito por":"montalegre","Tiempo de lectura":"3 minutos"},"schema":{"@context":"https:\/\/schema.org","@graph":[{"@type":"Article","@id":"https:\/\/www.montalegre.org\/es\/2013\/08\/tres-santos-contemporaneos\/#article","isPartOf":{"@id":"https:\/\/www.montalegre.org\/es\/2013\/08\/tres-santos-contemporaneos\/"},"author":{"name":"montalegre","@id":"https:\/\/www.montalegre.org\/es\/#\/schema\/person\/fa12d4cf3a3f1735a9176b4fafd6a633"},"headline":"Santos contempor\u00e1neos","datePublished":"2013-08-05T20:23:05+00:00","dateModified":"2013-08-05T20:30:11+00:00","mainEntityOfPage":{"@id":"https:\/\/www.montalegre.org\/es\/2013\/08\/tres-santos-contemporaneos\/"},"wordCount":516,"commentCount":0,"image":{"@id":"https:\/\/www.montalegre.org\/es\/2013\/08\/tres-santos-contemporaneos\/#primaryimage"},"thumbnailUrl":"http:\/\/www.montalegre.org\/wp-content\/uploads\/2013\/08\/Beat_JoanPauII-_Del_Portill-300x248.jpg","articleSection":["Actualidad"],"inLanguage":"es","potentialAction":[{"@type":"CommentAction","name":"Comment","target":["https:\/\/www.montalegre.org\/es\/2013\/08\/tres-santos-contemporaneos\/#respond"]}]},{"@type":"WebPage","@id":"https:\/\/www.montalegre.org\/es\/2013\/08\/tres-santos-contemporaneos\/","url":"https:\/\/www.montalegre.org\/es\/2013\/08\/tres-santos-contemporaneos\/","name":"Santos contempor\u00e1neos - Montalegre","isPartOf":{"@id":"https:\/\/www.montalegre.org\/es\/#website"},"primaryImageOfPage":{"@id":"https:\/\/www.montalegre.org\/es\/2013\/08\/tres-santos-contemporaneos\/#primaryimage"},"image":{"@id":"https:\/\/www.montalegre.org\/es\/2013\/08\/tres-santos-contemporaneos\/#primaryimage"},"thumbnailUrl":"http:\/\/www.montalegre.org\/wp-content\/uploads\/2013\/08\/Beat_JoanPauII-_Del_Portill-300x248.jpg","datePublished":"2013-08-05T20:23:05+00:00","dateModified":"2013-08-05T20:30:11+00:00","author":{"@id":"https:\/\/www.montalegre.org\/es\/#\/schema\/person\/fa12d4cf3a3f1735a9176b4fafd6a633"},"breadcrumb":{"@id":"https:\/\/www.montalegre.org\/es\/2013\/08\/tres-santos-contemporaneos\/#breadcrumb"},"inLanguage":"es","potentialAction":[{"@type":"ReadAction","target":["https:\/\/www.montalegre.org\/es\/2013\/08\/tres-santos-contemporaneos\/"]}]},{"@type":"ImageObject","inLanguage":"es","@id":"https:\/\/www.montalegre.org\/es\/2013\/08\/tres-santos-contemporaneos\/#primaryimage","url":"http:\/\/www.montalegre.org\/wp-content\/uploads\/2013\/08\/Beat_JoanPauII-_Del_Portill-300x248.jpg","contentUrl":"http:\/\/www.montalegre.org\/wp-content\/uploads\/2013\/08\/Beat_JoanPauII-_Del_Portill-300x248.jpg"},{"@type":"BreadcrumbList","@id":"https:\/\/www.montalegre.org\/es\/2013\/08\/tres-santos-contemporaneos\/#breadcrumb","itemListElement":[{"@type":"ListItem","position":1,"name":"Portada","item":"https:\/\/www.montalegre.org\/es\/"},{"@type":"ListItem","position":2,"name":"Santos contempor\u00e1neos"}]},{"@type":"WebSite","@id":"https:\/\/www.montalegre.org\/es\/#website","url":"https:\/\/www.montalegre.org\/es\/","name":"Montalegre","description":"","potentialAction":[{"@type":"SearchAction","target":{"@type":"EntryPoint","urlTemplate":"https:\/\/www.montalegre.org\/es\/?s={search_term_string}"},"query-input":{"@type":"PropertyValueSpecification","valueRequired":true,"valueName":"search_term_string"}}],"inLanguage":"es"},{"@type":"Person","@id":"https:\/\/www.montalegre.org\/es\/#\/schema\/person\/fa12d4cf3a3f1735a9176b4fafd6a633","name":"montalegre","image":{"@type":"ImageObject","inLanguage":"es","@id":"https:\/\/www.montalegre.org\/es\/#\/schema\/person\/image\/","url":"https:\/\/secure.gravatar.com\/avatar\/fe6d886cf5081e723c666dceda1f12d4f39070fa2ed4e79695edc3ca355c9b5a?s=96&d=mm&r=g","contentUrl":"https:\/\/secure.gravatar.com\/avatar\/fe6d886cf5081e723c666dceda1f12d4f39070fa2ed4e79695edc3ca355c9b5a?s=96&d=mm&r=g","caption":"montalegre"},"url":"https:\/\/www.montalegre.org\/es\/author\/montalegre\/"}]}},"_links":{"self":[{"href":"https:\/\/www.montalegre.org\/es\/wp-json\/wp\/v2\/posts\/6914","targetHints":{"allow":["GET"]}}],"collection":[{"href":"https:\/\/www.montalegre.org\/es\/wp-json\/wp\/v2\/posts"}],"about":[{"href":"https:\/\/www.montalegre.org\/es\/wp-json\/wp\/v2\/types\/post"}],"author":[{"embeddable":true,"href":"https:\/\/www.montalegre.org\/es\/wp-json\/wp\/v2\/users\/4"}],"replies":[{"embeddable":true,"href":"https:\/\/www.montalegre.org\/es\/wp-json\/wp\/v2\/comments?post=6914"}],"version-history":[{"count":6,"href":"https:\/\/www.montalegre.org\/es\/wp-json\/wp\/v2\/posts\/6914\/revisions"}],"predecessor-version":[{"id":6925,"href":"https:\/\/www.montalegre.org\/es\/wp-json\/wp\/v2\/posts\/6914\/revisions\/6925"}],"wp:attachment":[{"href":"https:\/\/www.montalegre.org\/es\/wp-json\/wp\/v2\/media?parent=6914"}],"wp:term":[{"taxonomy":"category","embeddable":true,"href":"https:\/\/www.montalegre.org\/es\/wp-json\/wp\/v2\/categories?post=6914"},{"taxonomy":"post_tag","embeddable":true,"href":"https:\/\/www.montalegre.org\/es\/wp-json\/wp\/v2\/tags?post=6914"}],"curies":[{"name":"wp","href":"https:\/\/api.w.org\/{rel}","templated":true}]}}