{"id":6597,"date":"2013-05-30T20:57:04","date_gmt":"2013-05-30T20:57:04","guid":{"rendered":"http:\/\/www.montalegre.org\/?p=6597"},"modified":"2013-05-31T19:18:20","modified_gmt":"2013-05-31T19:18:20","slug":"sobre-jose-maria-hernandez-garnica-roturando-los-caminos-3","status":"publish","type":"post","link":"https:\/\/www.montalegre.org\/es\/2013\/05\/sobre-jose-maria-hernandez-garnica-roturando-los-caminos-3\/","title":{"rendered":"Sobre Jos\u00e9 Mar\u00eda Hern\u00e1ndez Garnica, Roturando los Caminos"},"content":{"rendered":"<p><a href=\"http:\/\/www.montalegre.org\/es\/2013\/05\/sobre-jose-maria-hernandez-garnica-roturando-los-caminos-3\/img_9228\/\" rel=\"attachment wp-att-6601\"><img loading=\"lazy\" decoding=\"async\" class=\"alignleft size-medium wp-image-6601\" title=\"IMG_9228\" src=\"http:\/\/www.montalegre.org\/wp-content\/uploads\/2013\/05\/IMG_9228-300x225.jpg\" alt=\"\" width=\"300\" height=\"225\" \/><\/a>Una vez m\u00e1s el Dr. Jos\u00e9 Carlos Mart\u00edn de la Hoz, postulador de la causa de canonizaci\u00f3n de D. Jos\u00e9 Mar\u00eda Hern\u00e1ndez Garnica, ha presentado un nuevo libro sobre el perfil biogr\u00e1fico del Siervo de Dios. <strong>\u201cRoturando los caminos<\/strong>\u201d es un texto m\u00e1s amplio que los dos primeros. Ha surgido del estudio y la elaboraci\u00f3n de la <em>positio<\/em> de la causa de canonizaci\u00f3n que ya se envi\u00f3 a Roma con un montante de 15000 folios. Actualmente la causa se encuentra en la fase de elaborar el resumen de la <em>positio <\/em>que ha de tener un m\u00e1ximo de 250 folios y en el que ha de contener la biograf\u00eda y el c\u00f3mo vivi\u00f3 y armoniz\u00f3 las virtudes.<\/p>\n<p>En la presentaci\u00f3n del acto, el rector de la Iglesia de Santa Maria de Montalegre, Mn. Francesc Perarnau, explic\u00f3 que desde hace cinco a\u00f1os se ha promovido una comisi\u00f3n de trabajo, se ha difundido la devoci\u00f3n privada por medio de la venta de los dos libros que se editaron anteriormente y la distribuci\u00f3n de las hojas informativas; tambi\u00e9n la proyecci\u00f3n del video sobre D. Jos\u00e9 Mar\u00eda Hern\u00e1ndez Garnica y la celebraci\u00f3n de una misa. Sin lugar a dudas el traslado de sus restos mortales el 11 de noviembre de 2011 a la iglesia marc\u00f3 un hito en la devoci\u00f3n privada. A su vez anunci\u00f3 que en este a\u00f1o se celebrar\u00e1 el Centenario, pues D. Jos\u00e9 Mar\u00eda Hern\u00e1ndez Garnica naci\u00f3 el 17 de noviembre de 1913.<\/p>\n<p>El postulador refiri\u00f3 una larga semblanza biogr\u00e1fica llena de declaraciones de personas que conocieron al Siervo de Dios, haciendo hincapi\u00e9 que fue siempre un fiel a la Obra y a Nuestro Padre, siendo como \u00e9l maestro y gu\u00eda\u00a0 de santos. Tuvo una especial dedicaci\u00f3n a las mujeres que con gran psicolog\u00eda les ense\u00f1aba el camino de santidad en el Opus Dei, pues sab\u00eda estar en las cosas de los dem\u00e1s con gran amor y habilidad. Cont\u00f3 el Dr. Mart\u00edn que D. Jos\u00e9 <a href=\"http:\/\/www.montalegre.org\/es\/2013\/05\/sobre-jose-maria-hernandez-garnica-roturando-los-caminos-3\/img_9211\/\" rel=\"attachment wp-att-6602\"><img loading=\"lazy\" decoding=\"async\" class=\"alignright size-medium wp-image-6602\" title=\"IMG_9211\" src=\"http:\/\/www.montalegre.org\/wp-content\/uploads\/2013\/05\/IMG_9211-300x225.jpg\" alt=\"\" width=\"300\" height=\"225\" \/><\/a>Mar\u00eda le dec\u00eda a Nuestro Padre que se enfadaba mucho, pues era un hombre de car\u00e1cter fuerte pero san Josemaria le dec\u00eda que debido a su car\u00e1cter tendr\u00eda que luchar m\u00e1s, y le servir\u00eda\u00a0 para defender, como a \u00e9l le hab\u00edan ense\u00f1ado, el esp\u00edritu de la Obra. Los apuntes biogr\u00e1ficos los explic\u00f3 con citas de personas que lo conocieron destacando de \u00e9l algo que repet\u00eda a menudo: <em>Hasta que te des cuenta que no eres nada, no har\u00e1s algo.<\/em><\/p>\n<p>Gracias al animado coloquio nos hizo descubrir el conferenciante favores y an\u00e9cdotas de la vida del Siervo de Dios, el cual hab\u00eda conocido a D. \u00c1lvaro del Portillo desde que eran peque\u00f1os, jugaban en la calle, fueron al mismo colegio, y coincidieron en el mismo examen para Ingeniero de Minas. Finalmente se reencontraron en la residencia de DYA.<\/p>\n<p><a href=\"http:\/\/www.montalegre.org\/es\/2013\/05\/sobre-jose-maria-hernandez-garnica-roturando-los-caminos-3\/img_9205\/\" rel=\"attachment wp-att-6603\"><img loading=\"lazy\" decoding=\"async\" class=\"alignleft size-medium wp-image-6603\" title=\"IMG_9205\" src=\"http:\/\/www.montalegre.org\/wp-content\/uploads\/2013\/05\/IMG_9205-300x225.jpg\" alt=\"\" width=\"300\" height=\"225\" \/><\/a>El postulador nos recomend\u00f3 rezar y pedir favores \u2026. pues \u201cpasan cosas\u201d. Y cuanto m\u00e1s pidamos m\u00e1s se nos dar\u00e1 porque los santos son eternamente agradecidos.<\/p>\n<p><span style=\"text-decoration: underline;\">Informaci\u00f3n adicional<\/span><\/p>\n<p>Nueva cuenta en el Twitter para estar bien informado:<strong> @JMHGarnica<\/strong><\/p>\n<p>Isabel Hern\u00e1ndez Esteban<\/p>\n","protected":false},"excerpt":{"rendered":"<p>Una vez m\u00e1s el Dr. Jos\u00e9 Carlos Mart\u00edn de la Hoz, postulador de la causa de canonizaci\u00f3n de D. Jos\u00e9 Mar\u00eda Hern\u00e1ndez Garnica, ha presentado un nuevo libro sobre el perfil biogr\u00e1fico del Siervo de Dios. \u201cRoturando los caminos\u201d es un texto m\u00e1s amplio que los dos primeros. Ha surgido del estudio y la elaboraci\u00f3n [&hellip;]<\/p>\n","protected":false},"author":4,"featured_media":0,"comment_status":"open","ping_status":"open","sticky":false,"template":"","format":"standard","meta":{"footnotes":""},"categories":[1],"tags":[],"class_list":["post-6597","post","type-post","status-publish","format-standard","hentry","category-noticias-de-montalegre"],"yoast_head":"<!-- This site is optimized with the Yoast SEO plugin v27.1.1 - https:\/\/yoast.com\/product\/yoast-seo-wordpress\/ -->\n<title>Sobre Jos\u00e9 Mar\u00eda Hern\u00e1ndez Garnica, Roturando los Caminos - Montalegre<\/title>\n<meta name=\"robots\" content=\"index, follow, max-snippet:-1, max-image-preview:large, max-video-preview:-1\" \/>\n<link rel=\"canonical\" href=\"https:\/\/www.montalegre.org\/es\/2013\/05\/sobre-jose-maria-hernandez-garnica-roturando-los-caminos-3\/\" \/>\n<meta property=\"og:locale\" content=\"es_ES\" \/>\n<meta property=\"og:type\" content=\"article\" \/>\n<meta property=\"og:title\" content=\"Sobre Jos\u00e9 Mar\u00eda Hern\u00e1ndez Garnica, Roturando los Caminos - Montalegre\" \/>\n<meta property=\"og:description\" content=\"Una vez m\u00e1s el Dr. Jos\u00e9 Carlos Mart\u00edn de la Hoz, postulador de la causa de canonizaci\u00f3n de D. Jos\u00e9 Mar\u00eda Hern\u00e1ndez Garnica, ha presentado un nuevo libro sobre el perfil biogr\u00e1fico del Siervo de Dios. \u201cRoturando los caminos\u201d es un texto m\u00e1s amplio que los dos primeros. Ha surgido del estudio y la elaboraci\u00f3n [&hellip;]\" \/>\n<meta property=\"og:url\" content=\"https:\/\/www.montalegre.org\/es\/2013\/05\/sobre-jose-maria-hernandez-garnica-roturando-los-caminos-3\/\" \/>\n<meta property=\"og:site_name\" content=\"Montalegre\" \/>\n<meta property=\"article:published_time\" content=\"2013-05-30T20:57:04+00:00\" \/>\n<meta property=\"article:modified_time\" content=\"2013-05-31T19:18:20+00:00\" \/>\n<meta property=\"og:image\" content=\"http:\/\/www.montalegre.org\/wp-content\/uploads\/2013\/05\/IMG_9228-300x225.jpg\" \/>\n<meta name=\"author\" content=\"montalegre\" \/>\n<meta name=\"twitter:card\" content=\"summary_large_image\" \/>\n<meta name=\"twitter:label1\" content=\"Escrito por\" \/>\n\t<meta name=\"twitter:data1\" content=\"montalegre\" \/>\n\t<meta name=\"twitter:label2\" content=\"Tiempo de lectura\" \/>\n\t<meta name=\"twitter:data2\" content=\"3 minutos\" \/>\n<script type=\"application\/ld+json\" class=\"yoast-schema-graph\">{\"@context\":\"https:\/\/schema.org\",\"@graph\":[{\"@type\":\"Article\",\"@id\":\"https:\/\/www.montalegre.org\/es\/2013\/05\/sobre-jose-maria-hernandez-garnica-roturando-los-caminos-3\/#article\",\"isPartOf\":{\"@id\":\"https:\/\/www.montalegre.org\/es\/2013\/05\/sobre-jose-maria-hernandez-garnica-roturando-los-caminos-3\/\"},\"author\":{\"name\":\"montalegre\",\"@id\":\"https:\/\/www.montalegre.org\/es\/#\/schema\/person\/fa12d4cf3a3f1735a9176b4fafd6a633\"},\"headline\":\"Sobre Jos\u00e9 Mar\u00eda Hern\u00e1ndez Garnica, Roturando los Caminos\",\"datePublished\":\"2013-05-30T20:57:04+00:00\",\"dateModified\":\"2013-05-31T19:18:20+00:00\",\"mainEntityOfPage\":{\"@id\":\"https:\/\/www.montalegre.org\/es\/2013\/05\/sobre-jose-maria-hernandez-garnica-roturando-los-caminos-3\/\"},\"wordCount\":559,\"commentCount\":1,\"image\":{\"@id\":\"https:\/\/www.montalegre.org\/es\/2013\/05\/sobre-jose-maria-hernandez-garnica-roturando-los-caminos-3\/#primaryimage\"},\"thumbnailUrl\":\"http:\/\/www.montalegre.org\/wp-content\/uploads\/2013\/05\/IMG_9228-300x225.jpg\",\"articleSection\":[\"Noticias de Montalegre\"],\"inLanguage\":\"es\",\"potentialAction\":[{\"@type\":\"CommentAction\",\"name\":\"Comment\",\"target\":[\"https:\/\/www.montalegre.org\/es\/2013\/05\/sobre-jose-maria-hernandez-garnica-roturando-los-caminos-3\/#respond\"]}]},{\"@type\":\"WebPage\",\"@id\":\"https:\/\/www.montalegre.org\/es\/2013\/05\/sobre-jose-maria-hernandez-garnica-roturando-los-caminos-3\/\",\"url\":\"https:\/\/www.montalegre.org\/es\/2013\/05\/sobre-jose-maria-hernandez-garnica-roturando-los-caminos-3\/\",\"name\":\"Sobre Jos\u00e9 Mar\u00eda Hern\u00e1ndez Garnica, Roturando los Caminos - Montalegre\",\"isPartOf\":{\"@id\":\"https:\/\/www.montalegre.org\/es\/#website\"},\"primaryImageOfPage\":{\"@id\":\"https:\/\/www.montalegre.org\/es\/2013\/05\/sobre-jose-maria-hernandez-garnica-roturando-los-caminos-3\/#primaryimage\"},\"image\":{\"@id\":\"https:\/\/www.montalegre.org\/es\/2013\/05\/sobre-jose-maria-hernandez-garnica-roturando-los-caminos-3\/#primaryimage\"},\"thumbnailUrl\":\"http:\/\/www.montalegre.org\/wp-content\/uploads\/2013\/05\/IMG_9228-300x225.jpg\",\"datePublished\":\"2013-05-30T20:57:04+00:00\",\"dateModified\":\"2013-05-31T19:18:20+00:00\",\"author\":{\"@id\":\"https:\/\/www.montalegre.org\/es\/#\/schema\/person\/fa12d4cf3a3f1735a9176b4fafd6a633\"},\"breadcrumb\":{\"@id\":\"https:\/\/www.montalegre.org\/es\/2013\/05\/sobre-jose-maria-hernandez-garnica-roturando-los-caminos-3\/#breadcrumb\"},\"inLanguage\":\"es\",\"potentialAction\":[{\"@type\":\"ReadAction\",\"target\":[\"https:\/\/www.montalegre.org\/es\/2013\/05\/sobre-jose-maria-hernandez-garnica-roturando-los-caminos-3\/\"]}]},{\"@type\":\"ImageObject\",\"inLanguage\":\"es\",\"@id\":\"https:\/\/www.montalegre.org\/es\/2013\/05\/sobre-jose-maria-hernandez-garnica-roturando-los-caminos-3\/#primaryimage\",\"url\":\"http:\/\/www.montalegre.org\/wp-content\/uploads\/2013\/05\/IMG_9228-300x225.jpg\",\"contentUrl\":\"http:\/\/www.montalegre.org\/wp-content\/uploads\/2013\/05\/IMG_9228-300x225.jpg\"},{\"@type\":\"BreadcrumbList\",\"@id\":\"https:\/\/www.montalegre.org\/es\/2013\/05\/sobre-jose-maria-hernandez-garnica-roturando-los-caminos-3\/#breadcrumb\",\"itemListElement\":[{\"@type\":\"ListItem\",\"position\":1,\"name\":\"Portada\",\"item\":\"https:\/\/www.montalegre.org\/es\/\"},{\"@type\":\"ListItem\",\"position\":2,\"name\":\"Sobre Jos\u00e9 Mar\u00eda Hern\u00e1ndez Garnica, Roturando los Caminos\"}]},{\"@type\":\"WebSite\",\"@id\":\"https:\/\/www.montalegre.org\/es\/#website\",\"url\":\"https:\/\/www.montalegre.org\/es\/\",\"name\":\"Montalegre\",\"description\":\"\",\"potentialAction\":[{\"@type\":\"SearchAction\",\"target\":{\"@type\":\"EntryPoint\",\"urlTemplate\":\"https:\/\/www.montalegre.org\/es\/?s={search_term_string}\"},\"query-input\":{\"@type\":\"PropertyValueSpecification\",\"valueRequired\":true,\"valueName\":\"search_term_string\"}}],\"inLanguage\":\"es\"},{\"@type\":\"Person\",\"@id\":\"https:\/\/www.montalegre.org\/es\/#\/schema\/person\/fa12d4cf3a3f1735a9176b4fafd6a633\",\"name\":\"montalegre\",\"image\":{\"@type\":\"ImageObject\",\"inLanguage\":\"es\",\"@id\":\"https:\/\/www.montalegre.org\/es\/#\/schema\/person\/image\/\",\"url\":\"https:\/\/secure.gravatar.com\/avatar\/fe6d886cf5081e723c666dceda1f12d4f39070fa2ed4e79695edc3ca355c9b5a?s=96&d=mm&r=g\",\"contentUrl\":\"https:\/\/secure.gravatar.com\/avatar\/fe6d886cf5081e723c666dceda1f12d4f39070fa2ed4e79695edc3ca355c9b5a?s=96&d=mm&r=g\",\"caption\":\"montalegre\"},\"url\":\"https:\/\/www.montalegre.org\/es\/author\/montalegre\/\"}]}<\/script>\n<!-- \/ Yoast SEO plugin. -->","yoast_head_json":{"title":"Sobre Jos\u00e9 Mar\u00eda Hern\u00e1ndez Garnica, Roturando los Caminos - Montalegre","robots":{"index":"index","follow":"follow","max-snippet":"max-snippet:-1","max-image-preview":"max-image-preview:large","max-video-preview":"max-video-preview:-1"},"canonical":"https:\/\/www.montalegre.org\/es\/2013\/05\/sobre-jose-maria-hernandez-garnica-roturando-los-caminos-3\/","og_locale":"es_ES","og_type":"article","og_title":"Sobre Jos\u00e9 Mar\u00eda Hern\u00e1ndez Garnica, Roturando los Caminos - Montalegre","og_description":"Una vez m\u00e1s el Dr. Jos\u00e9 Carlos Mart\u00edn de la Hoz, postulador de la causa de canonizaci\u00f3n de D. Jos\u00e9 Mar\u00eda Hern\u00e1ndez Garnica, ha presentado un nuevo libro sobre el perfil biogr\u00e1fico del Siervo de Dios. \u201cRoturando los caminos\u201d es un texto m\u00e1s amplio que los dos primeros. Ha surgido del estudio y la elaboraci\u00f3n [&hellip;]","og_url":"https:\/\/www.montalegre.org\/es\/2013\/05\/sobre-jose-maria-hernandez-garnica-roturando-los-caminos-3\/","og_site_name":"Montalegre","article_published_time":"2013-05-30T20:57:04+00:00","article_modified_time":"2013-05-31T19:18:20+00:00","og_image":[{"url":"http:\/\/www.montalegre.org\/wp-content\/uploads\/2013\/05\/IMG_9228-300x225.jpg","type":"","width":"","height":""}],"author":"montalegre","twitter_card":"summary_large_image","twitter_misc":{"Escrito por":"montalegre","Tiempo de lectura":"3 minutos"},"schema":{"@context":"https:\/\/schema.org","@graph":[{"@type":"Article","@id":"https:\/\/www.montalegre.org\/es\/2013\/05\/sobre-jose-maria-hernandez-garnica-roturando-los-caminos-3\/#article","isPartOf":{"@id":"https:\/\/www.montalegre.org\/es\/2013\/05\/sobre-jose-maria-hernandez-garnica-roturando-los-caminos-3\/"},"author":{"name":"montalegre","@id":"https:\/\/www.montalegre.org\/es\/#\/schema\/person\/fa12d4cf3a3f1735a9176b4fafd6a633"},"headline":"Sobre Jos\u00e9 Mar\u00eda Hern\u00e1ndez Garnica, Roturando los Caminos","datePublished":"2013-05-30T20:57:04+00:00","dateModified":"2013-05-31T19:18:20+00:00","mainEntityOfPage":{"@id":"https:\/\/www.montalegre.org\/es\/2013\/05\/sobre-jose-maria-hernandez-garnica-roturando-los-caminos-3\/"},"wordCount":559,"commentCount":1,"image":{"@id":"https:\/\/www.montalegre.org\/es\/2013\/05\/sobre-jose-maria-hernandez-garnica-roturando-los-caminos-3\/#primaryimage"},"thumbnailUrl":"http:\/\/www.montalegre.org\/wp-content\/uploads\/2013\/05\/IMG_9228-300x225.jpg","articleSection":["Noticias de Montalegre"],"inLanguage":"es","potentialAction":[{"@type":"CommentAction","name":"Comment","target":["https:\/\/www.montalegre.org\/es\/2013\/05\/sobre-jose-maria-hernandez-garnica-roturando-los-caminos-3\/#respond"]}]},{"@type":"WebPage","@id":"https:\/\/www.montalegre.org\/es\/2013\/05\/sobre-jose-maria-hernandez-garnica-roturando-los-caminos-3\/","url":"https:\/\/www.montalegre.org\/es\/2013\/05\/sobre-jose-maria-hernandez-garnica-roturando-los-caminos-3\/","name":"Sobre Jos\u00e9 Mar\u00eda Hern\u00e1ndez Garnica, Roturando los Caminos - Montalegre","isPartOf":{"@id":"https:\/\/www.montalegre.org\/es\/#website"},"primaryImageOfPage":{"@id":"https:\/\/www.montalegre.org\/es\/2013\/05\/sobre-jose-maria-hernandez-garnica-roturando-los-caminos-3\/#primaryimage"},"image":{"@id":"https:\/\/www.montalegre.org\/es\/2013\/05\/sobre-jose-maria-hernandez-garnica-roturando-los-caminos-3\/#primaryimage"},"thumbnailUrl":"http:\/\/www.montalegre.org\/wp-content\/uploads\/2013\/05\/IMG_9228-300x225.jpg","datePublished":"2013-05-30T20:57:04+00:00","dateModified":"2013-05-31T19:18:20+00:00","author":{"@id":"https:\/\/www.montalegre.org\/es\/#\/schema\/person\/fa12d4cf3a3f1735a9176b4fafd6a633"},"breadcrumb":{"@id":"https:\/\/www.montalegre.org\/es\/2013\/05\/sobre-jose-maria-hernandez-garnica-roturando-los-caminos-3\/#breadcrumb"},"inLanguage":"es","potentialAction":[{"@type":"ReadAction","target":["https:\/\/www.montalegre.org\/es\/2013\/05\/sobre-jose-maria-hernandez-garnica-roturando-los-caminos-3\/"]}]},{"@type":"ImageObject","inLanguage":"es","@id":"https:\/\/www.montalegre.org\/es\/2013\/05\/sobre-jose-maria-hernandez-garnica-roturando-los-caminos-3\/#primaryimage","url":"http:\/\/www.montalegre.org\/wp-content\/uploads\/2013\/05\/IMG_9228-300x225.jpg","contentUrl":"http:\/\/www.montalegre.org\/wp-content\/uploads\/2013\/05\/IMG_9228-300x225.jpg"},{"@type":"BreadcrumbList","@id":"https:\/\/www.montalegre.org\/es\/2013\/05\/sobre-jose-maria-hernandez-garnica-roturando-los-caminos-3\/#breadcrumb","itemListElement":[{"@type":"ListItem","position":1,"name":"Portada","item":"https:\/\/www.montalegre.org\/es\/"},{"@type":"ListItem","position":2,"name":"Sobre Jos\u00e9 Mar\u00eda Hern\u00e1ndez Garnica, Roturando los Caminos"}]},{"@type":"WebSite","@id":"https:\/\/www.montalegre.org\/es\/#website","url":"https:\/\/www.montalegre.org\/es\/","name":"Montalegre","description":"","potentialAction":[{"@type":"SearchAction","target":{"@type":"EntryPoint","urlTemplate":"https:\/\/www.montalegre.org\/es\/?s={search_term_string}"},"query-input":{"@type":"PropertyValueSpecification","valueRequired":true,"valueName":"search_term_string"}}],"inLanguage":"es"},{"@type":"Person","@id":"https:\/\/www.montalegre.org\/es\/#\/schema\/person\/fa12d4cf3a3f1735a9176b4fafd6a633","name":"montalegre","image":{"@type":"ImageObject","inLanguage":"es","@id":"https:\/\/www.montalegre.org\/es\/#\/schema\/person\/image\/","url":"https:\/\/secure.gravatar.com\/avatar\/fe6d886cf5081e723c666dceda1f12d4f39070fa2ed4e79695edc3ca355c9b5a?s=96&d=mm&r=g","contentUrl":"https:\/\/secure.gravatar.com\/avatar\/fe6d886cf5081e723c666dceda1f12d4f39070fa2ed4e79695edc3ca355c9b5a?s=96&d=mm&r=g","caption":"montalegre"},"url":"https:\/\/www.montalegre.org\/es\/author\/montalegre\/"}]}},"_links":{"self":[{"href":"https:\/\/www.montalegre.org\/es\/wp-json\/wp\/v2\/posts\/6597","targetHints":{"allow":["GET"]}}],"collection":[{"href":"https:\/\/www.montalegre.org\/es\/wp-json\/wp\/v2\/posts"}],"about":[{"href":"https:\/\/www.montalegre.org\/es\/wp-json\/wp\/v2\/types\/post"}],"author":[{"embeddable":true,"href":"https:\/\/www.montalegre.org\/es\/wp-json\/wp\/v2\/users\/4"}],"replies":[{"embeddable":true,"href":"https:\/\/www.montalegre.org\/es\/wp-json\/wp\/v2\/comments?post=6597"}],"version-history":[{"count":11,"href":"https:\/\/www.montalegre.org\/es\/wp-json\/wp\/v2\/posts\/6597\/revisions"}],"predecessor-version":[{"id":6632,"href":"https:\/\/www.montalegre.org\/es\/wp-json\/wp\/v2\/posts\/6597\/revisions\/6632"}],"wp:attachment":[{"href":"https:\/\/www.montalegre.org\/es\/wp-json\/wp\/v2\/media?parent=6597"}],"wp:term":[{"taxonomy":"category","embeddable":true,"href":"https:\/\/www.montalegre.org\/es\/wp-json\/wp\/v2\/categories?post=6597"},{"taxonomy":"post_tag","embeddable":true,"href":"https:\/\/www.montalegre.org\/es\/wp-json\/wp\/v2\/tags?post=6597"}],"curies":[{"name":"wp","href":"https:\/\/api.w.org\/{rel}","templated":true}]}}