{"id":6520,"date":"2013-05-23T19:05:16","date_gmt":"2013-05-23T19:05:16","guid":{"rendered":"http:\/\/www.montalegre.org\/?p=6520"},"modified":"2013-05-23T19:06:06","modified_gmt":"2013-05-23T19:06:06","slug":"mes-de-maria-2","status":"publish","type":"post","link":"https:\/\/www.montalegre.org\/es\/2013\/05\/mes-de-maria-2\/","title":{"rendered":"Mes de Mar\u00eda"},"content":{"rendered":"<p>&nbsp;<\/p>\n<p>Nos equivocar\u00edamos si pens\u00e1ramos que la devoci\u00f3n a Mar\u00eda es un estadio muy primario, casi\u00a0 infantil en la evoluci\u00f3n de la vida espiritual de la Iglesia o de la persona cristiana. Basta leer las palabras del cap\u00edtulo 8 de la Constituci\u00f3n Lumen Gentium del Concilio Vaticano II para darse cuenta de que Mar\u00eda ocupa un puesto preeminente dentro de la Iglesia y por consiguiente en la vida cristiana.<\/p>\n<p>Siempre ha estado muy presente en la vida de la Iglesia, pero a medida que la teolog\u00eda ha ido profundizando el papel de Mar\u00eda se ha ido comprendiendo mejor, y su figura haci\u00e9ndose m\u00e1s luminosa.<\/p>\n<p>Gracias a Mar\u00eda llegar\u00e1 el Redentor, porque ella es la Madre que nos lo trae al mundo, y tambi\u00e9n gracias a Ella la Redenci\u00f3n se extiende porque, por encargo de su divino Hijo, contin\u00faa ejerciendo la maternidad sobre la Iglesia fundada por \u00c9l. Nos dir\u00e1 el Concilio:<\/p>\n<p><em>LG 62. Esta maternidad de Mar\u00eda en la econom\u00eda de gracia perdura sin cesar desde el momento del asentimiento que prest\u00f3 fielmente en la Anunciaci\u00f3n, y que mantuvo sin vacilar al pie de la cruz hasta la consumaci\u00f3n perpetua de todos los elegidos. Pues, asunta a los cielos, no ha dejado esta misi\u00f3n salvadora, sino que con su m\u00faltiple intercesi\u00f3n contin\u00faa obteni\u00e9ndonos los dones de la salvaci\u00f3n eterna. Con su amor materno se cuida de los hermanos de su Hijo, que todav\u00eda peregrinan y hallan en peligros y ansiedad hasta que sean conducidos a la patria bienaventurada. Por este motivo, la Sant\u00edsima Virgen es invocada en la Iglesia con los t\u00edtulos de Abogada, Auxiliadora, Socorro, Mediadora. Lo cual, embargo, ha de entenderse de tal manera que no reste ni a\u00f1ada a la dignidad y eficacia de Cristo, \u00fanico Mediador. (&#8230;) La mediaci\u00f3n \u00fanica del Redentor no excluye, sino que suscita en las criaturas diversas clases de cooperaci\u00f3n, participada de la \u00fanica fuente.<\/em><\/p>\n<p><em>La Iglesia no duda en confesar esta funci\u00f3n subordinada de Mar\u00eda, la experimenta continuamente y la recomienda a la piedad de los fieles, para que, apoyados en esta protecci\u00f3n maternal, se unan con mayor intimidad al Mediador y Salvador.<\/em><\/p>\n<p>En el mes de Mayo los cristianos la honramos de manera muy especial, ella lo merece, y lo agradece con abundancia de gracias. La experiencia multisecular de la Iglesia es clara: cuando Mar\u00eda est\u00e1 presente,\u00a0 crece y se fortalece la vida cristiana en las personas, en las familias, en la sociedad.<\/p>\n<p>&nbsp;<\/p>\n<p>Mn Francesc Perarnau<\/p>\n","protected":false},"excerpt":{"rendered":"<p>&nbsp; Nos equivocar\u00edamos si pens\u00e1ramos que la devoci\u00f3n a Mar\u00eda es un estadio muy primario, casi\u00a0 infantil en la evoluci\u00f3n de la vida espiritual de la Iglesia o de la persona cristiana. Basta leer las palabras del cap\u00edtulo 8 de la Constituci\u00f3n Lumen Gentium del Concilio Vaticano II para darse cuenta de que Mar\u00eda ocupa [&hellip;]<\/p>\n","protected":false},"author":4,"featured_media":0,"comment_status":"open","ping_status":"open","sticky":false,"template":"","format":"standard","meta":{"footnotes":""},"categories":[52],"tags":[],"class_list":["post-6520","post","type-post","status-publish","format-standard","hentry","category-editorial"],"yoast_head":"<!-- This site is optimized with the Yoast SEO plugin v27.1.1 - https:\/\/yoast.com\/product\/yoast-seo-wordpress\/ -->\n<title>Mes de Mar\u00eda - Montalegre<\/title>\n<meta name=\"robots\" content=\"index, follow, max-snippet:-1, max-image-preview:large, max-video-preview:-1\" \/>\n<link rel=\"canonical\" href=\"https:\/\/www.montalegre.org\/es\/2013\/05\/mes-de-maria-2\/\" \/>\n<meta property=\"og:locale\" content=\"es_ES\" \/>\n<meta property=\"og:type\" content=\"article\" \/>\n<meta property=\"og:title\" content=\"Mes de Mar\u00eda - Montalegre\" \/>\n<meta property=\"og:description\" content=\"&nbsp; Nos equivocar\u00edamos si pens\u00e1ramos que la devoci\u00f3n a Mar\u00eda es un estadio muy primario, casi\u00a0 infantil en la evoluci\u00f3n de la vida espiritual de la Iglesia o de la persona cristiana. Basta leer las palabras del cap\u00edtulo 8 de la Constituci\u00f3n Lumen Gentium del Concilio Vaticano II para darse cuenta de que Mar\u00eda ocupa [&hellip;]\" \/>\n<meta property=\"og:url\" content=\"https:\/\/www.montalegre.org\/es\/2013\/05\/mes-de-maria-2\/\" \/>\n<meta property=\"og:site_name\" content=\"Montalegre\" \/>\n<meta property=\"article:published_time\" content=\"2013-05-23T19:05:16+00:00\" \/>\n<meta property=\"article:modified_time\" content=\"2013-05-23T19:06:06+00:00\" \/>\n<meta name=\"author\" content=\"montalegre\" \/>\n<meta name=\"twitter:card\" content=\"summary_large_image\" \/>\n<meta name=\"twitter:label1\" content=\"Escrito por\" \/>\n\t<meta name=\"twitter:data1\" content=\"montalegre\" \/>\n\t<meta name=\"twitter:label2\" content=\"Tiempo de lectura\" \/>\n\t<meta name=\"twitter:data2\" content=\"2 minutos\" \/>\n<script type=\"application\/ld+json\" class=\"yoast-schema-graph\">{\"@context\":\"https:\/\/schema.org\",\"@graph\":[{\"@type\":\"Article\",\"@id\":\"https:\/\/www.montalegre.org\/es\/2013\/05\/mes-de-maria-2\/#article\",\"isPartOf\":{\"@id\":\"https:\/\/www.montalegre.org\/es\/2013\/05\/mes-de-maria-2\/\"},\"author\":{\"name\":\"montalegre\",\"@id\":\"https:\/\/www.montalegre.org\/es\/#\/schema\/person\/fa12d4cf3a3f1735a9176b4fafd6a633\"},\"headline\":\"Mes de Mar\u00eda\",\"datePublished\":\"2013-05-23T19:05:16+00:00\",\"dateModified\":\"2013-05-23T19:06:06+00:00\",\"mainEntityOfPage\":{\"@id\":\"https:\/\/www.montalegre.org\/es\/2013\/05\/mes-de-maria-2\/\"},\"wordCount\":444,\"commentCount\":0,\"articleSection\":[\"Editorial\"],\"inLanguage\":\"es\",\"potentialAction\":[{\"@type\":\"CommentAction\",\"name\":\"Comment\",\"target\":[\"https:\/\/www.montalegre.org\/es\/2013\/05\/mes-de-maria-2\/#respond\"]}]},{\"@type\":\"WebPage\",\"@id\":\"https:\/\/www.montalegre.org\/es\/2013\/05\/mes-de-maria-2\/\",\"url\":\"https:\/\/www.montalegre.org\/es\/2013\/05\/mes-de-maria-2\/\",\"name\":\"Mes de Mar\u00eda - Montalegre\",\"isPartOf\":{\"@id\":\"https:\/\/www.montalegre.org\/es\/#website\"},\"datePublished\":\"2013-05-23T19:05:16+00:00\",\"dateModified\":\"2013-05-23T19:06:06+00:00\",\"author\":{\"@id\":\"https:\/\/www.montalegre.org\/es\/#\/schema\/person\/fa12d4cf3a3f1735a9176b4fafd6a633\"},\"breadcrumb\":{\"@id\":\"https:\/\/www.montalegre.org\/es\/2013\/05\/mes-de-maria-2\/#breadcrumb\"},\"inLanguage\":\"es\",\"potentialAction\":[{\"@type\":\"ReadAction\",\"target\":[\"https:\/\/www.montalegre.org\/es\/2013\/05\/mes-de-maria-2\/\"]}]},{\"@type\":\"BreadcrumbList\",\"@id\":\"https:\/\/www.montalegre.org\/es\/2013\/05\/mes-de-maria-2\/#breadcrumb\",\"itemListElement\":[{\"@type\":\"ListItem\",\"position\":1,\"name\":\"Portada\",\"item\":\"https:\/\/www.montalegre.org\/es\/\"},{\"@type\":\"ListItem\",\"position\":2,\"name\":\"Mes de Mar\u00eda\"}]},{\"@type\":\"WebSite\",\"@id\":\"https:\/\/www.montalegre.org\/es\/#website\",\"url\":\"https:\/\/www.montalegre.org\/es\/\",\"name\":\"Montalegre\",\"description\":\"\",\"potentialAction\":[{\"@type\":\"SearchAction\",\"target\":{\"@type\":\"EntryPoint\",\"urlTemplate\":\"https:\/\/www.montalegre.org\/es\/?s={search_term_string}\"},\"query-input\":{\"@type\":\"PropertyValueSpecification\",\"valueRequired\":true,\"valueName\":\"search_term_string\"}}],\"inLanguage\":\"es\"},{\"@type\":\"Person\",\"@id\":\"https:\/\/www.montalegre.org\/es\/#\/schema\/person\/fa12d4cf3a3f1735a9176b4fafd6a633\",\"name\":\"montalegre\",\"image\":{\"@type\":\"ImageObject\",\"inLanguage\":\"es\",\"@id\":\"https:\/\/www.montalegre.org\/es\/#\/schema\/person\/image\/\",\"url\":\"https:\/\/secure.gravatar.com\/avatar\/fe6d886cf5081e723c666dceda1f12d4f39070fa2ed4e79695edc3ca355c9b5a?s=96&d=mm&r=g\",\"contentUrl\":\"https:\/\/secure.gravatar.com\/avatar\/fe6d886cf5081e723c666dceda1f12d4f39070fa2ed4e79695edc3ca355c9b5a?s=96&d=mm&r=g\",\"caption\":\"montalegre\"},\"url\":\"https:\/\/www.montalegre.org\/es\/author\/montalegre\/\"}]}<\/script>\n<!-- \/ Yoast SEO plugin. -->","yoast_head_json":{"title":"Mes de Mar\u00eda - Montalegre","robots":{"index":"index","follow":"follow","max-snippet":"max-snippet:-1","max-image-preview":"max-image-preview:large","max-video-preview":"max-video-preview:-1"},"canonical":"https:\/\/www.montalegre.org\/es\/2013\/05\/mes-de-maria-2\/","og_locale":"es_ES","og_type":"article","og_title":"Mes de Mar\u00eda - Montalegre","og_description":"&nbsp; Nos equivocar\u00edamos si pens\u00e1ramos que la devoci\u00f3n a Mar\u00eda es un estadio muy primario, casi\u00a0 infantil en la evoluci\u00f3n de la vida espiritual de la Iglesia o de la persona cristiana. Basta leer las palabras del cap\u00edtulo 8 de la Constituci\u00f3n Lumen Gentium del Concilio Vaticano II para darse cuenta de que Mar\u00eda ocupa [&hellip;]","og_url":"https:\/\/www.montalegre.org\/es\/2013\/05\/mes-de-maria-2\/","og_site_name":"Montalegre","article_published_time":"2013-05-23T19:05:16+00:00","article_modified_time":"2013-05-23T19:06:06+00:00","author":"montalegre","twitter_card":"summary_large_image","twitter_misc":{"Escrito por":"montalegre","Tiempo de lectura":"2 minutos"},"schema":{"@context":"https:\/\/schema.org","@graph":[{"@type":"Article","@id":"https:\/\/www.montalegre.org\/es\/2013\/05\/mes-de-maria-2\/#article","isPartOf":{"@id":"https:\/\/www.montalegre.org\/es\/2013\/05\/mes-de-maria-2\/"},"author":{"name":"montalegre","@id":"https:\/\/www.montalegre.org\/es\/#\/schema\/person\/fa12d4cf3a3f1735a9176b4fafd6a633"},"headline":"Mes de Mar\u00eda","datePublished":"2013-05-23T19:05:16+00:00","dateModified":"2013-05-23T19:06:06+00:00","mainEntityOfPage":{"@id":"https:\/\/www.montalegre.org\/es\/2013\/05\/mes-de-maria-2\/"},"wordCount":444,"commentCount":0,"articleSection":["Editorial"],"inLanguage":"es","potentialAction":[{"@type":"CommentAction","name":"Comment","target":["https:\/\/www.montalegre.org\/es\/2013\/05\/mes-de-maria-2\/#respond"]}]},{"@type":"WebPage","@id":"https:\/\/www.montalegre.org\/es\/2013\/05\/mes-de-maria-2\/","url":"https:\/\/www.montalegre.org\/es\/2013\/05\/mes-de-maria-2\/","name":"Mes de Mar\u00eda - Montalegre","isPartOf":{"@id":"https:\/\/www.montalegre.org\/es\/#website"},"datePublished":"2013-05-23T19:05:16+00:00","dateModified":"2013-05-23T19:06:06+00:00","author":{"@id":"https:\/\/www.montalegre.org\/es\/#\/schema\/person\/fa12d4cf3a3f1735a9176b4fafd6a633"},"breadcrumb":{"@id":"https:\/\/www.montalegre.org\/es\/2013\/05\/mes-de-maria-2\/#breadcrumb"},"inLanguage":"es","potentialAction":[{"@type":"ReadAction","target":["https:\/\/www.montalegre.org\/es\/2013\/05\/mes-de-maria-2\/"]}]},{"@type":"BreadcrumbList","@id":"https:\/\/www.montalegre.org\/es\/2013\/05\/mes-de-maria-2\/#breadcrumb","itemListElement":[{"@type":"ListItem","position":1,"name":"Portada","item":"https:\/\/www.montalegre.org\/es\/"},{"@type":"ListItem","position":2,"name":"Mes de Mar\u00eda"}]},{"@type":"WebSite","@id":"https:\/\/www.montalegre.org\/es\/#website","url":"https:\/\/www.montalegre.org\/es\/","name":"Montalegre","description":"","potentialAction":[{"@type":"SearchAction","target":{"@type":"EntryPoint","urlTemplate":"https:\/\/www.montalegre.org\/es\/?s={search_term_string}"},"query-input":{"@type":"PropertyValueSpecification","valueRequired":true,"valueName":"search_term_string"}}],"inLanguage":"es"},{"@type":"Person","@id":"https:\/\/www.montalegre.org\/es\/#\/schema\/person\/fa12d4cf3a3f1735a9176b4fafd6a633","name":"montalegre","image":{"@type":"ImageObject","inLanguage":"es","@id":"https:\/\/www.montalegre.org\/es\/#\/schema\/person\/image\/","url":"https:\/\/secure.gravatar.com\/avatar\/fe6d886cf5081e723c666dceda1f12d4f39070fa2ed4e79695edc3ca355c9b5a?s=96&d=mm&r=g","contentUrl":"https:\/\/secure.gravatar.com\/avatar\/fe6d886cf5081e723c666dceda1f12d4f39070fa2ed4e79695edc3ca355c9b5a?s=96&d=mm&r=g","caption":"montalegre"},"url":"https:\/\/www.montalegre.org\/es\/author\/montalegre\/"}]}},"_links":{"self":[{"href":"https:\/\/www.montalegre.org\/es\/wp-json\/wp\/v2\/posts\/6520","targetHints":{"allow":["GET"]}}],"collection":[{"href":"https:\/\/www.montalegre.org\/es\/wp-json\/wp\/v2\/posts"}],"about":[{"href":"https:\/\/www.montalegre.org\/es\/wp-json\/wp\/v2\/types\/post"}],"author":[{"embeddable":true,"href":"https:\/\/www.montalegre.org\/es\/wp-json\/wp\/v2\/users\/4"}],"replies":[{"embeddable":true,"href":"https:\/\/www.montalegre.org\/es\/wp-json\/wp\/v2\/comments?post=6520"}],"version-history":[{"count":2,"href":"https:\/\/www.montalegre.org\/es\/wp-json\/wp\/v2\/posts\/6520\/revisions"}],"predecessor-version":[{"id":6522,"href":"https:\/\/www.montalegre.org\/es\/wp-json\/wp\/v2\/posts\/6520\/revisions\/6522"}],"wp:attachment":[{"href":"https:\/\/www.montalegre.org\/es\/wp-json\/wp\/v2\/media?parent=6520"}],"wp:term":[{"taxonomy":"category","embeddable":true,"href":"https:\/\/www.montalegre.org\/es\/wp-json\/wp\/v2\/categories?post=6520"},{"taxonomy":"post_tag","embeddable":true,"href":"https:\/\/www.montalegre.org\/es\/wp-json\/wp\/v2\/tags?post=6520"}],"curies":[{"name":"wp","href":"https:\/\/api.w.org\/{rel}","templated":true}]}}