{"id":6480,"date":"2013-05-02T20:11:49","date_gmt":"2013-05-02T20:11:49","guid":{"rendered":"http:\/\/www.montalegre.org\/?p=6480"},"modified":"2013-05-02T20:11:50","modified_gmt":"2013-05-02T20:11:50","slug":"rezar-el-rosario-en-montalegre","status":"publish","type":"post","link":"https:\/\/www.montalegre.org\/es\/2013\/05\/rezar-el-rosario-en-montalegre\/","title":{"rendered":"Rezar el rosario en Montalegre"},"content":{"rendered":"<p><a href=\"http:\/\/www.montalegre.org\/2013\/05\/resar-el-rosari-a-montalegre\/olympus-digital-camera-8\/\" rel=\"attachment wp-att-6472\"><img loading=\"lazy\" decoding=\"async\" class=\"alignleft size-medium wp-image-6472\" title=\"OLYMPUS DIGITAL CAMERA\" src=\"http:\/\/www.montalegre.org\/wp-content\/uploads\/2013\/05\/P6260516-300x222.jpg\" alt=\"\" width=\"300\" height=\"222\" \/><\/a>Con la Carta Apost\u00f3lica Porta Fidei del 11 de octubre de 2011, el entonces Santo Padre Benedicto XVI proclam\u00f3 el A\u00f1o de la Fe que se inici\u00f3 el 11 de octubre de 2012 y finalizar\u00e1 el 24 de noviembre de 2013. En ese contexto, la Congregaci\u00f3n Para la Doctrina de la Fe elabor\u00f3 una nota con indicaciones pastorales para el A\u00f1o de la Fe. En el punto 1. \u201cEn el \u00e1mbito de Iglesia Universal\u201d, se nos indica lo siguiente:<\/p>\n<p><em>\u201cDurante este a\u00f1o ser\u00e1 \u00fatil invitar a los fieles a dirigirse, con particular devoci\u00f3n a Mar\u00eda, imagen de la Iglesia, que \u00abre\u00fane en s\u00ed y refleja en cierto modo las supremas verdades de la fe\u00bb. Por lo tanto, se deber\u00eda alentar toda iniciativa que ayude a los fieles a reconocer el papel especial de Mar\u00eda en el misterio de la salvaci\u00f3n, a amarla filialmente y a\u00a0imitar su fe y virtud. Para ello ser\u00e1 muy conveniente organizar peregrinaciones, celebraciones y reuniones en los principales Santuarios.\u201d<\/em><\/p>\n<p>Adem\u00e1s ya estamos en el Mes de Maria, tiempo dedicado a la Virgen Sant\u00edsima por excelencia desde hace siglos y muy celebrado por los cat\u00f3licos de todo el mundo. Por ello la Iglesia de Santa Mar\u00eda de Montalegre desde hace a\u00f1os promueve peregrinaciones a santuarios donde especialmente se haya aparecido Nuestra Se\u00f1ora. As\u00ed que de nuevo, los pr\u00f3ximos 24, 25 y 26 de mayo, peregrinamos a F\u00e1tima Portugal.<a href=\"http:\/\/www.montalegre.org\/es\/2013\/05\/rezar-el-rosario-en-montalegre\/img_9064-2\/\" rel=\"attachment wp-att-6481\"><img loading=\"lazy\" decoding=\"async\" class=\"alignright size-medium wp-image-6481\" title=\"IMG_9064\" src=\"http:\/\/www.montalegre.org\/wp-content\/uploads\/2013\/05\/IMG_90641-300x225.jpg\" alt=\"\" width=\"300\" height=\"225\" \/><\/a><\/p>\n<p>Por otro lado, tambi\u00e9n os proponemos venir a la Iglesia de Santa Mar\u00eda de Montalegre a hacer una peregrinaci\u00f3n, a rezar el rosario con amistades y familiares. Esta iglesia dispone, adem\u00e1s de la Capilla del Sant\u00edsimo donde se celebran la mayor\u00eda de las misas, de la capilla de la Virgen de la Medalla Milagrosa, la cual fue inaugurada el d\u00eda 27 de noviembre de 1908. Y, muy especialmente, de la imagen singular de la nave central. En su manto abriga a unos ni\u00f1os y ni\u00f1as hu\u00e9rfanos, y en los que nos podemos ver reflejados pues de Ella nos llegar\u00e1 todo lo que necesitamos porque es la mediadora de todas las gracias. Por eso cuando fue bendecida el 29 de noviembre de 1952 se le impuso el nombre de la Virgen de los Desamparados.<\/p>\n<p>Y antes de entrar o al salir del templo, nos podemos detener a contemplar la primera imagen, de piedra, de Nuestra Se\u00f1ora de Montalegre que se encuentra en una hornacina, en la pared exterior del edificio en la esquina de las calles Montalegre con Valldonzella, una imagen de finales del siglo XIV o de principios del XV.<\/p>\n<p>Isabel Hern\u00e1ndez Esteban<\/p>\n","protected":false},"excerpt":{"rendered":"<p>Con la Carta Apost\u00f3lica Porta Fidei del 11 de octubre de 2011, el entonces Santo Padre Benedicto XVI proclam\u00f3 el A\u00f1o de la Fe que se inici\u00f3 el 11 de octubre de 2012 y finalizar\u00e1 el 24 de noviembre de 2013. En ese contexto, la Congregaci\u00f3n Para la Doctrina de la Fe elabor\u00f3 una nota [&hellip;]<\/p>\n","protected":false},"author":4,"featured_media":0,"comment_status":"open","ping_status":"open","sticky":false,"template":"","format":"standard","meta":{"footnotes":""},"categories":[1],"tags":[],"class_list":["post-6480","post","type-post","status-publish","format-standard","hentry","category-noticias-de-montalegre"],"yoast_head":"<!-- This site is optimized with the Yoast SEO plugin v27.1.1 - https:\/\/yoast.com\/product\/yoast-seo-wordpress\/ -->\n<title>Rezar el rosario en Montalegre - Montalegre<\/title>\n<meta name=\"robots\" content=\"index, follow, max-snippet:-1, max-image-preview:large, max-video-preview:-1\" \/>\n<link rel=\"canonical\" href=\"https:\/\/www.montalegre.org\/es\/2013\/05\/rezar-el-rosario-en-montalegre\/\" \/>\n<meta property=\"og:locale\" content=\"es_ES\" \/>\n<meta property=\"og:type\" content=\"article\" \/>\n<meta property=\"og:title\" content=\"Rezar el rosario en Montalegre - Montalegre\" \/>\n<meta property=\"og:description\" content=\"Con la Carta Apost\u00f3lica Porta Fidei del 11 de octubre de 2011, el entonces Santo Padre Benedicto XVI proclam\u00f3 el A\u00f1o de la Fe que se inici\u00f3 el 11 de octubre de 2012 y finalizar\u00e1 el 24 de noviembre de 2013. En ese contexto, la Congregaci\u00f3n Para la Doctrina de la Fe elabor\u00f3 una nota [&hellip;]\" \/>\n<meta property=\"og:url\" content=\"https:\/\/www.montalegre.org\/es\/2013\/05\/rezar-el-rosario-en-montalegre\/\" \/>\n<meta property=\"og:site_name\" content=\"Montalegre\" \/>\n<meta property=\"article:published_time\" content=\"2013-05-02T20:11:49+00:00\" \/>\n<meta property=\"article:modified_time\" content=\"2013-05-02T20:11:50+00:00\" \/>\n<meta property=\"og:image\" content=\"http:\/\/www.montalegre.org\/wp-content\/uploads\/2013\/05\/P6260516-300x222.jpg\" \/>\n<meta name=\"author\" content=\"montalegre\" \/>\n<meta name=\"twitter:card\" content=\"summary_large_image\" \/>\n<meta name=\"twitter:label1\" content=\"Escrito por\" \/>\n\t<meta name=\"twitter:data1\" content=\"montalegre\" \/>\n\t<meta name=\"twitter:label2\" content=\"Tiempo de lectura\" \/>\n\t<meta name=\"twitter:data2\" content=\"2 minutos\" \/>\n<script type=\"application\/ld+json\" class=\"yoast-schema-graph\">{\"@context\":\"https:\/\/schema.org\",\"@graph\":[{\"@type\":\"Article\",\"@id\":\"https:\/\/www.montalegre.org\/es\/2013\/05\/rezar-el-rosario-en-montalegre\/#article\",\"isPartOf\":{\"@id\":\"https:\/\/www.montalegre.org\/es\/2013\/05\/rezar-el-rosario-en-montalegre\/\"},\"author\":{\"name\":\"montalegre\",\"@id\":\"https:\/\/www.montalegre.org\/es\/#\/schema\/person\/fa12d4cf3a3f1735a9176b4fafd6a633\"},\"headline\":\"Rezar el rosario en Montalegre\",\"datePublished\":\"2013-05-02T20:11:49+00:00\",\"dateModified\":\"2013-05-02T20:11:50+00:00\",\"mainEntityOfPage\":{\"@id\":\"https:\/\/www.montalegre.org\/es\/2013\/05\/rezar-el-rosario-en-montalegre\/\"},\"wordCount\":447,\"commentCount\":0,\"image\":{\"@id\":\"https:\/\/www.montalegre.org\/es\/2013\/05\/rezar-el-rosario-en-montalegre\/#primaryimage\"},\"thumbnailUrl\":\"http:\/\/www.montalegre.org\/wp-content\/uploads\/2013\/05\/P6260516-300x222.jpg\",\"articleSection\":[\"Noticias de Montalegre\"],\"inLanguage\":\"es\",\"potentialAction\":[{\"@type\":\"CommentAction\",\"name\":\"Comment\",\"target\":[\"https:\/\/www.montalegre.org\/es\/2013\/05\/rezar-el-rosario-en-montalegre\/#respond\"]}]},{\"@type\":\"WebPage\",\"@id\":\"https:\/\/www.montalegre.org\/es\/2013\/05\/rezar-el-rosario-en-montalegre\/\",\"url\":\"https:\/\/www.montalegre.org\/es\/2013\/05\/rezar-el-rosario-en-montalegre\/\",\"name\":\"Rezar el rosario en Montalegre - Montalegre\",\"isPartOf\":{\"@id\":\"https:\/\/www.montalegre.org\/es\/#website\"},\"primaryImageOfPage\":{\"@id\":\"https:\/\/www.montalegre.org\/es\/2013\/05\/rezar-el-rosario-en-montalegre\/#primaryimage\"},\"image\":{\"@id\":\"https:\/\/www.montalegre.org\/es\/2013\/05\/rezar-el-rosario-en-montalegre\/#primaryimage\"},\"thumbnailUrl\":\"http:\/\/www.montalegre.org\/wp-content\/uploads\/2013\/05\/P6260516-300x222.jpg\",\"datePublished\":\"2013-05-02T20:11:49+00:00\",\"dateModified\":\"2013-05-02T20:11:50+00:00\",\"author\":{\"@id\":\"https:\/\/www.montalegre.org\/es\/#\/schema\/person\/fa12d4cf3a3f1735a9176b4fafd6a633\"},\"breadcrumb\":{\"@id\":\"https:\/\/www.montalegre.org\/es\/2013\/05\/rezar-el-rosario-en-montalegre\/#breadcrumb\"},\"inLanguage\":\"es\",\"potentialAction\":[{\"@type\":\"ReadAction\",\"target\":[\"https:\/\/www.montalegre.org\/es\/2013\/05\/rezar-el-rosario-en-montalegre\/\"]}]},{\"@type\":\"ImageObject\",\"inLanguage\":\"es\",\"@id\":\"https:\/\/www.montalegre.org\/es\/2013\/05\/rezar-el-rosario-en-montalegre\/#primaryimage\",\"url\":\"http:\/\/www.montalegre.org\/wp-content\/uploads\/2013\/05\/P6260516-300x222.jpg\",\"contentUrl\":\"http:\/\/www.montalegre.org\/wp-content\/uploads\/2013\/05\/P6260516-300x222.jpg\"},{\"@type\":\"BreadcrumbList\",\"@id\":\"https:\/\/www.montalegre.org\/es\/2013\/05\/rezar-el-rosario-en-montalegre\/#breadcrumb\",\"itemListElement\":[{\"@type\":\"ListItem\",\"position\":1,\"name\":\"Portada\",\"item\":\"https:\/\/www.montalegre.org\/es\/\"},{\"@type\":\"ListItem\",\"position\":2,\"name\":\"Rezar el rosario en Montalegre\"}]},{\"@type\":\"WebSite\",\"@id\":\"https:\/\/www.montalegre.org\/es\/#website\",\"url\":\"https:\/\/www.montalegre.org\/es\/\",\"name\":\"Montalegre\",\"description\":\"\",\"potentialAction\":[{\"@type\":\"SearchAction\",\"target\":{\"@type\":\"EntryPoint\",\"urlTemplate\":\"https:\/\/www.montalegre.org\/es\/?s={search_term_string}\"},\"query-input\":{\"@type\":\"PropertyValueSpecification\",\"valueRequired\":true,\"valueName\":\"search_term_string\"}}],\"inLanguage\":\"es\"},{\"@type\":\"Person\",\"@id\":\"https:\/\/www.montalegre.org\/es\/#\/schema\/person\/fa12d4cf3a3f1735a9176b4fafd6a633\",\"name\":\"montalegre\",\"image\":{\"@type\":\"ImageObject\",\"inLanguage\":\"es\",\"@id\":\"https:\/\/www.montalegre.org\/es\/#\/schema\/person\/image\/\",\"url\":\"https:\/\/secure.gravatar.com\/avatar\/fe6d886cf5081e723c666dceda1f12d4f39070fa2ed4e79695edc3ca355c9b5a?s=96&d=mm&r=g\",\"contentUrl\":\"https:\/\/secure.gravatar.com\/avatar\/fe6d886cf5081e723c666dceda1f12d4f39070fa2ed4e79695edc3ca355c9b5a?s=96&d=mm&r=g\",\"caption\":\"montalegre\"},\"url\":\"https:\/\/www.montalegre.org\/es\/author\/montalegre\/\"}]}<\/script>\n<!-- \/ Yoast SEO plugin. -->","yoast_head_json":{"title":"Rezar el rosario en Montalegre - Montalegre","robots":{"index":"index","follow":"follow","max-snippet":"max-snippet:-1","max-image-preview":"max-image-preview:large","max-video-preview":"max-video-preview:-1"},"canonical":"https:\/\/www.montalegre.org\/es\/2013\/05\/rezar-el-rosario-en-montalegre\/","og_locale":"es_ES","og_type":"article","og_title":"Rezar el rosario en Montalegre - Montalegre","og_description":"Con la Carta Apost\u00f3lica Porta Fidei del 11 de octubre de 2011, el entonces Santo Padre Benedicto XVI proclam\u00f3 el A\u00f1o de la Fe que se inici\u00f3 el 11 de octubre de 2012 y finalizar\u00e1 el 24 de noviembre de 2013. En ese contexto, la Congregaci\u00f3n Para la Doctrina de la Fe elabor\u00f3 una nota [&hellip;]","og_url":"https:\/\/www.montalegre.org\/es\/2013\/05\/rezar-el-rosario-en-montalegre\/","og_site_name":"Montalegre","article_published_time":"2013-05-02T20:11:49+00:00","article_modified_time":"2013-05-02T20:11:50+00:00","og_image":[{"url":"http:\/\/www.montalegre.org\/wp-content\/uploads\/2013\/05\/P6260516-300x222.jpg","type":"","width":"","height":""}],"author":"montalegre","twitter_card":"summary_large_image","twitter_misc":{"Escrito por":"montalegre","Tiempo de lectura":"2 minutos"},"schema":{"@context":"https:\/\/schema.org","@graph":[{"@type":"Article","@id":"https:\/\/www.montalegre.org\/es\/2013\/05\/rezar-el-rosario-en-montalegre\/#article","isPartOf":{"@id":"https:\/\/www.montalegre.org\/es\/2013\/05\/rezar-el-rosario-en-montalegre\/"},"author":{"name":"montalegre","@id":"https:\/\/www.montalegre.org\/es\/#\/schema\/person\/fa12d4cf3a3f1735a9176b4fafd6a633"},"headline":"Rezar el rosario en Montalegre","datePublished":"2013-05-02T20:11:49+00:00","dateModified":"2013-05-02T20:11:50+00:00","mainEntityOfPage":{"@id":"https:\/\/www.montalegre.org\/es\/2013\/05\/rezar-el-rosario-en-montalegre\/"},"wordCount":447,"commentCount":0,"image":{"@id":"https:\/\/www.montalegre.org\/es\/2013\/05\/rezar-el-rosario-en-montalegre\/#primaryimage"},"thumbnailUrl":"http:\/\/www.montalegre.org\/wp-content\/uploads\/2013\/05\/P6260516-300x222.jpg","articleSection":["Noticias de Montalegre"],"inLanguage":"es","potentialAction":[{"@type":"CommentAction","name":"Comment","target":["https:\/\/www.montalegre.org\/es\/2013\/05\/rezar-el-rosario-en-montalegre\/#respond"]}]},{"@type":"WebPage","@id":"https:\/\/www.montalegre.org\/es\/2013\/05\/rezar-el-rosario-en-montalegre\/","url":"https:\/\/www.montalegre.org\/es\/2013\/05\/rezar-el-rosario-en-montalegre\/","name":"Rezar el rosario en Montalegre - Montalegre","isPartOf":{"@id":"https:\/\/www.montalegre.org\/es\/#website"},"primaryImageOfPage":{"@id":"https:\/\/www.montalegre.org\/es\/2013\/05\/rezar-el-rosario-en-montalegre\/#primaryimage"},"image":{"@id":"https:\/\/www.montalegre.org\/es\/2013\/05\/rezar-el-rosario-en-montalegre\/#primaryimage"},"thumbnailUrl":"http:\/\/www.montalegre.org\/wp-content\/uploads\/2013\/05\/P6260516-300x222.jpg","datePublished":"2013-05-02T20:11:49+00:00","dateModified":"2013-05-02T20:11:50+00:00","author":{"@id":"https:\/\/www.montalegre.org\/es\/#\/schema\/person\/fa12d4cf3a3f1735a9176b4fafd6a633"},"breadcrumb":{"@id":"https:\/\/www.montalegre.org\/es\/2013\/05\/rezar-el-rosario-en-montalegre\/#breadcrumb"},"inLanguage":"es","potentialAction":[{"@type":"ReadAction","target":["https:\/\/www.montalegre.org\/es\/2013\/05\/rezar-el-rosario-en-montalegre\/"]}]},{"@type":"ImageObject","inLanguage":"es","@id":"https:\/\/www.montalegre.org\/es\/2013\/05\/rezar-el-rosario-en-montalegre\/#primaryimage","url":"http:\/\/www.montalegre.org\/wp-content\/uploads\/2013\/05\/P6260516-300x222.jpg","contentUrl":"http:\/\/www.montalegre.org\/wp-content\/uploads\/2013\/05\/P6260516-300x222.jpg"},{"@type":"BreadcrumbList","@id":"https:\/\/www.montalegre.org\/es\/2013\/05\/rezar-el-rosario-en-montalegre\/#breadcrumb","itemListElement":[{"@type":"ListItem","position":1,"name":"Portada","item":"https:\/\/www.montalegre.org\/es\/"},{"@type":"ListItem","position":2,"name":"Rezar el rosario en Montalegre"}]},{"@type":"WebSite","@id":"https:\/\/www.montalegre.org\/es\/#website","url":"https:\/\/www.montalegre.org\/es\/","name":"Montalegre","description":"","potentialAction":[{"@type":"SearchAction","target":{"@type":"EntryPoint","urlTemplate":"https:\/\/www.montalegre.org\/es\/?s={search_term_string}"},"query-input":{"@type":"PropertyValueSpecification","valueRequired":true,"valueName":"search_term_string"}}],"inLanguage":"es"},{"@type":"Person","@id":"https:\/\/www.montalegre.org\/es\/#\/schema\/person\/fa12d4cf3a3f1735a9176b4fafd6a633","name":"montalegre","image":{"@type":"ImageObject","inLanguage":"es","@id":"https:\/\/www.montalegre.org\/es\/#\/schema\/person\/image\/","url":"https:\/\/secure.gravatar.com\/avatar\/fe6d886cf5081e723c666dceda1f12d4f39070fa2ed4e79695edc3ca355c9b5a?s=96&d=mm&r=g","contentUrl":"https:\/\/secure.gravatar.com\/avatar\/fe6d886cf5081e723c666dceda1f12d4f39070fa2ed4e79695edc3ca355c9b5a?s=96&d=mm&r=g","caption":"montalegre"},"url":"https:\/\/www.montalegre.org\/es\/author\/montalegre\/"}]}},"_links":{"self":[{"href":"https:\/\/www.montalegre.org\/es\/wp-json\/wp\/v2\/posts\/6480","targetHints":{"allow":["GET"]}}],"collection":[{"href":"https:\/\/www.montalegre.org\/es\/wp-json\/wp\/v2\/posts"}],"about":[{"href":"https:\/\/www.montalegre.org\/es\/wp-json\/wp\/v2\/types\/post"}],"author":[{"embeddable":true,"href":"https:\/\/www.montalegre.org\/es\/wp-json\/wp\/v2\/users\/4"}],"replies":[{"embeddable":true,"href":"https:\/\/www.montalegre.org\/es\/wp-json\/wp\/v2\/comments?post=6480"}],"version-history":[{"count":3,"href":"https:\/\/www.montalegre.org\/es\/wp-json\/wp\/v2\/posts\/6480\/revisions"}],"predecessor-version":[{"id":6496,"href":"https:\/\/www.montalegre.org\/es\/wp-json\/wp\/v2\/posts\/6480\/revisions\/6496"}],"wp:attachment":[{"href":"https:\/\/www.montalegre.org\/es\/wp-json\/wp\/v2\/media?parent=6480"}],"wp:term":[{"taxonomy":"category","embeddable":true,"href":"https:\/\/www.montalegre.org\/es\/wp-json\/wp\/v2\/categories?post=6480"},{"taxonomy":"post_tag","embeddable":true,"href":"https:\/\/www.montalegre.org\/es\/wp-json\/wp\/v2\/tags?post=6480"}],"curies":[{"name":"wp","href":"https:\/\/api.w.org\/{rel}","templated":true}]}}