{"id":6431,"date":"2013-04-17T20:28:16","date_gmt":"2013-04-17T20:28:16","guid":{"rendered":"http:\/\/www.montalegre.org\/?p=6431"},"modified":"2013-04-17T20:30:54","modified_gmt":"2013-04-17T20:30:54","slug":"en-sufragio-por-mn-vall","status":"publish","type":"post","link":"https:\/\/www.montalegre.org\/es\/2013\/04\/en-sufragio-por-mn-vall\/","title":{"rendered":"En recuerdo de Mn. Vall"},"content":{"rendered":"<p><a href=\"http:\/\/www.montalegre.org\/2013\/04\/en-sufragi-per-mn-vall\/6_1_josep_vall-1\/\" rel=\"attachment wp-att-6428\"><img loading=\"lazy\" decoding=\"async\" class=\"alignleft size-full wp-image-6428\" title=\"6_1_Josep_Vall (1)\" src=\"http:\/\/www.montalegre.org\/wp-content\/uploads\/2013\/04\/6_1_Josep_Vall-1.jpg\" alt=\"\" width=\"142\" height=\"176\" \/><\/a>El d\u00eda 9 de abril a las 19 horas se celebr\u00f3 la misa en sufragio por el alma del Mn. Josep Vall i Mund\u00f3, presb\u00edtero, colaborador de la Iglesia de Santa Mar\u00eda de Montalegre. La presidi\u00f3 el rector y fue concelebrada con cinco sacerdotes m\u00e1s, la mayor\u00eda del entorno de Montalegre. Mn. Mallol hizo de maestro de ceremonia, asistido por un di\u00e1cono. Al inicio de la celebraci\u00f3n, Mn. Perarnau record\u00f3 que Mn. Vall hab\u00eda fallecido en la madrugada del mi\u00e9rcoles santo, d\u00eda 27 de marzo de 2013, despu\u00e9s de un largo periodo de sufrimiento, y dado que sucedi\u00f3 en el coraz\u00f3n de la semana santa, al d\u00eda siguiente, en el jueves santo, no se pod\u00eda celebrar m\u00e1s que un responso. Por ello se pens\u00f3 enseguida en esta misa. Tambi\u00e9n excus\u00f3 la presencia del Vicario del Opus Dei en Catalu\u00f1a.<\/p>\n<p>La homil\u00eda fue a cargo de Mn. Blasi, el cual hizo una amplia semblanza de Mn. Vall, destacando sus cualidades intelectuales, pedag\u00f3gicas y literarias; refiri\u00f3 los diversos pa\u00edses donde hab\u00eda predicado las ense\u00f1anzas de san Josemar\u00eda, imitando a Dios en todo momento, y lo distingui\u00f3\u00a0 como un hombre de fe y de gran preocupaci\u00f3n por la liturgia de la santa misa.<\/p>\n<p>La iglesia se llen\u00f3 de familiares, amigos, colaboradores y fieles habituales de Montalegre. Los cantos de la misa fueron dirigidos por el organista de la Casa, e interpretados por un coro masculino.<\/p>\n<p>Isabel Hern\u00e1ndez Esteban<\/p>\n","protected":false},"excerpt":{"rendered":"<p>El d\u00eda 9 de abril a las 19 horas se celebr\u00f3 la misa en sufragio por el alma del Mn. Josep Vall i Mund\u00f3, presb\u00edtero, colaborador de la Iglesia de Santa Mar\u00eda de Montalegre. La presidi\u00f3 el rector y fue concelebrada con cinco sacerdotes m\u00e1s, la mayor\u00eda del entorno de Montalegre. Mn. Mallol hizo de [&hellip;]<\/p>\n","protected":false},"author":4,"featured_media":0,"comment_status":"open","ping_status":"open","sticky":false,"template":"","format":"standard","meta":{"footnotes":""},"categories":[1],"tags":[],"class_list":["post-6431","post","type-post","status-publish","format-standard","hentry","category-noticias-de-montalegre"],"yoast_head":"<!-- This site is optimized with the Yoast SEO plugin v27.1.1 - https:\/\/yoast.com\/product\/yoast-seo-wordpress\/ -->\n<title>En recuerdo de Mn. Vall - Montalegre<\/title>\n<meta name=\"robots\" content=\"index, follow, max-snippet:-1, max-image-preview:large, max-video-preview:-1\" \/>\n<link rel=\"canonical\" href=\"https:\/\/www.montalegre.org\/es\/2013\/04\/en-sufragio-por-mn-vall\/\" \/>\n<meta property=\"og:locale\" content=\"es_ES\" \/>\n<meta property=\"og:type\" content=\"article\" \/>\n<meta property=\"og:title\" content=\"En recuerdo de Mn. Vall - Montalegre\" \/>\n<meta property=\"og:description\" content=\"El d\u00eda 9 de abril a las 19 horas se celebr\u00f3 la misa en sufragio por el alma del Mn. Josep Vall i Mund\u00f3, presb\u00edtero, colaborador de la Iglesia de Santa Mar\u00eda de Montalegre. La presidi\u00f3 el rector y fue concelebrada con cinco sacerdotes m\u00e1s, la mayor\u00eda del entorno de Montalegre. Mn. Mallol hizo de [&hellip;]\" \/>\n<meta property=\"og:url\" content=\"https:\/\/www.montalegre.org\/es\/2013\/04\/en-sufragio-por-mn-vall\/\" \/>\n<meta property=\"og:site_name\" content=\"Montalegre\" \/>\n<meta property=\"article:published_time\" content=\"2013-04-17T20:28:16+00:00\" \/>\n<meta property=\"article:modified_time\" content=\"2013-04-17T20:30:54+00:00\" \/>\n<meta property=\"og:image\" content=\"http:\/\/www.montalegre.org\/wp-content\/uploads\/2013\/04\/6_1_Josep_Vall-1.jpg\" \/>\n<meta name=\"author\" content=\"montalegre\" \/>\n<meta name=\"twitter:card\" content=\"summary_large_image\" \/>\n<meta name=\"twitter:label1\" content=\"Escrito por\" \/>\n\t<meta name=\"twitter:data1\" content=\"montalegre\" \/>\n\t<meta name=\"twitter:label2\" content=\"Tiempo de lectura\" \/>\n\t<meta name=\"twitter:data2\" content=\"1 minuto\" \/>\n<script type=\"application\/ld+json\" class=\"yoast-schema-graph\">{\"@context\":\"https:\/\/schema.org\",\"@graph\":[{\"@type\":\"Article\",\"@id\":\"https:\/\/www.montalegre.org\/es\/2013\/04\/en-sufragio-por-mn-vall\/#article\",\"isPartOf\":{\"@id\":\"https:\/\/www.montalegre.org\/es\/2013\/04\/en-sufragio-por-mn-vall\/\"},\"author\":{\"name\":\"montalegre\",\"@id\":\"https:\/\/www.montalegre.org\/es\/#\/schema\/person\/fa12d4cf3a3f1735a9176b4fafd6a633\"},\"headline\":\"En recuerdo de Mn. Vall\",\"datePublished\":\"2013-04-17T20:28:16+00:00\",\"dateModified\":\"2013-04-17T20:30:54+00:00\",\"mainEntityOfPage\":{\"@id\":\"https:\/\/www.montalegre.org\/es\/2013\/04\/en-sufragio-por-mn-vall\/\"},\"wordCount\":261,\"commentCount\":1,\"image\":{\"@id\":\"https:\/\/www.montalegre.org\/es\/2013\/04\/en-sufragio-por-mn-vall\/#primaryimage\"},\"thumbnailUrl\":\"http:\/\/www.montalegre.org\/wp-content\/uploads\/2013\/04\/6_1_Josep_Vall-1.jpg\",\"articleSection\":[\"Noticias de Montalegre\"],\"inLanguage\":\"es\",\"potentialAction\":[{\"@type\":\"CommentAction\",\"name\":\"Comment\",\"target\":[\"https:\/\/www.montalegre.org\/es\/2013\/04\/en-sufragio-por-mn-vall\/#respond\"]}]},{\"@type\":\"WebPage\",\"@id\":\"https:\/\/www.montalegre.org\/es\/2013\/04\/en-sufragio-por-mn-vall\/\",\"url\":\"https:\/\/www.montalegre.org\/es\/2013\/04\/en-sufragio-por-mn-vall\/\",\"name\":\"En recuerdo de Mn. Vall - Montalegre\",\"isPartOf\":{\"@id\":\"https:\/\/www.montalegre.org\/es\/#website\"},\"primaryImageOfPage\":{\"@id\":\"https:\/\/www.montalegre.org\/es\/2013\/04\/en-sufragio-por-mn-vall\/#primaryimage\"},\"image\":{\"@id\":\"https:\/\/www.montalegre.org\/es\/2013\/04\/en-sufragio-por-mn-vall\/#primaryimage\"},\"thumbnailUrl\":\"http:\/\/www.montalegre.org\/wp-content\/uploads\/2013\/04\/6_1_Josep_Vall-1.jpg\",\"datePublished\":\"2013-04-17T20:28:16+00:00\",\"dateModified\":\"2013-04-17T20:30:54+00:00\",\"author\":{\"@id\":\"https:\/\/www.montalegre.org\/es\/#\/schema\/person\/fa12d4cf3a3f1735a9176b4fafd6a633\"},\"breadcrumb\":{\"@id\":\"https:\/\/www.montalegre.org\/es\/2013\/04\/en-sufragio-por-mn-vall\/#breadcrumb\"},\"inLanguage\":\"es\",\"potentialAction\":[{\"@type\":\"ReadAction\",\"target\":[\"https:\/\/www.montalegre.org\/es\/2013\/04\/en-sufragio-por-mn-vall\/\"]}]},{\"@type\":\"ImageObject\",\"inLanguage\":\"es\",\"@id\":\"https:\/\/www.montalegre.org\/es\/2013\/04\/en-sufragio-por-mn-vall\/#primaryimage\",\"url\":\"http:\/\/www.montalegre.org\/wp-content\/uploads\/2013\/04\/6_1_Josep_Vall-1.jpg\",\"contentUrl\":\"http:\/\/www.montalegre.org\/wp-content\/uploads\/2013\/04\/6_1_Josep_Vall-1.jpg\"},{\"@type\":\"BreadcrumbList\",\"@id\":\"https:\/\/www.montalegre.org\/es\/2013\/04\/en-sufragio-por-mn-vall\/#breadcrumb\",\"itemListElement\":[{\"@type\":\"ListItem\",\"position\":1,\"name\":\"Portada\",\"item\":\"https:\/\/www.montalegre.org\/es\/\"},{\"@type\":\"ListItem\",\"position\":2,\"name\":\"En recuerdo de Mn. Vall\"}]},{\"@type\":\"WebSite\",\"@id\":\"https:\/\/www.montalegre.org\/es\/#website\",\"url\":\"https:\/\/www.montalegre.org\/es\/\",\"name\":\"Montalegre\",\"description\":\"\",\"potentialAction\":[{\"@type\":\"SearchAction\",\"target\":{\"@type\":\"EntryPoint\",\"urlTemplate\":\"https:\/\/www.montalegre.org\/es\/?s={search_term_string}\"},\"query-input\":{\"@type\":\"PropertyValueSpecification\",\"valueRequired\":true,\"valueName\":\"search_term_string\"}}],\"inLanguage\":\"es\"},{\"@type\":\"Person\",\"@id\":\"https:\/\/www.montalegre.org\/es\/#\/schema\/person\/fa12d4cf3a3f1735a9176b4fafd6a633\",\"name\":\"montalegre\",\"image\":{\"@type\":\"ImageObject\",\"inLanguage\":\"es\",\"@id\":\"https:\/\/www.montalegre.org\/es\/#\/schema\/person\/image\/\",\"url\":\"https:\/\/secure.gravatar.com\/avatar\/fe6d886cf5081e723c666dceda1f12d4f39070fa2ed4e79695edc3ca355c9b5a?s=96&d=mm&r=g\",\"contentUrl\":\"https:\/\/secure.gravatar.com\/avatar\/fe6d886cf5081e723c666dceda1f12d4f39070fa2ed4e79695edc3ca355c9b5a?s=96&d=mm&r=g\",\"caption\":\"montalegre\"},\"url\":\"https:\/\/www.montalegre.org\/es\/author\/montalegre\/\"}]}<\/script>\n<!-- \/ Yoast SEO plugin. -->","yoast_head_json":{"title":"En recuerdo de Mn. Vall - Montalegre","robots":{"index":"index","follow":"follow","max-snippet":"max-snippet:-1","max-image-preview":"max-image-preview:large","max-video-preview":"max-video-preview:-1"},"canonical":"https:\/\/www.montalegre.org\/es\/2013\/04\/en-sufragio-por-mn-vall\/","og_locale":"es_ES","og_type":"article","og_title":"En recuerdo de Mn. Vall - Montalegre","og_description":"El d\u00eda 9 de abril a las 19 horas se celebr\u00f3 la misa en sufragio por el alma del Mn. Josep Vall i Mund\u00f3, presb\u00edtero, colaborador de la Iglesia de Santa Mar\u00eda de Montalegre. La presidi\u00f3 el rector y fue concelebrada con cinco sacerdotes m\u00e1s, la mayor\u00eda del entorno de Montalegre. Mn. Mallol hizo de [&hellip;]","og_url":"https:\/\/www.montalegre.org\/es\/2013\/04\/en-sufragio-por-mn-vall\/","og_site_name":"Montalegre","article_published_time":"2013-04-17T20:28:16+00:00","article_modified_time":"2013-04-17T20:30:54+00:00","og_image":[{"url":"http:\/\/www.montalegre.org\/wp-content\/uploads\/2013\/04\/6_1_Josep_Vall-1.jpg","type":"","width":"","height":""}],"author":"montalegre","twitter_card":"summary_large_image","twitter_misc":{"Escrito por":"montalegre","Tiempo de lectura":"1 minuto"},"schema":{"@context":"https:\/\/schema.org","@graph":[{"@type":"Article","@id":"https:\/\/www.montalegre.org\/es\/2013\/04\/en-sufragio-por-mn-vall\/#article","isPartOf":{"@id":"https:\/\/www.montalegre.org\/es\/2013\/04\/en-sufragio-por-mn-vall\/"},"author":{"name":"montalegre","@id":"https:\/\/www.montalegre.org\/es\/#\/schema\/person\/fa12d4cf3a3f1735a9176b4fafd6a633"},"headline":"En recuerdo de Mn. Vall","datePublished":"2013-04-17T20:28:16+00:00","dateModified":"2013-04-17T20:30:54+00:00","mainEntityOfPage":{"@id":"https:\/\/www.montalegre.org\/es\/2013\/04\/en-sufragio-por-mn-vall\/"},"wordCount":261,"commentCount":1,"image":{"@id":"https:\/\/www.montalegre.org\/es\/2013\/04\/en-sufragio-por-mn-vall\/#primaryimage"},"thumbnailUrl":"http:\/\/www.montalegre.org\/wp-content\/uploads\/2013\/04\/6_1_Josep_Vall-1.jpg","articleSection":["Noticias de Montalegre"],"inLanguage":"es","potentialAction":[{"@type":"CommentAction","name":"Comment","target":["https:\/\/www.montalegre.org\/es\/2013\/04\/en-sufragio-por-mn-vall\/#respond"]}]},{"@type":"WebPage","@id":"https:\/\/www.montalegre.org\/es\/2013\/04\/en-sufragio-por-mn-vall\/","url":"https:\/\/www.montalegre.org\/es\/2013\/04\/en-sufragio-por-mn-vall\/","name":"En recuerdo de Mn. Vall - Montalegre","isPartOf":{"@id":"https:\/\/www.montalegre.org\/es\/#website"},"primaryImageOfPage":{"@id":"https:\/\/www.montalegre.org\/es\/2013\/04\/en-sufragio-por-mn-vall\/#primaryimage"},"image":{"@id":"https:\/\/www.montalegre.org\/es\/2013\/04\/en-sufragio-por-mn-vall\/#primaryimage"},"thumbnailUrl":"http:\/\/www.montalegre.org\/wp-content\/uploads\/2013\/04\/6_1_Josep_Vall-1.jpg","datePublished":"2013-04-17T20:28:16+00:00","dateModified":"2013-04-17T20:30:54+00:00","author":{"@id":"https:\/\/www.montalegre.org\/es\/#\/schema\/person\/fa12d4cf3a3f1735a9176b4fafd6a633"},"breadcrumb":{"@id":"https:\/\/www.montalegre.org\/es\/2013\/04\/en-sufragio-por-mn-vall\/#breadcrumb"},"inLanguage":"es","potentialAction":[{"@type":"ReadAction","target":["https:\/\/www.montalegre.org\/es\/2013\/04\/en-sufragio-por-mn-vall\/"]}]},{"@type":"ImageObject","inLanguage":"es","@id":"https:\/\/www.montalegre.org\/es\/2013\/04\/en-sufragio-por-mn-vall\/#primaryimage","url":"http:\/\/www.montalegre.org\/wp-content\/uploads\/2013\/04\/6_1_Josep_Vall-1.jpg","contentUrl":"http:\/\/www.montalegre.org\/wp-content\/uploads\/2013\/04\/6_1_Josep_Vall-1.jpg"},{"@type":"BreadcrumbList","@id":"https:\/\/www.montalegre.org\/es\/2013\/04\/en-sufragio-por-mn-vall\/#breadcrumb","itemListElement":[{"@type":"ListItem","position":1,"name":"Portada","item":"https:\/\/www.montalegre.org\/es\/"},{"@type":"ListItem","position":2,"name":"En recuerdo de Mn. Vall"}]},{"@type":"WebSite","@id":"https:\/\/www.montalegre.org\/es\/#website","url":"https:\/\/www.montalegre.org\/es\/","name":"Montalegre","description":"","potentialAction":[{"@type":"SearchAction","target":{"@type":"EntryPoint","urlTemplate":"https:\/\/www.montalegre.org\/es\/?s={search_term_string}"},"query-input":{"@type":"PropertyValueSpecification","valueRequired":true,"valueName":"search_term_string"}}],"inLanguage":"es"},{"@type":"Person","@id":"https:\/\/www.montalegre.org\/es\/#\/schema\/person\/fa12d4cf3a3f1735a9176b4fafd6a633","name":"montalegre","image":{"@type":"ImageObject","inLanguage":"es","@id":"https:\/\/www.montalegre.org\/es\/#\/schema\/person\/image\/","url":"https:\/\/secure.gravatar.com\/avatar\/fe6d886cf5081e723c666dceda1f12d4f39070fa2ed4e79695edc3ca355c9b5a?s=96&d=mm&r=g","contentUrl":"https:\/\/secure.gravatar.com\/avatar\/fe6d886cf5081e723c666dceda1f12d4f39070fa2ed4e79695edc3ca355c9b5a?s=96&d=mm&r=g","caption":"montalegre"},"url":"https:\/\/www.montalegre.org\/es\/author\/montalegre\/"}]}},"_links":{"self":[{"href":"https:\/\/www.montalegre.org\/es\/wp-json\/wp\/v2\/posts\/6431","targetHints":{"allow":["GET"]}}],"collection":[{"href":"https:\/\/www.montalegre.org\/es\/wp-json\/wp\/v2\/posts"}],"about":[{"href":"https:\/\/www.montalegre.org\/es\/wp-json\/wp\/v2\/types\/post"}],"author":[{"embeddable":true,"href":"https:\/\/www.montalegre.org\/es\/wp-json\/wp\/v2\/users\/4"}],"replies":[{"embeddable":true,"href":"https:\/\/www.montalegre.org\/es\/wp-json\/wp\/v2\/comments?post=6431"}],"version-history":[{"count":5,"href":"https:\/\/www.montalegre.org\/es\/wp-json\/wp\/v2\/posts\/6431\/revisions"}],"predecessor-version":[{"id":6442,"href":"https:\/\/www.montalegre.org\/es\/wp-json\/wp\/v2\/posts\/6431\/revisions\/6442"}],"wp:attachment":[{"href":"https:\/\/www.montalegre.org\/es\/wp-json\/wp\/v2\/media?parent=6431"}],"wp:term":[{"taxonomy":"category","embeddable":true,"href":"https:\/\/www.montalegre.org\/es\/wp-json\/wp\/v2\/categories?post=6431"},{"taxonomy":"post_tag","embeddable":true,"href":"https:\/\/www.montalegre.org\/es\/wp-json\/wp\/v2\/tags?post=6431"}],"curies":[{"name":"wp","href":"https:\/\/api.w.org\/{rel}","templated":true}]}}