{"id":6417,"date":"2013-04-04T09:31:50","date_gmt":"2013-04-04T09:31:50","guid":{"rendered":"http:\/\/www.montalegre.org\/?p=6417"},"modified":"2013-04-04T09:32:15","modified_gmt":"2013-04-04T09:32:15","slug":"%c2%a1tenemos-papa","status":"publish","type":"post","link":"https:\/\/www.montalegre.org\/es\/2013\/04\/%c2%a1tenemos-papa\/","title":{"rendered":"\u00a1Tenemos Papa!"},"content":{"rendered":"<p dir=\"ltr\"><a href=\"http:\/\/www.montalegre.org\/2013\/04\/tenim-papa\/el-papa-francisco-durante-la-m_54371846747_51351706917_600_226\/\" rel=\"attachment wp-att-6414\"><img loading=\"lazy\" decoding=\"async\" class=\"alignleft size-medium wp-image-6414\" title=\"El-papa-Francisco-durante-la-m_54371846747_51351706917_600_226\" src=\"http:\/\/www.montalegre.org\/wp-content\/uploads\/2013\/04\/El-papa-Francisco-durante-la-m_54371846747_51351706917_600_226-300x113.jpg\" alt=\"\" width=\"300\" height=\"113\" \/><\/a>Despu\u00e9s de unas semanas en ese estado \u201cinc\u00f3modo\u201d de Sede Vacante de la que habl\u00e1bamos el mes pasado, tenemos la enorme alegr\u00eda de tener un nuevo Romano Pont\u00edfice. Es l\u00f3gico que la Iglesia Cat\u00f3lica est\u00e9 exultante: ya hay en la Sede Romana un nuevo sucesor de Pedro, el Papa Francisco, que por serlo es cabeza de la Iglesia universal, que tiene la misi\u00f3n de guiarla en los pr\u00f3ximo a\u00f1os, que esperamos que sean muchos.<\/p>\n<p dir=\"ltr\">Todos los fieles de la Iglesia tenemos obligaci\u00f3n de hacer una pi\u00f1a en torno al Papa Francisco, el Padre Com\u00fan; de acompa\u00f1arle con nuestra oraci\u00f3n por su persona y por sus intenciones; de escuchar y secundar sus ense\u00f1anzas y de hacer de altavoz de sus palabras.<\/p>\n<p dir=\"ltr\">Muchos sentimos una emoci\u00f3n muy grande cuando al salir a la Plaza de San Pedro para saludar y bendecir al pueblo reunido, quiso que todos rez\u00e1ramos con \u00e9l: Padrenuestro, Avemar\u00eda, Gloria&#8230; como si desde el primer momento quisiera resaltar la primac\u00eda absoluta de la Oraci\u00f3n en la vida de la Iglesia y de los cristianos. Y as\u00ed empez\u00f3 el Pontificado: acudiendo a Dios con la oraci\u00f3n de Jes\u00fas, honrando a la Trinidad Santa y acudiendo a la Sant\u00edsima Virgen.<\/p>\n<p>No tendr\u00eda sentido intentar establecer comparaciones entre unos Papas y otros. Evidentemente el Papa Francisco es distinto de Benedicto XVI y de Juan Pablo II, pero cada uno de ellos ha recibido la pesada carga del ministerio Petrino y cada uno de ellos ha marcado el camino que conven\u00eda seguir en su Pontificado. Roguemos por \u00e9l para que sea un buen instrumento del Esp\u00edritu Santo en el cumplimineto de la grave misi\u00f3n que se le ha confiado, \u00a0y para que los fieles de la Iglesia, como ovejas de su reba\u00f1o que somos, nos dejemos gobernar y conducir.<\/p>\n<p>Mn Francesc Perarnau<\/p>\n","protected":false},"excerpt":{"rendered":"<p>Despu\u00e9s de unas semanas en ese estado \u201cinc\u00f3modo\u201d de Sede Vacante de la que habl\u00e1bamos el mes pasado, tenemos la enorme alegr\u00eda de tener un nuevo Romano Pont\u00edfice. Es l\u00f3gico que la Iglesia Cat\u00f3lica est\u00e9 exultante: ya hay en la Sede Romana un nuevo sucesor de Pedro, el Papa Francisco, que por serlo es cabeza [&hellip;]<\/p>\n","protected":false},"author":4,"featured_media":0,"comment_status":"open","ping_status":"open","sticky":false,"template":"","format":"standard","meta":{"footnotes":""},"categories":[52],"tags":[],"class_list":["post-6417","post","type-post","status-publish","format-standard","hentry","category-editorial"],"yoast_head":"<!-- This site is optimized with the Yoast SEO plugin v27.1.1 - https:\/\/yoast.com\/product\/yoast-seo-wordpress\/ -->\n<title>\u00a1Tenemos Papa! - Montalegre<\/title>\n<meta name=\"robots\" content=\"index, follow, max-snippet:-1, max-image-preview:large, max-video-preview:-1\" \/>\n<link rel=\"canonical\" href=\"https:\/\/www.montalegre.org\/es\/2013\/04\/%c2%a1tenemos-papa\/\" \/>\n<meta property=\"og:locale\" content=\"es_ES\" \/>\n<meta property=\"og:type\" content=\"article\" \/>\n<meta property=\"og:title\" content=\"\u00a1Tenemos Papa! - Montalegre\" \/>\n<meta property=\"og:description\" content=\"Despu\u00e9s de unas semanas en ese estado \u201cinc\u00f3modo\u201d de Sede Vacante de la que habl\u00e1bamos el mes pasado, tenemos la enorme alegr\u00eda de tener un nuevo Romano Pont\u00edfice. Es l\u00f3gico que la Iglesia Cat\u00f3lica est\u00e9 exultante: ya hay en la Sede Romana un nuevo sucesor de Pedro, el Papa Francisco, que por serlo es cabeza [&hellip;]\" \/>\n<meta property=\"og:url\" content=\"https:\/\/www.montalegre.org\/es\/2013\/04\/%c2%a1tenemos-papa\/\" \/>\n<meta property=\"og:site_name\" content=\"Montalegre\" \/>\n<meta property=\"article:published_time\" content=\"2013-04-04T09:31:50+00:00\" \/>\n<meta property=\"article:modified_time\" content=\"2013-04-04T09:32:15+00:00\" \/>\n<meta property=\"og:image\" content=\"http:\/\/www.montalegre.org\/wp-content\/uploads\/2013\/04\/El-papa-Francisco-durante-la-m_54371846747_51351706917_600_226-300x113.jpg\" \/>\n<meta name=\"author\" content=\"montalegre\" \/>\n<meta name=\"twitter:card\" content=\"summary_large_image\" \/>\n<meta name=\"twitter:label1\" content=\"Escrito por\" \/>\n\t<meta name=\"twitter:data1\" content=\"montalegre\" \/>\n\t<meta name=\"twitter:label2\" content=\"Tiempo de lectura\" \/>\n\t<meta name=\"twitter:data2\" content=\"2 minutos\" \/>\n<script type=\"application\/ld+json\" class=\"yoast-schema-graph\">{\"@context\":\"https:\/\/schema.org\",\"@graph\":[{\"@type\":\"Article\",\"@id\":\"https:\/\/www.montalegre.org\/es\/2013\/04\/%c2%a1tenemos-papa\/#article\",\"isPartOf\":{\"@id\":\"https:\/\/www.montalegre.org\/es\/2013\/04\/%c2%a1tenemos-papa\/\"},\"author\":{\"name\":\"montalegre\",\"@id\":\"https:\/\/www.montalegre.org\/es\/#\/schema\/person\/fa12d4cf3a3f1735a9176b4fafd6a633\"},\"headline\":\"\u00a1Tenemos Papa!\",\"datePublished\":\"2013-04-04T09:31:50+00:00\",\"dateModified\":\"2013-04-04T09:32:15+00:00\",\"mainEntityOfPage\":{\"@id\":\"https:\/\/www.montalegre.org\/es\/2013\/04\/%c2%a1tenemos-papa\/\"},\"wordCount\":330,\"commentCount\":0,\"image\":{\"@id\":\"https:\/\/www.montalegre.org\/es\/2013\/04\/%c2%a1tenemos-papa\/#primaryimage\"},\"thumbnailUrl\":\"http:\/\/www.montalegre.org\/wp-content\/uploads\/2013\/04\/El-papa-Francisco-durante-la-m_54371846747_51351706917_600_226-300x113.jpg\",\"articleSection\":[\"Editorial\"],\"inLanguage\":\"es\",\"potentialAction\":[{\"@type\":\"CommentAction\",\"name\":\"Comment\",\"target\":[\"https:\/\/www.montalegre.org\/es\/2013\/04\/%c2%a1tenemos-papa\/#respond\"]}]},{\"@type\":\"WebPage\",\"@id\":\"https:\/\/www.montalegre.org\/es\/2013\/04\/%c2%a1tenemos-papa\/\",\"url\":\"https:\/\/www.montalegre.org\/es\/2013\/04\/%c2%a1tenemos-papa\/\",\"name\":\"\u00a1Tenemos Papa! - Montalegre\",\"isPartOf\":{\"@id\":\"https:\/\/www.montalegre.org\/es\/#website\"},\"primaryImageOfPage\":{\"@id\":\"https:\/\/www.montalegre.org\/es\/2013\/04\/%c2%a1tenemos-papa\/#primaryimage\"},\"image\":{\"@id\":\"https:\/\/www.montalegre.org\/es\/2013\/04\/%c2%a1tenemos-papa\/#primaryimage\"},\"thumbnailUrl\":\"http:\/\/www.montalegre.org\/wp-content\/uploads\/2013\/04\/El-papa-Francisco-durante-la-m_54371846747_51351706917_600_226-300x113.jpg\",\"datePublished\":\"2013-04-04T09:31:50+00:00\",\"dateModified\":\"2013-04-04T09:32:15+00:00\",\"author\":{\"@id\":\"https:\/\/www.montalegre.org\/es\/#\/schema\/person\/fa12d4cf3a3f1735a9176b4fafd6a633\"},\"breadcrumb\":{\"@id\":\"https:\/\/www.montalegre.org\/es\/2013\/04\/%c2%a1tenemos-papa\/#breadcrumb\"},\"inLanguage\":\"es\",\"potentialAction\":[{\"@type\":\"ReadAction\",\"target\":[\"https:\/\/www.montalegre.org\/es\/2013\/04\/%c2%a1tenemos-papa\/\"]}]},{\"@type\":\"ImageObject\",\"inLanguage\":\"es\",\"@id\":\"https:\/\/www.montalegre.org\/es\/2013\/04\/%c2%a1tenemos-papa\/#primaryimage\",\"url\":\"http:\/\/www.montalegre.org\/wp-content\/uploads\/2013\/04\/El-papa-Francisco-durante-la-m_54371846747_51351706917_600_226-300x113.jpg\",\"contentUrl\":\"http:\/\/www.montalegre.org\/wp-content\/uploads\/2013\/04\/El-papa-Francisco-durante-la-m_54371846747_51351706917_600_226-300x113.jpg\"},{\"@type\":\"BreadcrumbList\",\"@id\":\"https:\/\/www.montalegre.org\/es\/2013\/04\/%c2%a1tenemos-papa\/#breadcrumb\",\"itemListElement\":[{\"@type\":\"ListItem\",\"position\":1,\"name\":\"Portada\",\"item\":\"https:\/\/www.montalegre.org\/es\/\"},{\"@type\":\"ListItem\",\"position\":2,\"name\":\"\u00a1Tenemos Papa!\"}]},{\"@type\":\"WebSite\",\"@id\":\"https:\/\/www.montalegre.org\/es\/#website\",\"url\":\"https:\/\/www.montalegre.org\/es\/\",\"name\":\"Montalegre\",\"description\":\"\",\"potentialAction\":[{\"@type\":\"SearchAction\",\"target\":{\"@type\":\"EntryPoint\",\"urlTemplate\":\"https:\/\/www.montalegre.org\/es\/?s={search_term_string}\"},\"query-input\":{\"@type\":\"PropertyValueSpecification\",\"valueRequired\":true,\"valueName\":\"search_term_string\"}}],\"inLanguage\":\"es\"},{\"@type\":\"Person\",\"@id\":\"https:\/\/www.montalegre.org\/es\/#\/schema\/person\/fa12d4cf3a3f1735a9176b4fafd6a633\",\"name\":\"montalegre\",\"image\":{\"@type\":\"ImageObject\",\"inLanguage\":\"es\",\"@id\":\"https:\/\/www.montalegre.org\/es\/#\/schema\/person\/image\/\",\"url\":\"https:\/\/secure.gravatar.com\/avatar\/fe6d886cf5081e723c666dceda1f12d4f39070fa2ed4e79695edc3ca355c9b5a?s=96&d=mm&r=g\",\"contentUrl\":\"https:\/\/secure.gravatar.com\/avatar\/fe6d886cf5081e723c666dceda1f12d4f39070fa2ed4e79695edc3ca355c9b5a?s=96&d=mm&r=g\",\"caption\":\"montalegre\"},\"url\":\"https:\/\/www.montalegre.org\/es\/author\/montalegre\/\"}]}<\/script>\n<!-- \/ Yoast SEO plugin. -->","yoast_head_json":{"title":"\u00a1Tenemos Papa! - Montalegre","robots":{"index":"index","follow":"follow","max-snippet":"max-snippet:-1","max-image-preview":"max-image-preview:large","max-video-preview":"max-video-preview:-1"},"canonical":"https:\/\/www.montalegre.org\/es\/2013\/04\/%c2%a1tenemos-papa\/","og_locale":"es_ES","og_type":"article","og_title":"\u00a1Tenemos Papa! - Montalegre","og_description":"Despu\u00e9s de unas semanas en ese estado \u201cinc\u00f3modo\u201d de Sede Vacante de la que habl\u00e1bamos el mes pasado, tenemos la enorme alegr\u00eda de tener un nuevo Romano Pont\u00edfice. Es l\u00f3gico que la Iglesia Cat\u00f3lica est\u00e9 exultante: ya hay en la Sede Romana un nuevo sucesor de Pedro, el Papa Francisco, que por serlo es cabeza [&hellip;]","og_url":"https:\/\/www.montalegre.org\/es\/2013\/04\/%c2%a1tenemos-papa\/","og_site_name":"Montalegre","article_published_time":"2013-04-04T09:31:50+00:00","article_modified_time":"2013-04-04T09:32:15+00:00","og_image":[{"url":"http:\/\/www.montalegre.org\/wp-content\/uploads\/2013\/04\/El-papa-Francisco-durante-la-m_54371846747_51351706917_600_226-300x113.jpg","type":"","width":"","height":""}],"author":"montalegre","twitter_card":"summary_large_image","twitter_misc":{"Escrito por":"montalegre","Tiempo de lectura":"2 minutos"},"schema":{"@context":"https:\/\/schema.org","@graph":[{"@type":"Article","@id":"https:\/\/www.montalegre.org\/es\/2013\/04\/%c2%a1tenemos-papa\/#article","isPartOf":{"@id":"https:\/\/www.montalegre.org\/es\/2013\/04\/%c2%a1tenemos-papa\/"},"author":{"name":"montalegre","@id":"https:\/\/www.montalegre.org\/es\/#\/schema\/person\/fa12d4cf3a3f1735a9176b4fafd6a633"},"headline":"\u00a1Tenemos Papa!","datePublished":"2013-04-04T09:31:50+00:00","dateModified":"2013-04-04T09:32:15+00:00","mainEntityOfPage":{"@id":"https:\/\/www.montalegre.org\/es\/2013\/04\/%c2%a1tenemos-papa\/"},"wordCount":330,"commentCount":0,"image":{"@id":"https:\/\/www.montalegre.org\/es\/2013\/04\/%c2%a1tenemos-papa\/#primaryimage"},"thumbnailUrl":"http:\/\/www.montalegre.org\/wp-content\/uploads\/2013\/04\/El-papa-Francisco-durante-la-m_54371846747_51351706917_600_226-300x113.jpg","articleSection":["Editorial"],"inLanguage":"es","potentialAction":[{"@type":"CommentAction","name":"Comment","target":["https:\/\/www.montalegre.org\/es\/2013\/04\/%c2%a1tenemos-papa\/#respond"]}]},{"@type":"WebPage","@id":"https:\/\/www.montalegre.org\/es\/2013\/04\/%c2%a1tenemos-papa\/","url":"https:\/\/www.montalegre.org\/es\/2013\/04\/%c2%a1tenemos-papa\/","name":"\u00a1Tenemos Papa! - Montalegre","isPartOf":{"@id":"https:\/\/www.montalegre.org\/es\/#website"},"primaryImageOfPage":{"@id":"https:\/\/www.montalegre.org\/es\/2013\/04\/%c2%a1tenemos-papa\/#primaryimage"},"image":{"@id":"https:\/\/www.montalegre.org\/es\/2013\/04\/%c2%a1tenemos-papa\/#primaryimage"},"thumbnailUrl":"http:\/\/www.montalegre.org\/wp-content\/uploads\/2013\/04\/El-papa-Francisco-durante-la-m_54371846747_51351706917_600_226-300x113.jpg","datePublished":"2013-04-04T09:31:50+00:00","dateModified":"2013-04-04T09:32:15+00:00","author":{"@id":"https:\/\/www.montalegre.org\/es\/#\/schema\/person\/fa12d4cf3a3f1735a9176b4fafd6a633"},"breadcrumb":{"@id":"https:\/\/www.montalegre.org\/es\/2013\/04\/%c2%a1tenemos-papa\/#breadcrumb"},"inLanguage":"es","potentialAction":[{"@type":"ReadAction","target":["https:\/\/www.montalegre.org\/es\/2013\/04\/%c2%a1tenemos-papa\/"]}]},{"@type":"ImageObject","inLanguage":"es","@id":"https:\/\/www.montalegre.org\/es\/2013\/04\/%c2%a1tenemos-papa\/#primaryimage","url":"http:\/\/www.montalegre.org\/wp-content\/uploads\/2013\/04\/El-papa-Francisco-durante-la-m_54371846747_51351706917_600_226-300x113.jpg","contentUrl":"http:\/\/www.montalegre.org\/wp-content\/uploads\/2013\/04\/El-papa-Francisco-durante-la-m_54371846747_51351706917_600_226-300x113.jpg"},{"@type":"BreadcrumbList","@id":"https:\/\/www.montalegre.org\/es\/2013\/04\/%c2%a1tenemos-papa\/#breadcrumb","itemListElement":[{"@type":"ListItem","position":1,"name":"Portada","item":"https:\/\/www.montalegre.org\/es\/"},{"@type":"ListItem","position":2,"name":"\u00a1Tenemos Papa!"}]},{"@type":"WebSite","@id":"https:\/\/www.montalegre.org\/es\/#website","url":"https:\/\/www.montalegre.org\/es\/","name":"Montalegre","description":"","potentialAction":[{"@type":"SearchAction","target":{"@type":"EntryPoint","urlTemplate":"https:\/\/www.montalegre.org\/es\/?s={search_term_string}"},"query-input":{"@type":"PropertyValueSpecification","valueRequired":true,"valueName":"search_term_string"}}],"inLanguage":"es"},{"@type":"Person","@id":"https:\/\/www.montalegre.org\/es\/#\/schema\/person\/fa12d4cf3a3f1735a9176b4fafd6a633","name":"montalegre","image":{"@type":"ImageObject","inLanguage":"es","@id":"https:\/\/www.montalegre.org\/es\/#\/schema\/person\/image\/","url":"https:\/\/secure.gravatar.com\/avatar\/fe6d886cf5081e723c666dceda1f12d4f39070fa2ed4e79695edc3ca355c9b5a?s=96&d=mm&r=g","contentUrl":"https:\/\/secure.gravatar.com\/avatar\/fe6d886cf5081e723c666dceda1f12d4f39070fa2ed4e79695edc3ca355c9b5a?s=96&d=mm&r=g","caption":"montalegre"},"url":"https:\/\/www.montalegre.org\/es\/author\/montalegre\/"}]}},"_links":{"self":[{"href":"https:\/\/www.montalegre.org\/es\/wp-json\/wp\/v2\/posts\/6417","targetHints":{"allow":["GET"]}}],"collection":[{"href":"https:\/\/www.montalegre.org\/es\/wp-json\/wp\/v2\/posts"}],"about":[{"href":"https:\/\/www.montalegre.org\/es\/wp-json\/wp\/v2\/types\/post"}],"author":[{"embeddable":true,"href":"https:\/\/www.montalegre.org\/es\/wp-json\/wp\/v2\/users\/4"}],"replies":[{"embeddable":true,"href":"https:\/\/www.montalegre.org\/es\/wp-json\/wp\/v2\/comments?post=6417"}],"version-history":[{"count":4,"href":"https:\/\/www.montalegre.org\/es\/wp-json\/wp\/v2\/posts\/6417\/revisions"}],"predecessor-version":[{"id":6421,"href":"https:\/\/www.montalegre.org\/es\/wp-json\/wp\/v2\/posts\/6417\/revisions\/6421"}],"wp:attachment":[{"href":"https:\/\/www.montalegre.org\/es\/wp-json\/wp\/v2\/media?parent=6417"}],"wp:term":[{"taxonomy":"category","embeddable":true,"href":"https:\/\/www.montalegre.org\/es\/wp-json\/wp\/v2\/categories?post=6417"},{"taxonomy":"post_tag","embeddable":true,"href":"https:\/\/www.montalegre.org\/es\/wp-json\/wp\/v2\/tags?post=6417"}],"curies":[{"name":"wp","href":"https:\/\/api.w.org\/{rel}","templated":true}]}}