{"id":6099,"date":"2013-02-13T16:02:29","date_gmt":"2013-02-13T16:02:29","guid":{"rendered":"http:\/\/www.montalegre.org\/?p=6099"},"modified":"2013-02-13T16:05:27","modified_gmt":"2013-02-13T16:05:27","slug":"empieza-la-cuaresma","status":"publish","type":"post","link":"https:\/\/www.montalegre.org\/es\/2013\/02\/empieza-la-cuaresma\/","title":{"rendered":"Empieza la Cuaresma"},"content":{"rendered":"<p><a href=\"http:\/\/www.montalegre.org\/es\/2013\/02\/empieza-la-cuaresma\/images-3\/\" rel=\"attachment wp-att-6102\"><img loading=\"lazy\" decoding=\"async\" class=\"alignleft size-full wp-image-6102\" title=\"images\" src=\"http:\/\/www.montalegre.org\/wp-content\/uploads\/2013\/02\/images.jpg\" alt=\"\" width=\"261\" height=\"193\" \/><\/a>Todav\u00eda con el recuerdo reciente de la Navidad, empezamos ya el tiempo de cuaresma, un tiempo que nos habla a\u00fan de la fiesta lejana de la Pascua, la m\u00e1s importante del A\u00f1o Cristiano.<\/p>\n<p>La cuaresma es un tiempo de preparaci\u00f3n en el que procuramos renovar nuestra vida cristiana. Tradicionalmente la Iglesia propone que la preparaci\u00f3n se realice a trav\u00e9s de la oraci\u00f3n, del sacrificio y de la preocupaci\u00f3n por los dem\u00e1s (oraci\u00f3n, ayuno, limosna).<\/p>\n<p>San Le\u00f3n Magno pon\u00eda el acento en la necesidad de ejercitarse especialmente en la virtud de la caridad: <em>\u201cAs\u00ed pues, amad\u00edsimos, si bien todo tiempo es bueno para ejercitarse en la virtud de la caridad, estos d\u00edas cuaresmales nos invitan a ello de un modo m\u00e1s apremiante; si deseamos llegar a la Pascua santificados en el alma y en el cuerpo, debemos poner un inter\u00e9s especial\u00edsimo en esta virtud, que contiene en s\u00ed todas las otras y cubre la multitud de los pecados\u201d.<\/em><\/p>\n<p>Los buenos deseos conviene concretarlos en acciones concretas. Muchas personas est\u00e1n cargadas de ellos en su interior, pero no acaban de realizarlos por no traducirlos en prop\u00f3sitos. En el Evangelio encontramos un buen listado de propuestas del Se\u00f1or sobre el modo de ejercitar la Caridad con los dem\u00e1s. Tenemos bien presente aquellas palabras de Jes\u00fas, recogidas por Sant Mateo (Mt. 25, 31): <em>\u201cTuve hambre y me disteis de comer, tuve sed y me disteis de beber, estaba desnudo y me vestisteis, era peregrino y me hospedasteis\u2026\u201d.<\/em> Palabras que nos conviene meditar y que nos han de mover a hacer nuestros prop\u00f3sitos para la vida diaria. Es bueno que est\u00e9n relacionados con el entorno en el que nos movemos habitualmente y que sean sencillos de formular y de llevar a la pr\u00e1ctica: <em>sonre\u00edr m\u00e1s, escuchar con atenci\u00f3n, ser m\u00e1s amable, dar las gracias, callar posibles reproches, ofrecerse para ayudar sin que nos lo tengan que pedir\u2026 Con imaginaci\u00f3n se puede hacer una peque\u00f1a lista de la que despu\u00e9s podemos examinarnos.<\/em><\/p>\n<p>Este esfuerzo por afinar en la caridad con los dem\u00e1s seguro que nos ayuda en la lucha contra nuestro ego\u00edsmo y as\u00ed nos hace mejores y agrada a Dios.<\/p>\n<p>Es una buena manera de vivir la cuaresma y de prepararnos para la Pascua.<\/p>\n<p>Mn. Francesc Perarnau<\/p>\n","protected":false},"excerpt":{"rendered":"<p>Todav\u00eda con el recuerdo reciente de la Navidad, empezamos ya el tiempo de cuaresma, un tiempo que nos habla a\u00fan de la fiesta lejana de la Pascua, la m\u00e1s importante del A\u00f1o Cristiano. La cuaresma es un tiempo de preparaci\u00f3n en el que procuramos renovar nuestra vida cristiana. Tradicionalmente la Iglesia propone que la preparaci\u00f3n [&hellip;]<\/p>\n","protected":false},"author":4,"featured_media":0,"comment_status":"open","ping_status":"open","sticky":false,"template":"","format":"standard","meta":{"footnotes":""},"categories":[52],"tags":[],"class_list":["post-6099","post","type-post","status-publish","format-standard","hentry","category-editorial"],"yoast_head":"<!-- This site is optimized with the Yoast SEO plugin v27.1.1 - https:\/\/yoast.com\/product\/yoast-seo-wordpress\/ -->\n<title>Empieza la Cuaresma - Montalegre<\/title>\n<meta name=\"robots\" content=\"index, follow, max-snippet:-1, max-image-preview:large, max-video-preview:-1\" \/>\n<link rel=\"canonical\" href=\"https:\/\/www.montalegre.org\/es\/2013\/02\/empieza-la-cuaresma\/\" \/>\n<meta property=\"og:locale\" content=\"es_ES\" \/>\n<meta property=\"og:type\" content=\"article\" \/>\n<meta property=\"og:title\" content=\"Empieza la Cuaresma - Montalegre\" \/>\n<meta property=\"og:description\" content=\"Todav\u00eda con el recuerdo reciente de la Navidad, empezamos ya el tiempo de cuaresma, un tiempo que nos habla a\u00fan de la fiesta lejana de la Pascua, la m\u00e1s importante del A\u00f1o Cristiano. La cuaresma es un tiempo de preparaci\u00f3n en el que procuramos renovar nuestra vida cristiana. Tradicionalmente la Iglesia propone que la preparaci\u00f3n [&hellip;]\" \/>\n<meta property=\"og:url\" content=\"https:\/\/www.montalegre.org\/es\/2013\/02\/empieza-la-cuaresma\/\" \/>\n<meta property=\"og:site_name\" content=\"Montalegre\" \/>\n<meta property=\"article:published_time\" content=\"2013-02-13T16:02:29+00:00\" \/>\n<meta property=\"article:modified_time\" content=\"2013-02-13T16:05:27+00:00\" \/>\n<meta property=\"og:image\" content=\"http:\/\/www.montalegre.org\/wp-content\/uploads\/2013\/02\/images.jpg\" \/>\n<meta name=\"author\" content=\"montalegre\" \/>\n<meta name=\"twitter:card\" content=\"summary_large_image\" \/>\n<meta name=\"twitter:label1\" content=\"Escrito por\" \/>\n\t<meta name=\"twitter:data1\" content=\"montalegre\" \/>\n\t<meta name=\"twitter:label2\" content=\"Tiempo de lectura\" \/>\n\t<meta name=\"twitter:data2\" content=\"2 minutos\" \/>\n<script type=\"application\/ld+json\" class=\"yoast-schema-graph\">{\"@context\":\"https:\/\/schema.org\",\"@graph\":[{\"@type\":\"Article\",\"@id\":\"https:\/\/www.montalegre.org\/es\/2013\/02\/empieza-la-cuaresma\/#article\",\"isPartOf\":{\"@id\":\"https:\/\/www.montalegre.org\/es\/2013\/02\/empieza-la-cuaresma\/\"},\"author\":{\"name\":\"montalegre\",\"@id\":\"https:\/\/www.montalegre.org\/es\/#\/schema\/person\/fa12d4cf3a3f1735a9176b4fafd6a633\"},\"headline\":\"Empieza la Cuaresma\",\"datePublished\":\"2013-02-13T16:02:29+00:00\",\"dateModified\":\"2013-02-13T16:05:27+00:00\",\"mainEntityOfPage\":{\"@id\":\"https:\/\/www.montalegre.org\/es\/2013\/02\/empieza-la-cuaresma\/\"},\"wordCount\":408,\"commentCount\":0,\"image\":{\"@id\":\"https:\/\/www.montalegre.org\/es\/2013\/02\/empieza-la-cuaresma\/#primaryimage\"},\"thumbnailUrl\":\"http:\/\/www.montalegre.org\/wp-content\/uploads\/2013\/02\/images.jpg\",\"articleSection\":[\"Editorial\"],\"inLanguage\":\"es\",\"potentialAction\":[{\"@type\":\"CommentAction\",\"name\":\"Comment\",\"target\":[\"https:\/\/www.montalegre.org\/es\/2013\/02\/empieza-la-cuaresma\/#respond\"]}]},{\"@type\":\"WebPage\",\"@id\":\"https:\/\/www.montalegre.org\/es\/2013\/02\/empieza-la-cuaresma\/\",\"url\":\"https:\/\/www.montalegre.org\/es\/2013\/02\/empieza-la-cuaresma\/\",\"name\":\"Empieza la Cuaresma - Montalegre\",\"isPartOf\":{\"@id\":\"https:\/\/www.montalegre.org\/es\/#website\"},\"primaryImageOfPage\":{\"@id\":\"https:\/\/www.montalegre.org\/es\/2013\/02\/empieza-la-cuaresma\/#primaryimage\"},\"image\":{\"@id\":\"https:\/\/www.montalegre.org\/es\/2013\/02\/empieza-la-cuaresma\/#primaryimage\"},\"thumbnailUrl\":\"http:\/\/www.montalegre.org\/wp-content\/uploads\/2013\/02\/images.jpg\",\"datePublished\":\"2013-02-13T16:02:29+00:00\",\"dateModified\":\"2013-02-13T16:05:27+00:00\",\"author\":{\"@id\":\"https:\/\/www.montalegre.org\/es\/#\/schema\/person\/fa12d4cf3a3f1735a9176b4fafd6a633\"},\"breadcrumb\":{\"@id\":\"https:\/\/www.montalegre.org\/es\/2013\/02\/empieza-la-cuaresma\/#breadcrumb\"},\"inLanguage\":\"es\",\"potentialAction\":[{\"@type\":\"ReadAction\",\"target\":[\"https:\/\/www.montalegre.org\/es\/2013\/02\/empieza-la-cuaresma\/\"]}]},{\"@type\":\"ImageObject\",\"inLanguage\":\"es\",\"@id\":\"https:\/\/www.montalegre.org\/es\/2013\/02\/empieza-la-cuaresma\/#primaryimage\",\"url\":\"http:\/\/www.montalegre.org\/wp-content\/uploads\/2013\/02\/images.jpg\",\"contentUrl\":\"http:\/\/www.montalegre.org\/wp-content\/uploads\/2013\/02\/images.jpg\"},{\"@type\":\"BreadcrumbList\",\"@id\":\"https:\/\/www.montalegre.org\/es\/2013\/02\/empieza-la-cuaresma\/#breadcrumb\",\"itemListElement\":[{\"@type\":\"ListItem\",\"position\":1,\"name\":\"Portada\",\"item\":\"https:\/\/www.montalegre.org\/es\/\"},{\"@type\":\"ListItem\",\"position\":2,\"name\":\"Empieza la Cuaresma\"}]},{\"@type\":\"WebSite\",\"@id\":\"https:\/\/www.montalegre.org\/es\/#website\",\"url\":\"https:\/\/www.montalegre.org\/es\/\",\"name\":\"Montalegre\",\"description\":\"\",\"potentialAction\":[{\"@type\":\"SearchAction\",\"target\":{\"@type\":\"EntryPoint\",\"urlTemplate\":\"https:\/\/www.montalegre.org\/es\/?s={search_term_string}\"},\"query-input\":{\"@type\":\"PropertyValueSpecification\",\"valueRequired\":true,\"valueName\":\"search_term_string\"}}],\"inLanguage\":\"es\"},{\"@type\":\"Person\",\"@id\":\"https:\/\/www.montalegre.org\/es\/#\/schema\/person\/fa12d4cf3a3f1735a9176b4fafd6a633\",\"name\":\"montalegre\",\"image\":{\"@type\":\"ImageObject\",\"inLanguage\":\"es\",\"@id\":\"https:\/\/www.montalegre.org\/es\/#\/schema\/person\/image\/\",\"url\":\"https:\/\/secure.gravatar.com\/avatar\/fe6d886cf5081e723c666dceda1f12d4f39070fa2ed4e79695edc3ca355c9b5a?s=96&d=mm&r=g\",\"contentUrl\":\"https:\/\/secure.gravatar.com\/avatar\/fe6d886cf5081e723c666dceda1f12d4f39070fa2ed4e79695edc3ca355c9b5a?s=96&d=mm&r=g\",\"caption\":\"montalegre\"},\"url\":\"https:\/\/www.montalegre.org\/es\/author\/montalegre\/\"}]}<\/script>\n<!-- \/ Yoast SEO plugin. -->","yoast_head_json":{"title":"Empieza la Cuaresma - Montalegre","robots":{"index":"index","follow":"follow","max-snippet":"max-snippet:-1","max-image-preview":"max-image-preview:large","max-video-preview":"max-video-preview:-1"},"canonical":"https:\/\/www.montalegre.org\/es\/2013\/02\/empieza-la-cuaresma\/","og_locale":"es_ES","og_type":"article","og_title":"Empieza la Cuaresma - Montalegre","og_description":"Todav\u00eda con el recuerdo reciente de la Navidad, empezamos ya el tiempo de cuaresma, un tiempo que nos habla a\u00fan de la fiesta lejana de la Pascua, la m\u00e1s importante del A\u00f1o Cristiano. La cuaresma es un tiempo de preparaci\u00f3n en el que procuramos renovar nuestra vida cristiana. Tradicionalmente la Iglesia propone que la preparaci\u00f3n [&hellip;]","og_url":"https:\/\/www.montalegre.org\/es\/2013\/02\/empieza-la-cuaresma\/","og_site_name":"Montalegre","article_published_time":"2013-02-13T16:02:29+00:00","article_modified_time":"2013-02-13T16:05:27+00:00","og_image":[{"url":"http:\/\/www.montalegre.org\/wp-content\/uploads\/2013\/02\/images.jpg","type":"","width":"","height":""}],"author":"montalegre","twitter_card":"summary_large_image","twitter_misc":{"Escrito por":"montalegre","Tiempo de lectura":"2 minutos"},"schema":{"@context":"https:\/\/schema.org","@graph":[{"@type":"Article","@id":"https:\/\/www.montalegre.org\/es\/2013\/02\/empieza-la-cuaresma\/#article","isPartOf":{"@id":"https:\/\/www.montalegre.org\/es\/2013\/02\/empieza-la-cuaresma\/"},"author":{"name":"montalegre","@id":"https:\/\/www.montalegre.org\/es\/#\/schema\/person\/fa12d4cf3a3f1735a9176b4fafd6a633"},"headline":"Empieza la Cuaresma","datePublished":"2013-02-13T16:02:29+00:00","dateModified":"2013-02-13T16:05:27+00:00","mainEntityOfPage":{"@id":"https:\/\/www.montalegre.org\/es\/2013\/02\/empieza-la-cuaresma\/"},"wordCount":408,"commentCount":0,"image":{"@id":"https:\/\/www.montalegre.org\/es\/2013\/02\/empieza-la-cuaresma\/#primaryimage"},"thumbnailUrl":"http:\/\/www.montalegre.org\/wp-content\/uploads\/2013\/02\/images.jpg","articleSection":["Editorial"],"inLanguage":"es","potentialAction":[{"@type":"CommentAction","name":"Comment","target":["https:\/\/www.montalegre.org\/es\/2013\/02\/empieza-la-cuaresma\/#respond"]}]},{"@type":"WebPage","@id":"https:\/\/www.montalegre.org\/es\/2013\/02\/empieza-la-cuaresma\/","url":"https:\/\/www.montalegre.org\/es\/2013\/02\/empieza-la-cuaresma\/","name":"Empieza la Cuaresma - Montalegre","isPartOf":{"@id":"https:\/\/www.montalegre.org\/es\/#website"},"primaryImageOfPage":{"@id":"https:\/\/www.montalegre.org\/es\/2013\/02\/empieza-la-cuaresma\/#primaryimage"},"image":{"@id":"https:\/\/www.montalegre.org\/es\/2013\/02\/empieza-la-cuaresma\/#primaryimage"},"thumbnailUrl":"http:\/\/www.montalegre.org\/wp-content\/uploads\/2013\/02\/images.jpg","datePublished":"2013-02-13T16:02:29+00:00","dateModified":"2013-02-13T16:05:27+00:00","author":{"@id":"https:\/\/www.montalegre.org\/es\/#\/schema\/person\/fa12d4cf3a3f1735a9176b4fafd6a633"},"breadcrumb":{"@id":"https:\/\/www.montalegre.org\/es\/2013\/02\/empieza-la-cuaresma\/#breadcrumb"},"inLanguage":"es","potentialAction":[{"@type":"ReadAction","target":["https:\/\/www.montalegre.org\/es\/2013\/02\/empieza-la-cuaresma\/"]}]},{"@type":"ImageObject","inLanguage":"es","@id":"https:\/\/www.montalegre.org\/es\/2013\/02\/empieza-la-cuaresma\/#primaryimage","url":"http:\/\/www.montalegre.org\/wp-content\/uploads\/2013\/02\/images.jpg","contentUrl":"http:\/\/www.montalegre.org\/wp-content\/uploads\/2013\/02\/images.jpg"},{"@type":"BreadcrumbList","@id":"https:\/\/www.montalegre.org\/es\/2013\/02\/empieza-la-cuaresma\/#breadcrumb","itemListElement":[{"@type":"ListItem","position":1,"name":"Portada","item":"https:\/\/www.montalegre.org\/es\/"},{"@type":"ListItem","position":2,"name":"Empieza la Cuaresma"}]},{"@type":"WebSite","@id":"https:\/\/www.montalegre.org\/es\/#website","url":"https:\/\/www.montalegre.org\/es\/","name":"Montalegre","description":"","potentialAction":[{"@type":"SearchAction","target":{"@type":"EntryPoint","urlTemplate":"https:\/\/www.montalegre.org\/es\/?s={search_term_string}"},"query-input":{"@type":"PropertyValueSpecification","valueRequired":true,"valueName":"search_term_string"}}],"inLanguage":"es"},{"@type":"Person","@id":"https:\/\/www.montalegre.org\/es\/#\/schema\/person\/fa12d4cf3a3f1735a9176b4fafd6a633","name":"montalegre","image":{"@type":"ImageObject","inLanguage":"es","@id":"https:\/\/www.montalegre.org\/es\/#\/schema\/person\/image\/","url":"https:\/\/secure.gravatar.com\/avatar\/fe6d886cf5081e723c666dceda1f12d4f39070fa2ed4e79695edc3ca355c9b5a?s=96&d=mm&r=g","contentUrl":"https:\/\/secure.gravatar.com\/avatar\/fe6d886cf5081e723c666dceda1f12d4f39070fa2ed4e79695edc3ca355c9b5a?s=96&d=mm&r=g","caption":"montalegre"},"url":"https:\/\/www.montalegre.org\/es\/author\/montalegre\/"}]}},"_links":{"self":[{"href":"https:\/\/www.montalegre.org\/es\/wp-json\/wp\/v2\/posts\/6099","targetHints":{"allow":["GET"]}}],"collection":[{"href":"https:\/\/www.montalegre.org\/es\/wp-json\/wp\/v2\/posts"}],"about":[{"href":"https:\/\/www.montalegre.org\/es\/wp-json\/wp\/v2\/types\/post"}],"author":[{"embeddable":true,"href":"https:\/\/www.montalegre.org\/es\/wp-json\/wp\/v2\/users\/4"}],"replies":[{"embeddable":true,"href":"https:\/\/www.montalegre.org\/es\/wp-json\/wp\/v2\/comments?post=6099"}],"version-history":[{"count":4,"href":"https:\/\/www.montalegre.org\/es\/wp-json\/wp\/v2\/posts\/6099\/revisions"}],"predecessor-version":[{"id":6104,"href":"https:\/\/www.montalegre.org\/es\/wp-json\/wp\/v2\/posts\/6099\/revisions\/6104"}],"wp:attachment":[{"href":"https:\/\/www.montalegre.org\/es\/wp-json\/wp\/v2\/media?parent=6099"}],"wp:term":[{"taxonomy":"category","embeddable":true,"href":"https:\/\/www.montalegre.org\/es\/wp-json\/wp\/v2\/categories?post=6099"},{"taxonomy":"post_tag","embeddable":true,"href":"https:\/\/www.montalegre.org\/es\/wp-json\/wp\/v2\/tags?post=6099"}],"curies":[{"name":"wp","href":"https:\/\/api.w.org\/{rel}","templated":true}]}}