{"id":6070,"date":"2013-01-24T21:33:27","date_gmt":"2013-01-24T21:33:27","guid":{"rendered":"http:\/\/www.montalegre.org\/?p=6070"},"modified":"2013-01-24T21:38:33","modified_gmt":"2013-01-24T21:38:33","slug":"nuestra-fe-es-un-tesoro","status":"publish","type":"post","link":"https:\/\/www.montalegre.org\/es\/2013\/01\/nuestra-fe-es-un-tesoro\/","title":{"rendered":"Nuestra fe es un tesoro"},"content":{"rendered":"<p><a href=\"http:\/\/www.montalegre.org\/2013\/01\/la-nostra-fe-es-un-tresor\/img_8867\/\" rel=\"attachment wp-att-6066\"><img loading=\"lazy\" decoding=\"async\" class=\"alignleft size-medium wp-image-6066\" title=\"IMG_8867\" src=\"http:\/\/www.montalegre.org\/wp-content\/uploads\/2013\/01\/IMG_8867-300x225.jpg\" alt=\"\" width=\"320\" height=\"239\" \/><\/a>Se celebraron las <strong>48 Jornadas de Cuestiones Pastorales de Castelldaura,<\/strong>\u00a0 bajo el lema <strong>A\u00f1o de la Fe, Confesar la fe es un reto.<\/strong> Este a\u00f1o se han desarrollado en el Aula Maga de la Facultad de Teolog\u00eda de Catalu\u00f1a, en Barcelona. Han sido organizadas por el Centro Sacerdotal Rossell\u00f3 y por primera vez han salido del entorno de Castelldaura (Premi\u00e0 de Dalt). La participaci\u00f3n de sacerdotes y laicos fue muy numerosa. La sesi\u00f3n inaugural corri\u00f3 a cargo del Cardenal Arzobispo de Barcelona Dr. Llu\u00eds Mart\u00ednez y Sistach, el cual estuvo acompa\u00f1ado en la presentaci\u00f3n por el Dr. Antoni Pujals, Vicario de la Prelatura del Opus Dei en Catalu\u00f1a, el Dr. Armand Puig, Decano de la Facultad de Teolog\u00eda de Catalunya, el Dr. Jaume Aymar, Decano de la Facultad de Filosof\u00eda de Catalu\u00f1a y el Dr. Albert Ribot, Director de la entidad organizadora.<em><\/em><\/p>\n<p>El se\u00f1or Cardenal manifest\u00f3 que\u00a0 <em>&#8220;Es misi\u00f3n de toda la Iglesia evangelizar, no obsta<\/em><em><\/em><em>nte ahora hay que hacer una<a href=\"http:\/\/www.montalegre.org\/2013\/01\/la-nostra-fe-es-un-tresor\/img_8876\/\" rel=\"attachment wp-att-6067\"><img loading=\"lazy\" decoding=\"async\" class=\"alignright size-medium wp-image-6067\" title=\"IMG_8876\" src=\"http:\/\/www.montalegre.org\/wp-content\/uploads\/2013\/01\/IMG_8876-300x225.jpg\" alt=\"\" width=\"336\" height=\"253\" \/><\/a> nueva evangelizaci\u00f3n donde el mejor testimonio ser\u00e1 insuficiente si no manifiestamos abiertamente nuestra fe &#8230; Debemos tener el gozo de la fe y el entusiasmo de comunicarla y por ello debemos considerarla un tesoro &#8230; teniendo en cuenta que ofreceremos este tesoro a una sociedad que, en muchos casos, considera a Dios fuera de su vida y de la sociedad y que vive como si Dios no existiera &#8230; Por lo tanto, y siguiendo el plan pastoral de Barcelona debemos dar a conocer a Jes\u00fas a quien no lo conoce, con la vida y la palabra, es decir con nuestro testimonio y confesando nuestra fe, as\u00ed como dando testimonio con obras, practicando la caridad. &#8220;<\/em><\/p>\n<p>Las conferencias fueron las siguientes:<\/p>\n<p><strong>D\u00eda 22 de enero de 2013<\/strong><\/p>\n<p><em><strong>Importancia de una formaci\u00f3n permanente para los nuevos evangelizadores,<\/strong><\/em> a cargo de mons. Octavio Ruiz Arenas.<br \/>\n<strong><em>El primer anuncio, pieza clave de la nueva evangelizaci\u00f3n,<\/em><\/strong> a cargo del Dr. Xavier Morlans.<br \/>\n<em><strong>Mesa redonda: Fe cristiana y cultura contempor\u00e1nea,<\/strong><\/em> a cargo del Sr. Enric Juliana, Dr. Armand Puig y Dr. Jos\u00e9 Ignacio Saranyana.<\/p>\n<p><strong><a href=\"http:\/\/www.montalegre.org\/2013\/01\/la-nostra-fe-es-un-tresor\/img_8880\/\" rel=\"attachment wp-att-6064\"><img loading=\"lazy\" decoding=\"async\" class=\"alignleft size-medium wp-image-6064\" title=\"IMG_8880\" src=\"http:\/\/www.montalegre.org\/wp-content\/uploads\/2013\/01\/IMG_8880-300x225.jpg\" alt=\"\" width=\"315\" height=\"237\" \/><\/a>D\u00eda 23 de enero de 2013<\/strong><\/p>\n<p><em><strong>El A\u00f1o de la Fe en la era laica,<\/strong><\/em> a cargo del Dr. Massimo Introvigne<br \/>\n<em><strong>Cultura contempor\u00e1nea y sentido de fe<\/strong><\/em>, a cargo de Dr. Llu\u00eds Romera.<br \/>\n<em><strong>Mesa redonda: Mi encuentro con Dios: \u00bfqu\u00e9 cambia de mi vida?,<\/strong><\/em> a cargo de la Sra. Merc\u00e8 Aroz, Sr. Etsuro Sotoo, Sr. Valent\u00ed Puig, Sr. Arturo San Agust\u00edn y Dr.Jaume Aymar.<\/p>\n<p>Servicios Informativos Montalegre<\/p>\n","protected":false},"excerpt":{"rendered":"<p>Se celebraron las 48 Jornadas de Cuestiones Pastorales de Castelldaura,\u00a0 bajo el lema A\u00f1o de la Fe, Confesar la fe es un reto. Este a\u00f1o se han desarrollado en el Aula Maga de la Facultad de Teolog\u00eda de Catalu\u00f1a, en Barcelona. Han sido organizadas por el Centro Sacerdotal Rossell\u00f3 y por primera vez han salido [&hellip;]<\/p>\n","protected":false},"author":4,"featured_media":0,"comment_status":"open","ping_status":"open","sticky":false,"template":"","format":"standard","meta":{"footnotes":""},"categories":[1],"tags":[],"class_list":["post-6070","post","type-post","status-publish","format-standard","hentry","category-noticias-de-montalegre"],"yoast_head":"<!-- This site is optimized with the Yoast SEO plugin v27.1.1 - https:\/\/yoast.com\/product\/yoast-seo-wordpress\/ -->\n<title>Nuestra fe es un tesoro - Montalegre<\/title>\n<meta name=\"robots\" content=\"index, follow, max-snippet:-1, max-image-preview:large, max-video-preview:-1\" \/>\n<link rel=\"canonical\" href=\"https:\/\/www.montalegre.org\/es\/2013\/01\/nuestra-fe-es-un-tesoro\/\" \/>\n<meta property=\"og:locale\" content=\"es_ES\" \/>\n<meta property=\"og:type\" content=\"article\" \/>\n<meta property=\"og:title\" content=\"Nuestra fe es un tesoro - Montalegre\" \/>\n<meta property=\"og:description\" content=\"Se celebraron las 48 Jornadas de Cuestiones Pastorales de Castelldaura,\u00a0 bajo el lema A\u00f1o de la Fe, Confesar la fe es un reto. Este a\u00f1o se han desarrollado en el Aula Maga de la Facultad de Teolog\u00eda de Catalu\u00f1a, en Barcelona. Han sido organizadas por el Centro Sacerdotal Rossell\u00f3 y por primera vez han salido [&hellip;]\" \/>\n<meta property=\"og:url\" content=\"https:\/\/www.montalegre.org\/es\/2013\/01\/nuestra-fe-es-un-tesoro\/\" \/>\n<meta property=\"og:site_name\" content=\"Montalegre\" \/>\n<meta property=\"article:published_time\" content=\"2013-01-24T21:33:27+00:00\" \/>\n<meta property=\"article:modified_time\" content=\"2013-01-24T21:38:33+00:00\" \/>\n<meta property=\"og:image\" content=\"http:\/\/www.montalegre.org\/wp-content\/uploads\/2013\/01\/IMG_8867-300x225.jpg\" \/>\n<meta name=\"author\" content=\"montalegre\" \/>\n<meta name=\"twitter:card\" content=\"summary_large_image\" \/>\n<meta name=\"twitter:label1\" content=\"Escrito por\" \/>\n\t<meta name=\"twitter:data1\" content=\"montalegre\" \/>\n\t<meta name=\"twitter:label2\" content=\"Tiempo de lectura\" \/>\n\t<meta name=\"twitter:data2\" content=\"2 minutos\" \/>\n<script type=\"application\/ld+json\" class=\"yoast-schema-graph\">{\"@context\":\"https:\/\/schema.org\",\"@graph\":[{\"@type\":\"Article\",\"@id\":\"https:\/\/www.montalegre.org\/es\/2013\/01\/nuestra-fe-es-un-tesoro\/#article\",\"isPartOf\":{\"@id\":\"https:\/\/www.montalegre.org\/es\/2013\/01\/nuestra-fe-es-un-tesoro\/\"},\"author\":{\"name\":\"montalegre\",\"@id\":\"https:\/\/www.montalegre.org\/es\/#\/schema\/person\/fa12d4cf3a3f1735a9176b4fafd6a633\"},\"headline\":\"Nuestra fe es un tesoro\",\"datePublished\":\"2013-01-24T21:33:27+00:00\",\"dateModified\":\"2013-01-24T21:38:33+00:00\",\"mainEntityOfPage\":{\"@id\":\"https:\/\/www.montalegre.org\/es\/2013\/01\/nuestra-fe-es-un-tesoro\/\"},\"wordCount\":431,\"commentCount\":0,\"image\":{\"@id\":\"https:\/\/www.montalegre.org\/es\/2013\/01\/nuestra-fe-es-un-tesoro\/#primaryimage\"},\"thumbnailUrl\":\"http:\/\/www.montalegre.org\/wp-content\/uploads\/2013\/01\/IMG_8867-300x225.jpg\",\"articleSection\":[\"Noticias de Montalegre\"],\"inLanguage\":\"es\",\"potentialAction\":[{\"@type\":\"CommentAction\",\"name\":\"Comment\",\"target\":[\"https:\/\/www.montalegre.org\/es\/2013\/01\/nuestra-fe-es-un-tesoro\/#respond\"]}]},{\"@type\":\"WebPage\",\"@id\":\"https:\/\/www.montalegre.org\/es\/2013\/01\/nuestra-fe-es-un-tesoro\/\",\"url\":\"https:\/\/www.montalegre.org\/es\/2013\/01\/nuestra-fe-es-un-tesoro\/\",\"name\":\"Nuestra fe es un tesoro - Montalegre\",\"isPartOf\":{\"@id\":\"https:\/\/www.montalegre.org\/es\/#website\"},\"primaryImageOfPage\":{\"@id\":\"https:\/\/www.montalegre.org\/es\/2013\/01\/nuestra-fe-es-un-tesoro\/#primaryimage\"},\"image\":{\"@id\":\"https:\/\/www.montalegre.org\/es\/2013\/01\/nuestra-fe-es-un-tesoro\/#primaryimage\"},\"thumbnailUrl\":\"http:\/\/www.montalegre.org\/wp-content\/uploads\/2013\/01\/IMG_8867-300x225.jpg\",\"datePublished\":\"2013-01-24T21:33:27+00:00\",\"dateModified\":\"2013-01-24T21:38:33+00:00\",\"author\":{\"@id\":\"https:\/\/www.montalegre.org\/es\/#\/schema\/person\/fa12d4cf3a3f1735a9176b4fafd6a633\"},\"breadcrumb\":{\"@id\":\"https:\/\/www.montalegre.org\/es\/2013\/01\/nuestra-fe-es-un-tesoro\/#breadcrumb\"},\"inLanguage\":\"es\",\"potentialAction\":[{\"@type\":\"ReadAction\",\"target\":[\"https:\/\/www.montalegre.org\/es\/2013\/01\/nuestra-fe-es-un-tesoro\/\"]}]},{\"@type\":\"ImageObject\",\"inLanguage\":\"es\",\"@id\":\"https:\/\/www.montalegre.org\/es\/2013\/01\/nuestra-fe-es-un-tesoro\/#primaryimage\",\"url\":\"http:\/\/www.montalegre.org\/wp-content\/uploads\/2013\/01\/IMG_8867-300x225.jpg\",\"contentUrl\":\"http:\/\/www.montalegre.org\/wp-content\/uploads\/2013\/01\/IMG_8867-300x225.jpg\"},{\"@type\":\"BreadcrumbList\",\"@id\":\"https:\/\/www.montalegre.org\/es\/2013\/01\/nuestra-fe-es-un-tesoro\/#breadcrumb\",\"itemListElement\":[{\"@type\":\"ListItem\",\"position\":1,\"name\":\"Portada\",\"item\":\"https:\/\/www.montalegre.org\/es\/\"},{\"@type\":\"ListItem\",\"position\":2,\"name\":\"Nuestra fe es un tesoro\"}]},{\"@type\":\"WebSite\",\"@id\":\"https:\/\/www.montalegre.org\/es\/#website\",\"url\":\"https:\/\/www.montalegre.org\/es\/\",\"name\":\"Montalegre\",\"description\":\"\",\"potentialAction\":[{\"@type\":\"SearchAction\",\"target\":{\"@type\":\"EntryPoint\",\"urlTemplate\":\"https:\/\/www.montalegre.org\/es\/?s={search_term_string}\"},\"query-input\":{\"@type\":\"PropertyValueSpecification\",\"valueRequired\":true,\"valueName\":\"search_term_string\"}}],\"inLanguage\":\"es\"},{\"@type\":\"Person\",\"@id\":\"https:\/\/www.montalegre.org\/es\/#\/schema\/person\/fa12d4cf3a3f1735a9176b4fafd6a633\",\"name\":\"montalegre\",\"image\":{\"@type\":\"ImageObject\",\"inLanguage\":\"es\",\"@id\":\"https:\/\/www.montalegre.org\/es\/#\/schema\/person\/image\/\",\"url\":\"https:\/\/secure.gravatar.com\/avatar\/fe6d886cf5081e723c666dceda1f12d4f39070fa2ed4e79695edc3ca355c9b5a?s=96&d=mm&r=g\",\"contentUrl\":\"https:\/\/secure.gravatar.com\/avatar\/fe6d886cf5081e723c666dceda1f12d4f39070fa2ed4e79695edc3ca355c9b5a?s=96&d=mm&r=g\",\"caption\":\"montalegre\"},\"url\":\"https:\/\/www.montalegre.org\/es\/author\/montalegre\/\"}]}<\/script>\n<!-- \/ Yoast SEO plugin. -->","yoast_head_json":{"title":"Nuestra fe es un tesoro - Montalegre","robots":{"index":"index","follow":"follow","max-snippet":"max-snippet:-1","max-image-preview":"max-image-preview:large","max-video-preview":"max-video-preview:-1"},"canonical":"https:\/\/www.montalegre.org\/es\/2013\/01\/nuestra-fe-es-un-tesoro\/","og_locale":"es_ES","og_type":"article","og_title":"Nuestra fe es un tesoro - Montalegre","og_description":"Se celebraron las 48 Jornadas de Cuestiones Pastorales de Castelldaura,\u00a0 bajo el lema A\u00f1o de la Fe, Confesar la fe es un reto. Este a\u00f1o se han desarrollado en el Aula Maga de la Facultad de Teolog\u00eda de Catalu\u00f1a, en Barcelona. Han sido organizadas por el Centro Sacerdotal Rossell\u00f3 y por primera vez han salido [&hellip;]","og_url":"https:\/\/www.montalegre.org\/es\/2013\/01\/nuestra-fe-es-un-tesoro\/","og_site_name":"Montalegre","article_published_time":"2013-01-24T21:33:27+00:00","article_modified_time":"2013-01-24T21:38:33+00:00","og_image":[{"url":"http:\/\/www.montalegre.org\/wp-content\/uploads\/2013\/01\/IMG_8867-300x225.jpg","type":"","width":"","height":""}],"author":"montalegre","twitter_card":"summary_large_image","twitter_misc":{"Escrito por":"montalegre","Tiempo de lectura":"2 minutos"},"schema":{"@context":"https:\/\/schema.org","@graph":[{"@type":"Article","@id":"https:\/\/www.montalegre.org\/es\/2013\/01\/nuestra-fe-es-un-tesoro\/#article","isPartOf":{"@id":"https:\/\/www.montalegre.org\/es\/2013\/01\/nuestra-fe-es-un-tesoro\/"},"author":{"name":"montalegre","@id":"https:\/\/www.montalegre.org\/es\/#\/schema\/person\/fa12d4cf3a3f1735a9176b4fafd6a633"},"headline":"Nuestra fe es un tesoro","datePublished":"2013-01-24T21:33:27+00:00","dateModified":"2013-01-24T21:38:33+00:00","mainEntityOfPage":{"@id":"https:\/\/www.montalegre.org\/es\/2013\/01\/nuestra-fe-es-un-tesoro\/"},"wordCount":431,"commentCount":0,"image":{"@id":"https:\/\/www.montalegre.org\/es\/2013\/01\/nuestra-fe-es-un-tesoro\/#primaryimage"},"thumbnailUrl":"http:\/\/www.montalegre.org\/wp-content\/uploads\/2013\/01\/IMG_8867-300x225.jpg","articleSection":["Noticias de Montalegre"],"inLanguage":"es","potentialAction":[{"@type":"CommentAction","name":"Comment","target":["https:\/\/www.montalegre.org\/es\/2013\/01\/nuestra-fe-es-un-tesoro\/#respond"]}]},{"@type":"WebPage","@id":"https:\/\/www.montalegre.org\/es\/2013\/01\/nuestra-fe-es-un-tesoro\/","url":"https:\/\/www.montalegre.org\/es\/2013\/01\/nuestra-fe-es-un-tesoro\/","name":"Nuestra fe es un tesoro - Montalegre","isPartOf":{"@id":"https:\/\/www.montalegre.org\/es\/#website"},"primaryImageOfPage":{"@id":"https:\/\/www.montalegre.org\/es\/2013\/01\/nuestra-fe-es-un-tesoro\/#primaryimage"},"image":{"@id":"https:\/\/www.montalegre.org\/es\/2013\/01\/nuestra-fe-es-un-tesoro\/#primaryimage"},"thumbnailUrl":"http:\/\/www.montalegre.org\/wp-content\/uploads\/2013\/01\/IMG_8867-300x225.jpg","datePublished":"2013-01-24T21:33:27+00:00","dateModified":"2013-01-24T21:38:33+00:00","author":{"@id":"https:\/\/www.montalegre.org\/es\/#\/schema\/person\/fa12d4cf3a3f1735a9176b4fafd6a633"},"breadcrumb":{"@id":"https:\/\/www.montalegre.org\/es\/2013\/01\/nuestra-fe-es-un-tesoro\/#breadcrumb"},"inLanguage":"es","potentialAction":[{"@type":"ReadAction","target":["https:\/\/www.montalegre.org\/es\/2013\/01\/nuestra-fe-es-un-tesoro\/"]}]},{"@type":"ImageObject","inLanguage":"es","@id":"https:\/\/www.montalegre.org\/es\/2013\/01\/nuestra-fe-es-un-tesoro\/#primaryimage","url":"http:\/\/www.montalegre.org\/wp-content\/uploads\/2013\/01\/IMG_8867-300x225.jpg","contentUrl":"http:\/\/www.montalegre.org\/wp-content\/uploads\/2013\/01\/IMG_8867-300x225.jpg"},{"@type":"BreadcrumbList","@id":"https:\/\/www.montalegre.org\/es\/2013\/01\/nuestra-fe-es-un-tesoro\/#breadcrumb","itemListElement":[{"@type":"ListItem","position":1,"name":"Portada","item":"https:\/\/www.montalegre.org\/es\/"},{"@type":"ListItem","position":2,"name":"Nuestra fe es un tesoro"}]},{"@type":"WebSite","@id":"https:\/\/www.montalegre.org\/es\/#website","url":"https:\/\/www.montalegre.org\/es\/","name":"Montalegre","description":"","potentialAction":[{"@type":"SearchAction","target":{"@type":"EntryPoint","urlTemplate":"https:\/\/www.montalegre.org\/es\/?s={search_term_string}"},"query-input":{"@type":"PropertyValueSpecification","valueRequired":true,"valueName":"search_term_string"}}],"inLanguage":"es"},{"@type":"Person","@id":"https:\/\/www.montalegre.org\/es\/#\/schema\/person\/fa12d4cf3a3f1735a9176b4fafd6a633","name":"montalegre","image":{"@type":"ImageObject","inLanguage":"es","@id":"https:\/\/www.montalegre.org\/es\/#\/schema\/person\/image\/","url":"https:\/\/secure.gravatar.com\/avatar\/fe6d886cf5081e723c666dceda1f12d4f39070fa2ed4e79695edc3ca355c9b5a?s=96&d=mm&r=g","contentUrl":"https:\/\/secure.gravatar.com\/avatar\/fe6d886cf5081e723c666dceda1f12d4f39070fa2ed4e79695edc3ca355c9b5a?s=96&d=mm&r=g","caption":"montalegre"},"url":"https:\/\/www.montalegre.org\/es\/author\/montalegre\/"}]}},"_links":{"self":[{"href":"https:\/\/www.montalegre.org\/es\/wp-json\/wp\/v2\/posts\/6070","targetHints":{"allow":["GET"]}}],"collection":[{"href":"https:\/\/www.montalegre.org\/es\/wp-json\/wp\/v2\/posts"}],"about":[{"href":"https:\/\/www.montalegre.org\/es\/wp-json\/wp\/v2\/types\/post"}],"author":[{"embeddable":true,"href":"https:\/\/www.montalegre.org\/es\/wp-json\/wp\/v2\/users\/4"}],"replies":[{"embeddable":true,"href":"https:\/\/www.montalegre.org\/es\/wp-json\/wp\/v2\/comments?post=6070"}],"version-history":[{"count":7,"href":"https:\/\/www.montalegre.org\/es\/wp-json\/wp\/v2\/posts\/6070\/revisions"}],"predecessor-version":[{"id":6077,"href":"https:\/\/www.montalegre.org\/es\/wp-json\/wp\/v2\/posts\/6070\/revisions\/6077"}],"wp:attachment":[{"href":"https:\/\/www.montalegre.org\/es\/wp-json\/wp\/v2\/media?parent=6070"}],"wp:term":[{"taxonomy":"category","embeddable":true,"href":"https:\/\/www.montalegre.org\/es\/wp-json\/wp\/v2\/categories?post=6070"},{"taxonomy":"post_tag","embeddable":true,"href":"https:\/\/www.montalegre.org\/es\/wp-json\/wp\/v2\/tags?post=6070"}],"curies":[{"name":"wp","href":"https:\/\/api.w.org\/{rel}","templated":true}]}}