{"id":6039,"date":"2013-01-15T21:42:43","date_gmt":"2013-01-15T21:42:43","guid":{"rendered":"http:\/\/www.montalegre.org\/?p=6039"},"modified":"2013-01-15T21:42:44","modified_gmt":"2013-01-15T21:42:44","slug":"en-mayo-nos-vamos-a-fatima","status":"publish","type":"post","link":"https:\/\/www.montalegre.org\/es\/2013\/01\/en-mayo-nos-vamos-a-fatima\/","title":{"rendered":"En mayo, nos vamos a F\u00e1tima"},"content":{"rendered":"<p><a href=\"http:\/\/www.montalegre.org\/2013\/01\/pel-maig-ens-anem-a-fatima\/img_3233\/\" rel=\"attachment wp-att-6035\"><img loading=\"lazy\" decoding=\"async\" class=\"alignleft size-medium wp-image-6035\" title=\"IMG_3233\" src=\"http:\/\/www.montalegre.org\/wp-content\/uploads\/2013\/01\/IMG_3233-225x300.jpg\" alt=\"\" width=\"225\" height=\"300\" \/><\/a>En el mes de mayo del a\u00f1o 2010 fuimos a F\u00e1tima, era nuestra quinta peregrinaci\u00f3n que en esta \u00faltima etapa de Montalegre y la primera que hac\u00edamos a aquellas tierras portuguesas. Fueron tres d\u00edas intensos muy cerca de la Virgen y de los pastorcillos a los que se apareci\u00f3. As\u00ed que este a\u00f1o, dado que ha sido necesario posponer para una nueva ocasi\u00f3n la propuesta de peregrinaci\u00f3n a Tierra Santa, volvemos\u00a0 a F\u00e1tima.<\/p>\n<p>Por lo tanto, os invitamos a que os inscrib\u00e1is a esta nueva propuesta de fin de semana para los d\u00edas <strong>24, 25 y 26 de mayo de 2013<\/strong>. Conoceremos todo el santuario; el sacerdote que nos acompa\u00f1ar\u00e1 celebrar\u00e1 la santa misa diariamente, rezaremos el rosario en la explanada del santuario por la noche en la procesi\u00f3n de las velas; visitaremos los lugares de las apariciones del \u00c1ngel y de la Virgen, as\u00ed como los museos, la bas\u00edlica y la gran iglesia para diez mil peregrinos y las diversas capillas del santuario.<\/p>\n<p>El alojamiento ser\u00e1 en una residencia religiosa muy cerquita de la bas\u00edlica. El viaje de ida y vuelta ser\u00e1 en avi\u00f3n (Barcelona &#8211; Lisboa), y los traslados en autocar. El precio en r\u00e9gimen de pensi\u00f3n completa,en habitaci\u00f3n doble, es de 540 euros por persona.<a href=\"http:\/\/www.montalegre.org\/2013\/01\/pel-maig-ens-anem-a-fatima\/img_3328\/\" rel=\"attachment wp-att-6036\"><img loading=\"lazy\" decoding=\"async\" class=\"alignright size-medium wp-image-6036\" title=\"IMG_3328\" src=\"http:\/\/www.montalegre.org\/wp-content\/uploads\/2013\/01\/IMG_3328-300x225.jpg\" alt=\"\" width=\"300\" height=\"225\" \/><\/a><\/p>\n<p>Si est\u00e1is interesados, pod\u00e9is poneros en contacto con la <strong>AGENCIA DE VIAJES MAGISTER para efectuar la preinscripci\u00f3n al Tel. 934879423, o al correo electr\u00f3nico: manuelyeste@viajesmagister.com<\/strong><\/p>\n<p><em>Aviso importante<\/em>: Si se ha inscrito un grupo entre 25 y 30 personas en el plazo m\u00e1ximo de un mes a partir de ahora, abrir\u00edamos el plazo para efectuar los pagos y convocar\u00edamos una reuni\u00f3n informativa para explicar con detalle toda la peregrinaci\u00f3n.<\/p>\n<p>Isabel Hern\u00e1ndez Esteban<\/p>\n","protected":false},"excerpt":{"rendered":"<p>En el mes de mayo del a\u00f1o 2010 fuimos a F\u00e1tima, era nuestra quinta peregrinaci\u00f3n que en esta \u00faltima etapa de Montalegre y la primera que hac\u00edamos a aquellas tierras portuguesas. Fueron tres d\u00edas intensos muy cerca de la Virgen y de los pastorcillos a los que se apareci\u00f3. As\u00ed que este a\u00f1o, dado que [&hellip;]<\/p>\n","protected":false},"author":4,"featured_media":0,"comment_status":"open","ping_status":"open","sticky":false,"template":"","format":"standard","meta":{"footnotes":""},"categories":[1],"tags":[],"class_list":["post-6039","post","type-post","status-publish","format-standard","hentry","category-noticias-de-montalegre"],"yoast_head":"<!-- This site is optimized with the Yoast SEO plugin v27.1.1 - https:\/\/yoast.com\/product\/yoast-seo-wordpress\/ -->\n<title>En mayo, nos vamos a F\u00e1tima - Montalegre<\/title>\n<meta name=\"robots\" content=\"index, follow, max-snippet:-1, max-image-preview:large, max-video-preview:-1\" \/>\n<link rel=\"canonical\" href=\"https:\/\/www.montalegre.org\/es\/2013\/01\/en-mayo-nos-vamos-a-fatima\/\" \/>\n<meta property=\"og:locale\" content=\"es_ES\" \/>\n<meta property=\"og:type\" content=\"article\" \/>\n<meta property=\"og:title\" content=\"En mayo, nos vamos a F\u00e1tima - Montalegre\" \/>\n<meta property=\"og:description\" content=\"En el mes de mayo del a\u00f1o 2010 fuimos a F\u00e1tima, era nuestra quinta peregrinaci\u00f3n que en esta \u00faltima etapa de Montalegre y la primera que hac\u00edamos a aquellas tierras portuguesas. Fueron tres d\u00edas intensos muy cerca de la Virgen y de los pastorcillos a los que se apareci\u00f3. As\u00ed que este a\u00f1o, dado que [&hellip;]\" \/>\n<meta property=\"og:url\" content=\"https:\/\/www.montalegre.org\/es\/2013\/01\/en-mayo-nos-vamos-a-fatima\/\" \/>\n<meta property=\"og:site_name\" content=\"Montalegre\" \/>\n<meta property=\"article:published_time\" content=\"2013-01-15T21:42:43+00:00\" \/>\n<meta property=\"article:modified_time\" content=\"2013-01-15T21:42:44+00:00\" \/>\n<meta property=\"og:image\" content=\"http:\/\/www.montalegre.org\/wp-content\/uploads\/2013\/01\/IMG_3233-225x300.jpg\" \/>\n<meta name=\"author\" content=\"montalegre\" \/>\n<meta name=\"twitter:card\" content=\"summary_large_image\" \/>\n<meta name=\"twitter:label1\" content=\"Escrito por\" \/>\n\t<meta name=\"twitter:data1\" content=\"montalegre\" \/>\n\t<meta name=\"twitter:label2\" content=\"Tiempo de lectura\" \/>\n\t<meta name=\"twitter:data2\" content=\"2 minutos\" \/>\n<script type=\"application\/ld+json\" class=\"yoast-schema-graph\">{\"@context\":\"https:\/\/schema.org\",\"@graph\":[{\"@type\":\"Article\",\"@id\":\"https:\/\/www.montalegre.org\/es\/2013\/01\/en-mayo-nos-vamos-a-fatima\/#article\",\"isPartOf\":{\"@id\":\"https:\/\/www.montalegre.org\/es\/2013\/01\/en-mayo-nos-vamos-a-fatima\/\"},\"author\":{\"name\":\"montalegre\",\"@id\":\"https:\/\/www.montalegre.org\/es\/#\/schema\/person\/fa12d4cf3a3f1735a9176b4fafd6a633\"},\"headline\":\"En mayo, nos vamos a F\u00e1tima\",\"datePublished\":\"2013-01-15T21:42:43+00:00\",\"dateModified\":\"2013-01-15T21:42:44+00:00\",\"mainEntityOfPage\":{\"@id\":\"https:\/\/www.montalegre.org\/es\/2013\/01\/en-mayo-nos-vamos-a-fatima\/\"},\"wordCount\":309,\"commentCount\":0,\"image\":{\"@id\":\"https:\/\/www.montalegre.org\/es\/2013\/01\/en-mayo-nos-vamos-a-fatima\/#primaryimage\"},\"thumbnailUrl\":\"http:\/\/www.montalegre.org\/wp-content\/uploads\/2013\/01\/IMG_3233-225x300.jpg\",\"articleSection\":[\"Noticias de Montalegre\"],\"inLanguage\":\"es\",\"potentialAction\":[{\"@type\":\"CommentAction\",\"name\":\"Comment\",\"target\":[\"https:\/\/www.montalegre.org\/es\/2013\/01\/en-mayo-nos-vamos-a-fatima\/#respond\"]}]},{\"@type\":\"WebPage\",\"@id\":\"https:\/\/www.montalegre.org\/es\/2013\/01\/en-mayo-nos-vamos-a-fatima\/\",\"url\":\"https:\/\/www.montalegre.org\/es\/2013\/01\/en-mayo-nos-vamos-a-fatima\/\",\"name\":\"En mayo, nos vamos a F\u00e1tima - Montalegre\",\"isPartOf\":{\"@id\":\"https:\/\/www.montalegre.org\/es\/#website\"},\"primaryImageOfPage\":{\"@id\":\"https:\/\/www.montalegre.org\/es\/2013\/01\/en-mayo-nos-vamos-a-fatima\/#primaryimage\"},\"image\":{\"@id\":\"https:\/\/www.montalegre.org\/es\/2013\/01\/en-mayo-nos-vamos-a-fatima\/#primaryimage\"},\"thumbnailUrl\":\"http:\/\/www.montalegre.org\/wp-content\/uploads\/2013\/01\/IMG_3233-225x300.jpg\",\"datePublished\":\"2013-01-15T21:42:43+00:00\",\"dateModified\":\"2013-01-15T21:42:44+00:00\",\"author\":{\"@id\":\"https:\/\/www.montalegre.org\/es\/#\/schema\/person\/fa12d4cf3a3f1735a9176b4fafd6a633\"},\"breadcrumb\":{\"@id\":\"https:\/\/www.montalegre.org\/es\/2013\/01\/en-mayo-nos-vamos-a-fatima\/#breadcrumb\"},\"inLanguage\":\"es\",\"potentialAction\":[{\"@type\":\"ReadAction\",\"target\":[\"https:\/\/www.montalegre.org\/es\/2013\/01\/en-mayo-nos-vamos-a-fatima\/\"]}]},{\"@type\":\"ImageObject\",\"inLanguage\":\"es\",\"@id\":\"https:\/\/www.montalegre.org\/es\/2013\/01\/en-mayo-nos-vamos-a-fatima\/#primaryimage\",\"url\":\"http:\/\/www.montalegre.org\/wp-content\/uploads\/2013\/01\/IMG_3233-225x300.jpg\",\"contentUrl\":\"http:\/\/www.montalegre.org\/wp-content\/uploads\/2013\/01\/IMG_3233-225x300.jpg\"},{\"@type\":\"BreadcrumbList\",\"@id\":\"https:\/\/www.montalegre.org\/es\/2013\/01\/en-mayo-nos-vamos-a-fatima\/#breadcrumb\",\"itemListElement\":[{\"@type\":\"ListItem\",\"position\":1,\"name\":\"Portada\",\"item\":\"https:\/\/www.montalegre.org\/es\/\"},{\"@type\":\"ListItem\",\"position\":2,\"name\":\"En mayo, nos vamos a F\u00e1tima\"}]},{\"@type\":\"WebSite\",\"@id\":\"https:\/\/www.montalegre.org\/es\/#website\",\"url\":\"https:\/\/www.montalegre.org\/es\/\",\"name\":\"Montalegre\",\"description\":\"\",\"potentialAction\":[{\"@type\":\"SearchAction\",\"target\":{\"@type\":\"EntryPoint\",\"urlTemplate\":\"https:\/\/www.montalegre.org\/es\/?s={search_term_string}\"},\"query-input\":{\"@type\":\"PropertyValueSpecification\",\"valueRequired\":true,\"valueName\":\"search_term_string\"}}],\"inLanguage\":\"es\"},{\"@type\":\"Person\",\"@id\":\"https:\/\/www.montalegre.org\/es\/#\/schema\/person\/fa12d4cf3a3f1735a9176b4fafd6a633\",\"name\":\"montalegre\",\"image\":{\"@type\":\"ImageObject\",\"inLanguage\":\"es\",\"@id\":\"https:\/\/www.montalegre.org\/es\/#\/schema\/person\/image\/\",\"url\":\"https:\/\/secure.gravatar.com\/avatar\/fe6d886cf5081e723c666dceda1f12d4f39070fa2ed4e79695edc3ca355c9b5a?s=96&d=mm&r=g\",\"contentUrl\":\"https:\/\/secure.gravatar.com\/avatar\/fe6d886cf5081e723c666dceda1f12d4f39070fa2ed4e79695edc3ca355c9b5a?s=96&d=mm&r=g\",\"caption\":\"montalegre\"},\"url\":\"https:\/\/www.montalegre.org\/es\/author\/montalegre\/\"}]}<\/script>\n<!-- \/ Yoast SEO plugin. -->","yoast_head_json":{"title":"En mayo, nos vamos a F\u00e1tima - Montalegre","robots":{"index":"index","follow":"follow","max-snippet":"max-snippet:-1","max-image-preview":"max-image-preview:large","max-video-preview":"max-video-preview:-1"},"canonical":"https:\/\/www.montalegre.org\/es\/2013\/01\/en-mayo-nos-vamos-a-fatima\/","og_locale":"es_ES","og_type":"article","og_title":"En mayo, nos vamos a F\u00e1tima - Montalegre","og_description":"En el mes de mayo del a\u00f1o 2010 fuimos a F\u00e1tima, era nuestra quinta peregrinaci\u00f3n que en esta \u00faltima etapa de Montalegre y la primera que hac\u00edamos a aquellas tierras portuguesas. Fueron tres d\u00edas intensos muy cerca de la Virgen y de los pastorcillos a los que se apareci\u00f3. As\u00ed que este a\u00f1o, dado que [&hellip;]","og_url":"https:\/\/www.montalegre.org\/es\/2013\/01\/en-mayo-nos-vamos-a-fatima\/","og_site_name":"Montalegre","article_published_time":"2013-01-15T21:42:43+00:00","article_modified_time":"2013-01-15T21:42:44+00:00","og_image":[{"url":"http:\/\/www.montalegre.org\/wp-content\/uploads\/2013\/01\/IMG_3233-225x300.jpg","type":"","width":"","height":""}],"author":"montalegre","twitter_card":"summary_large_image","twitter_misc":{"Escrito por":"montalegre","Tiempo de lectura":"2 minutos"},"schema":{"@context":"https:\/\/schema.org","@graph":[{"@type":"Article","@id":"https:\/\/www.montalegre.org\/es\/2013\/01\/en-mayo-nos-vamos-a-fatima\/#article","isPartOf":{"@id":"https:\/\/www.montalegre.org\/es\/2013\/01\/en-mayo-nos-vamos-a-fatima\/"},"author":{"name":"montalegre","@id":"https:\/\/www.montalegre.org\/es\/#\/schema\/person\/fa12d4cf3a3f1735a9176b4fafd6a633"},"headline":"En mayo, nos vamos a F\u00e1tima","datePublished":"2013-01-15T21:42:43+00:00","dateModified":"2013-01-15T21:42:44+00:00","mainEntityOfPage":{"@id":"https:\/\/www.montalegre.org\/es\/2013\/01\/en-mayo-nos-vamos-a-fatima\/"},"wordCount":309,"commentCount":0,"image":{"@id":"https:\/\/www.montalegre.org\/es\/2013\/01\/en-mayo-nos-vamos-a-fatima\/#primaryimage"},"thumbnailUrl":"http:\/\/www.montalegre.org\/wp-content\/uploads\/2013\/01\/IMG_3233-225x300.jpg","articleSection":["Noticias de Montalegre"],"inLanguage":"es","potentialAction":[{"@type":"CommentAction","name":"Comment","target":["https:\/\/www.montalegre.org\/es\/2013\/01\/en-mayo-nos-vamos-a-fatima\/#respond"]}]},{"@type":"WebPage","@id":"https:\/\/www.montalegre.org\/es\/2013\/01\/en-mayo-nos-vamos-a-fatima\/","url":"https:\/\/www.montalegre.org\/es\/2013\/01\/en-mayo-nos-vamos-a-fatima\/","name":"En mayo, nos vamos a F\u00e1tima - Montalegre","isPartOf":{"@id":"https:\/\/www.montalegre.org\/es\/#website"},"primaryImageOfPage":{"@id":"https:\/\/www.montalegre.org\/es\/2013\/01\/en-mayo-nos-vamos-a-fatima\/#primaryimage"},"image":{"@id":"https:\/\/www.montalegre.org\/es\/2013\/01\/en-mayo-nos-vamos-a-fatima\/#primaryimage"},"thumbnailUrl":"http:\/\/www.montalegre.org\/wp-content\/uploads\/2013\/01\/IMG_3233-225x300.jpg","datePublished":"2013-01-15T21:42:43+00:00","dateModified":"2013-01-15T21:42:44+00:00","author":{"@id":"https:\/\/www.montalegre.org\/es\/#\/schema\/person\/fa12d4cf3a3f1735a9176b4fafd6a633"},"breadcrumb":{"@id":"https:\/\/www.montalegre.org\/es\/2013\/01\/en-mayo-nos-vamos-a-fatima\/#breadcrumb"},"inLanguage":"es","potentialAction":[{"@type":"ReadAction","target":["https:\/\/www.montalegre.org\/es\/2013\/01\/en-mayo-nos-vamos-a-fatima\/"]}]},{"@type":"ImageObject","inLanguage":"es","@id":"https:\/\/www.montalegre.org\/es\/2013\/01\/en-mayo-nos-vamos-a-fatima\/#primaryimage","url":"http:\/\/www.montalegre.org\/wp-content\/uploads\/2013\/01\/IMG_3233-225x300.jpg","contentUrl":"http:\/\/www.montalegre.org\/wp-content\/uploads\/2013\/01\/IMG_3233-225x300.jpg"},{"@type":"BreadcrumbList","@id":"https:\/\/www.montalegre.org\/es\/2013\/01\/en-mayo-nos-vamos-a-fatima\/#breadcrumb","itemListElement":[{"@type":"ListItem","position":1,"name":"Portada","item":"https:\/\/www.montalegre.org\/es\/"},{"@type":"ListItem","position":2,"name":"En mayo, nos vamos a F\u00e1tima"}]},{"@type":"WebSite","@id":"https:\/\/www.montalegre.org\/es\/#website","url":"https:\/\/www.montalegre.org\/es\/","name":"Montalegre","description":"","potentialAction":[{"@type":"SearchAction","target":{"@type":"EntryPoint","urlTemplate":"https:\/\/www.montalegre.org\/es\/?s={search_term_string}"},"query-input":{"@type":"PropertyValueSpecification","valueRequired":true,"valueName":"search_term_string"}}],"inLanguage":"es"},{"@type":"Person","@id":"https:\/\/www.montalegre.org\/es\/#\/schema\/person\/fa12d4cf3a3f1735a9176b4fafd6a633","name":"montalegre","image":{"@type":"ImageObject","inLanguage":"es","@id":"https:\/\/www.montalegre.org\/es\/#\/schema\/person\/image\/","url":"https:\/\/secure.gravatar.com\/avatar\/fe6d886cf5081e723c666dceda1f12d4f39070fa2ed4e79695edc3ca355c9b5a?s=96&d=mm&r=g","contentUrl":"https:\/\/secure.gravatar.com\/avatar\/fe6d886cf5081e723c666dceda1f12d4f39070fa2ed4e79695edc3ca355c9b5a?s=96&d=mm&r=g","caption":"montalegre"},"url":"https:\/\/www.montalegre.org\/es\/author\/montalegre\/"}]}},"_links":{"self":[{"href":"https:\/\/www.montalegre.org\/es\/wp-json\/wp\/v2\/posts\/6039","targetHints":{"allow":["GET"]}}],"collection":[{"href":"https:\/\/www.montalegre.org\/es\/wp-json\/wp\/v2\/posts"}],"about":[{"href":"https:\/\/www.montalegre.org\/es\/wp-json\/wp\/v2\/types\/post"}],"author":[{"embeddable":true,"href":"https:\/\/www.montalegre.org\/es\/wp-json\/wp\/v2\/users\/4"}],"replies":[{"embeddable":true,"href":"https:\/\/www.montalegre.org\/es\/wp-json\/wp\/v2\/comments?post=6039"}],"version-history":[{"count":2,"href":"https:\/\/www.montalegre.org\/es\/wp-json\/wp\/v2\/posts\/6039\/revisions"}],"predecessor-version":[{"id":6041,"href":"https:\/\/www.montalegre.org\/es\/wp-json\/wp\/v2\/posts\/6039\/revisions\/6041"}],"wp:attachment":[{"href":"https:\/\/www.montalegre.org\/es\/wp-json\/wp\/v2\/media?parent=6039"}],"wp:term":[{"taxonomy":"category","embeddable":true,"href":"https:\/\/www.montalegre.org\/es\/wp-json\/wp\/v2\/categories?post=6039"},{"taxonomy":"post_tag","embeddable":true,"href":"https:\/\/www.montalegre.org\/es\/wp-json\/wp\/v2\/tags?post=6039"}],"curies":[{"name":"wp","href":"https:\/\/api.w.org\/{rel}","templated":true}]}}