{"id":5991,"date":"2013-01-03T10:31:01","date_gmt":"2013-01-03T10:31:01","guid":{"rendered":"http:\/\/www.montalegre.org\/?p=5991"},"modified":"2013-01-03T10:58:17","modified_gmt":"2013-01-03T10:58:17","slug":"el-sant-pare-i-els-reis-mags-2","status":"publish","type":"post","link":"https:\/\/www.montalegre.org\/es\/2013\/01\/el-sant-pare-i-els-reis-mags-2\/","title":{"rendered":"EL PAPA Y LOS REYES MAGOS"},"content":{"rendered":"<p><a href=\"http:\/\/www.montalegre.org\/es\/2013\/01\/el-sant-pare-i-els-reis-mags-2\/14820286-bruselas-22-de-junio-tres-reyes-magos-de-cristal-en-la-catedral-gotica-de-san-miguel-s-el-22-de-jun-2\/\" rel=\"attachment wp-att-6007\"><img loading=\"lazy\" decoding=\"async\" class=\"alignleft size-medium wp-image-6007\" title=\"14820286-bruselas--22-de-junio-tres-reyes-magos-de-cristal-en-la-catedral-gotica-de-san-miguel-s-el-22-de-jun\" src=\"http:\/\/www.montalegre.org\/wp-content\/uploads\/2013\/01\/14820286-bruselas-22-de-junio-tres-reyes-magos-de-cristal-en-la-catedral-gotica-de-san-miguel-s-el-22-de-jun1-300x234.jpg\" alt=\"\" width=\"300\" height=\"234\" \/><\/a>Hace poco tiempo algunos peri\u00f3dicos recog\u00edan la noticia con grandes titulares: el Papa hab\u00eda escrito en su libro sobre la infancia del Se\u00f1or que los Reyes Magos eran de Andaluc\u00eda.<\/p>\n<p>La noticia no dejaba de sorprender y, l\u00f3gicamente ven\u00edan ganas de leer lo que en realidad hab\u00eda escrito el Papa, para poder tener una idea clara de su reflexi\u00f3n. El Papa , de hecho, dec\u00eda estas palabras que copiamos a continuaci\u00f3n:<em> &#8220;As\u00ed como la tradici\u00f3n de la Iglesia ha le\u00eddo con toda naturalidad el relato de la Navidad sobre el trasfondo de Isa\u00edas 1,3, y de este modo llegaron al pesebre el buey y el asno, as\u00ed tambi\u00e9n ha le\u00eddo la historia de los Magos a la luz del Salmo 72,10 e Isa\u00edas 60(*). Y, de esta manera, los hombres sabios de Oriente se han convertido en reyes, y con ellos han entrado en el pesebre los camellos y los dromedarios.<\/em><\/p>\n<p><em>La promesa contenida en estos textos extiende la proveniencia de estos hombres hasta el extremo Occidente (Tarsis, Tartessos en Espa\u00f1a), pero la tradici\u00f3n ha desarrollado ulteriormente este anuncio de la universalidad de los reinos de aquellos soberanos, interpret\u00e1ndolos como reyes de los tres continentes entonces conocidos: \u00c1frica, Asia y Europa&#8221;.<\/em><\/p>\n<p>Como se puede comprobar, nada tiene que ver lo que dice el Papa en el libro con la procedencia andaluza de esos Magos que aparecen en el Evangelio.<\/p>\n<p>Lo peor de todo es que esa noticia que, por otra parte, no tiene m\u00e1s trascendencia, muestra una vez m\u00e1s c\u00f3mo algunos pueden destruir una labor profunda de un experto en Sagrada Escritura con unos comentarios jocosos que quedan muy lejos del sentido real que el escritor, en este caso el Papa, escribe en su libro.<\/p>\n<p>De cualquier modo, nos queda la lecci\u00f3n bien aprendida. Aunque a veces pueda resultar un poco arduo, vale la pena leer en directo los tres libros sobre la Vida de Jes\u00fas que el Papa ha publicado en los \u00faltimos a\u00f1os. Beber en esa fuente sin intermediarios que nos quieran explicar lo que el Papa quiere decir, nos ayuda a conocer mejor al Se\u00f1or. Lo haremos a trav\u00e9s de la luz que nos aporta la reflexi\u00f3n sabia de un hombre de Dios, que adem\u00e1s es un gran te\u00f3logo y en estos momentos el sucesor de Pedro al frente de la Iglesia.<\/p>\n<p>Mn Francesc Perarnau<\/p>\n<p>(*)<\/p>\n<p><em>Salmo 72, 10 y ss\u00a0 <strong><strong>(&#8230;)<\/strong><\/strong>que los reyes de Tarsis y de las costas lejanas \/ le paguen tributo. \/ Que los reyes de Arabia y de Seb\u00e1\u00a0 le traigan regalos; <strong>\/ <strong><\/strong><\/strong>que todos los reyes le rindan homenaje y lo sirvan todas las naciones. <\/em><\/p>\n<p><em>Isaias 60, 6 (&#8230;) Te ver\u00e1s cubierta de caravanas de camellos \/ que vienen de Madi\u00e1n y de Ef\u00e1; \/ vendr\u00e1n todos los de Sab\u00e1, \/cargados de oro y de incienso, \/ y proclamar\u00e1n las acciones gloriosas del Se\u00f1or.<\/em><\/p>\n","protected":false},"excerpt":{"rendered":"<p>Hace poco tiempo algunos peri\u00f3dicos recog\u00edan la noticia con grandes titulares: el Papa hab\u00eda escrito en su libro sobre la infancia del Se\u00f1or que los Reyes Magos eran de Andaluc\u00eda. La noticia no dejaba de sorprender y, l\u00f3gicamente ven\u00edan ganas de leer lo que en realidad hab\u00eda escrito el Papa, para poder tener una idea [&hellip;]<\/p>\n","protected":false},"author":4,"featured_media":0,"comment_status":"open","ping_status":"open","sticky":false,"template":"","format":"standard","meta":{"footnotes":""},"categories":[52],"tags":[],"class_list":["post-5991","post","type-post","status-publish","format-standard","hentry","category-editorial"],"yoast_head":"<!-- This site is optimized with the Yoast SEO plugin v27.1.1 - https:\/\/yoast.com\/product\/yoast-seo-wordpress\/ -->\n<title>EL PAPA Y LOS REYES MAGOS - Montalegre<\/title>\n<meta name=\"robots\" content=\"index, follow, max-snippet:-1, max-image-preview:large, max-video-preview:-1\" \/>\n<link rel=\"canonical\" href=\"https:\/\/www.montalegre.org\/es\/2013\/01\/el-sant-pare-i-els-reis-mags-2\/\" \/>\n<meta property=\"og:locale\" content=\"es_ES\" \/>\n<meta property=\"og:type\" content=\"article\" \/>\n<meta property=\"og:title\" content=\"EL PAPA Y LOS REYES MAGOS - Montalegre\" \/>\n<meta property=\"og:description\" content=\"Hace poco tiempo algunos peri\u00f3dicos recog\u00edan la noticia con grandes titulares: el Papa hab\u00eda escrito en su libro sobre la infancia del Se\u00f1or que los Reyes Magos eran de Andaluc\u00eda. La noticia no dejaba de sorprender y, l\u00f3gicamente ven\u00edan ganas de leer lo que en realidad hab\u00eda escrito el Papa, para poder tener una idea [&hellip;]\" \/>\n<meta property=\"og:url\" content=\"https:\/\/www.montalegre.org\/es\/2013\/01\/el-sant-pare-i-els-reis-mags-2\/\" \/>\n<meta property=\"og:site_name\" content=\"Montalegre\" \/>\n<meta property=\"article:published_time\" content=\"2013-01-03T10:31:01+00:00\" \/>\n<meta property=\"article:modified_time\" content=\"2013-01-03T10:58:17+00:00\" \/>\n<meta property=\"og:image\" content=\"http:\/\/www.montalegre.org\/wp-content\/uploads\/2013\/01\/14820286-bruselas-22-de-junio-tres-reyes-magos-de-cristal-en-la-catedral-gotica-de-san-miguel-s-el-22-de-jun1-300x234.jpg\" \/>\n<meta name=\"author\" content=\"montalegre\" \/>\n<meta name=\"twitter:card\" content=\"summary_large_image\" \/>\n<meta name=\"twitter:label1\" content=\"Escrito por\" \/>\n\t<meta name=\"twitter:data1\" content=\"montalegre\" \/>\n\t<meta name=\"twitter:label2\" content=\"Tiempo de lectura\" \/>\n\t<meta name=\"twitter:data2\" content=\"2 minutos\" \/>\n<script type=\"application\/ld+json\" class=\"yoast-schema-graph\">{\"@context\":\"https:\/\/schema.org\",\"@graph\":[{\"@type\":\"Article\",\"@id\":\"https:\/\/www.montalegre.org\/es\/2013\/01\/el-sant-pare-i-els-reis-mags-2\/#article\",\"isPartOf\":{\"@id\":\"https:\/\/www.montalegre.org\/es\/2013\/01\/el-sant-pare-i-els-reis-mags-2\/\"},\"author\":{\"name\":\"montalegre\",\"@id\":\"https:\/\/www.montalegre.org\/es\/#\/schema\/person\/fa12d4cf3a3f1735a9176b4fafd6a633\"},\"headline\":\"EL PAPA Y LOS REYES MAGOS\",\"datePublished\":\"2013-01-03T10:31:01+00:00\",\"dateModified\":\"2013-01-03T10:58:17+00:00\",\"mainEntityOfPage\":{\"@id\":\"https:\/\/www.montalegre.org\/es\/2013\/01\/el-sant-pare-i-els-reis-mags-2\/\"},\"wordCount\":499,\"commentCount\":0,\"image\":{\"@id\":\"https:\/\/www.montalegre.org\/es\/2013\/01\/el-sant-pare-i-els-reis-mags-2\/#primaryimage\"},\"thumbnailUrl\":\"http:\/\/www.montalegre.org\/wp-content\/uploads\/2013\/01\/14820286-bruselas-22-de-junio-tres-reyes-magos-de-cristal-en-la-catedral-gotica-de-san-miguel-s-el-22-de-jun1-300x234.jpg\",\"articleSection\":[\"Editorial\"],\"inLanguage\":\"es\",\"potentialAction\":[{\"@type\":\"CommentAction\",\"name\":\"Comment\",\"target\":[\"https:\/\/www.montalegre.org\/es\/2013\/01\/el-sant-pare-i-els-reis-mags-2\/#respond\"]}]},{\"@type\":\"WebPage\",\"@id\":\"https:\/\/www.montalegre.org\/es\/2013\/01\/el-sant-pare-i-els-reis-mags-2\/\",\"url\":\"https:\/\/www.montalegre.org\/es\/2013\/01\/el-sant-pare-i-els-reis-mags-2\/\",\"name\":\"EL PAPA Y LOS REYES MAGOS - Montalegre\",\"isPartOf\":{\"@id\":\"https:\/\/www.montalegre.org\/es\/#website\"},\"primaryImageOfPage\":{\"@id\":\"https:\/\/www.montalegre.org\/es\/2013\/01\/el-sant-pare-i-els-reis-mags-2\/#primaryimage\"},\"image\":{\"@id\":\"https:\/\/www.montalegre.org\/es\/2013\/01\/el-sant-pare-i-els-reis-mags-2\/#primaryimage\"},\"thumbnailUrl\":\"http:\/\/www.montalegre.org\/wp-content\/uploads\/2013\/01\/14820286-bruselas-22-de-junio-tres-reyes-magos-de-cristal-en-la-catedral-gotica-de-san-miguel-s-el-22-de-jun1-300x234.jpg\",\"datePublished\":\"2013-01-03T10:31:01+00:00\",\"dateModified\":\"2013-01-03T10:58:17+00:00\",\"author\":{\"@id\":\"https:\/\/www.montalegre.org\/es\/#\/schema\/person\/fa12d4cf3a3f1735a9176b4fafd6a633\"},\"breadcrumb\":{\"@id\":\"https:\/\/www.montalegre.org\/es\/2013\/01\/el-sant-pare-i-els-reis-mags-2\/#breadcrumb\"},\"inLanguage\":\"es\",\"potentialAction\":[{\"@type\":\"ReadAction\",\"target\":[\"https:\/\/www.montalegre.org\/es\/2013\/01\/el-sant-pare-i-els-reis-mags-2\/\"]}]},{\"@type\":\"ImageObject\",\"inLanguage\":\"es\",\"@id\":\"https:\/\/www.montalegre.org\/es\/2013\/01\/el-sant-pare-i-els-reis-mags-2\/#primaryimage\",\"url\":\"http:\/\/www.montalegre.org\/wp-content\/uploads\/2013\/01\/14820286-bruselas-22-de-junio-tres-reyes-magos-de-cristal-en-la-catedral-gotica-de-san-miguel-s-el-22-de-jun1-300x234.jpg\",\"contentUrl\":\"http:\/\/www.montalegre.org\/wp-content\/uploads\/2013\/01\/14820286-bruselas-22-de-junio-tres-reyes-magos-de-cristal-en-la-catedral-gotica-de-san-miguel-s-el-22-de-jun1-300x234.jpg\"},{\"@type\":\"BreadcrumbList\",\"@id\":\"https:\/\/www.montalegre.org\/es\/2013\/01\/el-sant-pare-i-els-reis-mags-2\/#breadcrumb\",\"itemListElement\":[{\"@type\":\"ListItem\",\"position\":1,\"name\":\"Portada\",\"item\":\"https:\/\/www.montalegre.org\/es\/\"},{\"@type\":\"ListItem\",\"position\":2,\"name\":\"EL PAPA Y LOS REYES MAGOS\"}]},{\"@type\":\"WebSite\",\"@id\":\"https:\/\/www.montalegre.org\/es\/#website\",\"url\":\"https:\/\/www.montalegre.org\/es\/\",\"name\":\"Montalegre\",\"description\":\"\",\"potentialAction\":[{\"@type\":\"SearchAction\",\"target\":{\"@type\":\"EntryPoint\",\"urlTemplate\":\"https:\/\/www.montalegre.org\/es\/?s={search_term_string}\"},\"query-input\":{\"@type\":\"PropertyValueSpecification\",\"valueRequired\":true,\"valueName\":\"search_term_string\"}}],\"inLanguage\":\"es\"},{\"@type\":\"Person\",\"@id\":\"https:\/\/www.montalegre.org\/es\/#\/schema\/person\/fa12d4cf3a3f1735a9176b4fafd6a633\",\"name\":\"montalegre\",\"image\":{\"@type\":\"ImageObject\",\"inLanguage\":\"es\",\"@id\":\"https:\/\/www.montalegre.org\/es\/#\/schema\/person\/image\/\",\"url\":\"https:\/\/secure.gravatar.com\/avatar\/fe6d886cf5081e723c666dceda1f12d4f39070fa2ed4e79695edc3ca355c9b5a?s=96&d=mm&r=g\",\"contentUrl\":\"https:\/\/secure.gravatar.com\/avatar\/fe6d886cf5081e723c666dceda1f12d4f39070fa2ed4e79695edc3ca355c9b5a?s=96&d=mm&r=g\",\"caption\":\"montalegre\"},\"url\":\"https:\/\/www.montalegre.org\/es\/author\/montalegre\/\"}]}<\/script>\n<!-- \/ Yoast SEO plugin. -->","yoast_head_json":{"title":"EL PAPA Y LOS REYES MAGOS - Montalegre","robots":{"index":"index","follow":"follow","max-snippet":"max-snippet:-1","max-image-preview":"max-image-preview:large","max-video-preview":"max-video-preview:-1"},"canonical":"https:\/\/www.montalegre.org\/es\/2013\/01\/el-sant-pare-i-els-reis-mags-2\/","og_locale":"es_ES","og_type":"article","og_title":"EL PAPA Y LOS REYES MAGOS - Montalegre","og_description":"Hace poco tiempo algunos peri\u00f3dicos recog\u00edan la noticia con grandes titulares: el Papa hab\u00eda escrito en su libro sobre la infancia del Se\u00f1or que los Reyes Magos eran de Andaluc\u00eda. La noticia no dejaba de sorprender y, l\u00f3gicamente ven\u00edan ganas de leer lo que en realidad hab\u00eda escrito el Papa, para poder tener una idea [&hellip;]","og_url":"https:\/\/www.montalegre.org\/es\/2013\/01\/el-sant-pare-i-els-reis-mags-2\/","og_site_name":"Montalegre","article_published_time":"2013-01-03T10:31:01+00:00","article_modified_time":"2013-01-03T10:58:17+00:00","og_image":[{"url":"http:\/\/www.montalegre.org\/wp-content\/uploads\/2013\/01\/14820286-bruselas-22-de-junio-tres-reyes-magos-de-cristal-en-la-catedral-gotica-de-san-miguel-s-el-22-de-jun1-300x234.jpg","type":"","width":"","height":""}],"author":"montalegre","twitter_card":"summary_large_image","twitter_misc":{"Escrito por":"montalegre","Tiempo de lectura":"2 minutos"},"schema":{"@context":"https:\/\/schema.org","@graph":[{"@type":"Article","@id":"https:\/\/www.montalegre.org\/es\/2013\/01\/el-sant-pare-i-els-reis-mags-2\/#article","isPartOf":{"@id":"https:\/\/www.montalegre.org\/es\/2013\/01\/el-sant-pare-i-els-reis-mags-2\/"},"author":{"name":"montalegre","@id":"https:\/\/www.montalegre.org\/es\/#\/schema\/person\/fa12d4cf3a3f1735a9176b4fafd6a633"},"headline":"EL PAPA Y LOS REYES MAGOS","datePublished":"2013-01-03T10:31:01+00:00","dateModified":"2013-01-03T10:58:17+00:00","mainEntityOfPage":{"@id":"https:\/\/www.montalegre.org\/es\/2013\/01\/el-sant-pare-i-els-reis-mags-2\/"},"wordCount":499,"commentCount":0,"image":{"@id":"https:\/\/www.montalegre.org\/es\/2013\/01\/el-sant-pare-i-els-reis-mags-2\/#primaryimage"},"thumbnailUrl":"http:\/\/www.montalegre.org\/wp-content\/uploads\/2013\/01\/14820286-bruselas-22-de-junio-tres-reyes-magos-de-cristal-en-la-catedral-gotica-de-san-miguel-s-el-22-de-jun1-300x234.jpg","articleSection":["Editorial"],"inLanguage":"es","potentialAction":[{"@type":"CommentAction","name":"Comment","target":["https:\/\/www.montalegre.org\/es\/2013\/01\/el-sant-pare-i-els-reis-mags-2\/#respond"]}]},{"@type":"WebPage","@id":"https:\/\/www.montalegre.org\/es\/2013\/01\/el-sant-pare-i-els-reis-mags-2\/","url":"https:\/\/www.montalegre.org\/es\/2013\/01\/el-sant-pare-i-els-reis-mags-2\/","name":"EL PAPA Y LOS REYES MAGOS - Montalegre","isPartOf":{"@id":"https:\/\/www.montalegre.org\/es\/#website"},"primaryImageOfPage":{"@id":"https:\/\/www.montalegre.org\/es\/2013\/01\/el-sant-pare-i-els-reis-mags-2\/#primaryimage"},"image":{"@id":"https:\/\/www.montalegre.org\/es\/2013\/01\/el-sant-pare-i-els-reis-mags-2\/#primaryimage"},"thumbnailUrl":"http:\/\/www.montalegre.org\/wp-content\/uploads\/2013\/01\/14820286-bruselas-22-de-junio-tres-reyes-magos-de-cristal-en-la-catedral-gotica-de-san-miguel-s-el-22-de-jun1-300x234.jpg","datePublished":"2013-01-03T10:31:01+00:00","dateModified":"2013-01-03T10:58:17+00:00","author":{"@id":"https:\/\/www.montalegre.org\/es\/#\/schema\/person\/fa12d4cf3a3f1735a9176b4fafd6a633"},"breadcrumb":{"@id":"https:\/\/www.montalegre.org\/es\/2013\/01\/el-sant-pare-i-els-reis-mags-2\/#breadcrumb"},"inLanguage":"es","potentialAction":[{"@type":"ReadAction","target":["https:\/\/www.montalegre.org\/es\/2013\/01\/el-sant-pare-i-els-reis-mags-2\/"]}]},{"@type":"ImageObject","inLanguage":"es","@id":"https:\/\/www.montalegre.org\/es\/2013\/01\/el-sant-pare-i-els-reis-mags-2\/#primaryimage","url":"http:\/\/www.montalegre.org\/wp-content\/uploads\/2013\/01\/14820286-bruselas-22-de-junio-tres-reyes-magos-de-cristal-en-la-catedral-gotica-de-san-miguel-s-el-22-de-jun1-300x234.jpg","contentUrl":"http:\/\/www.montalegre.org\/wp-content\/uploads\/2013\/01\/14820286-bruselas-22-de-junio-tres-reyes-magos-de-cristal-en-la-catedral-gotica-de-san-miguel-s-el-22-de-jun1-300x234.jpg"},{"@type":"BreadcrumbList","@id":"https:\/\/www.montalegre.org\/es\/2013\/01\/el-sant-pare-i-els-reis-mags-2\/#breadcrumb","itemListElement":[{"@type":"ListItem","position":1,"name":"Portada","item":"https:\/\/www.montalegre.org\/es\/"},{"@type":"ListItem","position":2,"name":"EL PAPA Y LOS REYES MAGOS"}]},{"@type":"WebSite","@id":"https:\/\/www.montalegre.org\/es\/#website","url":"https:\/\/www.montalegre.org\/es\/","name":"Montalegre","description":"","potentialAction":[{"@type":"SearchAction","target":{"@type":"EntryPoint","urlTemplate":"https:\/\/www.montalegre.org\/es\/?s={search_term_string}"},"query-input":{"@type":"PropertyValueSpecification","valueRequired":true,"valueName":"search_term_string"}}],"inLanguage":"es"},{"@type":"Person","@id":"https:\/\/www.montalegre.org\/es\/#\/schema\/person\/fa12d4cf3a3f1735a9176b4fafd6a633","name":"montalegre","image":{"@type":"ImageObject","inLanguage":"es","@id":"https:\/\/www.montalegre.org\/es\/#\/schema\/person\/image\/","url":"https:\/\/secure.gravatar.com\/avatar\/fe6d886cf5081e723c666dceda1f12d4f39070fa2ed4e79695edc3ca355c9b5a?s=96&d=mm&r=g","contentUrl":"https:\/\/secure.gravatar.com\/avatar\/fe6d886cf5081e723c666dceda1f12d4f39070fa2ed4e79695edc3ca355c9b5a?s=96&d=mm&r=g","caption":"montalegre"},"url":"https:\/\/www.montalegre.org\/es\/author\/montalegre\/"}]}},"_links":{"self":[{"href":"https:\/\/www.montalegre.org\/es\/wp-json\/wp\/v2\/posts\/5991","targetHints":{"allow":["GET"]}}],"collection":[{"href":"https:\/\/www.montalegre.org\/es\/wp-json\/wp\/v2\/posts"}],"about":[{"href":"https:\/\/www.montalegre.org\/es\/wp-json\/wp\/v2\/types\/post"}],"author":[{"embeddable":true,"href":"https:\/\/www.montalegre.org\/es\/wp-json\/wp\/v2\/users\/4"}],"replies":[{"embeddable":true,"href":"https:\/\/www.montalegre.org\/es\/wp-json\/wp\/v2\/comments?post=5991"}],"version-history":[{"count":10,"href":"https:\/\/www.montalegre.org\/es\/wp-json\/wp\/v2\/posts\/5991\/revisions"}],"predecessor-version":[{"id":6013,"href":"https:\/\/www.montalegre.org\/es\/wp-json\/wp\/v2\/posts\/5991\/revisions\/6013"}],"wp:attachment":[{"href":"https:\/\/www.montalegre.org\/es\/wp-json\/wp\/v2\/media?parent=5991"}],"wp:term":[{"taxonomy":"category","embeddable":true,"href":"https:\/\/www.montalegre.org\/es\/wp-json\/wp\/v2\/categories?post=5991"},{"taxonomy":"post_tag","embeddable":true,"href":"https:\/\/www.montalegre.org\/es\/wp-json\/wp\/v2\/tags?post=5991"}],"curies":[{"name":"wp","href":"https:\/\/api.w.org\/{rel}","templated":true}]}}