{"id":5959,"date":"2012-12-28T19:14:48","date_gmt":"2012-12-28T19:14:48","guid":{"rendered":"http:\/\/www.montalegre.org\/?p=5959"},"modified":"2012-12-28T19:14:48","modified_gmt":"2012-12-28T19:14:48","slug":"la-libertad-religiosa","status":"publish","type":"post","link":"https:\/\/www.montalegre.org\/es\/2012\/12\/la-libertad-religiosa\/","title":{"rendered":"La libertad religiosa"},"content":{"rendered":"<p>Por Dom\u00e8nec Mel\u00e9<\/p>\n<p>Publicado el 14 de diciembre de 2012 en la revista \u201cTEMES D\u2019AVUI\u201d<\/p>\n<p><a href=\"http:\/\/www.montalegre.org\/2012\/12\/la-llibertat-religiosa\/tda-33-portada-qxd\/\" rel=\"attachment wp-att-5956\"><img loading=\"lazy\" decoding=\"async\" class=\"alignleft size-medium wp-image-5956\" title=\"TdA 33, portada.qxd\" src=\"http:\/\/www.montalegre.org\/wp-content\/uploads\/2012\/12\/0_1_Temes43_portada_peq-210x300.jpg\" alt=\"\" width=\"210\" height=\"300\" \/><\/a>El d\u00eda 11 de octubre de 2012, coincidiendo con la solemne inauguraci\u00f3n del A\u00f1o de la Fe, el Papa Benedicto XVI publicaba algunos recuerdos suyos en el\u00a0<em>L&#8217;Osservatore Romano<\/em>. Entre otros, destacaba la importancia de un documento conciliar, El Decreto\u00a0<em>Digniatis humanae<\/em>\u00a0sobre la libertad religiosa. Aunque considerado como \u201cdocumento menor\u201d, supuso una gran aportaci\u00f3n para clarificar la posici\u00f3n de la Iglesia respecto al reconocimiento de la profesi\u00f3n y pr\u00e1ctica religiosa. Este documento superaba la anterior doctrina de la tolerancia de las religiones no verdaderas, sin dejar por ello de defender la verdad.<br \/>\nProfundizando en la fe y en su tradici\u00f3n m\u00e1s antigua, el Concilio armoniz\u00f3 las ense\u00f1anzas de la Iglesia con el pensamiento filos\u00f3fico y muchos ordenamientos jur\u00eddicos modernos que defienden la libertad de culto. Benedicto XVI record\u00f3 que los primeros cristianos rezaban por el emperador, pero no lo veneraban. Y, desde este punto de vista \u2013a\u00f1ad\u00eda- se puede afirmar que \u201cel cristianismo trajo al mundo con su nacimiento el principio de la libertad de religi\u00f3n\u201d. As\u00ed, pues, desde la tradici\u00f3n cristiana se pudo reivindicar \u201cla libertad a la convicci\u00f3n religiosa y a practicarla en el culto, sin que se violara con ello el derecho del Estado en su propio ordenamiento\u201d.<br \/>\nEl Concilio proclam\u00f3 la libertad religiosa en base a la dignidad humana y los derechos innatos de la persona. \u201cEsta libertad \u2013explica el Concilio\u2013 consiste en que todos los hombres han de estar inmunes de coacci\u00f3n, tanto por parte de individuos como de grupos sociales y de cualquier potestad humana, y esto de tal manera que, en materia religiosa, ni se obligue a nadie a obrar contra su conciencia, ni se le impida que act\u00fae conforme a ella en privado y en p\u00fablico, s\u00f3lo o asociado con otros, dentro de los l\u00edmites debidos\u201d. (Digniatis humanae, 2) Esta doctrina de la libertad religiosa, aunque encontr\u00f3 reticencias en Mons. Lefebre y sus seguidores, ha sido entendida y aplicada con \u00e9xito en estos casi cincuenta a\u00f1os desde la promulgaci\u00f3n del citado documento, en 1965.<br \/>\nParad\u00f3jicamente, en estos a\u00f1os, como ocurri\u00f3 en tiempos pasados, muchos cristianos han sido v\u00edctimas de la intolerancia religiosa y de la falta de libertad para profesar y practicar su religi\u00f3n. Unas veces abiertamente, con iglesias incendiadas y cristianos asesinados, como ha ocurrido en los \u00faltimos meses en Egipto, Pakist\u00e1n, Nigeria, Siria e India, entre otros pa\u00edses. En otros lugares est\u00e1 prohibido el ejercicio p\u00fablico de la religi\u00f3n o se discrimina a los cristianos de diversos modos. Por \u00faltimo, se ataca a la libertad religiosa ofendiendo a los cristianos mediante ataques verbales o psicol\u00f3gicos, insultos, iron\u00edas y burlas. Eso se encuentra incluso en pa\u00edses donde la libertad religiosa est\u00e1 reconocida en sus ordenamientos jur\u00eddicos.<br \/>\nEstas consideraciones nos han llevado a elegir la libertad religiosa como tema de portada de este n\u00famero de\u00a0Temes d\u00b4avui. Incluye un trabajo del profesor Arturo Bellocq en el que se profundiza en el derecho a la libertad religiosa. Otras contribuciones revisan la situaci\u00f3n de la libertad religiosa en el mundo (Isidoro Ramos) en la India (Luis Pons), en el mundo musulm\u00e1n (Xavier Vilella y Joan Garc\u00eda-Llobet), en Europa (Remedios Falaguera) y en Espa\u00f1a (Francisca P\u00e9rez-Madrid). Presentamos tambi\u00e9n una entrevista en exclusiva con el soci\u00f3logo italiano Massimo Introvigne, coordinador del Observatorio para la Libertad Religiosa de Roma, establecido recientemente recogiendo la idea de Benedicto XVI de que Roma ten\u00eda un papel especial que desempe\u00f1ar en la defensa de la libertad religiosa, en particular en la denuncia de la persecuci\u00f3n de los cristianos perpetrados en el mundo. En el caso de moral se alude tambi\u00e9n a la libertad religiosa en un aspecto de la ley de salud propulsada por el presidente Obama.<br \/>\nSiguiendo la tarea de comentar documentos y desarrollos del Concilio Vaticano II, se presenta un trabajo sobre la misi\u00f3n de los laicos a cargo del profesor Arturo Cattaneo. Como tema de actualidad la Profesora Mar\u00eda El\u00f3segui comenta la reforma de la asignatura de Educaci\u00f3n para la ciudadan\u00eda.<br \/>\nMontserrat Gas\u00a0 nos ofrece un estudio en el que se pregunta, qu\u00e9 significa casarse. Por su parte, Josep Vall explora la nueva gu\u00eda \u00e9tica para pol\u00edticos en el contexto de iniciativas llevadas a cabo por \u201cminor\u00edas creativas\u201d. El n\u00famero concluye con la habitual secci\u00f3n de rese\u00f1as y notas de libros recientes.<\/p>\n<p>Dom\u00e8nec Mel\u00e9<br \/>\nDirector de Temes d\u2019Avui<\/p>\n","protected":false},"excerpt":{"rendered":"<p>Por Dom\u00e8nec Mel\u00e9 Publicado el 14 de diciembre de 2012 en la revista \u201cTEMES D\u2019AVUI\u201d El d\u00eda 11 de octubre de 2012, coincidiendo con la solemne inauguraci\u00f3n del A\u00f1o de la Fe, el Papa Benedicto XVI publicaba algunos recuerdos suyos en el\u00a0L&#8217;Osservatore Romano. Entre otros, destacaba la importancia de un documento conciliar, El Decreto\u00a0Digniatis humanae\u00a0sobre [&hellip;]<\/p>\n","protected":false},"author":4,"featured_media":0,"comment_status":"open","ping_status":"open","sticky":false,"template":"","format":"standard","meta":{"footnotes":""},"categories":[31],"tags":[],"class_list":["post-5959","post","type-post","status-publish","format-standard","hentry","category-actualidad"],"yoast_head":"<!-- This site is optimized with the Yoast SEO plugin v27.1.1 - https:\/\/yoast.com\/product\/yoast-seo-wordpress\/ -->\n<title>La libertad religiosa - Montalegre<\/title>\n<meta name=\"robots\" content=\"index, follow, max-snippet:-1, max-image-preview:large, max-video-preview:-1\" \/>\n<link rel=\"canonical\" href=\"https:\/\/www.montalegre.org\/es\/2012\/12\/la-libertad-religiosa\/\" \/>\n<meta property=\"og:locale\" content=\"es_ES\" \/>\n<meta property=\"og:type\" content=\"article\" \/>\n<meta property=\"og:title\" content=\"La libertad religiosa - Montalegre\" \/>\n<meta property=\"og:description\" content=\"Por Dom\u00e8nec Mel\u00e9 Publicado el 14 de diciembre de 2012 en la revista \u201cTEMES D\u2019AVUI\u201d El d\u00eda 11 de octubre de 2012, coincidiendo con la solemne inauguraci\u00f3n del A\u00f1o de la Fe, el Papa Benedicto XVI publicaba algunos recuerdos suyos en el\u00a0L&#8217;Osservatore Romano. Entre otros, destacaba la importancia de un documento conciliar, El Decreto\u00a0Digniatis humanae\u00a0sobre [&hellip;]\" \/>\n<meta property=\"og:url\" content=\"https:\/\/www.montalegre.org\/es\/2012\/12\/la-libertad-religiosa\/\" \/>\n<meta property=\"og:site_name\" content=\"Montalegre\" \/>\n<meta property=\"article:published_time\" content=\"2012-12-28T19:14:48+00:00\" \/>\n<meta property=\"og:image\" content=\"http:\/\/www.montalegre.org\/wp-content\/uploads\/2012\/12\/0_1_Temes43_portada_peq-210x300.jpg\" \/>\n<meta name=\"author\" content=\"montalegre\" \/>\n<meta name=\"twitter:card\" content=\"summary_large_image\" \/>\n<meta name=\"twitter:label1\" content=\"Escrito por\" \/>\n\t<meta name=\"twitter:data1\" content=\"montalegre\" \/>\n\t<meta name=\"twitter:label2\" content=\"Tiempo de lectura\" \/>\n\t<meta name=\"twitter:data2\" content=\"4 minutos\" \/>\n<script type=\"application\/ld+json\" class=\"yoast-schema-graph\">{\"@context\":\"https:\/\/schema.org\",\"@graph\":[{\"@type\":\"Article\",\"@id\":\"https:\/\/www.montalegre.org\/es\/2012\/12\/la-libertad-religiosa\/#article\",\"isPartOf\":{\"@id\":\"https:\/\/www.montalegre.org\/es\/2012\/12\/la-libertad-religiosa\/\"},\"author\":{\"name\":\"montalegre\",\"@id\":\"https:\/\/www.montalegre.org\/es\/#\/schema\/person\/fa12d4cf3a3f1735a9176b4fafd6a633\"},\"headline\":\"La libertad religiosa\",\"datePublished\":\"2012-12-28T19:14:48+00:00\",\"mainEntityOfPage\":{\"@id\":\"https:\/\/www.montalegre.org\/es\/2012\/12\/la-libertad-religiosa\/\"},\"wordCount\":787,\"commentCount\":0,\"image\":{\"@id\":\"https:\/\/www.montalegre.org\/es\/2012\/12\/la-libertad-religiosa\/#primaryimage\"},\"thumbnailUrl\":\"http:\/\/www.montalegre.org\/wp-content\/uploads\/2012\/12\/0_1_Temes43_portada_peq-210x300.jpg\",\"articleSection\":[\"Actualidad\"],\"inLanguage\":\"es\",\"potentialAction\":[{\"@type\":\"CommentAction\",\"name\":\"Comment\",\"target\":[\"https:\/\/www.montalegre.org\/es\/2012\/12\/la-libertad-religiosa\/#respond\"]}]},{\"@type\":\"WebPage\",\"@id\":\"https:\/\/www.montalegre.org\/es\/2012\/12\/la-libertad-religiosa\/\",\"url\":\"https:\/\/www.montalegre.org\/es\/2012\/12\/la-libertad-religiosa\/\",\"name\":\"La libertad religiosa - Montalegre\",\"isPartOf\":{\"@id\":\"https:\/\/www.montalegre.org\/es\/#website\"},\"primaryImageOfPage\":{\"@id\":\"https:\/\/www.montalegre.org\/es\/2012\/12\/la-libertad-religiosa\/#primaryimage\"},\"image\":{\"@id\":\"https:\/\/www.montalegre.org\/es\/2012\/12\/la-libertad-religiosa\/#primaryimage\"},\"thumbnailUrl\":\"http:\/\/www.montalegre.org\/wp-content\/uploads\/2012\/12\/0_1_Temes43_portada_peq-210x300.jpg\",\"datePublished\":\"2012-12-28T19:14:48+00:00\",\"author\":{\"@id\":\"https:\/\/www.montalegre.org\/es\/#\/schema\/person\/fa12d4cf3a3f1735a9176b4fafd6a633\"},\"breadcrumb\":{\"@id\":\"https:\/\/www.montalegre.org\/es\/2012\/12\/la-libertad-religiosa\/#breadcrumb\"},\"inLanguage\":\"es\",\"potentialAction\":[{\"@type\":\"ReadAction\",\"target\":[\"https:\/\/www.montalegre.org\/es\/2012\/12\/la-libertad-religiosa\/\"]}]},{\"@type\":\"ImageObject\",\"inLanguage\":\"es\",\"@id\":\"https:\/\/www.montalegre.org\/es\/2012\/12\/la-libertad-religiosa\/#primaryimage\",\"url\":\"http:\/\/www.montalegre.org\/wp-content\/uploads\/2012\/12\/0_1_Temes43_portada_peq-210x300.jpg\",\"contentUrl\":\"http:\/\/www.montalegre.org\/wp-content\/uploads\/2012\/12\/0_1_Temes43_portada_peq-210x300.jpg\"},{\"@type\":\"BreadcrumbList\",\"@id\":\"https:\/\/www.montalegre.org\/es\/2012\/12\/la-libertad-religiosa\/#breadcrumb\",\"itemListElement\":[{\"@type\":\"ListItem\",\"position\":1,\"name\":\"Portada\",\"item\":\"https:\/\/www.montalegre.org\/es\/\"},{\"@type\":\"ListItem\",\"position\":2,\"name\":\"La libertad religiosa\"}]},{\"@type\":\"WebSite\",\"@id\":\"https:\/\/www.montalegre.org\/es\/#website\",\"url\":\"https:\/\/www.montalegre.org\/es\/\",\"name\":\"Montalegre\",\"description\":\"\",\"potentialAction\":[{\"@type\":\"SearchAction\",\"target\":{\"@type\":\"EntryPoint\",\"urlTemplate\":\"https:\/\/www.montalegre.org\/es\/?s={search_term_string}\"},\"query-input\":{\"@type\":\"PropertyValueSpecification\",\"valueRequired\":true,\"valueName\":\"search_term_string\"}}],\"inLanguage\":\"es\"},{\"@type\":\"Person\",\"@id\":\"https:\/\/www.montalegre.org\/es\/#\/schema\/person\/fa12d4cf3a3f1735a9176b4fafd6a633\",\"name\":\"montalegre\",\"image\":{\"@type\":\"ImageObject\",\"inLanguage\":\"es\",\"@id\":\"https:\/\/www.montalegre.org\/es\/#\/schema\/person\/image\/\",\"url\":\"https:\/\/secure.gravatar.com\/avatar\/fe6d886cf5081e723c666dceda1f12d4f39070fa2ed4e79695edc3ca355c9b5a?s=96&d=mm&r=g\",\"contentUrl\":\"https:\/\/secure.gravatar.com\/avatar\/fe6d886cf5081e723c666dceda1f12d4f39070fa2ed4e79695edc3ca355c9b5a?s=96&d=mm&r=g\",\"caption\":\"montalegre\"},\"url\":\"https:\/\/www.montalegre.org\/es\/author\/montalegre\/\"}]}<\/script>\n<!-- \/ Yoast SEO plugin. -->","yoast_head_json":{"title":"La libertad religiosa - Montalegre","robots":{"index":"index","follow":"follow","max-snippet":"max-snippet:-1","max-image-preview":"max-image-preview:large","max-video-preview":"max-video-preview:-1"},"canonical":"https:\/\/www.montalegre.org\/es\/2012\/12\/la-libertad-religiosa\/","og_locale":"es_ES","og_type":"article","og_title":"La libertad religiosa - Montalegre","og_description":"Por Dom\u00e8nec Mel\u00e9 Publicado el 14 de diciembre de 2012 en la revista \u201cTEMES D\u2019AVUI\u201d El d\u00eda 11 de octubre de 2012, coincidiendo con la solemne inauguraci\u00f3n del A\u00f1o de la Fe, el Papa Benedicto XVI publicaba algunos recuerdos suyos en el\u00a0L&#8217;Osservatore Romano. Entre otros, destacaba la importancia de un documento conciliar, El Decreto\u00a0Digniatis humanae\u00a0sobre [&hellip;]","og_url":"https:\/\/www.montalegre.org\/es\/2012\/12\/la-libertad-religiosa\/","og_site_name":"Montalegre","article_published_time":"2012-12-28T19:14:48+00:00","og_image":[{"url":"http:\/\/www.montalegre.org\/wp-content\/uploads\/2012\/12\/0_1_Temes43_portada_peq-210x300.jpg","type":"","width":"","height":""}],"author":"montalegre","twitter_card":"summary_large_image","twitter_misc":{"Escrito por":"montalegre","Tiempo de lectura":"4 minutos"},"schema":{"@context":"https:\/\/schema.org","@graph":[{"@type":"Article","@id":"https:\/\/www.montalegre.org\/es\/2012\/12\/la-libertad-religiosa\/#article","isPartOf":{"@id":"https:\/\/www.montalegre.org\/es\/2012\/12\/la-libertad-religiosa\/"},"author":{"name":"montalegre","@id":"https:\/\/www.montalegre.org\/es\/#\/schema\/person\/fa12d4cf3a3f1735a9176b4fafd6a633"},"headline":"La libertad religiosa","datePublished":"2012-12-28T19:14:48+00:00","mainEntityOfPage":{"@id":"https:\/\/www.montalegre.org\/es\/2012\/12\/la-libertad-religiosa\/"},"wordCount":787,"commentCount":0,"image":{"@id":"https:\/\/www.montalegre.org\/es\/2012\/12\/la-libertad-religiosa\/#primaryimage"},"thumbnailUrl":"http:\/\/www.montalegre.org\/wp-content\/uploads\/2012\/12\/0_1_Temes43_portada_peq-210x300.jpg","articleSection":["Actualidad"],"inLanguage":"es","potentialAction":[{"@type":"CommentAction","name":"Comment","target":["https:\/\/www.montalegre.org\/es\/2012\/12\/la-libertad-religiosa\/#respond"]}]},{"@type":"WebPage","@id":"https:\/\/www.montalegre.org\/es\/2012\/12\/la-libertad-religiosa\/","url":"https:\/\/www.montalegre.org\/es\/2012\/12\/la-libertad-religiosa\/","name":"La libertad religiosa - Montalegre","isPartOf":{"@id":"https:\/\/www.montalegre.org\/es\/#website"},"primaryImageOfPage":{"@id":"https:\/\/www.montalegre.org\/es\/2012\/12\/la-libertad-religiosa\/#primaryimage"},"image":{"@id":"https:\/\/www.montalegre.org\/es\/2012\/12\/la-libertad-religiosa\/#primaryimage"},"thumbnailUrl":"http:\/\/www.montalegre.org\/wp-content\/uploads\/2012\/12\/0_1_Temes43_portada_peq-210x300.jpg","datePublished":"2012-12-28T19:14:48+00:00","author":{"@id":"https:\/\/www.montalegre.org\/es\/#\/schema\/person\/fa12d4cf3a3f1735a9176b4fafd6a633"},"breadcrumb":{"@id":"https:\/\/www.montalegre.org\/es\/2012\/12\/la-libertad-religiosa\/#breadcrumb"},"inLanguage":"es","potentialAction":[{"@type":"ReadAction","target":["https:\/\/www.montalegre.org\/es\/2012\/12\/la-libertad-religiosa\/"]}]},{"@type":"ImageObject","inLanguage":"es","@id":"https:\/\/www.montalegre.org\/es\/2012\/12\/la-libertad-religiosa\/#primaryimage","url":"http:\/\/www.montalegre.org\/wp-content\/uploads\/2012\/12\/0_1_Temes43_portada_peq-210x300.jpg","contentUrl":"http:\/\/www.montalegre.org\/wp-content\/uploads\/2012\/12\/0_1_Temes43_portada_peq-210x300.jpg"},{"@type":"BreadcrumbList","@id":"https:\/\/www.montalegre.org\/es\/2012\/12\/la-libertad-religiosa\/#breadcrumb","itemListElement":[{"@type":"ListItem","position":1,"name":"Portada","item":"https:\/\/www.montalegre.org\/es\/"},{"@type":"ListItem","position":2,"name":"La libertad religiosa"}]},{"@type":"WebSite","@id":"https:\/\/www.montalegre.org\/es\/#website","url":"https:\/\/www.montalegre.org\/es\/","name":"Montalegre","description":"","potentialAction":[{"@type":"SearchAction","target":{"@type":"EntryPoint","urlTemplate":"https:\/\/www.montalegre.org\/es\/?s={search_term_string}"},"query-input":{"@type":"PropertyValueSpecification","valueRequired":true,"valueName":"search_term_string"}}],"inLanguage":"es"},{"@type":"Person","@id":"https:\/\/www.montalegre.org\/es\/#\/schema\/person\/fa12d4cf3a3f1735a9176b4fafd6a633","name":"montalegre","image":{"@type":"ImageObject","inLanguage":"es","@id":"https:\/\/www.montalegre.org\/es\/#\/schema\/person\/image\/","url":"https:\/\/secure.gravatar.com\/avatar\/fe6d886cf5081e723c666dceda1f12d4f39070fa2ed4e79695edc3ca355c9b5a?s=96&d=mm&r=g","contentUrl":"https:\/\/secure.gravatar.com\/avatar\/fe6d886cf5081e723c666dceda1f12d4f39070fa2ed4e79695edc3ca355c9b5a?s=96&d=mm&r=g","caption":"montalegre"},"url":"https:\/\/www.montalegre.org\/es\/author\/montalegre\/"}]}},"_links":{"self":[{"href":"https:\/\/www.montalegre.org\/es\/wp-json\/wp\/v2\/posts\/5959","targetHints":{"allow":["GET"]}}],"collection":[{"href":"https:\/\/www.montalegre.org\/es\/wp-json\/wp\/v2\/posts"}],"about":[{"href":"https:\/\/www.montalegre.org\/es\/wp-json\/wp\/v2\/types\/post"}],"author":[{"embeddable":true,"href":"https:\/\/www.montalegre.org\/es\/wp-json\/wp\/v2\/users\/4"}],"replies":[{"embeddable":true,"href":"https:\/\/www.montalegre.org\/es\/wp-json\/wp\/v2\/comments?post=5959"}],"version-history":[{"count":2,"href":"https:\/\/www.montalegre.org\/es\/wp-json\/wp\/v2\/posts\/5959\/revisions"}],"predecessor-version":[{"id":5961,"href":"https:\/\/www.montalegre.org\/es\/wp-json\/wp\/v2\/posts\/5959\/revisions\/5961"}],"wp:attachment":[{"href":"https:\/\/www.montalegre.org\/es\/wp-json\/wp\/v2\/media?parent=5959"}],"wp:term":[{"taxonomy":"category","embeddable":true,"href":"https:\/\/www.montalegre.org\/es\/wp-json\/wp\/v2\/categories?post=5959"},{"taxonomy":"post_tag","embeddable":true,"href":"https:\/\/www.montalegre.org\/es\/wp-json\/wp\/v2\/tags?post=5959"}],"curies":[{"name":"wp","href":"https:\/\/api.w.org\/{rel}","templated":true}]}}