{"id":5926,"date":"2012-12-19T16:06:01","date_gmt":"2012-12-19T16:06:01","guid":{"rendered":"http:\/\/www.montalegre.org\/?p=5926"},"modified":"2012-12-19T16:06:02","modified_gmt":"2012-12-19T16:06:02","slug":"la-fiesta-de-la-virgen-de-la-puerta","status":"publish","type":"post","link":"https:\/\/www.montalegre.org\/es\/2012\/12\/la-fiesta-de-la-virgen-de-la-puerta\/","title":{"rendered":"La fiesta de la Virgen de la Puerta"},"content":{"rendered":"<p><a href=\"http:\/\/www.montalegre.org\/2012\/12\/la-festa-de-la-virgen-de-la-puerta\/virgen-de-la-puerta\/\" rel=\"attachment wp-att-5920\"><img loading=\"lazy\" decoding=\"async\" class=\"alignleft size-medium wp-image-5920\" title=\"virgen de la puerta\" src=\"http:\/\/www.montalegre.org\/wp-content\/uploads\/2012\/12\/virgen-de-la-puerta-199x300.jpg\" alt=\"\" width=\"199\" height=\"300\" \/><\/a>En el tercer domingo de Adviento,\u00a0 d\u00eda 16 de diciembre, celebr\u00e1bamos el domingo de la Alegr\u00eda, siguiendo el calendario lit\u00fargico, lo que romp\u00eda con el rigor del Adviento y permit\u00eda a los sacerdotes celebrantes revestirse de color rosa. Al mismo tiempo, en la iglesia se celebr\u00f3 la fiesta de la Inmaculada Virgen de la Puerta, del Per\u00fa. La Hermandad que acoge Montalegre desde hace a\u00f1os para las celebraciones lit\u00fargicas, hab\u00eda preparado una serie de actividades para el fin de semana que culminar\u00edan con la santa misa solemne y posterior procesi\u00f3n de la imagen por las calles cercanas a la iglesia. En la celebraci\u00f3n particip\u00f3 un gran n\u00famero de fieles del Per\u00fa, y por los fieles habituales de la misa de doce. Toda la nave central estaba llena a rebosar. Pudimos ver c\u00f3mo familias enteras, con detalles de cari\u00f1o y fe, se acercaban a la imagen, que en esta ocasi\u00f3n no estaba en la vitrina donde permanece normalmente sino encima de una tarima situada en el presbiterio. En el exterior del templo, hab\u00edan adornado la entrada con globos con los colores de la Virgen de la Inmaculada, y hacia el final de la celebraci\u00f3n y el inicio de la procesi\u00f3n, los cohetes no pararon de silbar. La advocaci\u00f3n de la Inmaculada Virgen de la Puerta la podemos contemplar siempre en la vitrina situada junto a la entrada de la capilla de la Virgen de la Medalla Milagrosa.<\/p>\n<p>Servicios Informativos Montalegre<\/p>\n","protected":false},"excerpt":{"rendered":"<p>En el tercer domingo de Adviento,\u00a0 d\u00eda 16 de diciembre, celebr\u00e1bamos el domingo de la Alegr\u00eda, siguiendo el calendario lit\u00fargico, lo que romp\u00eda con el rigor del Adviento y permit\u00eda a los sacerdotes celebrantes revestirse de color rosa. Al mismo tiempo, en la iglesia se celebr\u00f3 la fiesta de la Inmaculada Virgen de la Puerta, [&hellip;]<\/p>\n","protected":false},"author":4,"featured_media":0,"comment_status":"open","ping_status":"open","sticky":false,"template":"","format":"standard","meta":{"footnotes":""},"categories":[1],"tags":[],"class_list":["post-5926","post","type-post","status-publish","format-standard","hentry","category-noticias-de-montalegre"],"yoast_head":"<!-- This site is optimized with the Yoast SEO plugin v27.1.1 - https:\/\/yoast.com\/product\/yoast-seo-wordpress\/ -->\n<title>La fiesta de la Virgen de la Puerta - Montalegre<\/title>\n<meta name=\"robots\" content=\"index, follow, max-snippet:-1, max-image-preview:large, max-video-preview:-1\" \/>\n<link rel=\"canonical\" href=\"https:\/\/www.montalegre.org\/es\/2012\/12\/la-fiesta-de-la-virgen-de-la-puerta\/\" \/>\n<meta property=\"og:locale\" content=\"es_ES\" \/>\n<meta property=\"og:type\" content=\"article\" \/>\n<meta property=\"og:title\" content=\"La fiesta de la Virgen de la Puerta - Montalegre\" \/>\n<meta property=\"og:description\" content=\"En el tercer domingo de Adviento,\u00a0 d\u00eda 16 de diciembre, celebr\u00e1bamos el domingo de la Alegr\u00eda, siguiendo el calendario lit\u00fargico, lo que romp\u00eda con el rigor del Adviento y permit\u00eda a los sacerdotes celebrantes revestirse de color rosa. Al mismo tiempo, en la iglesia se celebr\u00f3 la fiesta de la Inmaculada Virgen de la Puerta, [&hellip;]\" \/>\n<meta property=\"og:url\" content=\"https:\/\/www.montalegre.org\/es\/2012\/12\/la-fiesta-de-la-virgen-de-la-puerta\/\" \/>\n<meta property=\"og:site_name\" content=\"Montalegre\" \/>\n<meta property=\"article:published_time\" content=\"2012-12-19T16:06:01+00:00\" \/>\n<meta property=\"article:modified_time\" content=\"2012-12-19T16:06:02+00:00\" \/>\n<meta property=\"og:image\" content=\"http:\/\/www.montalegre.org\/wp-content\/uploads\/2012\/12\/virgen-de-la-puerta-199x300.jpg\" \/>\n<meta name=\"author\" content=\"montalegre\" \/>\n<meta name=\"twitter:card\" content=\"summary_large_image\" \/>\n<meta name=\"twitter:label1\" content=\"Escrito por\" \/>\n\t<meta name=\"twitter:data1\" content=\"montalegre\" \/>\n\t<meta name=\"twitter:label2\" content=\"Tiempo de lectura\" \/>\n\t<meta name=\"twitter:data2\" content=\"1 minuto\" \/>\n<script type=\"application\/ld+json\" class=\"yoast-schema-graph\">{\"@context\":\"https:\/\/schema.org\",\"@graph\":[{\"@type\":\"Article\",\"@id\":\"https:\/\/www.montalegre.org\/es\/2012\/12\/la-fiesta-de-la-virgen-de-la-puerta\/#article\",\"isPartOf\":{\"@id\":\"https:\/\/www.montalegre.org\/es\/2012\/12\/la-fiesta-de-la-virgen-de-la-puerta\/\"},\"author\":{\"name\":\"montalegre\",\"@id\":\"https:\/\/www.montalegre.org\/es\/#\/schema\/person\/fa12d4cf3a3f1735a9176b4fafd6a633\"},\"headline\":\"La fiesta de la Virgen de la Puerta\",\"datePublished\":\"2012-12-19T16:06:01+00:00\",\"dateModified\":\"2012-12-19T16:06:02+00:00\",\"mainEntityOfPage\":{\"@id\":\"https:\/\/www.montalegre.org\/es\/2012\/12\/la-fiesta-de-la-virgen-de-la-puerta\/\"},\"wordCount\":266,\"commentCount\":0,\"image\":{\"@id\":\"https:\/\/www.montalegre.org\/es\/2012\/12\/la-fiesta-de-la-virgen-de-la-puerta\/#primaryimage\"},\"thumbnailUrl\":\"http:\/\/www.montalegre.org\/wp-content\/uploads\/2012\/12\/virgen-de-la-puerta-199x300.jpg\",\"articleSection\":[\"Noticias de Montalegre\"],\"inLanguage\":\"es\",\"potentialAction\":[{\"@type\":\"CommentAction\",\"name\":\"Comment\",\"target\":[\"https:\/\/www.montalegre.org\/es\/2012\/12\/la-fiesta-de-la-virgen-de-la-puerta\/#respond\"]}]},{\"@type\":\"WebPage\",\"@id\":\"https:\/\/www.montalegre.org\/es\/2012\/12\/la-fiesta-de-la-virgen-de-la-puerta\/\",\"url\":\"https:\/\/www.montalegre.org\/es\/2012\/12\/la-fiesta-de-la-virgen-de-la-puerta\/\",\"name\":\"La fiesta de la Virgen de la Puerta - Montalegre\",\"isPartOf\":{\"@id\":\"https:\/\/www.montalegre.org\/es\/#website\"},\"primaryImageOfPage\":{\"@id\":\"https:\/\/www.montalegre.org\/es\/2012\/12\/la-fiesta-de-la-virgen-de-la-puerta\/#primaryimage\"},\"image\":{\"@id\":\"https:\/\/www.montalegre.org\/es\/2012\/12\/la-fiesta-de-la-virgen-de-la-puerta\/#primaryimage\"},\"thumbnailUrl\":\"http:\/\/www.montalegre.org\/wp-content\/uploads\/2012\/12\/virgen-de-la-puerta-199x300.jpg\",\"datePublished\":\"2012-12-19T16:06:01+00:00\",\"dateModified\":\"2012-12-19T16:06:02+00:00\",\"author\":{\"@id\":\"https:\/\/www.montalegre.org\/es\/#\/schema\/person\/fa12d4cf3a3f1735a9176b4fafd6a633\"},\"breadcrumb\":{\"@id\":\"https:\/\/www.montalegre.org\/es\/2012\/12\/la-fiesta-de-la-virgen-de-la-puerta\/#breadcrumb\"},\"inLanguage\":\"es\",\"potentialAction\":[{\"@type\":\"ReadAction\",\"target\":[\"https:\/\/www.montalegre.org\/es\/2012\/12\/la-fiesta-de-la-virgen-de-la-puerta\/\"]}]},{\"@type\":\"ImageObject\",\"inLanguage\":\"es\",\"@id\":\"https:\/\/www.montalegre.org\/es\/2012\/12\/la-fiesta-de-la-virgen-de-la-puerta\/#primaryimage\",\"url\":\"http:\/\/www.montalegre.org\/wp-content\/uploads\/2012\/12\/virgen-de-la-puerta-199x300.jpg\",\"contentUrl\":\"http:\/\/www.montalegre.org\/wp-content\/uploads\/2012\/12\/virgen-de-la-puerta-199x300.jpg\"},{\"@type\":\"BreadcrumbList\",\"@id\":\"https:\/\/www.montalegre.org\/es\/2012\/12\/la-fiesta-de-la-virgen-de-la-puerta\/#breadcrumb\",\"itemListElement\":[{\"@type\":\"ListItem\",\"position\":1,\"name\":\"Portada\",\"item\":\"https:\/\/www.montalegre.org\/es\/\"},{\"@type\":\"ListItem\",\"position\":2,\"name\":\"La fiesta de la Virgen de la Puerta\"}]},{\"@type\":\"WebSite\",\"@id\":\"https:\/\/www.montalegre.org\/es\/#website\",\"url\":\"https:\/\/www.montalegre.org\/es\/\",\"name\":\"Montalegre\",\"description\":\"\",\"potentialAction\":[{\"@type\":\"SearchAction\",\"target\":{\"@type\":\"EntryPoint\",\"urlTemplate\":\"https:\/\/www.montalegre.org\/es\/?s={search_term_string}\"},\"query-input\":{\"@type\":\"PropertyValueSpecification\",\"valueRequired\":true,\"valueName\":\"search_term_string\"}}],\"inLanguage\":\"es\"},{\"@type\":\"Person\",\"@id\":\"https:\/\/www.montalegre.org\/es\/#\/schema\/person\/fa12d4cf3a3f1735a9176b4fafd6a633\",\"name\":\"montalegre\",\"image\":{\"@type\":\"ImageObject\",\"inLanguage\":\"es\",\"@id\":\"https:\/\/www.montalegre.org\/es\/#\/schema\/person\/image\/\",\"url\":\"https:\/\/secure.gravatar.com\/avatar\/fe6d886cf5081e723c666dceda1f12d4f39070fa2ed4e79695edc3ca355c9b5a?s=96&d=mm&r=g\",\"contentUrl\":\"https:\/\/secure.gravatar.com\/avatar\/fe6d886cf5081e723c666dceda1f12d4f39070fa2ed4e79695edc3ca355c9b5a?s=96&d=mm&r=g\",\"caption\":\"montalegre\"},\"url\":\"https:\/\/www.montalegre.org\/es\/author\/montalegre\/\"}]}<\/script>\n<!-- \/ Yoast SEO plugin. -->","yoast_head_json":{"title":"La fiesta de la Virgen de la Puerta - Montalegre","robots":{"index":"index","follow":"follow","max-snippet":"max-snippet:-1","max-image-preview":"max-image-preview:large","max-video-preview":"max-video-preview:-1"},"canonical":"https:\/\/www.montalegre.org\/es\/2012\/12\/la-fiesta-de-la-virgen-de-la-puerta\/","og_locale":"es_ES","og_type":"article","og_title":"La fiesta de la Virgen de la Puerta - Montalegre","og_description":"En el tercer domingo de Adviento,\u00a0 d\u00eda 16 de diciembre, celebr\u00e1bamos el domingo de la Alegr\u00eda, siguiendo el calendario lit\u00fargico, lo que romp\u00eda con el rigor del Adviento y permit\u00eda a los sacerdotes celebrantes revestirse de color rosa. Al mismo tiempo, en la iglesia se celebr\u00f3 la fiesta de la Inmaculada Virgen de la Puerta, [&hellip;]","og_url":"https:\/\/www.montalegre.org\/es\/2012\/12\/la-fiesta-de-la-virgen-de-la-puerta\/","og_site_name":"Montalegre","article_published_time":"2012-12-19T16:06:01+00:00","article_modified_time":"2012-12-19T16:06:02+00:00","og_image":[{"url":"http:\/\/www.montalegre.org\/wp-content\/uploads\/2012\/12\/virgen-de-la-puerta-199x300.jpg","type":"","width":"","height":""}],"author":"montalegre","twitter_card":"summary_large_image","twitter_misc":{"Escrito por":"montalegre","Tiempo de lectura":"1 minuto"},"schema":{"@context":"https:\/\/schema.org","@graph":[{"@type":"Article","@id":"https:\/\/www.montalegre.org\/es\/2012\/12\/la-fiesta-de-la-virgen-de-la-puerta\/#article","isPartOf":{"@id":"https:\/\/www.montalegre.org\/es\/2012\/12\/la-fiesta-de-la-virgen-de-la-puerta\/"},"author":{"name":"montalegre","@id":"https:\/\/www.montalegre.org\/es\/#\/schema\/person\/fa12d4cf3a3f1735a9176b4fafd6a633"},"headline":"La fiesta de la Virgen de la Puerta","datePublished":"2012-12-19T16:06:01+00:00","dateModified":"2012-12-19T16:06:02+00:00","mainEntityOfPage":{"@id":"https:\/\/www.montalegre.org\/es\/2012\/12\/la-fiesta-de-la-virgen-de-la-puerta\/"},"wordCount":266,"commentCount":0,"image":{"@id":"https:\/\/www.montalegre.org\/es\/2012\/12\/la-fiesta-de-la-virgen-de-la-puerta\/#primaryimage"},"thumbnailUrl":"http:\/\/www.montalegre.org\/wp-content\/uploads\/2012\/12\/virgen-de-la-puerta-199x300.jpg","articleSection":["Noticias de Montalegre"],"inLanguage":"es","potentialAction":[{"@type":"CommentAction","name":"Comment","target":["https:\/\/www.montalegre.org\/es\/2012\/12\/la-fiesta-de-la-virgen-de-la-puerta\/#respond"]}]},{"@type":"WebPage","@id":"https:\/\/www.montalegre.org\/es\/2012\/12\/la-fiesta-de-la-virgen-de-la-puerta\/","url":"https:\/\/www.montalegre.org\/es\/2012\/12\/la-fiesta-de-la-virgen-de-la-puerta\/","name":"La fiesta de la Virgen de la Puerta - Montalegre","isPartOf":{"@id":"https:\/\/www.montalegre.org\/es\/#website"},"primaryImageOfPage":{"@id":"https:\/\/www.montalegre.org\/es\/2012\/12\/la-fiesta-de-la-virgen-de-la-puerta\/#primaryimage"},"image":{"@id":"https:\/\/www.montalegre.org\/es\/2012\/12\/la-fiesta-de-la-virgen-de-la-puerta\/#primaryimage"},"thumbnailUrl":"http:\/\/www.montalegre.org\/wp-content\/uploads\/2012\/12\/virgen-de-la-puerta-199x300.jpg","datePublished":"2012-12-19T16:06:01+00:00","dateModified":"2012-12-19T16:06:02+00:00","author":{"@id":"https:\/\/www.montalegre.org\/es\/#\/schema\/person\/fa12d4cf3a3f1735a9176b4fafd6a633"},"breadcrumb":{"@id":"https:\/\/www.montalegre.org\/es\/2012\/12\/la-fiesta-de-la-virgen-de-la-puerta\/#breadcrumb"},"inLanguage":"es","potentialAction":[{"@type":"ReadAction","target":["https:\/\/www.montalegre.org\/es\/2012\/12\/la-fiesta-de-la-virgen-de-la-puerta\/"]}]},{"@type":"ImageObject","inLanguage":"es","@id":"https:\/\/www.montalegre.org\/es\/2012\/12\/la-fiesta-de-la-virgen-de-la-puerta\/#primaryimage","url":"http:\/\/www.montalegre.org\/wp-content\/uploads\/2012\/12\/virgen-de-la-puerta-199x300.jpg","contentUrl":"http:\/\/www.montalegre.org\/wp-content\/uploads\/2012\/12\/virgen-de-la-puerta-199x300.jpg"},{"@type":"BreadcrumbList","@id":"https:\/\/www.montalegre.org\/es\/2012\/12\/la-fiesta-de-la-virgen-de-la-puerta\/#breadcrumb","itemListElement":[{"@type":"ListItem","position":1,"name":"Portada","item":"https:\/\/www.montalegre.org\/es\/"},{"@type":"ListItem","position":2,"name":"La fiesta de la Virgen de la Puerta"}]},{"@type":"WebSite","@id":"https:\/\/www.montalegre.org\/es\/#website","url":"https:\/\/www.montalegre.org\/es\/","name":"Montalegre","description":"","potentialAction":[{"@type":"SearchAction","target":{"@type":"EntryPoint","urlTemplate":"https:\/\/www.montalegre.org\/es\/?s={search_term_string}"},"query-input":{"@type":"PropertyValueSpecification","valueRequired":true,"valueName":"search_term_string"}}],"inLanguage":"es"},{"@type":"Person","@id":"https:\/\/www.montalegre.org\/es\/#\/schema\/person\/fa12d4cf3a3f1735a9176b4fafd6a633","name":"montalegre","image":{"@type":"ImageObject","inLanguage":"es","@id":"https:\/\/www.montalegre.org\/es\/#\/schema\/person\/image\/","url":"https:\/\/secure.gravatar.com\/avatar\/fe6d886cf5081e723c666dceda1f12d4f39070fa2ed4e79695edc3ca355c9b5a?s=96&d=mm&r=g","contentUrl":"https:\/\/secure.gravatar.com\/avatar\/fe6d886cf5081e723c666dceda1f12d4f39070fa2ed4e79695edc3ca355c9b5a?s=96&d=mm&r=g","caption":"montalegre"},"url":"https:\/\/www.montalegre.org\/es\/author\/montalegre\/"}]}},"_links":{"self":[{"href":"https:\/\/www.montalegre.org\/es\/wp-json\/wp\/v2\/posts\/5926","targetHints":{"allow":["GET"]}}],"collection":[{"href":"https:\/\/www.montalegre.org\/es\/wp-json\/wp\/v2\/posts"}],"about":[{"href":"https:\/\/www.montalegre.org\/es\/wp-json\/wp\/v2\/types\/post"}],"author":[{"embeddable":true,"href":"https:\/\/www.montalegre.org\/es\/wp-json\/wp\/v2\/users\/4"}],"replies":[{"embeddable":true,"href":"https:\/\/www.montalegre.org\/es\/wp-json\/wp\/v2\/comments?post=5926"}],"version-history":[{"count":3,"href":"https:\/\/www.montalegre.org\/es\/wp-json\/wp\/v2\/posts\/5926\/revisions"}],"predecessor-version":[{"id":5929,"href":"https:\/\/www.montalegre.org\/es\/wp-json\/wp\/v2\/posts\/5926\/revisions\/5929"}],"wp:attachment":[{"href":"https:\/\/www.montalegre.org\/es\/wp-json\/wp\/v2\/media?parent=5926"}],"wp:term":[{"taxonomy":"category","embeddable":true,"href":"https:\/\/www.montalegre.org\/es\/wp-json\/wp\/v2\/categories?post=5926"},{"taxonomy":"post_tag","embeddable":true,"href":"https:\/\/www.montalegre.org\/es\/wp-json\/wp\/v2\/tags?post=5926"}],"curies":[{"name":"wp","href":"https:\/\/api.w.org\/{rel}","templated":true}]}}