{"id":5913,"date":"2012-12-18T22:08:01","date_gmt":"2012-12-18T22:08:01","guid":{"rendered":"http:\/\/www.montalegre.org\/?p=5913"},"modified":"2012-12-19T21:56:46","modified_gmt":"2012-12-19T21:56:46","slug":"la-navidad-de-la-coral-canigo","status":"publish","type":"post","link":"https:\/\/www.montalegre.org\/es\/2012\/12\/la-navidad-de-la-coral-canigo\/","title":{"rendered":"La Navidad de la Coral Canig\u00f3"},"content":{"rendered":"<p><a href=\"http:\/\/www.montalegre.org\/2012\/12\/el-nadal-de-la-coral-canigo\/img_8725\/\" rel=\"attachment wp-att-5909\"><img loading=\"lazy\" decoding=\"async\" class=\"alignleft size-medium wp-image-5909\" title=\"IMG_8725\" src=\"http:\/\/www.montalegre.org\/wp-content\/uploads\/2012\/12\/IMG_8725-300x225.jpg\" alt=\"\" width=\"300\" height=\"225\" \/><\/a>A las nueve de la noche del d\u00eda 15 de diciembre de 2012, se celebr\u00f3 el XIV Concierto de Navidad de la Coral Canig\u00f3. Como su fama le precede, porque cada concierto mejora el anterior, este a\u00f1o tampoco nos ha defraudado. Es m\u00e1s, la nave central de la iglesia estaba m\u00e1s llena que nunca. Con su marca de presentaci\u00f3n, vestidos de negro, con el contraste del color fucsia de los fulares y corbatas, salieron de la sacrist\u00eda y se situaron en el presbiterio. Durante una hora y media, sin parar, nos ofrecieron un programa de quince canciones *, de las cuales queremos destacar las cuatro primeras que ellos le llamaban &#8220;Adviento&#8221;. El programa fue ampliado con los villancicos cl\u00e1sicos como Adeste fideles, y con el bis de una canci\u00f3n que no record\u00e1bamos haberla oido en otros conc<a href=\"http:\/\/www.montalegre.org\/2012\/12\/el-nadal-de-la-coral-canigo\/img_8744\/\" rel=\"attachment wp-att-5910\"><img loading=\"lazy\" decoding=\"async\" class=\"alignright size-medium wp-image-5910\" title=\"IMG_8744\" src=\"http:\/\/www.montalegre.org\/wp-content\/uploads\/2012\/12\/IMG_8744-300x225.jpg\" alt=\"\" width=\"300\" height=\"225\" \/><\/a>iertos, &#8220;Campanitas plateadas&#8221;.<\/p>\n<p>Tambi\u00e9n invitaron al p\u00fablico a cantar la conocida Santa Noche, de la que en el programa * constaba la letra. El conjunto de voces estaba formado por veinte femeninas y once masculinas, formando un grupo muy consolidado. Adem\u00e1s demostr\u00f3 su categor\u00eda de buenos cantantes no s\u00f3lo interpretando en catal\u00e1n y castellano sino tambi\u00e9n en lat\u00edn y franc\u00e9s.<\/p>\n<p>Para m\u00e1s detalles, acompa\u00f1amos el programa * del concierto.<\/p>\n<p><a href=\"http:\/\/www.montalegre.org\/es\/2012\/12\/la-navidad-de-la-coral-canigo\/programa-mano-2\/\" rel=\"attachment wp-att-5915\">Programa<\/a><br \/>\nServicios Informativos Montalegre<\/p>\n","protected":false},"excerpt":{"rendered":"<p>A las nueve de la noche del d\u00eda 15 de diciembre de 2012, se celebr\u00f3 el XIV Concierto de Navidad de la Coral Canig\u00f3. Como su fama le precede, porque cada concierto mejora el anterior, este a\u00f1o tampoco nos ha defraudado. Es m\u00e1s, la nave central de la iglesia estaba m\u00e1s llena que nunca. Con [&hellip;]<\/p>\n","protected":false},"author":4,"featured_media":0,"comment_status":"open","ping_status":"open","sticky":false,"template":"","format":"standard","meta":{"footnotes":""},"categories":[1],"tags":[],"class_list":["post-5913","post","type-post","status-publish","format-standard","hentry","category-noticias-de-montalegre"],"yoast_head":"<!-- This site is optimized with the Yoast SEO plugin v27.1.1 - https:\/\/yoast.com\/product\/yoast-seo-wordpress\/ -->\n<title>La Navidad de la Coral Canig\u00f3 - Montalegre<\/title>\n<meta name=\"robots\" content=\"index, follow, max-snippet:-1, max-image-preview:large, max-video-preview:-1\" \/>\n<link rel=\"canonical\" href=\"https:\/\/www.montalegre.org\/es\/2012\/12\/la-navidad-de-la-coral-canigo\/\" \/>\n<meta property=\"og:locale\" content=\"es_ES\" \/>\n<meta property=\"og:type\" content=\"article\" \/>\n<meta property=\"og:title\" content=\"La Navidad de la Coral Canig\u00f3 - Montalegre\" \/>\n<meta property=\"og:description\" content=\"A las nueve de la noche del d\u00eda 15 de diciembre de 2012, se celebr\u00f3 el XIV Concierto de Navidad de la Coral Canig\u00f3. Como su fama le precede, porque cada concierto mejora el anterior, este a\u00f1o tampoco nos ha defraudado. Es m\u00e1s, la nave central de la iglesia estaba m\u00e1s llena que nunca. Con [&hellip;]\" \/>\n<meta property=\"og:url\" content=\"https:\/\/www.montalegre.org\/es\/2012\/12\/la-navidad-de-la-coral-canigo\/\" \/>\n<meta property=\"og:site_name\" content=\"Montalegre\" \/>\n<meta property=\"article:published_time\" content=\"2012-12-18T22:08:01+00:00\" \/>\n<meta property=\"article:modified_time\" content=\"2012-12-19T21:56:46+00:00\" \/>\n<meta property=\"og:image\" content=\"http:\/\/www.montalegre.org\/wp-content\/uploads\/2012\/12\/IMG_8725-300x225.jpg\" \/>\n<meta name=\"author\" content=\"montalegre\" \/>\n<meta name=\"twitter:card\" content=\"summary_large_image\" \/>\n<meta name=\"twitter:label1\" content=\"Escrito por\" \/>\n\t<meta name=\"twitter:data1\" content=\"montalegre\" \/>\n\t<meta name=\"twitter:label2\" content=\"Tiempo de lectura\" \/>\n\t<meta name=\"twitter:data2\" content=\"1 minuto\" \/>\n<script type=\"application\/ld+json\" class=\"yoast-schema-graph\">{\"@context\":\"https:\/\/schema.org\",\"@graph\":[{\"@type\":\"Article\",\"@id\":\"https:\/\/www.montalegre.org\/es\/2012\/12\/la-navidad-de-la-coral-canigo\/#article\",\"isPartOf\":{\"@id\":\"https:\/\/www.montalegre.org\/es\/2012\/12\/la-navidad-de-la-coral-canigo\/\"},\"author\":{\"name\":\"montalegre\",\"@id\":\"https:\/\/www.montalegre.org\/es\/#\/schema\/person\/fa12d4cf3a3f1735a9176b4fafd6a633\"},\"headline\":\"La Navidad de la Coral Canig\u00f3\",\"datePublished\":\"2012-12-18T22:08:01+00:00\",\"dateModified\":\"2012-12-19T21:56:46+00:00\",\"mainEntityOfPage\":{\"@id\":\"https:\/\/www.montalegre.org\/es\/2012\/12\/la-navidad-de-la-coral-canigo\/\"},\"wordCount\":231,\"commentCount\":0,\"image\":{\"@id\":\"https:\/\/www.montalegre.org\/es\/2012\/12\/la-navidad-de-la-coral-canigo\/#primaryimage\"},\"thumbnailUrl\":\"http:\/\/www.montalegre.org\/wp-content\/uploads\/2012\/12\/IMG_8725-300x225.jpg\",\"articleSection\":[\"Noticias de Montalegre\"],\"inLanguage\":\"es\",\"potentialAction\":[{\"@type\":\"CommentAction\",\"name\":\"Comment\",\"target\":[\"https:\/\/www.montalegre.org\/es\/2012\/12\/la-navidad-de-la-coral-canigo\/#respond\"]}]},{\"@type\":\"WebPage\",\"@id\":\"https:\/\/www.montalegre.org\/es\/2012\/12\/la-navidad-de-la-coral-canigo\/\",\"url\":\"https:\/\/www.montalegre.org\/es\/2012\/12\/la-navidad-de-la-coral-canigo\/\",\"name\":\"La Navidad de la Coral Canig\u00f3 - Montalegre\",\"isPartOf\":{\"@id\":\"https:\/\/www.montalegre.org\/es\/#website\"},\"primaryImageOfPage\":{\"@id\":\"https:\/\/www.montalegre.org\/es\/2012\/12\/la-navidad-de-la-coral-canigo\/#primaryimage\"},\"image\":{\"@id\":\"https:\/\/www.montalegre.org\/es\/2012\/12\/la-navidad-de-la-coral-canigo\/#primaryimage\"},\"thumbnailUrl\":\"http:\/\/www.montalegre.org\/wp-content\/uploads\/2012\/12\/IMG_8725-300x225.jpg\",\"datePublished\":\"2012-12-18T22:08:01+00:00\",\"dateModified\":\"2012-12-19T21:56:46+00:00\",\"author\":{\"@id\":\"https:\/\/www.montalegre.org\/es\/#\/schema\/person\/fa12d4cf3a3f1735a9176b4fafd6a633\"},\"breadcrumb\":{\"@id\":\"https:\/\/www.montalegre.org\/es\/2012\/12\/la-navidad-de-la-coral-canigo\/#breadcrumb\"},\"inLanguage\":\"es\",\"potentialAction\":[{\"@type\":\"ReadAction\",\"target\":[\"https:\/\/www.montalegre.org\/es\/2012\/12\/la-navidad-de-la-coral-canigo\/\"]}]},{\"@type\":\"ImageObject\",\"inLanguage\":\"es\",\"@id\":\"https:\/\/www.montalegre.org\/es\/2012\/12\/la-navidad-de-la-coral-canigo\/#primaryimage\",\"url\":\"http:\/\/www.montalegre.org\/wp-content\/uploads\/2012\/12\/IMG_8725-300x225.jpg\",\"contentUrl\":\"http:\/\/www.montalegre.org\/wp-content\/uploads\/2012\/12\/IMG_8725-300x225.jpg\"},{\"@type\":\"BreadcrumbList\",\"@id\":\"https:\/\/www.montalegre.org\/es\/2012\/12\/la-navidad-de-la-coral-canigo\/#breadcrumb\",\"itemListElement\":[{\"@type\":\"ListItem\",\"position\":1,\"name\":\"Portada\",\"item\":\"https:\/\/www.montalegre.org\/es\/\"},{\"@type\":\"ListItem\",\"position\":2,\"name\":\"La Navidad de la Coral Canig\u00f3\"}]},{\"@type\":\"WebSite\",\"@id\":\"https:\/\/www.montalegre.org\/es\/#website\",\"url\":\"https:\/\/www.montalegre.org\/es\/\",\"name\":\"Montalegre\",\"description\":\"\",\"potentialAction\":[{\"@type\":\"SearchAction\",\"target\":{\"@type\":\"EntryPoint\",\"urlTemplate\":\"https:\/\/www.montalegre.org\/es\/?s={search_term_string}\"},\"query-input\":{\"@type\":\"PropertyValueSpecification\",\"valueRequired\":true,\"valueName\":\"search_term_string\"}}],\"inLanguage\":\"es\"},{\"@type\":\"Person\",\"@id\":\"https:\/\/www.montalegre.org\/es\/#\/schema\/person\/fa12d4cf3a3f1735a9176b4fafd6a633\",\"name\":\"montalegre\",\"image\":{\"@type\":\"ImageObject\",\"inLanguage\":\"es\",\"@id\":\"https:\/\/www.montalegre.org\/es\/#\/schema\/person\/image\/\",\"url\":\"https:\/\/secure.gravatar.com\/avatar\/fe6d886cf5081e723c666dceda1f12d4f39070fa2ed4e79695edc3ca355c9b5a?s=96&d=mm&r=g\",\"contentUrl\":\"https:\/\/secure.gravatar.com\/avatar\/fe6d886cf5081e723c666dceda1f12d4f39070fa2ed4e79695edc3ca355c9b5a?s=96&d=mm&r=g\",\"caption\":\"montalegre\"},\"url\":\"https:\/\/www.montalegre.org\/es\/author\/montalegre\/\"}]}<\/script>\n<!-- \/ Yoast SEO plugin. -->","yoast_head_json":{"title":"La Navidad de la Coral Canig\u00f3 - Montalegre","robots":{"index":"index","follow":"follow","max-snippet":"max-snippet:-1","max-image-preview":"max-image-preview:large","max-video-preview":"max-video-preview:-1"},"canonical":"https:\/\/www.montalegre.org\/es\/2012\/12\/la-navidad-de-la-coral-canigo\/","og_locale":"es_ES","og_type":"article","og_title":"La Navidad de la Coral Canig\u00f3 - Montalegre","og_description":"A las nueve de la noche del d\u00eda 15 de diciembre de 2012, se celebr\u00f3 el XIV Concierto de Navidad de la Coral Canig\u00f3. Como su fama le precede, porque cada concierto mejora el anterior, este a\u00f1o tampoco nos ha defraudado. Es m\u00e1s, la nave central de la iglesia estaba m\u00e1s llena que nunca. Con [&hellip;]","og_url":"https:\/\/www.montalegre.org\/es\/2012\/12\/la-navidad-de-la-coral-canigo\/","og_site_name":"Montalegre","article_published_time":"2012-12-18T22:08:01+00:00","article_modified_time":"2012-12-19T21:56:46+00:00","og_image":[{"url":"http:\/\/www.montalegre.org\/wp-content\/uploads\/2012\/12\/IMG_8725-300x225.jpg","type":"","width":"","height":""}],"author":"montalegre","twitter_card":"summary_large_image","twitter_misc":{"Escrito por":"montalegre","Tiempo de lectura":"1 minuto"},"schema":{"@context":"https:\/\/schema.org","@graph":[{"@type":"Article","@id":"https:\/\/www.montalegre.org\/es\/2012\/12\/la-navidad-de-la-coral-canigo\/#article","isPartOf":{"@id":"https:\/\/www.montalegre.org\/es\/2012\/12\/la-navidad-de-la-coral-canigo\/"},"author":{"name":"montalegre","@id":"https:\/\/www.montalegre.org\/es\/#\/schema\/person\/fa12d4cf3a3f1735a9176b4fafd6a633"},"headline":"La Navidad de la Coral Canig\u00f3","datePublished":"2012-12-18T22:08:01+00:00","dateModified":"2012-12-19T21:56:46+00:00","mainEntityOfPage":{"@id":"https:\/\/www.montalegre.org\/es\/2012\/12\/la-navidad-de-la-coral-canigo\/"},"wordCount":231,"commentCount":0,"image":{"@id":"https:\/\/www.montalegre.org\/es\/2012\/12\/la-navidad-de-la-coral-canigo\/#primaryimage"},"thumbnailUrl":"http:\/\/www.montalegre.org\/wp-content\/uploads\/2012\/12\/IMG_8725-300x225.jpg","articleSection":["Noticias de Montalegre"],"inLanguage":"es","potentialAction":[{"@type":"CommentAction","name":"Comment","target":["https:\/\/www.montalegre.org\/es\/2012\/12\/la-navidad-de-la-coral-canigo\/#respond"]}]},{"@type":"WebPage","@id":"https:\/\/www.montalegre.org\/es\/2012\/12\/la-navidad-de-la-coral-canigo\/","url":"https:\/\/www.montalegre.org\/es\/2012\/12\/la-navidad-de-la-coral-canigo\/","name":"La Navidad de la Coral Canig\u00f3 - Montalegre","isPartOf":{"@id":"https:\/\/www.montalegre.org\/es\/#website"},"primaryImageOfPage":{"@id":"https:\/\/www.montalegre.org\/es\/2012\/12\/la-navidad-de-la-coral-canigo\/#primaryimage"},"image":{"@id":"https:\/\/www.montalegre.org\/es\/2012\/12\/la-navidad-de-la-coral-canigo\/#primaryimage"},"thumbnailUrl":"http:\/\/www.montalegre.org\/wp-content\/uploads\/2012\/12\/IMG_8725-300x225.jpg","datePublished":"2012-12-18T22:08:01+00:00","dateModified":"2012-12-19T21:56:46+00:00","author":{"@id":"https:\/\/www.montalegre.org\/es\/#\/schema\/person\/fa12d4cf3a3f1735a9176b4fafd6a633"},"breadcrumb":{"@id":"https:\/\/www.montalegre.org\/es\/2012\/12\/la-navidad-de-la-coral-canigo\/#breadcrumb"},"inLanguage":"es","potentialAction":[{"@type":"ReadAction","target":["https:\/\/www.montalegre.org\/es\/2012\/12\/la-navidad-de-la-coral-canigo\/"]}]},{"@type":"ImageObject","inLanguage":"es","@id":"https:\/\/www.montalegre.org\/es\/2012\/12\/la-navidad-de-la-coral-canigo\/#primaryimage","url":"http:\/\/www.montalegre.org\/wp-content\/uploads\/2012\/12\/IMG_8725-300x225.jpg","contentUrl":"http:\/\/www.montalegre.org\/wp-content\/uploads\/2012\/12\/IMG_8725-300x225.jpg"},{"@type":"BreadcrumbList","@id":"https:\/\/www.montalegre.org\/es\/2012\/12\/la-navidad-de-la-coral-canigo\/#breadcrumb","itemListElement":[{"@type":"ListItem","position":1,"name":"Portada","item":"https:\/\/www.montalegre.org\/es\/"},{"@type":"ListItem","position":2,"name":"La Navidad de la Coral Canig\u00f3"}]},{"@type":"WebSite","@id":"https:\/\/www.montalegre.org\/es\/#website","url":"https:\/\/www.montalegre.org\/es\/","name":"Montalegre","description":"","potentialAction":[{"@type":"SearchAction","target":{"@type":"EntryPoint","urlTemplate":"https:\/\/www.montalegre.org\/es\/?s={search_term_string}"},"query-input":{"@type":"PropertyValueSpecification","valueRequired":true,"valueName":"search_term_string"}}],"inLanguage":"es"},{"@type":"Person","@id":"https:\/\/www.montalegre.org\/es\/#\/schema\/person\/fa12d4cf3a3f1735a9176b4fafd6a633","name":"montalegre","image":{"@type":"ImageObject","inLanguage":"es","@id":"https:\/\/www.montalegre.org\/es\/#\/schema\/person\/image\/","url":"https:\/\/secure.gravatar.com\/avatar\/fe6d886cf5081e723c666dceda1f12d4f39070fa2ed4e79695edc3ca355c9b5a?s=96&d=mm&r=g","contentUrl":"https:\/\/secure.gravatar.com\/avatar\/fe6d886cf5081e723c666dceda1f12d4f39070fa2ed4e79695edc3ca355c9b5a?s=96&d=mm&r=g","caption":"montalegre"},"url":"https:\/\/www.montalegre.org\/es\/author\/montalegre\/"}]}},"_links":{"self":[{"href":"https:\/\/www.montalegre.org\/es\/wp-json\/wp\/v2\/posts\/5913","targetHints":{"allow":["GET"]}}],"collection":[{"href":"https:\/\/www.montalegre.org\/es\/wp-json\/wp\/v2\/posts"}],"about":[{"href":"https:\/\/www.montalegre.org\/es\/wp-json\/wp\/v2\/types\/post"}],"author":[{"embeddable":true,"href":"https:\/\/www.montalegre.org\/es\/wp-json\/wp\/v2\/users\/4"}],"replies":[{"embeddable":true,"href":"https:\/\/www.montalegre.org\/es\/wp-json\/wp\/v2\/comments?post=5913"}],"version-history":[{"count":5,"href":"https:\/\/www.montalegre.org\/es\/wp-json\/wp\/v2\/posts\/5913\/revisions"}],"predecessor-version":[{"id":5941,"href":"https:\/\/www.montalegre.org\/es\/wp-json\/wp\/v2\/posts\/5913\/revisions\/5941"}],"wp:attachment":[{"href":"https:\/\/www.montalegre.org\/es\/wp-json\/wp\/v2\/media?parent=5913"}],"wp:term":[{"taxonomy":"category","embeddable":true,"href":"https:\/\/www.montalegre.org\/es\/wp-json\/wp\/v2\/categories?post=5913"},{"taxonomy":"post_tag","embeddable":true,"href":"https:\/\/www.montalegre.org\/es\/wp-json\/wp\/v2\/tags?post=5913"}],"curies":[{"name":"wp","href":"https:\/\/api.w.org\/{rel}","templated":true}]}}