{"id":5886,"date":"2012-12-13T22:05:51","date_gmt":"2012-12-13T22:05:51","guid":{"rendered":"http:\/\/www.montalegre.org\/?p=5886"},"modified":"2012-12-14T11:53:49","modified_gmt":"2012-12-14T11:53:49","slug":"jose-maria-hernandez-garnica-tienes-que-actuar","status":"publish","type":"post","link":"https:\/\/www.montalegre.org\/es\/2012\/12\/jose-maria-hernandez-garnica-tienes-que-actuar\/","title":{"rendered":"Jos\u00e9 Mar\u00eda Hern\u00e1ndez Garnica, tienes que actuar"},"content":{"rendered":"<p><img loading=\"lazy\" decoding=\"async\" class=\"alignleft\" src=\"http:\/\/hernandezgarnica.files.wordpress.com\/2012\/12\/dsc_1689.jpg?w=300&amp;h=200\" alt=\"La iglesia al comienzo de la Santa Misa\" width=\"300\" height=\"200\" \/>Desde hace cinco a\u00f1os, en la Iglesia de Santa Mar\u00eda de Montalegre, a lo largo de la segunda semana de adviento se celebra una misa en sufragio por el alma del Siervo de Dios, presb\u00edtero, Jose Mar\u00eda Hern\u00e1ndez Garnica, del que el pasado d\u00eda 7 de diciembre se cumpl\u00edan cuarenta a\u00f1os de su traspaso al cielo. Este a\u00f1o la misa se celebr\u00f3 el lunes d\u00eda 10. Fue la primera misa en sufragio al cabo de un a\u00f1o de que reposaran sus restos en el sepulcro que hay en la capilla del Sant\u00edsimo.<\/p>\n<p>La corona de abeto y velas y el revestimiento morado del celebrante nos recordaban visualmente que estamos en tiempos de preparaci\u00f3n de la venida del Se\u00f1or, tambi\u00e9n el salmo que se ley\u00f3 &#8220;Nuestro Dios vendr\u00e1 a salvarnos&#8221;, nos anunciaba que ya queda poco para la Navidad. No fue una misa de difuntos, ni tampoco se retiraron las flores que estaban al pie de la Virgen de Montalegre y que le ofrecieron el d\u00eda de la Inmaculada, fue la misa del d\u00eda, normal.<\/p>\n<p>El rector en su homil\u00eda nos record\u00f3 aquel sue\u00f1o de tener a Jos\u00e9 Mar\u00eda Hern\u00e1ndez Garnica en la iglesia, pero como Dios dispone a su ritmo todo el proyecto se adelant\u00f3, cumpli\u00e9ndose lo dec\u00eda san Josemar\u00eda: <em>so\u00f1\u00e1is que os quedar\u00e9is cortos. La vida de Jos\u00e9 Mar\u00eda fue corta pero de fidelidad absoluta a la llamada de Dios y a la Obra. Vivi\u00f3 una vida oculta, nada extraordinaria, pero al mismo tiempo extensa&#8230; Y toda aquella semilla ha dado muchos frutos. En consecuencia estamos en deuda con \u00e9l, y con todos los que nos han precedido, y la mejor manera de pagar esta deuda es la de promover la devoci\u00f3n privada, hablando de \u00e9l, animando a las personas que nos rodean a que le encomienden cosas. No se trata de promover culto, sino de rezarle e invitar a otros a que le pidan ayuda para arrancar de Dios este milagro que se necesita.<\/em> Mn. Francesc Perarnau a\u00f1adi\u00f3 que cuando el prelado del Opus Dei, Javier Echevarria, visit\u00f3 Montalegre, brevemente, el pasado 2 de julio, dio unos golpecitos en la l\u00e1pida, recordando lo que hac\u00eda san Josemar\u00eda en la l\u00e1pida de su hermana Carmen, diciendo al mismo tiempo:<em> &#8220;tienes que actuar&#8221;.<\/em><\/p>\n<p>Una vez terminada la misa nos dirigimos a la capilla del Sant\u00edsimo donde el celebrante dijo un responso y esparci\u00f3 agua bendita al sepulcro, momento en el que muchos de nosotros, por dentro, le dec\u00edamos tambi\u00e9n <em>estate activo<\/em>. A lo largo de toda la celebraci\u00f3n Josep Masabeu, el organista de la casa, dirigi\u00f3 la m\u00fasica y los cantos.<\/p>\n<p>Isabel Hern\u00e1ndez Esteban<\/p>\n<p>Ver informaci\u00f3n en el blog:\u00a0 <a href=\"http:\/\/hernandezgarnica.wordpress.com\/\">hernandezgarnica.wordpress.com<\/a><\/p>\n","protected":false},"excerpt":{"rendered":"<p>Desde hace cinco a\u00f1os, en la Iglesia de Santa Mar\u00eda de Montalegre, a lo largo de la segunda semana de adviento se celebra una misa en sufragio por el alma del Siervo de Dios, presb\u00edtero, Jose Mar\u00eda Hern\u00e1ndez Garnica, del que el pasado d\u00eda 7 de diciembre se cumpl\u00edan cuarenta a\u00f1os de su traspaso al [&hellip;]<\/p>\n","protected":false},"author":4,"featured_media":0,"comment_status":"open","ping_status":"open","sticky":false,"template":"","format":"standard","meta":{"footnotes":""},"categories":[1],"tags":[],"class_list":["post-5886","post","type-post","status-publish","format-standard","hentry","category-noticias-de-montalegre"],"yoast_head":"<!-- This site is optimized with the Yoast SEO plugin v27.1.1 - https:\/\/yoast.com\/product\/yoast-seo-wordpress\/ -->\n<title>Jos\u00e9 Mar\u00eda Hern\u00e1ndez Garnica, tienes que actuar - Montalegre<\/title>\n<meta name=\"robots\" content=\"index, follow, max-snippet:-1, max-image-preview:large, max-video-preview:-1\" \/>\n<link rel=\"canonical\" href=\"https:\/\/www.montalegre.org\/es\/2012\/12\/jose-maria-hernandez-garnica-tienes-que-actuar\/\" \/>\n<meta property=\"og:locale\" content=\"es_ES\" \/>\n<meta property=\"og:type\" content=\"article\" \/>\n<meta property=\"og:title\" content=\"Jos\u00e9 Mar\u00eda Hern\u00e1ndez Garnica, tienes que actuar - Montalegre\" \/>\n<meta property=\"og:description\" content=\"Desde hace cinco a\u00f1os, en la Iglesia de Santa Mar\u00eda de Montalegre, a lo largo de la segunda semana de adviento se celebra una misa en sufragio por el alma del Siervo de Dios, presb\u00edtero, Jose Mar\u00eda Hern\u00e1ndez Garnica, del que el pasado d\u00eda 7 de diciembre se cumpl\u00edan cuarenta a\u00f1os de su traspaso al [&hellip;]\" \/>\n<meta property=\"og:url\" content=\"https:\/\/www.montalegre.org\/es\/2012\/12\/jose-maria-hernandez-garnica-tienes-que-actuar\/\" \/>\n<meta property=\"og:site_name\" content=\"Montalegre\" \/>\n<meta property=\"article:published_time\" content=\"2012-12-13T22:05:51+00:00\" \/>\n<meta property=\"article:modified_time\" content=\"2012-12-14T11:53:49+00:00\" \/>\n<meta property=\"og:image\" content=\"http:\/\/hernandezgarnica.files.wordpress.com\/2012\/12\/dsc_1689.jpg?w=300&amp;h=200\" \/>\n<meta name=\"author\" content=\"montalegre\" \/>\n<meta name=\"twitter:card\" content=\"summary_large_image\" \/>\n<meta name=\"twitter:label1\" content=\"Escrito por\" \/>\n\t<meta name=\"twitter:data1\" content=\"montalegre\" \/>\n\t<meta name=\"twitter:label2\" content=\"Tiempo de lectura\" \/>\n\t<meta name=\"twitter:data2\" content=\"2 minutos\" \/>\n<script type=\"application\/ld+json\" class=\"yoast-schema-graph\">{\"@context\":\"https:\/\/schema.org\",\"@graph\":[{\"@type\":\"Article\",\"@id\":\"https:\/\/www.montalegre.org\/es\/2012\/12\/jose-maria-hernandez-garnica-tienes-que-actuar\/#article\",\"isPartOf\":{\"@id\":\"https:\/\/www.montalegre.org\/es\/2012\/12\/jose-maria-hernandez-garnica-tienes-que-actuar\/\"},\"author\":{\"name\":\"montalegre\",\"@id\":\"https:\/\/www.montalegre.org\/es\/#\/schema\/person\/fa12d4cf3a3f1735a9176b4fafd6a633\"},\"headline\":\"Jos\u00e9 Mar\u00eda Hern\u00e1ndez Garnica, tienes que actuar\",\"datePublished\":\"2012-12-13T22:05:51+00:00\",\"dateModified\":\"2012-12-14T11:53:49+00:00\",\"mainEntityOfPage\":{\"@id\":\"https:\/\/www.montalegre.org\/es\/2012\/12\/jose-maria-hernandez-garnica-tienes-que-actuar\/\"},\"wordCount\":488,\"commentCount\":0,\"image\":{\"@id\":\"https:\/\/www.montalegre.org\/es\/2012\/12\/jose-maria-hernandez-garnica-tienes-que-actuar\/#primaryimage\"},\"thumbnailUrl\":\"http:\/\/hernandezgarnica.files.wordpress.com\/2012\/12\/dsc_1689.jpg?w=300&amp;h=200\",\"articleSection\":[\"Noticias de Montalegre\"],\"inLanguage\":\"es\",\"potentialAction\":[{\"@type\":\"CommentAction\",\"name\":\"Comment\",\"target\":[\"https:\/\/www.montalegre.org\/es\/2012\/12\/jose-maria-hernandez-garnica-tienes-que-actuar\/#respond\"]}]},{\"@type\":\"WebPage\",\"@id\":\"https:\/\/www.montalegre.org\/es\/2012\/12\/jose-maria-hernandez-garnica-tienes-que-actuar\/\",\"url\":\"https:\/\/www.montalegre.org\/es\/2012\/12\/jose-maria-hernandez-garnica-tienes-que-actuar\/\",\"name\":\"Jos\u00e9 Mar\u00eda Hern\u00e1ndez Garnica, tienes que actuar - Montalegre\",\"isPartOf\":{\"@id\":\"https:\/\/www.montalegre.org\/es\/#website\"},\"primaryImageOfPage\":{\"@id\":\"https:\/\/www.montalegre.org\/es\/2012\/12\/jose-maria-hernandez-garnica-tienes-que-actuar\/#primaryimage\"},\"image\":{\"@id\":\"https:\/\/www.montalegre.org\/es\/2012\/12\/jose-maria-hernandez-garnica-tienes-que-actuar\/#primaryimage\"},\"thumbnailUrl\":\"http:\/\/hernandezgarnica.files.wordpress.com\/2012\/12\/dsc_1689.jpg?w=300&amp;h=200\",\"datePublished\":\"2012-12-13T22:05:51+00:00\",\"dateModified\":\"2012-12-14T11:53:49+00:00\",\"author\":{\"@id\":\"https:\/\/www.montalegre.org\/es\/#\/schema\/person\/fa12d4cf3a3f1735a9176b4fafd6a633\"},\"breadcrumb\":{\"@id\":\"https:\/\/www.montalegre.org\/es\/2012\/12\/jose-maria-hernandez-garnica-tienes-que-actuar\/#breadcrumb\"},\"inLanguage\":\"es\",\"potentialAction\":[{\"@type\":\"ReadAction\",\"target\":[\"https:\/\/www.montalegre.org\/es\/2012\/12\/jose-maria-hernandez-garnica-tienes-que-actuar\/\"]}]},{\"@type\":\"ImageObject\",\"inLanguage\":\"es\",\"@id\":\"https:\/\/www.montalegre.org\/es\/2012\/12\/jose-maria-hernandez-garnica-tienes-que-actuar\/#primaryimage\",\"url\":\"http:\/\/hernandezgarnica.files.wordpress.com\/2012\/12\/dsc_1689.jpg?w=300&amp;h=200\",\"contentUrl\":\"http:\/\/hernandezgarnica.files.wordpress.com\/2012\/12\/dsc_1689.jpg?w=300&amp;h=200\"},{\"@type\":\"BreadcrumbList\",\"@id\":\"https:\/\/www.montalegre.org\/es\/2012\/12\/jose-maria-hernandez-garnica-tienes-que-actuar\/#breadcrumb\",\"itemListElement\":[{\"@type\":\"ListItem\",\"position\":1,\"name\":\"Portada\",\"item\":\"https:\/\/www.montalegre.org\/es\/\"},{\"@type\":\"ListItem\",\"position\":2,\"name\":\"Jos\u00e9 Mar\u00eda Hern\u00e1ndez Garnica, tienes que actuar\"}]},{\"@type\":\"WebSite\",\"@id\":\"https:\/\/www.montalegre.org\/es\/#website\",\"url\":\"https:\/\/www.montalegre.org\/es\/\",\"name\":\"Montalegre\",\"description\":\"\",\"potentialAction\":[{\"@type\":\"SearchAction\",\"target\":{\"@type\":\"EntryPoint\",\"urlTemplate\":\"https:\/\/www.montalegre.org\/es\/?s={search_term_string}\"},\"query-input\":{\"@type\":\"PropertyValueSpecification\",\"valueRequired\":true,\"valueName\":\"search_term_string\"}}],\"inLanguage\":\"es\"},{\"@type\":\"Person\",\"@id\":\"https:\/\/www.montalegre.org\/es\/#\/schema\/person\/fa12d4cf3a3f1735a9176b4fafd6a633\",\"name\":\"montalegre\",\"image\":{\"@type\":\"ImageObject\",\"inLanguage\":\"es\",\"@id\":\"https:\/\/www.montalegre.org\/es\/#\/schema\/person\/image\/\",\"url\":\"https:\/\/secure.gravatar.com\/avatar\/fe6d886cf5081e723c666dceda1f12d4f39070fa2ed4e79695edc3ca355c9b5a?s=96&d=mm&r=g\",\"contentUrl\":\"https:\/\/secure.gravatar.com\/avatar\/fe6d886cf5081e723c666dceda1f12d4f39070fa2ed4e79695edc3ca355c9b5a?s=96&d=mm&r=g\",\"caption\":\"montalegre\"},\"url\":\"https:\/\/www.montalegre.org\/es\/author\/montalegre\/\"}]}<\/script>\n<!-- \/ Yoast SEO plugin. -->","yoast_head_json":{"title":"Jos\u00e9 Mar\u00eda Hern\u00e1ndez Garnica, tienes que actuar - Montalegre","robots":{"index":"index","follow":"follow","max-snippet":"max-snippet:-1","max-image-preview":"max-image-preview:large","max-video-preview":"max-video-preview:-1"},"canonical":"https:\/\/www.montalegre.org\/es\/2012\/12\/jose-maria-hernandez-garnica-tienes-que-actuar\/","og_locale":"es_ES","og_type":"article","og_title":"Jos\u00e9 Mar\u00eda Hern\u00e1ndez Garnica, tienes que actuar - Montalegre","og_description":"Desde hace cinco a\u00f1os, en la Iglesia de Santa Mar\u00eda de Montalegre, a lo largo de la segunda semana de adviento se celebra una misa en sufragio por el alma del Siervo de Dios, presb\u00edtero, Jose Mar\u00eda Hern\u00e1ndez Garnica, del que el pasado d\u00eda 7 de diciembre se cumpl\u00edan cuarenta a\u00f1os de su traspaso al [&hellip;]","og_url":"https:\/\/www.montalegre.org\/es\/2012\/12\/jose-maria-hernandez-garnica-tienes-que-actuar\/","og_site_name":"Montalegre","article_published_time":"2012-12-13T22:05:51+00:00","article_modified_time":"2012-12-14T11:53:49+00:00","og_image":[{"url":"http:\/\/hernandezgarnica.files.wordpress.com\/2012\/12\/dsc_1689.jpg?w=300&amp;h=200","type":"","width":"","height":""}],"author":"montalegre","twitter_card":"summary_large_image","twitter_misc":{"Escrito por":"montalegre","Tiempo de lectura":"2 minutos"},"schema":{"@context":"https:\/\/schema.org","@graph":[{"@type":"Article","@id":"https:\/\/www.montalegre.org\/es\/2012\/12\/jose-maria-hernandez-garnica-tienes-que-actuar\/#article","isPartOf":{"@id":"https:\/\/www.montalegre.org\/es\/2012\/12\/jose-maria-hernandez-garnica-tienes-que-actuar\/"},"author":{"name":"montalegre","@id":"https:\/\/www.montalegre.org\/es\/#\/schema\/person\/fa12d4cf3a3f1735a9176b4fafd6a633"},"headline":"Jos\u00e9 Mar\u00eda Hern\u00e1ndez Garnica, tienes que actuar","datePublished":"2012-12-13T22:05:51+00:00","dateModified":"2012-12-14T11:53:49+00:00","mainEntityOfPage":{"@id":"https:\/\/www.montalegre.org\/es\/2012\/12\/jose-maria-hernandez-garnica-tienes-que-actuar\/"},"wordCount":488,"commentCount":0,"image":{"@id":"https:\/\/www.montalegre.org\/es\/2012\/12\/jose-maria-hernandez-garnica-tienes-que-actuar\/#primaryimage"},"thumbnailUrl":"http:\/\/hernandezgarnica.files.wordpress.com\/2012\/12\/dsc_1689.jpg?w=300&amp;h=200","articleSection":["Noticias de Montalegre"],"inLanguage":"es","potentialAction":[{"@type":"CommentAction","name":"Comment","target":["https:\/\/www.montalegre.org\/es\/2012\/12\/jose-maria-hernandez-garnica-tienes-que-actuar\/#respond"]}]},{"@type":"WebPage","@id":"https:\/\/www.montalegre.org\/es\/2012\/12\/jose-maria-hernandez-garnica-tienes-que-actuar\/","url":"https:\/\/www.montalegre.org\/es\/2012\/12\/jose-maria-hernandez-garnica-tienes-que-actuar\/","name":"Jos\u00e9 Mar\u00eda Hern\u00e1ndez Garnica, tienes que actuar - Montalegre","isPartOf":{"@id":"https:\/\/www.montalegre.org\/es\/#website"},"primaryImageOfPage":{"@id":"https:\/\/www.montalegre.org\/es\/2012\/12\/jose-maria-hernandez-garnica-tienes-que-actuar\/#primaryimage"},"image":{"@id":"https:\/\/www.montalegre.org\/es\/2012\/12\/jose-maria-hernandez-garnica-tienes-que-actuar\/#primaryimage"},"thumbnailUrl":"http:\/\/hernandezgarnica.files.wordpress.com\/2012\/12\/dsc_1689.jpg?w=300&amp;h=200","datePublished":"2012-12-13T22:05:51+00:00","dateModified":"2012-12-14T11:53:49+00:00","author":{"@id":"https:\/\/www.montalegre.org\/es\/#\/schema\/person\/fa12d4cf3a3f1735a9176b4fafd6a633"},"breadcrumb":{"@id":"https:\/\/www.montalegre.org\/es\/2012\/12\/jose-maria-hernandez-garnica-tienes-que-actuar\/#breadcrumb"},"inLanguage":"es","potentialAction":[{"@type":"ReadAction","target":["https:\/\/www.montalegre.org\/es\/2012\/12\/jose-maria-hernandez-garnica-tienes-que-actuar\/"]}]},{"@type":"ImageObject","inLanguage":"es","@id":"https:\/\/www.montalegre.org\/es\/2012\/12\/jose-maria-hernandez-garnica-tienes-que-actuar\/#primaryimage","url":"http:\/\/hernandezgarnica.files.wordpress.com\/2012\/12\/dsc_1689.jpg?w=300&amp;h=200","contentUrl":"http:\/\/hernandezgarnica.files.wordpress.com\/2012\/12\/dsc_1689.jpg?w=300&amp;h=200"},{"@type":"BreadcrumbList","@id":"https:\/\/www.montalegre.org\/es\/2012\/12\/jose-maria-hernandez-garnica-tienes-que-actuar\/#breadcrumb","itemListElement":[{"@type":"ListItem","position":1,"name":"Portada","item":"https:\/\/www.montalegre.org\/es\/"},{"@type":"ListItem","position":2,"name":"Jos\u00e9 Mar\u00eda Hern\u00e1ndez Garnica, tienes que actuar"}]},{"@type":"WebSite","@id":"https:\/\/www.montalegre.org\/es\/#website","url":"https:\/\/www.montalegre.org\/es\/","name":"Montalegre","description":"","potentialAction":[{"@type":"SearchAction","target":{"@type":"EntryPoint","urlTemplate":"https:\/\/www.montalegre.org\/es\/?s={search_term_string}"},"query-input":{"@type":"PropertyValueSpecification","valueRequired":true,"valueName":"search_term_string"}}],"inLanguage":"es"},{"@type":"Person","@id":"https:\/\/www.montalegre.org\/es\/#\/schema\/person\/fa12d4cf3a3f1735a9176b4fafd6a633","name":"montalegre","image":{"@type":"ImageObject","inLanguage":"es","@id":"https:\/\/www.montalegre.org\/es\/#\/schema\/person\/image\/","url":"https:\/\/secure.gravatar.com\/avatar\/fe6d886cf5081e723c666dceda1f12d4f39070fa2ed4e79695edc3ca355c9b5a?s=96&d=mm&r=g","contentUrl":"https:\/\/secure.gravatar.com\/avatar\/fe6d886cf5081e723c666dceda1f12d4f39070fa2ed4e79695edc3ca355c9b5a?s=96&d=mm&r=g","caption":"montalegre"},"url":"https:\/\/www.montalegre.org\/es\/author\/montalegre\/"}]}},"_links":{"self":[{"href":"https:\/\/www.montalegre.org\/es\/wp-json\/wp\/v2\/posts\/5886","targetHints":{"allow":["GET"]}}],"collection":[{"href":"https:\/\/www.montalegre.org\/es\/wp-json\/wp\/v2\/posts"}],"about":[{"href":"https:\/\/www.montalegre.org\/es\/wp-json\/wp\/v2\/types\/post"}],"author":[{"embeddable":true,"href":"https:\/\/www.montalegre.org\/es\/wp-json\/wp\/v2\/users\/4"}],"replies":[{"embeddable":true,"href":"https:\/\/www.montalegre.org\/es\/wp-json\/wp\/v2\/comments?post=5886"}],"version-history":[{"count":4,"href":"https:\/\/www.montalegre.org\/es\/wp-json\/wp\/v2\/posts\/5886\/revisions"}],"predecessor-version":[{"id":5896,"href":"https:\/\/www.montalegre.org\/es\/wp-json\/wp\/v2\/posts\/5886\/revisions\/5896"}],"wp:attachment":[{"href":"https:\/\/www.montalegre.org\/es\/wp-json\/wp\/v2\/media?parent=5886"}],"wp:term":[{"taxonomy":"category","embeddable":true,"href":"https:\/\/www.montalegre.org\/es\/wp-json\/wp\/v2\/categories?post=5886"},{"taxonomy":"post_tag","embeddable":true,"href":"https:\/\/www.montalegre.org\/es\/wp-json\/wp\/v2\/tags?post=5886"}],"curies":[{"name":"wp","href":"https:\/\/api.w.org\/{rel}","templated":true}]}}