{"id":5870,"date":"2012-12-09T21:56:56","date_gmt":"2012-12-09T21:56:56","guid":{"rendered":"http:\/\/www.montalegre.org\/?p=5870"},"modified":"2012-12-09T21:59:22","modified_gmt":"2012-12-09T21:59:22","slug":"gracias-por-ayudarnos","status":"publish","type":"post","link":"https:\/\/www.montalegre.org\/es\/2012\/12\/gracias-por-ayudarnos\/","title":{"rendered":"Gracias por ayudarnos!"},"content":{"rendered":"<p>En las circunstancias actuales de aumento de carencias sociales, econ\u00f3micas y espirituales, la Iglesia de Santa Mar\u00eda de <a href=\"http:\/\/www.montalegre.org\/2012\/12\/gracies-per-ajudar-nos\/olympus-digital-camera-7\/\" rel=\"attachment wp-att-5867\"><img loading=\"lazy\" decoding=\"async\" class=\"alignright size-medium wp-image-5867\" title=\"OLYMPUS DIGITAL CAMERA\" src=\"http:\/\/www.montalegre.org\/wp-content\/uploads\/2012\/12\/P6260510-300x300.jpg\" alt=\"\" width=\"300\" height=\"300\" \/><\/a>Montalegre sigue adelante con su misi\u00f3n pastoral porque ahora, m\u00e1s que nunca, debemos acercar m\u00e1s personas a Dios. En este entorno, si no fuera por las ayudas privadas recibidas, la Iglesia de Santa Mar\u00eda de Montalegre no se podr\u00eda mantener. Es por ello que os agradecemos vuestros donativos y limosnas.<\/p>\n<p>Pero no nos podemos detener aqu\u00ed. El templo es antiguo y constantemente necesita rehabilitaciones y mejoras. Tambi\u00e9n el culto precisa de ornamentos y objetos que merezcan el agrado de Dios. Es por ello que os pedimos que nos ayud\u00e9is un poco m\u00e1s con vuestros donativos y limosnas.<\/p>\n<p>Si quiere puede hacer una transferencia c\u00f3modamente desde su ordenador o en su oficina bancaria a la cuenta corriente 0487 1338 20 2000001205, de la anterior Caja Pened\u00e8s, con el nuevo nombre de BMN (Banco Mare Nostrum). Tambi\u00e9n puede pasar personalmente por nuestras oficinas. Siempre que lo crea oportuno puede solicitarnos el certificado del donativo para proceder a la desgravaci\u00f3n fiscal que pueda corresponder.<\/p>\n<p>Si su generosidad desea que quede en el anonimato, en la nave central de la iglesia encontrar\u00e1 tres buzones de limosnas: &#8220;Mantenimiento del templo y culto&#8221;, &#8220;Almas del purgatorio&#8221; y el del mueblecito de los libros, estampas, hoja dominical y la hoja informativa de nuestra iglesia. Adem\u00e1s en todas las misas, en el ofertorio, se pasa una bolsita para recoger la colaboraci\u00f3n de los fieles asistentes.<\/p>\n<p>Os agradecemos todo vuestro esfuerzo y generosidad de antemano, al que quisi\u00e9ramos corresponder con una mejora en los servicios pastorales y con muchas oraciones por nuestros benefactores.<\/p>\n<p>Para cualquier informaci\u00f3n pueden enviar un correo electr\u00f3nico a:<br \/>\nmontalegre@montalegre.org<\/p>\n<p>Servicios Informativos Montalegre<\/p>\n","protected":false},"excerpt":{"rendered":"<p>En las circunstancias actuales de aumento de carencias sociales, econ\u00f3micas y espirituales, la Iglesia de Santa Mar\u00eda de Montalegre sigue adelante con su misi\u00f3n pastoral porque ahora, m\u00e1s que nunca, debemos acercar m\u00e1s personas a Dios. En este entorno, si no fuera por las ayudas privadas recibidas, la Iglesia de Santa Mar\u00eda de Montalegre no [&hellip;]<\/p>\n","protected":false},"author":4,"featured_media":0,"comment_status":"open","ping_status":"open","sticky":false,"template":"","format":"standard","meta":{"footnotes":""},"categories":[1],"tags":[],"class_list":["post-5870","post","type-post","status-publish","format-standard","hentry","category-noticias-de-montalegre"],"yoast_head":"<!-- This site is optimized with the Yoast SEO plugin v27.1.1 - https:\/\/yoast.com\/product\/yoast-seo-wordpress\/ -->\n<title>Gracias por ayudarnos! - Montalegre<\/title>\n<meta name=\"robots\" content=\"index, follow, max-snippet:-1, max-image-preview:large, max-video-preview:-1\" \/>\n<link rel=\"canonical\" href=\"https:\/\/www.montalegre.org\/es\/2012\/12\/gracias-por-ayudarnos\/\" \/>\n<meta property=\"og:locale\" content=\"es_ES\" \/>\n<meta property=\"og:type\" content=\"article\" \/>\n<meta property=\"og:title\" content=\"Gracias por ayudarnos! - Montalegre\" \/>\n<meta property=\"og:description\" content=\"En las circunstancias actuales de aumento de carencias sociales, econ\u00f3micas y espirituales, la Iglesia de Santa Mar\u00eda de Montalegre sigue adelante con su misi\u00f3n pastoral porque ahora, m\u00e1s que nunca, debemos acercar m\u00e1s personas a Dios. En este entorno, si no fuera por las ayudas privadas recibidas, la Iglesia de Santa Mar\u00eda de Montalegre no [&hellip;]\" \/>\n<meta property=\"og:url\" content=\"https:\/\/www.montalegre.org\/es\/2012\/12\/gracias-por-ayudarnos\/\" \/>\n<meta property=\"og:site_name\" content=\"Montalegre\" \/>\n<meta property=\"article:published_time\" content=\"2012-12-09T21:56:56+00:00\" \/>\n<meta property=\"article:modified_time\" content=\"2012-12-09T21:59:22+00:00\" \/>\n<meta property=\"og:image\" content=\"http:\/\/www.montalegre.org\/wp-content\/uploads\/2012\/12\/P6260510-300x300.jpg\" \/>\n<meta name=\"author\" content=\"montalegre\" \/>\n<meta name=\"twitter:card\" content=\"summary_large_image\" \/>\n<meta name=\"twitter:label1\" content=\"Escrito por\" \/>\n\t<meta name=\"twitter:data1\" content=\"montalegre\" \/>\n\t<meta name=\"twitter:label2\" content=\"Tiempo de lectura\" \/>\n\t<meta name=\"twitter:data2\" content=\"2 minutos\" \/>\n<script type=\"application\/ld+json\" class=\"yoast-schema-graph\">{\"@context\":\"https:\/\/schema.org\",\"@graph\":[{\"@type\":\"Article\",\"@id\":\"https:\/\/www.montalegre.org\/es\/2012\/12\/gracias-por-ayudarnos\/#article\",\"isPartOf\":{\"@id\":\"https:\/\/www.montalegre.org\/es\/2012\/12\/gracias-por-ayudarnos\/\"},\"author\":{\"name\":\"montalegre\",\"@id\":\"https:\/\/www.montalegre.org\/es\/#\/schema\/person\/fa12d4cf3a3f1735a9176b4fafd6a633\"},\"headline\":\"Gracias por ayudarnos!\",\"datePublished\":\"2012-12-09T21:56:56+00:00\",\"dateModified\":\"2012-12-09T21:59:22+00:00\",\"mainEntityOfPage\":{\"@id\":\"https:\/\/www.montalegre.org\/es\/2012\/12\/gracias-por-ayudarnos\/\"},\"wordCount\":305,\"commentCount\":0,\"image\":{\"@id\":\"https:\/\/www.montalegre.org\/es\/2012\/12\/gracias-por-ayudarnos\/#primaryimage\"},\"thumbnailUrl\":\"http:\/\/www.montalegre.org\/wp-content\/uploads\/2012\/12\/P6260510-300x300.jpg\",\"articleSection\":[\"Noticias de Montalegre\"],\"inLanguage\":\"es\",\"potentialAction\":[{\"@type\":\"CommentAction\",\"name\":\"Comment\",\"target\":[\"https:\/\/www.montalegre.org\/es\/2012\/12\/gracias-por-ayudarnos\/#respond\"]}]},{\"@type\":\"WebPage\",\"@id\":\"https:\/\/www.montalegre.org\/es\/2012\/12\/gracias-por-ayudarnos\/\",\"url\":\"https:\/\/www.montalegre.org\/es\/2012\/12\/gracias-por-ayudarnos\/\",\"name\":\"Gracias por ayudarnos! - Montalegre\",\"isPartOf\":{\"@id\":\"https:\/\/www.montalegre.org\/es\/#website\"},\"primaryImageOfPage\":{\"@id\":\"https:\/\/www.montalegre.org\/es\/2012\/12\/gracias-por-ayudarnos\/#primaryimage\"},\"image\":{\"@id\":\"https:\/\/www.montalegre.org\/es\/2012\/12\/gracias-por-ayudarnos\/#primaryimage\"},\"thumbnailUrl\":\"http:\/\/www.montalegre.org\/wp-content\/uploads\/2012\/12\/P6260510-300x300.jpg\",\"datePublished\":\"2012-12-09T21:56:56+00:00\",\"dateModified\":\"2012-12-09T21:59:22+00:00\",\"author\":{\"@id\":\"https:\/\/www.montalegre.org\/es\/#\/schema\/person\/fa12d4cf3a3f1735a9176b4fafd6a633\"},\"breadcrumb\":{\"@id\":\"https:\/\/www.montalegre.org\/es\/2012\/12\/gracias-por-ayudarnos\/#breadcrumb\"},\"inLanguage\":\"es\",\"potentialAction\":[{\"@type\":\"ReadAction\",\"target\":[\"https:\/\/www.montalegre.org\/es\/2012\/12\/gracias-por-ayudarnos\/\"]}]},{\"@type\":\"ImageObject\",\"inLanguage\":\"es\",\"@id\":\"https:\/\/www.montalegre.org\/es\/2012\/12\/gracias-por-ayudarnos\/#primaryimage\",\"url\":\"http:\/\/www.montalegre.org\/wp-content\/uploads\/2012\/12\/P6260510-300x300.jpg\",\"contentUrl\":\"http:\/\/www.montalegre.org\/wp-content\/uploads\/2012\/12\/P6260510-300x300.jpg\"},{\"@type\":\"BreadcrumbList\",\"@id\":\"https:\/\/www.montalegre.org\/es\/2012\/12\/gracias-por-ayudarnos\/#breadcrumb\",\"itemListElement\":[{\"@type\":\"ListItem\",\"position\":1,\"name\":\"Portada\",\"item\":\"https:\/\/www.montalegre.org\/es\/\"},{\"@type\":\"ListItem\",\"position\":2,\"name\":\"Gracias por ayudarnos!\"}]},{\"@type\":\"WebSite\",\"@id\":\"https:\/\/www.montalegre.org\/es\/#website\",\"url\":\"https:\/\/www.montalegre.org\/es\/\",\"name\":\"Montalegre\",\"description\":\"\",\"potentialAction\":[{\"@type\":\"SearchAction\",\"target\":{\"@type\":\"EntryPoint\",\"urlTemplate\":\"https:\/\/www.montalegre.org\/es\/?s={search_term_string}\"},\"query-input\":{\"@type\":\"PropertyValueSpecification\",\"valueRequired\":true,\"valueName\":\"search_term_string\"}}],\"inLanguage\":\"es\"},{\"@type\":\"Person\",\"@id\":\"https:\/\/www.montalegre.org\/es\/#\/schema\/person\/fa12d4cf3a3f1735a9176b4fafd6a633\",\"name\":\"montalegre\",\"image\":{\"@type\":\"ImageObject\",\"inLanguage\":\"es\",\"@id\":\"https:\/\/www.montalegre.org\/es\/#\/schema\/person\/image\/\",\"url\":\"https:\/\/secure.gravatar.com\/avatar\/fe6d886cf5081e723c666dceda1f12d4f39070fa2ed4e79695edc3ca355c9b5a?s=96&d=mm&r=g\",\"contentUrl\":\"https:\/\/secure.gravatar.com\/avatar\/fe6d886cf5081e723c666dceda1f12d4f39070fa2ed4e79695edc3ca355c9b5a?s=96&d=mm&r=g\",\"caption\":\"montalegre\"},\"url\":\"https:\/\/www.montalegre.org\/es\/author\/montalegre\/\"}]}<\/script>\n<!-- \/ Yoast SEO plugin. -->","yoast_head_json":{"title":"Gracias por ayudarnos! - Montalegre","robots":{"index":"index","follow":"follow","max-snippet":"max-snippet:-1","max-image-preview":"max-image-preview:large","max-video-preview":"max-video-preview:-1"},"canonical":"https:\/\/www.montalegre.org\/es\/2012\/12\/gracias-por-ayudarnos\/","og_locale":"es_ES","og_type":"article","og_title":"Gracias por ayudarnos! - Montalegre","og_description":"En las circunstancias actuales de aumento de carencias sociales, econ\u00f3micas y espirituales, la Iglesia de Santa Mar\u00eda de Montalegre sigue adelante con su misi\u00f3n pastoral porque ahora, m\u00e1s que nunca, debemos acercar m\u00e1s personas a Dios. En este entorno, si no fuera por las ayudas privadas recibidas, la Iglesia de Santa Mar\u00eda de Montalegre no [&hellip;]","og_url":"https:\/\/www.montalegre.org\/es\/2012\/12\/gracias-por-ayudarnos\/","og_site_name":"Montalegre","article_published_time":"2012-12-09T21:56:56+00:00","article_modified_time":"2012-12-09T21:59:22+00:00","og_image":[{"url":"http:\/\/www.montalegre.org\/wp-content\/uploads\/2012\/12\/P6260510-300x300.jpg","type":"","width":"","height":""}],"author":"montalegre","twitter_card":"summary_large_image","twitter_misc":{"Escrito por":"montalegre","Tiempo de lectura":"2 minutos"},"schema":{"@context":"https:\/\/schema.org","@graph":[{"@type":"Article","@id":"https:\/\/www.montalegre.org\/es\/2012\/12\/gracias-por-ayudarnos\/#article","isPartOf":{"@id":"https:\/\/www.montalegre.org\/es\/2012\/12\/gracias-por-ayudarnos\/"},"author":{"name":"montalegre","@id":"https:\/\/www.montalegre.org\/es\/#\/schema\/person\/fa12d4cf3a3f1735a9176b4fafd6a633"},"headline":"Gracias por ayudarnos!","datePublished":"2012-12-09T21:56:56+00:00","dateModified":"2012-12-09T21:59:22+00:00","mainEntityOfPage":{"@id":"https:\/\/www.montalegre.org\/es\/2012\/12\/gracias-por-ayudarnos\/"},"wordCount":305,"commentCount":0,"image":{"@id":"https:\/\/www.montalegre.org\/es\/2012\/12\/gracias-por-ayudarnos\/#primaryimage"},"thumbnailUrl":"http:\/\/www.montalegre.org\/wp-content\/uploads\/2012\/12\/P6260510-300x300.jpg","articleSection":["Noticias de Montalegre"],"inLanguage":"es","potentialAction":[{"@type":"CommentAction","name":"Comment","target":["https:\/\/www.montalegre.org\/es\/2012\/12\/gracias-por-ayudarnos\/#respond"]}]},{"@type":"WebPage","@id":"https:\/\/www.montalegre.org\/es\/2012\/12\/gracias-por-ayudarnos\/","url":"https:\/\/www.montalegre.org\/es\/2012\/12\/gracias-por-ayudarnos\/","name":"Gracias por ayudarnos! - Montalegre","isPartOf":{"@id":"https:\/\/www.montalegre.org\/es\/#website"},"primaryImageOfPage":{"@id":"https:\/\/www.montalegre.org\/es\/2012\/12\/gracias-por-ayudarnos\/#primaryimage"},"image":{"@id":"https:\/\/www.montalegre.org\/es\/2012\/12\/gracias-por-ayudarnos\/#primaryimage"},"thumbnailUrl":"http:\/\/www.montalegre.org\/wp-content\/uploads\/2012\/12\/P6260510-300x300.jpg","datePublished":"2012-12-09T21:56:56+00:00","dateModified":"2012-12-09T21:59:22+00:00","author":{"@id":"https:\/\/www.montalegre.org\/es\/#\/schema\/person\/fa12d4cf3a3f1735a9176b4fafd6a633"},"breadcrumb":{"@id":"https:\/\/www.montalegre.org\/es\/2012\/12\/gracias-por-ayudarnos\/#breadcrumb"},"inLanguage":"es","potentialAction":[{"@type":"ReadAction","target":["https:\/\/www.montalegre.org\/es\/2012\/12\/gracias-por-ayudarnos\/"]}]},{"@type":"ImageObject","inLanguage":"es","@id":"https:\/\/www.montalegre.org\/es\/2012\/12\/gracias-por-ayudarnos\/#primaryimage","url":"http:\/\/www.montalegre.org\/wp-content\/uploads\/2012\/12\/P6260510-300x300.jpg","contentUrl":"http:\/\/www.montalegre.org\/wp-content\/uploads\/2012\/12\/P6260510-300x300.jpg"},{"@type":"BreadcrumbList","@id":"https:\/\/www.montalegre.org\/es\/2012\/12\/gracias-por-ayudarnos\/#breadcrumb","itemListElement":[{"@type":"ListItem","position":1,"name":"Portada","item":"https:\/\/www.montalegre.org\/es\/"},{"@type":"ListItem","position":2,"name":"Gracias por ayudarnos!"}]},{"@type":"WebSite","@id":"https:\/\/www.montalegre.org\/es\/#website","url":"https:\/\/www.montalegre.org\/es\/","name":"Montalegre","description":"","potentialAction":[{"@type":"SearchAction","target":{"@type":"EntryPoint","urlTemplate":"https:\/\/www.montalegre.org\/es\/?s={search_term_string}"},"query-input":{"@type":"PropertyValueSpecification","valueRequired":true,"valueName":"search_term_string"}}],"inLanguage":"es"},{"@type":"Person","@id":"https:\/\/www.montalegre.org\/es\/#\/schema\/person\/fa12d4cf3a3f1735a9176b4fafd6a633","name":"montalegre","image":{"@type":"ImageObject","inLanguage":"es","@id":"https:\/\/www.montalegre.org\/es\/#\/schema\/person\/image\/","url":"https:\/\/secure.gravatar.com\/avatar\/fe6d886cf5081e723c666dceda1f12d4f39070fa2ed4e79695edc3ca355c9b5a?s=96&d=mm&r=g","contentUrl":"https:\/\/secure.gravatar.com\/avatar\/fe6d886cf5081e723c666dceda1f12d4f39070fa2ed4e79695edc3ca355c9b5a?s=96&d=mm&r=g","caption":"montalegre"},"url":"https:\/\/www.montalegre.org\/es\/author\/montalegre\/"}]}},"_links":{"self":[{"href":"https:\/\/www.montalegre.org\/es\/wp-json\/wp\/v2\/posts\/5870","targetHints":{"allow":["GET"]}}],"collection":[{"href":"https:\/\/www.montalegre.org\/es\/wp-json\/wp\/v2\/posts"}],"about":[{"href":"https:\/\/www.montalegre.org\/es\/wp-json\/wp\/v2\/types\/post"}],"author":[{"embeddable":true,"href":"https:\/\/www.montalegre.org\/es\/wp-json\/wp\/v2\/users\/4"}],"replies":[{"embeddable":true,"href":"https:\/\/www.montalegre.org\/es\/wp-json\/wp\/v2\/comments?post=5870"}],"version-history":[{"count":5,"href":"https:\/\/www.montalegre.org\/es\/wp-json\/wp\/v2\/posts\/5870\/revisions"}],"predecessor-version":[{"id":5873,"href":"https:\/\/www.montalegre.org\/es\/wp-json\/wp\/v2\/posts\/5870\/revisions\/5873"}],"wp:attachment":[{"href":"https:\/\/www.montalegre.org\/es\/wp-json\/wp\/v2\/media?parent=5870"}],"wp:term":[{"taxonomy":"category","embeddable":true,"href":"https:\/\/www.montalegre.org\/es\/wp-json\/wp\/v2\/categories?post=5870"},{"taxonomy":"post_tag","embeddable":true,"href":"https:\/\/www.montalegre.org\/es\/wp-json\/wp\/v2\/tags?post=5870"}],"curies":[{"name":"wp","href":"https:\/\/api.w.org\/{rel}","templated":true}]}}