{"id":5862,"date":"2012-12-08T17:57:37","date_gmt":"2012-12-08T17:57:37","guid":{"rendered":"http:\/\/www.montalegre.org\/?p=5862"},"modified":"2012-12-08T17:57:38","modified_gmt":"2012-12-08T17:57:38","slug":"hoy-la-inmaculada-concepcion","status":"publish","type":"post","link":"https:\/\/www.montalegre.org\/es\/2012\/12\/hoy-la-inmaculada-concepcion\/","title":{"rendered":"Hoy La Inmaculada Concepci\u00f3n"},"content":{"rendered":"<p><a href=\"http:\/\/www.montalegre.org\/2012\/12\/avui-la-immaculada-concepcio\/images-2\/\" rel=\"attachment wp-att-5857\"><img loading=\"lazy\" decoding=\"async\" class=\"alignleft size-full wp-image-5857\" title=\"images\" src=\"http:\/\/www.montalegre.org\/wp-content\/uploads\/2012\/12\/images.jpg\" alt=\"\" width=\"186\" height=\"270\" \/><\/a>En todo el mundo cat\u00f3lico hemos celebrado hoy, d\u00eda 8 de diciembre, la solemnidad de la Inmaculada Concepci\u00f3n de la Sant\u00edsima Virgen Mar\u00eda. Es uno de los dos d\u00edas del a\u00f1o en el que los revestimientos de los presb\u00edteros pueden ser azules, color que rompe el rigor propio del tiempo lit\u00fargico del Adviento, que el domingo pasado hab\u00edamos iniciado. Con estas palabras el rector de la Iglesia de Santa Mar\u00eda de Montalegre iniciaba la anta misa de hoy.<\/p>\n<p>Efectivamente, la casulla azul que llevaba el sacerdote es del color de la Virgen por excelencia, y adem\u00e1s, evocaba otras \u00e9pocas ya que la que ha lucido pertenece al patrimonio antiguo de la Casa de la Caridad, la cual ha sido restaurada y conservada para ocasiones solemnes. En su homil\u00eda, Mn. Francesc Perarnau, nos ha explicado que lit\u00fargicamente pod\u00eda parecer que celebr\u00e1bamos el d\u00eda en el que el santo padre P\u00edo IX declaraba el dogma de la Inmaculada Concepci\u00f3n en el a\u00f1o 1954. Nos aclar\u00f3 que mucha gente cree, equivocadamente, que este dogma se trataba de una declaraci\u00f3n ocurrente del santo padre. Sin embargo, y haciendo honor a la verdad, esta creencia tiene una gran tradici\u00f3n en la Iglesia Cat\u00f3lica de muchos siglos antes a la declaraci\u00f3n del dogma.<\/p>\n<p>En efecto,-segu\u00eda diciendo el rector-&#8220;hace muchos siglos que en la Iglesia se celebraba la misa de la Inmaculada Concepci\u00f3n, es m\u00e1s, los Padres de la Iglesia hab\u00edan dejado escrito en los diferentes concilios de los siglos IV y V que Virgen Sant\u00edsima era Inmaculada, y as\u00ed fue durante muchos siglos despu\u00e9s. Se trataba de una verdad que se viv\u00eda pac\u00edficamente. Pero con la irrupci\u00f3n del racionalismo en los siglos XVII y XVIII se puso en duda. Por este motivo el Santo Padre P\u00edo IX declar\u00f3 que se trataba de una verdad infalible, dando reconocimiento a una verdad ya conocida y expresada por los fieles. Con ello el Papa quiso fortificar los pilares de una verdad que nadie, ni los te\u00f3logos, ten\u00edan ni tienen derecho a tocar &#8230; El saludo &#8220;Ave Mar\u00eda Pur\u00edsima&#8221; recoge todo este sentido, y la Iglesia lo sigue celebrando nueve meses despu\u00e9s, el 8 de septiembre, con la fiesta de la Natividad de Mar\u00eda, y tambi\u00e9n lo decimos cada d\u00eda en nuestras oraciones: Dios te salve Mar\u00eda, llena eres de gracia &#8230;, frases evang\u00e9licas, extra\u00eddas del saludo del \u00e1ngel cuando le anunci\u00f3 la encarnaci\u00f3n de Nuestro Se\u00f1or. Ella estaba llena de gracia, libre de todo pecado y siempre virgen\u201d. Finalmente, nos record\u00f3 una plegaria que podemos dirigir a nuestra Madre Sant\u00edsima: Acu\u00e9rdate Madre, que cuando est\u00e9s en presencia de Dios, de hablar bien de nosotros.<\/p>\n<p>La santa misa que fue solamente rezada por indisposici\u00f3n de los m\u00fasicos, termin\u00f3 con una Salve que cantamos todos los fieles presentes.<\/p>\n<p>Isabel Hern\u00e1ndez Esteban<\/p>\n","protected":false},"excerpt":{"rendered":"<p>En todo el mundo cat\u00f3lico hemos celebrado hoy, d\u00eda 8 de diciembre, la solemnidad de la Inmaculada Concepci\u00f3n de la Sant\u00edsima Virgen Mar\u00eda. Es uno de los dos d\u00edas del a\u00f1o en el que los revestimientos de los presb\u00edteros pueden ser azules, color que rompe el rigor propio del tiempo lit\u00fargico del Adviento, que el [&hellip;]<\/p>\n","protected":false},"author":4,"featured_media":0,"comment_status":"open","ping_status":"open","sticky":false,"template":"","format":"standard","meta":{"footnotes":""},"categories":[1],"tags":[],"class_list":["post-5862","post","type-post","status-publish","format-standard","hentry","category-noticias-de-montalegre"],"yoast_head":"<!-- This site is optimized with the Yoast SEO plugin v27.1.1 - https:\/\/yoast.com\/product\/yoast-seo-wordpress\/ -->\n<title>Hoy La Inmaculada Concepci\u00f3n - Montalegre<\/title>\n<meta name=\"robots\" content=\"index, follow, max-snippet:-1, max-image-preview:large, max-video-preview:-1\" \/>\n<link rel=\"canonical\" href=\"https:\/\/www.montalegre.org\/es\/2012\/12\/hoy-la-inmaculada-concepcion\/\" \/>\n<meta property=\"og:locale\" content=\"es_ES\" \/>\n<meta property=\"og:type\" content=\"article\" \/>\n<meta property=\"og:title\" content=\"Hoy La Inmaculada Concepci\u00f3n - Montalegre\" \/>\n<meta property=\"og:description\" content=\"En todo el mundo cat\u00f3lico hemos celebrado hoy, d\u00eda 8 de diciembre, la solemnidad de la Inmaculada Concepci\u00f3n de la Sant\u00edsima Virgen Mar\u00eda. Es uno de los dos d\u00edas del a\u00f1o en el que los revestimientos de los presb\u00edteros pueden ser azules, color que rompe el rigor propio del tiempo lit\u00fargico del Adviento, que el [&hellip;]\" \/>\n<meta property=\"og:url\" content=\"https:\/\/www.montalegre.org\/es\/2012\/12\/hoy-la-inmaculada-concepcion\/\" \/>\n<meta property=\"og:site_name\" content=\"Montalegre\" \/>\n<meta property=\"article:published_time\" content=\"2012-12-08T17:57:37+00:00\" \/>\n<meta property=\"article:modified_time\" content=\"2012-12-08T17:57:38+00:00\" \/>\n<meta property=\"og:image\" content=\"http:\/\/www.montalegre.org\/wp-content\/uploads\/2012\/12\/images.jpg\" \/>\n<meta name=\"author\" content=\"montalegre\" \/>\n<meta name=\"twitter:card\" content=\"summary_large_image\" \/>\n<meta name=\"twitter:label1\" content=\"Escrito por\" \/>\n\t<meta name=\"twitter:data1\" content=\"montalegre\" \/>\n\t<meta name=\"twitter:label2\" content=\"Tiempo de lectura\" \/>\n\t<meta name=\"twitter:data2\" content=\"3 minutos\" \/>\n<script type=\"application\/ld+json\" class=\"yoast-schema-graph\">{\"@context\":\"https:\/\/schema.org\",\"@graph\":[{\"@type\":\"Article\",\"@id\":\"https:\/\/www.montalegre.org\/es\/2012\/12\/hoy-la-inmaculada-concepcion\/#article\",\"isPartOf\":{\"@id\":\"https:\/\/www.montalegre.org\/es\/2012\/12\/hoy-la-inmaculada-concepcion\/\"},\"author\":{\"name\":\"montalegre\",\"@id\":\"https:\/\/www.montalegre.org\/es\/#\/schema\/person\/fa12d4cf3a3f1735a9176b4fafd6a633\"},\"headline\":\"Hoy La Inmaculada Concepci\u00f3n\",\"datePublished\":\"2012-12-08T17:57:37+00:00\",\"dateModified\":\"2012-12-08T17:57:38+00:00\",\"mainEntityOfPage\":{\"@id\":\"https:\/\/www.montalegre.org\/es\/2012\/12\/hoy-la-inmaculada-concepcion\/\"},\"wordCount\":515,\"commentCount\":0,\"image\":{\"@id\":\"https:\/\/www.montalegre.org\/es\/2012\/12\/hoy-la-inmaculada-concepcion\/#primaryimage\"},\"thumbnailUrl\":\"http:\/\/www.montalegre.org\/wp-content\/uploads\/2012\/12\/images.jpg\",\"articleSection\":[\"Noticias de Montalegre\"],\"inLanguage\":\"es\",\"potentialAction\":[{\"@type\":\"CommentAction\",\"name\":\"Comment\",\"target\":[\"https:\/\/www.montalegre.org\/es\/2012\/12\/hoy-la-inmaculada-concepcion\/#respond\"]}]},{\"@type\":\"WebPage\",\"@id\":\"https:\/\/www.montalegre.org\/es\/2012\/12\/hoy-la-inmaculada-concepcion\/\",\"url\":\"https:\/\/www.montalegre.org\/es\/2012\/12\/hoy-la-inmaculada-concepcion\/\",\"name\":\"Hoy La Inmaculada Concepci\u00f3n - Montalegre\",\"isPartOf\":{\"@id\":\"https:\/\/www.montalegre.org\/es\/#website\"},\"primaryImageOfPage\":{\"@id\":\"https:\/\/www.montalegre.org\/es\/2012\/12\/hoy-la-inmaculada-concepcion\/#primaryimage\"},\"image\":{\"@id\":\"https:\/\/www.montalegre.org\/es\/2012\/12\/hoy-la-inmaculada-concepcion\/#primaryimage\"},\"thumbnailUrl\":\"http:\/\/www.montalegre.org\/wp-content\/uploads\/2012\/12\/images.jpg\",\"datePublished\":\"2012-12-08T17:57:37+00:00\",\"dateModified\":\"2012-12-08T17:57:38+00:00\",\"author\":{\"@id\":\"https:\/\/www.montalegre.org\/es\/#\/schema\/person\/fa12d4cf3a3f1735a9176b4fafd6a633\"},\"breadcrumb\":{\"@id\":\"https:\/\/www.montalegre.org\/es\/2012\/12\/hoy-la-inmaculada-concepcion\/#breadcrumb\"},\"inLanguage\":\"es\",\"potentialAction\":[{\"@type\":\"ReadAction\",\"target\":[\"https:\/\/www.montalegre.org\/es\/2012\/12\/hoy-la-inmaculada-concepcion\/\"]}]},{\"@type\":\"ImageObject\",\"inLanguage\":\"es\",\"@id\":\"https:\/\/www.montalegre.org\/es\/2012\/12\/hoy-la-inmaculada-concepcion\/#primaryimage\",\"url\":\"http:\/\/www.montalegre.org\/wp-content\/uploads\/2012\/12\/images.jpg\",\"contentUrl\":\"http:\/\/www.montalegre.org\/wp-content\/uploads\/2012\/12\/images.jpg\"},{\"@type\":\"BreadcrumbList\",\"@id\":\"https:\/\/www.montalegre.org\/es\/2012\/12\/hoy-la-inmaculada-concepcion\/#breadcrumb\",\"itemListElement\":[{\"@type\":\"ListItem\",\"position\":1,\"name\":\"Portada\",\"item\":\"https:\/\/www.montalegre.org\/es\/\"},{\"@type\":\"ListItem\",\"position\":2,\"name\":\"Hoy La Inmaculada Concepci\u00f3n\"}]},{\"@type\":\"WebSite\",\"@id\":\"https:\/\/www.montalegre.org\/es\/#website\",\"url\":\"https:\/\/www.montalegre.org\/es\/\",\"name\":\"Montalegre\",\"description\":\"\",\"potentialAction\":[{\"@type\":\"SearchAction\",\"target\":{\"@type\":\"EntryPoint\",\"urlTemplate\":\"https:\/\/www.montalegre.org\/es\/?s={search_term_string}\"},\"query-input\":{\"@type\":\"PropertyValueSpecification\",\"valueRequired\":true,\"valueName\":\"search_term_string\"}}],\"inLanguage\":\"es\"},{\"@type\":\"Person\",\"@id\":\"https:\/\/www.montalegre.org\/es\/#\/schema\/person\/fa12d4cf3a3f1735a9176b4fafd6a633\",\"name\":\"montalegre\",\"image\":{\"@type\":\"ImageObject\",\"inLanguage\":\"es\",\"@id\":\"https:\/\/www.montalegre.org\/es\/#\/schema\/person\/image\/\",\"url\":\"https:\/\/secure.gravatar.com\/avatar\/fe6d886cf5081e723c666dceda1f12d4f39070fa2ed4e79695edc3ca355c9b5a?s=96&d=mm&r=g\",\"contentUrl\":\"https:\/\/secure.gravatar.com\/avatar\/fe6d886cf5081e723c666dceda1f12d4f39070fa2ed4e79695edc3ca355c9b5a?s=96&d=mm&r=g\",\"caption\":\"montalegre\"},\"url\":\"https:\/\/www.montalegre.org\/es\/author\/montalegre\/\"}]}<\/script>\n<!-- \/ Yoast SEO plugin. -->","yoast_head_json":{"title":"Hoy La Inmaculada Concepci\u00f3n - Montalegre","robots":{"index":"index","follow":"follow","max-snippet":"max-snippet:-1","max-image-preview":"max-image-preview:large","max-video-preview":"max-video-preview:-1"},"canonical":"https:\/\/www.montalegre.org\/es\/2012\/12\/hoy-la-inmaculada-concepcion\/","og_locale":"es_ES","og_type":"article","og_title":"Hoy La Inmaculada Concepci\u00f3n - Montalegre","og_description":"En todo el mundo cat\u00f3lico hemos celebrado hoy, d\u00eda 8 de diciembre, la solemnidad de la Inmaculada Concepci\u00f3n de la Sant\u00edsima Virgen Mar\u00eda. Es uno de los dos d\u00edas del a\u00f1o en el que los revestimientos de los presb\u00edteros pueden ser azules, color que rompe el rigor propio del tiempo lit\u00fargico del Adviento, que el [&hellip;]","og_url":"https:\/\/www.montalegre.org\/es\/2012\/12\/hoy-la-inmaculada-concepcion\/","og_site_name":"Montalegre","article_published_time":"2012-12-08T17:57:37+00:00","article_modified_time":"2012-12-08T17:57:38+00:00","og_image":[{"url":"http:\/\/www.montalegre.org\/wp-content\/uploads\/2012\/12\/images.jpg","type":"","width":"","height":""}],"author":"montalegre","twitter_card":"summary_large_image","twitter_misc":{"Escrito por":"montalegre","Tiempo de lectura":"3 minutos"},"schema":{"@context":"https:\/\/schema.org","@graph":[{"@type":"Article","@id":"https:\/\/www.montalegre.org\/es\/2012\/12\/hoy-la-inmaculada-concepcion\/#article","isPartOf":{"@id":"https:\/\/www.montalegre.org\/es\/2012\/12\/hoy-la-inmaculada-concepcion\/"},"author":{"name":"montalegre","@id":"https:\/\/www.montalegre.org\/es\/#\/schema\/person\/fa12d4cf3a3f1735a9176b4fafd6a633"},"headline":"Hoy La Inmaculada Concepci\u00f3n","datePublished":"2012-12-08T17:57:37+00:00","dateModified":"2012-12-08T17:57:38+00:00","mainEntityOfPage":{"@id":"https:\/\/www.montalegre.org\/es\/2012\/12\/hoy-la-inmaculada-concepcion\/"},"wordCount":515,"commentCount":0,"image":{"@id":"https:\/\/www.montalegre.org\/es\/2012\/12\/hoy-la-inmaculada-concepcion\/#primaryimage"},"thumbnailUrl":"http:\/\/www.montalegre.org\/wp-content\/uploads\/2012\/12\/images.jpg","articleSection":["Noticias de Montalegre"],"inLanguage":"es","potentialAction":[{"@type":"CommentAction","name":"Comment","target":["https:\/\/www.montalegre.org\/es\/2012\/12\/hoy-la-inmaculada-concepcion\/#respond"]}]},{"@type":"WebPage","@id":"https:\/\/www.montalegre.org\/es\/2012\/12\/hoy-la-inmaculada-concepcion\/","url":"https:\/\/www.montalegre.org\/es\/2012\/12\/hoy-la-inmaculada-concepcion\/","name":"Hoy La Inmaculada Concepci\u00f3n - Montalegre","isPartOf":{"@id":"https:\/\/www.montalegre.org\/es\/#website"},"primaryImageOfPage":{"@id":"https:\/\/www.montalegre.org\/es\/2012\/12\/hoy-la-inmaculada-concepcion\/#primaryimage"},"image":{"@id":"https:\/\/www.montalegre.org\/es\/2012\/12\/hoy-la-inmaculada-concepcion\/#primaryimage"},"thumbnailUrl":"http:\/\/www.montalegre.org\/wp-content\/uploads\/2012\/12\/images.jpg","datePublished":"2012-12-08T17:57:37+00:00","dateModified":"2012-12-08T17:57:38+00:00","author":{"@id":"https:\/\/www.montalegre.org\/es\/#\/schema\/person\/fa12d4cf3a3f1735a9176b4fafd6a633"},"breadcrumb":{"@id":"https:\/\/www.montalegre.org\/es\/2012\/12\/hoy-la-inmaculada-concepcion\/#breadcrumb"},"inLanguage":"es","potentialAction":[{"@type":"ReadAction","target":["https:\/\/www.montalegre.org\/es\/2012\/12\/hoy-la-inmaculada-concepcion\/"]}]},{"@type":"ImageObject","inLanguage":"es","@id":"https:\/\/www.montalegre.org\/es\/2012\/12\/hoy-la-inmaculada-concepcion\/#primaryimage","url":"http:\/\/www.montalegre.org\/wp-content\/uploads\/2012\/12\/images.jpg","contentUrl":"http:\/\/www.montalegre.org\/wp-content\/uploads\/2012\/12\/images.jpg"},{"@type":"BreadcrumbList","@id":"https:\/\/www.montalegre.org\/es\/2012\/12\/hoy-la-inmaculada-concepcion\/#breadcrumb","itemListElement":[{"@type":"ListItem","position":1,"name":"Portada","item":"https:\/\/www.montalegre.org\/es\/"},{"@type":"ListItem","position":2,"name":"Hoy La Inmaculada Concepci\u00f3n"}]},{"@type":"WebSite","@id":"https:\/\/www.montalegre.org\/es\/#website","url":"https:\/\/www.montalegre.org\/es\/","name":"Montalegre","description":"","potentialAction":[{"@type":"SearchAction","target":{"@type":"EntryPoint","urlTemplate":"https:\/\/www.montalegre.org\/es\/?s={search_term_string}"},"query-input":{"@type":"PropertyValueSpecification","valueRequired":true,"valueName":"search_term_string"}}],"inLanguage":"es"},{"@type":"Person","@id":"https:\/\/www.montalegre.org\/es\/#\/schema\/person\/fa12d4cf3a3f1735a9176b4fafd6a633","name":"montalegre","image":{"@type":"ImageObject","inLanguage":"es","@id":"https:\/\/www.montalegre.org\/es\/#\/schema\/person\/image\/","url":"https:\/\/secure.gravatar.com\/avatar\/fe6d886cf5081e723c666dceda1f12d4f39070fa2ed4e79695edc3ca355c9b5a?s=96&d=mm&r=g","contentUrl":"https:\/\/secure.gravatar.com\/avatar\/fe6d886cf5081e723c666dceda1f12d4f39070fa2ed4e79695edc3ca355c9b5a?s=96&d=mm&r=g","caption":"montalegre"},"url":"https:\/\/www.montalegre.org\/es\/author\/montalegre\/"}]}},"_links":{"self":[{"href":"https:\/\/www.montalegre.org\/es\/wp-json\/wp\/v2\/posts\/5862","targetHints":{"allow":["GET"]}}],"collection":[{"href":"https:\/\/www.montalegre.org\/es\/wp-json\/wp\/v2\/posts"}],"about":[{"href":"https:\/\/www.montalegre.org\/es\/wp-json\/wp\/v2\/types\/post"}],"author":[{"embeddable":true,"href":"https:\/\/www.montalegre.org\/es\/wp-json\/wp\/v2\/users\/4"}],"replies":[{"embeddable":true,"href":"https:\/\/www.montalegre.org\/es\/wp-json\/wp\/v2\/comments?post=5862"}],"version-history":[{"count":3,"href":"https:\/\/www.montalegre.org\/es\/wp-json\/wp\/v2\/posts\/5862\/revisions"}],"predecessor-version":[{"id":5865,"href":"https:\/\/www.montalegre.org\/es\/wp-json\/wp\/v2\/posts\/5862\/revisions\/5865"}],"wp:attachment":[{"href":"https:\/\/www.montalegre.org\/es\/wp-json\/wp\/v2\/media?parent=5862"}],"wp:term":[{"taxonomy":"category","embeddable":true,"href":"https:\/\/www.montalegre.org\/es\/wp-json\/wp\/v2\/categories?post=5862"},{"taxonomy":"post_tag","embeddable":true,"href":"https:\/\/www.montalegre.org\/es\/wp-json\/wp\/v2\/tags?post=5862"}],"curies":[{"name":"wp","href":"https:\/\/api.w.org\/{rel}","templated":true}]}}