{"id":5832,"date":"2012-11-30T23:56:07","date_gmt":"2012-11-30T23:56:07","guid":{"rendered":"http:\/\/www.montalegre.org\/?p=5832"},"modified":"2012-11-26T10:36:39","modified_gmt":"2012-11-26T10:36:39","slug":"el-arbol-de-navidad-un-simbolo","status":"publish","type":"post","link":"https:\/\/www.montalegre.org\/es\/2012\/11\/el-arbol-de-navidad-un-simbolo\/","title":{"rendered":"El \u00c1rbol de Navidad: Un s\u00edmbolo"},"content":{"rendered":"<p><a href=\"http:\/\/www.montalegre.org\/2012\/11\/larbre-de-nadal-un-simbol\/san_bonifacio_arbol\/\" rel=\"attachment wp-att-5829\"><img loading=\"lazy\" decoding=\"async\" class=\"alignleft size-medium wp-image-5829\" title=\"san_bonifacio_arbol\" src=\"http:\/\/www.montalegre.org\/wp-content\/uploads\/2012\/11\/san_bonifacio_arbol-205x300.jpg\" alt=\"\" width=\"205\" height=\"300\" \/><\/a>Algunas personas ven el \u00a0\u00e1rbol de Navidad como perteneciente a una simbolog\u00eda pagana que se ha \u201cinfiltrado\u201d entre las costumbres cristianas. En realidad se trata de un error. Es verdad que ha venido de fuera. Nace, s\u00ed, a partir de unas celebraciones paganas, pero hace muchos siglos que fueron cristianizadas por los Evangelizadores.<\/p>\n<p>Los antiguos germanos ten\u00edan la creencia de que el mundo y todas las estrellas que se pueden contemplar en los cielos estaban como colgados de las ramas de un \u00e1rbol gigantesco que ser\u00eda el Dios Od\u00edn. A ese Dios le rend\u00edan culto en el d\u00eda del solsticio de invierno, muy cercano a la celebraci\u00f3n cristiana de la Navidad, momento en que los d\u00edas que hasta este momento han sido cada vez m\u00e1s cortos, empiezan de nuevo a crecer, y parece que la vida se renueva. La celebraci\u00f3n festiva consist\u00eda en adornar un roble con antorchas que representaban a los astros del cielo mientras bailaban y cantaban a su alrededor.<\/p>\n<p>San Bonifacio, evangelizador de Alemania e Inglaterra, aprovech\u00f3 aquella manera de celebrar y, con gran sabidur\u00eda catequ\u00e9tica, la transform\u00f3 en celebraci\u00f3n cristiana. No se trataba de destruir, sino de reconducir, de llevar a plenitud de sentido. Cort\u00f3 el roble de las celebraciones y plant\u00f3 en su lugar un abeto, \u00e1rbol de hoja siempre verde, s\u00edmbolo del amor perenne de Dios y lo adorn\u00f3 con manzanas y velas, d\u00e1ndole as\u00ed un simbolismo cristiano: las manzanas representaban las tentaciones, el pecado original y los pecados de los hombres; las velas representaban a Cristo, la luz del mundo y la gracia que reciben los hombres que aceptan a Jes\u00fas como Salvador.<\/p>\n<p>Como se puede ver tambi\u00e9n el \u00e1rbol de Navidad est\u00e1 cargado de sentido, que junto al nacimiento, tan propio de nuestras tierras, y a los villancicos, dan a nuestras casas y ciudades ese \u201cambiente de Navidad\u201d tan propio de estos d\u00edas.<\/p>\n<p>Mn Francesc Perarnau<\/p>\n","protected":false},"excerpt":{"rendered":"<p>Algunas personas ven el \u00a0\u00e1rbol de Navidad como perteneciente a una simbolog\u00eda pagana que se ha \u201cinfiltrado\u201d entre las costumbres cristianas. En realidad se trata de un error. Es verdad que ha venido de fuera. Nace, s\u00ed, a partir de unas celebraciones paganas, pero hace muchos siglos que fueron cristianizadas por los Evangelizadores. Los antiguos [&hellip;]<\/p>\n","protected":false},"author":4,"featured_media":0,"comment_status":"open","ping_status":"open","sticky":false,"template":"","format":"standard","meta":{"footnotes":""},"categories":[52],"tags":[],"class_list":["post-5832","post","type-post","status-publish","format-standard","hentry","category-editorial"],"yoast_head":"<!-- This site is optimized with the Yoast SEO plugin v27.1.1 - https:\/\/yoast.com\/product\/yoast-seo-wordpress\/ -->\n<title>El \u00c1rbol de Navidad: Un s\u00edmbolo - Montalegre<\/title>\n<meta name=\"robots\" content=\"index, follow, max-snippet:-1, max-image-preview:large, max-video-preview:-1\" \/>\n<link rel=\"canonical\" href=\"https:\/\/www.montalegre.org\/es\/2012\/11\/el-arbol-de-navidad-un-simbolo\/\" \/>\n<meta property=\"og:locale\" content=\"es_ES\" \/>\n<meta property=\"og:type\" content=\"article\" \/>\n<meta property=\"og:title\" content=\"El \u00c1rbol de Navidad: Un s\u00edmbolo - Montalegre\" \/>\n<meta property=\"og:description\" content=\"Algunas personas ven el \u00a0\u00e1rbol de Navidad como perteneciente a una simbolog\u00eda pagana que se ha \u201cinfiltrado\u201d entre las costumbres cristianas. En realidad se trata de un error. Es verdad que ha venido de fuera. Nace, s\u00ed, a partir de unas celebraciones paganas, pero hace muchos siglos que fueron cristianizadas por los Evangelizadores. Los antiguos [&hellip;]\" \/>\n<meta property=\"og:url\" content=\"https:\/\/www.montalegre.org\/es\/2012\/11\/el-arbol-de-navidad-un-simbolo\/\" \/>\n<meta property=\"og:site_name\" content=\"Montalegre\" \/>\n<meta property=\"article:published_time\" content=\"2012-11-30T23:56:07+00:00\" \/>\n<meta property=\"og:image\" content=\"http:\/\/www.montalegre.org\/wp-content\/uploads\/2012\/11\/san_bonifacio_arbol-205x300.jpg\" \/>\n<meta name=\"author\" content=\"montalegre\" \/>\n<meta name=\"twitter:card\" content=\"summary_large_image\" \/>\n<meta name=\"twitter:label1\" content=\"Escrito por\" \/>\n\t<meta name=\"twitter:data1\" content=\"montalegre\" \/>\n\t<meta name=\"twitter:label2\" content=\"Tiempo de lectura\" \/>\n\t<meta name=\"twitter:data2\" content=\"2 minutos\" \/>\n<script type=\"application\/ld+json\" class=\"yoast-schema-graph\">{\"@context\":\"https:\/\/schema.org\",\"@graph\":[{\"@type\":\"Article\",\"@id\":\"https:\/\/www.montalegre.org\/es\/2012\/11\/el-arbol-de-navidad-un-simbolo\/#article\",\"isPartOf\":{\"@id\":\"https:\/\/www.montalegre.org\/es\/2012\/11\/el-arbol-de-navidad-un-simbolo\/\"},\"author\":{\"name\":\"montalegre\",\"@id\":\"https:\/\/www.montalegre.org\/es\/#\/schema\/person\/fa12d4cf3a3f1735a9176b4fafd6a633\"},\"headline\":\"El \u00c1rbol de Navidad: Un s\u00edmbolo\",\"datePublished\":\"2012-11-30T23:56:07+00:00\",\"mainEntityOfPage\":{\"@id\":\"https:\/\/www.montalegre.org\/es\/2012\/11\/el-arbol-de-navidad-un-simbolo\/\"},\"wordCount\":340,\"commentCount\":0,\"image\":{\"@id\":\"https:\/\/www.montalegre.org\/es\/2012\/11\/el-arbol-de-navidad-un-simbolo\/#primaryimage\"},\"thumbnailUrl\":\"http:\/\/www.montalegre.org\/wp-content\/uploads\/2012\/11\/san_bonifacio_arbol-205x300.jpg\",\"articleSection\":[\"Editorial\"],\"inLanguage\":\"es\",\"potentialAction\":[{\"@type\":\"CommentAction\",\"name\":\"Comment\",\"target\":[\"https:\/\/www.montalegre.org\/es\/2012\/11\/el-arbol-de-navidad-un-simbolo\/#respond\"]}]},{\"@type\":\"WebPage\",\"@id\":\"https:\/\/www.montalegre.org\/es\/2012\/11\/el-arbol-de-navidad-un-simbolo\/\",\"url\":\"https:\/\/www.montalegre.org\/es\/2012\/11\/el-arbol-de-navidad-un-simbolo\/\",\"name\":\"El \u00c1rbol de Navidad: Un s\u00edmbolo - Montalegre\",\"isPartOf\":{\"@id\":\"https:\/\/www.montalegre.org\/es\/#website\"},\"primaryImageOfPage\":{\"@id\":\"https:\/\/www.montalegre.org\/es\/2012\/11\/el-arbol-de-navidad-un-simbolo\/#primaryimage\"},\"image\":{\"@id\":\"https:\/\/www.montalegre.org\/es\/2012\/11\/el-arbol-de-navidad-un-simbolo\/#primaryimage\"},\"thumbnailUrl\":\"http:\/\/www.montalegre.org\/wp-content\/uploads\/2012\/11\/san_bonifacio_arbol-205x300.jpg\",\"datePublished\":\"2012-11-30T23:56:07+00:00\",\"author\":{\"@id\":\"https:\/\/www.montalegre.org\/es\/#\/schema\/person\/fa12d4cf3a3f1735a9176b4fafd6a633\"},\"breadcrumb\":{\"@id\":\"https:\/\/www.montalegre.org\/es\/2012\/11\/el-arbol-de-navidad-un-simbolo\/#breadcrumb\"},\"inLanguage\":\"es\",\"potentialAction\":[{\"@type\":\"ReadAction\",\"target\":[\"https:\/\/www.montalegre.org\/es\/2012\/11\/el-arbol-de-navidad-un-simbolo\/\"]}]},{\"@type\":\"ImageObject\",\"inLanguage\":\"es\",\"@id\":\"https:\/\/www.montalegre.org\/es\/2012\/11\/el-arbol-de-navidad-un-simbolo\/#primaryimage\",\"url\":\"http:\/\/www.montalegre.org\/wp-content\/uploads\/2012\/11\/san_bonifacio_arbol-205x300.jpg\",\"contentUrl\":\"http:\/\/www.montalegre.org\/wp-content\/uploads\/2012\/11\/san_bonifacio_arbol-205x300.jpg\"},{\"@type\":\"BreadcrumbList\",\"@id\":\"https:\/\/www.montalegre.org\/es\/2012\/11\/el-arbol-de-navidad-un-simbolo\/#breadcrumb\",\"itemListElement\":[{\"@type\":\"ListItem\",\"position\":1,\"name\":\"Portada\",\"item\":\"https:\/\/www.montalegre.org\/es\/\"},{\"@type\":\"ListItem\",\"position\":2,\"name\":\"El \u00c1rbol de Navidad: Un s\u00edmbolo\"}]},{\"@type\":\"WebSite\",\"@id\":\"https:\/\/www.montalegre.org\/es\/#website\",\"url\":\"https:\/\/www.montalegre.org\/es\/\",\"name\":\"Montalegre\",\"description\":\"\",\"potentialAction\":[{\"@type\":\"SearchAction\",\"target\":{\"@type\":\"EntryPoint\",\"urlTemplate\":\"https:\/\/www.montalegre.org\/es\/?s={search_term_string}\"},\"query-input\":{\"@type\":\"PropertyValueSpecification\",\"valueRequired\":true,\"valueName\":\"search_term_string\"}}],\"inLanguage\":\"es\"},{\"@type\":\"Person\",\"@id\":\"https:\/\/www.montalegre.org\/es\/#\/schema\/person\/fa12d4cf3a3f1735a9176b4fafd6a633\",\"name\":\"montalegre\",\"image\":{\"@type\":\"ImageObject\",\"inLanguage\":\"es\",\"@id\":\"https:\/\/www.montalegre.org\/es\/#\/schema\/person\/image\/\",\"url\":\"https:\/\/secure.gravatar.com\/avatar\/fe6d886cf5081e723c666dceda1f12d4f39070fa2ed4e79695edc3ca355c9b5a?s=96&d=mm&r=g\",\"contentUrl\":\"https:\/\/secure.gravatar.com\/avatar\/fe6d886cf5081e723c666dceda1f12d4f39070fa2ed4e79695edc3ca355c9b5a?s=96&d=mm&r=g\",\"caption\":\"montalegre\"},\"url\":\"https:\/\/www.montalegre.org\/es\/author\/montalegre\/\"}]}<\/script>\n<!-- \/ Yoast SEO plugin. -->","yoast_head_json":{"title":"El \u00c1rbol de Navidad: Un s\u00edmbolo - Montalegre","robots":{"index":"index","follow":"follow","max-snippet":"max-snippet:-1","max-image-preview":"max-image-preview:large","max-video-preview":"max-video-preview:-1"},"canonical":"https:\/\/www.montalegre.org\/es\/2012\/11\/el-arbol-de-navidad-un-simbolo\/","og_locale":"es_ES","og_type":"article","og_title":"El \u00c1rbol de Navidad: Un s\u00edmbolo - Montalegre","og_description":"Algunas personas ven el \u00a0\u00e1rbol de Navidad como perteneciente a una simbolog\u00eda pagana que se ha \u201cinfiltrado\u201d entre las costumbres cristianas. En realidad se trata de un error. Es verdad que ha venido de fuera. Nace, s\u00ed, a partir de unas celebraciones paganas, pero hace muchos siglos que fueron cristianizadas por los Evangelizadores. Los antiguos [&hellip;]","og_url":"https:\/\/www.montalegre.org\/es\/2012\/11\/el-arbol-de-navidad-un-simbolo\/","og_site_name":"Montalegre","article_published_time":"2012-11-30T23:56:07+00:00","og_image":[{"url":"http:\/\/www.montalegre.org\/wp-content\/uploads\/2012\/11\/san_bonifacio_arbol-205x300.jpg","type":"","width":"","height":""}],"author":"montalegre","twitter_card":"summary_large_image","twitter_misc":{"Escrito por":"montalegre","Tiempo de lectura":"2 minutos"},"schema":{"@context":"https:\/\/schema.org","@graph":[{"@type":"Article","@id":"https:\/\/www.montalegre.org\/es\/2012\/11\/el-arbol-de-navidad-un-simbolo\/#article","isPartOf":{"@id":"https:\/\/www.montalegre.org\/es\/2012\/11\/el-arbol-de-navidad-un-simbolo\/"},"author":{"name":"montalegre","@id":"https:\/\/www.montalegre.org\/es\/#\/schema\/person\/fa12d4cf3a3f1735a9176b4fafd6a633"},"headline":"El \u00c1rbol de Navidad: Un s\u00edmbolo","datePublished":"2012-11-30T23:56:07+00:00","mainEntityOfPage":{"@id":"https:\/\/www.montalegre.org\/es\/2012\/11\/el-arbol-de-navidad-un-simbolo\/"},"wordCount":340,"commentCount":0,"image":{"@id":"https:\/\/www.montalegre.org\/es\/2012\/11\/el-arbol-de-navidad-un-simbolo\/#primaryimage"},"thumbnailUrl":"http:\/\/www.montalegre.org\/wp-content\/uploads\/2012\/11\/san_bonifacio_arbol-205x300.jpg","articleSection":["Editorial"],"inLanguage":"es","potentialAction":[{"@type":"CommentAction","name":"Comment","target":["https:\/\/www.montalegre.org\/es\/2012\/11\/el-arbol-de-navidad-un-simbolo\/#respond"]}]},{"@type":"WebPage","@id":"https:\/\/www.montalegre.org\/es\/2012\/11\/el-arbol-de-navidad-un-simbolo\/","url":"https:\/\/www.montalegre.org\/es\/2012\/11\/el-arbol-de-navidad-un-simbolo\/","name":"El \u00c1rbol de Navidad: Un s\u00edmbolo - Montalegre","isPartOf":{"@id":"https:\/\/www.montalegre.org\/es\/#website"},"primaryImageOfPage":{"@id":"https:\/\/www.montalegre.org\/es\/2012\/11\/el-arbol-de-navidad-un-simbolo\/#primaryimage"},"image":{"@id":"https:\/\/www.montalegre.org\/es\/2012\/11\/el-arbol-de-navidad-un-simbolo\/#primaryimage"},"thumbnailUrl":"http:\/\/www.montalegre.org\/wp-content\/uploads\/2012\/11\/san_bonifacio_arbol-205x300.jpg","datePublished":"2012-11-30T23:56:07+00:00","author":{"@id":"https:\/\/www.montalegre.org\/es\/#\/schema\/person\/fa12d4cf3a3f1735a9176b4fafd6a633"},"breadcrumb":{"@id":"https:\/\/www.montalegre.org\/es\/2012\/11\/el-arbol-de-navidad-un-simbolo\/#breadcrumb"},"inLanguage":"es","potentialAction":[{"@type":"ReadAction","target":["https:\/\/www.montalegre.org\/es\/2012\/11\/el-arbol-de-navidad-un-simbolo\/"]}]},{"@type":"ImageObject","inLanguage":"es","@id":"https:\/\/www.montalegre.org\/es\/2012\/11\/el-arbol-de-navidad-un-simbolo\/#primaryimage","url":"http:\/\/www.montalegre.org\/wp-content\/uploads\/2012\/11\/san_bonifacio_arbol-205x300.jpg","contentUrl":"http:\/\/www.montalegre.org\/wp-content\/uploads\/2012\/11\/san_bonifacio_arbol-205x300.jpg"},{"@type":"BreadcrumbList","@id":"https:\/\/www.montalegre.org\/es\/2012\/11\/el-arbol-de-navidad-un-simbolo\/#breadcrumb","itemListElement":[{"@type":"ListItem","position":1,"name":"Portada","item":"https:\/\/www.montalegre.org\/es\/"},{"@type":"ListItem","position":2,"name":"El \u00c1rbol de Navidad: Un s\u00edmbolo"}]},{"@type":"WebSite","@id":"https:\/\/www.montalegre.org\/es\/#website","url":"https:\/\/www.montalegre.org\/es\/","name":"Montalegre","description":"","potentialAction":[{"@type":"SearchAction","target":{"@type":"EntryPoint","urlTemplate":"https:\/\/www.montalegre.org\/es\/?s={search_term_string}"},"query-input":{"@type":"PropertyValueSpecification","valueRequired":true,"valueName":"search_term_string"}}],"inLanguage":"es"},{"@type":"Person","@id":"https:\/\/www.montalegre.org\/es\/#\/schema\/person\/fa12d4cf3a3f1735a9176b4fafd6a633","name":"montalegre","image":{"@type":"ImageObject","inLanguage":"es","@id":"https:\/\/www.montalegre.org\/es\/#\/schema\/person\/image\/","url":"https:\/\/secure.gravatar.com\/avatar\/fe6d886cf5081e723c666dceda1f12d4f39070fa2ed4e79695edc3ca355c9b5a?s=96&d=mm&r=g","contentUrl":"https:\/\/secure.gravatar.com\/avatar\/fe6d886cf5081e723c666dceda1f12d4f39070fa2ed4e79695edc3ca355c9b5a?s=96&d=mm&r=g","caption":"montalegre"},"url":"https:\/\/www.montalegre.org\/es\/author\/montalegre\/"}]}},"_links":{"self":[{"href":"https:\/\/www.montalegre.org\/es\/wp-json\/wp\/v2\/posts\/5832","targetHints":{"allow":["GET"]}}],"collection":[{"href":"https:\/\/www.montalegre.org\/es\/wp-json\/wp\/v2\/posts"}],"about":[{"href":"https:\/\/www.montalegre.org\/es\/wp-json\/wp\/v2\/types\/post"}],"author":[{"embeddable":true,"href":"https:\/\/www.montalegre.org\/es\/wp-json\/wp\/v2\/users\/4"}],"replies":[{"embeddable":true,"href":"https:\/\/www.montalegre.org\/es\/wp-json\/wp\/v2\/comments?post=5832"}],"version-history":[{"count":4,"href":"https:\/\/www.montalegre.org\/es\/wp-json\/wp\/v2\/posts\/5832\/revisions"}],"predecessor-version":[{"id":5836,"href":"https:\/\/www.montalegre.org\/es\/wp-json\/wp\/v2\/posts\/5832\/revisions\/5836"}],"wp:attachment":[{"href":"https:\/\/www.montalegre.org\/es\/wp-json\/wp\/v2\/media?parent=5832"}],"wp:term":[{"taxonomy":"category","embeddable":true,"href":"https:\/\/www.montalegre.org\/es\/wp-json\/wp\/v2\/categories?post=5832"},{"taxonomy":"post_tag","embeddable":true,"href":"https:\/\/www.montalegre.org\/es\/wp-json\/wp\/v2\/tags?post=5832"}],"curies":[{"name":"wp","href":"https:\/\/api.w.org\/{rel}","templated":true}]}}