{"id":5802,"date":"2012-11-24T19:02:50","date_gmt":"2012-11-24T19:02:50","guid":{"rendered":"http:\/\/www.montalegre.org\/?p=5802"},"modified":"2012-11-24T19:15:59","modified_gmt":"2012-11-24T19:15:59","slug":"jose-maria-hernandez-garnica-2","status":"publish","type":"post","link":"https:\/\/www.montalegre.org\/es\/2012\/11\/jose-maria-hernandez-garnica-2\/","title":{"rendered":"10-12-12, Missa per Jos\u00e9 Mar\u00eda Hern\u00e1ndez Garnica"},"content":{"rendered":"<p><a href=\"http:\/\/www.montalegre.org\/2012\/11\/jose-maria-hernandez-garnica\/porloscaminosdeeuropa-2\/\" rel=\"attachment wp-att-5799\"><img loading=\"lazy\" decoding=\"async\" class=\"alignleft size-thumbnail wp-image-5799\" title=\"porloscaminosdeeuropa\" src=\"http:\/\/www.montalegre.org\/wp-content\/uploads\/2012\/11\/porloscaminosdeeuropa-126x150.jpg\" alt=\"\" width=\"126\" height=\"150\" \/><\/a>El d\u00eda 10 de diciembre, lunes, a las 19 horas, se celebrar\u00e1 la misa solemne en sufragio del alma del sacerdote y Siervo de Dios Jos\u00e9 Mar\u00eda Hern\u00e1ndez Garnica, del que se trasladaron sus restos mortales a nuestra iglesia, y donde reposan desde el 11 de noviembre de 2011 en la Capilla del Sant\u00edsimo. Ser\u00e1 una celebraci\u00f3n eucar\u00edstica en la que queremos que participe el mayor n\u00famero de fieles, tanto aqu\u00e9llos que ya le han confiado sus oraciones como todos los que a\u00fan no lo conocen.<\/p>\n","protected":false},"excerpt":{"rendered":"<p>El d\u00eda 10 de diciembre, lunes, a las 19 horas, se celebrar\u00e1 la misa solemne en sufragio del alma del sacerdote y Siervo de Dios Jos\u00e9 Mar\u00eda Hern\u00e1ndez Garnica, del que se trasladaron sus restos mortales a nuestra iglesia, y donde reposan desde el 11 de noviembre de 2011 en la Capilla del Sant\u00edsimo. Ser\u00e1 [&hellip;]<\/p>\n","protected":false},"author":4,"featured_media":0,"comment_status":"open","ping_status":"open","sticky":false,"template":"","format":"standard","meta":{"footnotes":""},"categories":[7],"tags":[],"class_list":["post-5802","post","type-post","status-publish","format-standard","hentry","category-agenda"],"yoast_head":"<!-- This site is optimized with the Yoast SEO plugin v27.1.1 - https:\/\/yoast.com\/product\/yoast-seo-wordpress\/ -->\n<title>10-12-12, Missa per Jos\u00e9 Mar\u00eda Hern\u00e1ndez Garnica - Montalegre<\/title>\n<meta name=\"robots\" content=\"index, follow, max-snippet:-1, max-image-preview:large, max-video-preview:-1\" \/>\n<link rel=\"canonical\" href=\"https:\/\/www.montalegre.org\/es\/2012\/11\/jose-maria-hernandez-garnica-2\/\" \/>\n<meta property=\"og:locale\" content=\"es_ES\" \/>\n<meta property=\"og:type\" content=\"article\" \/>\n<meta property=\"og:title\" content=\"10-12-12, Missa per Jos\u00e9 Mar\u00eda Hern\u00e1ndez Garnica - Montalegre\" \/>\n<meta property=\"og:description\" content=\"El d\u00eda 10 de diciembre, lunes, a las 19 horas, se celebrar\u00e1 la misa solemne en sufragio del alma del sacerdote y Siervo de Dios Jos\u00e9 Mar\u00eda Hern\u00e1ndez Garnica, del que se trasladaron sus restos mortales a nuestra iglesia, y donde reposan desde el 11 de noviembre de 2011 en la Capilla del Sant\u00edsimo. Ser\u00e1 [&hellip;]\" \/>\n<meta property=\"og:url\" content=\"https:\/\/www.montalegre.org\/es\/2012\/11\/jose-maria-hernandez-garnica-2\/\" \/>\n<meta property=\"og:site_name\" content=\"Montalegre\" \/>\n<meta property=\"article:published_time\" content=\"2012-11-24T19:02:50+00:00\" \/>\n<meta property=\"article:modified_time\" content=\"2012-11-24T19:15:59+00:00\" \/>\n<meta property=\"og:image\" content=\"http:\/\/www.montalegre.org\/wp-content\/uploads\/2012\/11\/porloscaminosdeeuropa-126x150.jpg\" \/>\n<meta name=\"author\" content=\"montalegre\" \/>\n<meta name=\"twitter:card\" content=\"summary_large_image\" \/>\n<meta name=\"twitter:label1\" content=\"Escrito por\" \/>\n\t<meta name=\"twitter:data1\" content=\"montalegre\" \/>\n<script type=\"application\/ld+json\" class=\"yoast-schema-graph\">{\"@context\":\"https:\/\/schema.org\",\"@graph\":[{\"@type\":\"Article\",\"@id\":\"https:\/\/www.montalegre.org\/es\/2012\/11\/jose-maria-hernandez-garnica-2\/#article\",\"isPartOf\":{\"@id\":\"https:\/\/www.montalegre.org\/es\/2012\/11\/jose-maria-hernandez-garnica-2\/\"},\"author\":{\"name\":\"montalegre\",\"@id\":\"https:\/\/www.montalegre.org\/es\/#\/schema\/person\/fa12d4cf3a3f1735a9176b4fafd6a633\"},\"headline\":\"10-12-12, Missa per Jos\u00e9 Mar\u00eda Hern\u00e1ndez Garnica\",\"datePublished\":\"2012-11-24T19:02:50+00:00\",\"dateModified\":\"2012-11-24T19:15:59+00:00\",\"mainEntityOfPage\":{\"@id\":\"https:\/\/www.montalegre.org\/es\/2012\/11\/jose-maria-hernandez-garnica-2\/\"},\"wordCount\":101,\"commentCount\":0,\"image\":{\"@id\":\"https:\/\/www.montalegre.org\/es\/2012\/11\/jose-maria-hernandez-garnica-2\/#primaryimage\"},\"thumbnailUrl\":\"http:\/\/www.montalegre.org\/wp-content\/uploads\/2012\/11\/porloscaminosdeeuropa-126x150.jpg\",\"articleSection\":[\"Agenda\"],\"inLanguage\":\"es\",\"potentialAction\":[{\"@type\":\"CommentAction\",\"name\":\"Comment\",\"target\":[\"https:\/\/www.montalegre.org\/es\/2012\/11\/jose-maria-hernandez-garnica-2\/#respond\"]}]},{\"@type\":\"WebPage\",\"@id\":\"https:\/\/www.montalegre.org\/es\/2012\/11\/jose-maria-hernandez-garnica-2\/\",\"url\":\"https:\/\/www.montalegre.org\/es\/2012\/11\/jose-maria-hernandez-garnica-2\/\",\"name\":\"10-12-12, Missa per Jos\u00e9 Mar\u00eda Hern\u00e1ndez Garnica - Montalegre\",\"isPartOf\":{\"@id\":\"https:\/\/www.montalegre.org\/es\/#website\"},\"primaryImageOfPage\":{\"@id\":\"https:\/\/www.montalegre.org\/es\/2012\/11\/jose-maria-hernandez-garnica-2\/#primaryimage\"},\"image\":{\"@id\":\"https:\/\/www.montalegre.org\/es\/2012\/11\/jose-maria-hernandez-garnica-2\/#primaryimage\"},\"thumbnailUrl\":\"http:\/\/www.montalegre.org\/wp-content\/uploads\/2012\/11\/porloscaminosdeeuropa-126x150.jpg\",\"datePublished\":\"2012-11-24T19:02:50+00:00\",\"dateModified\":\"2012-11-24T19:15:59+00:00\",\"author\":{\"@id\":\"https:\/\/www.montalegre.org\/es\/#\/schema\/person\/fa12d4cf3a3f1735a9176b4fafd6a633\"},\"breadcrumb\":{\"@id\":\"https:\/\/www.montalegre.org\/es\/2012\/11\/jose-maria-hernandez-garnica-2\/#breadcrumb\"},\"inLanguage\":\"es\",\"potentialAction\":[{\"@type\":\"ReadAction\",\"target\":[\"https:\/\/www.montalegre.org\/es\/2012\/11\/jose-maria-hernandez-garnica-2\/\"]}]},{\"@type\":\"ImageObject\",\"inLanguage\":\"es\",\"@id\":\"https:\/\/www.montalegre.org\/es\/2012\/11\/jose-maria-hernandez-garnica-2\/#primaryimage\",\"url\":\"http:\/\/www.montalegre.org\/wp-content\/uploads\/2012\/11\/porloscaminosdeeuropa-126x150.jpg\",\"contentUrl\":\"http:\/\/www.montalegre.org\/wp-content\/uploads\/2012\/11\/porloscaminosdeeuropa-126x150.jpg\"},{\"@type\":\"BreadcrumbList\",\"@id\":\"https:\/\/www.montalegre.org\/es\/2012\/11\/jose-maria-hernandez-garnica-2\/#breadcrumb\",\"itemListElement\":[{\"@type\":\"ListItem\",\"position\":1,\"name\":\"Portada\",\"item\":\"https:\/\/www.montalegre.org\/es\/\"},{\"@type\":\"ListItem\",\"position\":2,\"name\":\"10-12-12, Missa per Jos\u00e9 Mar\u00eda Hern\u00e1ndez Garnica\"}]},{\"@type\":\"WebSite\",\"@id\":\"https:\/\/www.montalegre.org\/es\/#website\",\"url\":\"https:\/\/www.montalegre.org\/es\/\",\"name\":\"Montalegre\",\"description\":\"\",\"potentialAction\":[{\"@type\":\"SearchAction\",\"target\":{\"@type\":\"EntryPoint\",\"urlTemplate\":\"https:\/\/www.montalegre.org\/es\/?s={search_term_string}\"},\"query-input\":{\"@type\":\"PropertyValueSpecification\",\"valueRequired\":true,\"valueName\":\"search_term_string\"}}],\"inLanguage\":\"es\"},{\"@type\":\"Person\",\"@id\":\"https:\/\/www.montalegre.org\/es\/#\/schema\/person\/fa12d4cf3a3f1735a9176b4fafd6a633\",\"name\":\"montalegre\",\"image\":{\"@type\":\"ImageObject\",\"inLanguage\":\"es\",\"@id\":\"https:\/\/www.montalegre.org\/es\/#\/schema\/person\/image\/\",\"url\":\"https:\/\/secure.gravatar.com\/avatar\/fe6d886cf5081e723c666dceda1f12d4f39070fa2ed4e79695edc3ca355c9b5a?s=96&d=mm&r=g\",\"contentUrl\":\"https:\/\/secure.gravatar.com\/avatar\/fe6d886cf5081e723c666dceda1f12d4f39070fa2ed4e79695edc3ca355c9b5a?s=96&d=mm&r=g\",\"caption\":\"montalegre\"},\"url\":\"https:\/\/www.montalegre.org\/es\/author\/montalegre\/\"}]}<\/script>\n<!-- \/ Yoast SEO plugin. -->","yoast_head_json":{"title":"10-12-12, Missa per Jos\u00e9 Mar\u00eda Hern\u00e1ndez Garnica - Montalegre","robots":{"index":"index","follow":"follow","max-snippet":"max-snippet:-1","max-image-preview":"max-image-preview:large","max-video-preview":"max-video-preview:-1"},"canonical":"https:\/\/www.montalegre.org\/es\/2012\/11\/jose-maria-hernandez-garnica-2\/","og_locale":"es_ES","og_type":"article","og_title":"10-12-12, Missa per Jos\u00e9 Mar\u00eda Hern\u00e1ndez Garnica - Montalegre","og_description":"El d\u00eda 10 de diciembre, lunes, a las 19 horas, se celebrar\u00e1 la misa solemne en sufragio del alma del sacerdote y Siervo de Dios Jos\u00e9 Mar\u00eda Hern\u00e1ndez Garnica, del que se trasladaron sus restos mortales a nuestra iglesia, y donde reposan desde el 11 de noviembre de 2011 en la Capilla del Sant\u00edsimo. Ser\u00e1 [&hellip;]","og_url":"https:\/\/www.montalegre.org\/es\/2012\/11\/jose-maria-hernandez-garnica-2\/","og_site_name":"Montalegre","article_published_time":"2012-11-24T19:02:50+00:00","article_modified_time":"2012-11-24T19:15:59+00:00","og_image":[{"url":"http:\/\/www.montalegre.org\/wp-content\/uploads\/2012\/11\/porloscaminosdeeuropa-126x150.jpg","type":"","width":"","height":""}],"author":"montalegre","twitter_card":"summary_large_image","twitter_misc":{"Escrito por":"montalegre"},"schema":{"@context":"https:\/\/schema.org","@graph":[{"@type":"Article","@id":"https:\/\/www.montalegre.org\/es\/2012\/11\/jose-maria-hernandez-garnica-2\/#article","isPartOf":{"@id":"https:\/\/www.montalegre.org\/es\/2012\/11\/jose-maria-hernandez-garnica-2\/"},"author":{"name":"montalegre","@id":"https:\/\/www.montalegre.org\/es\/#\/schema\/person\/fa12d4cf3a3f1735a9176b4fafd6a633"},"headline":"10-12-12, Missa per Jos\u00e9 Mar\u00eda Hern\u00e1ndez Garnica","datePublished":"2012-11-24T19:02:50+00:00","dateModified":"2012-11-24T19:15:59+00:00","mainEntityOfPage":{"@id":"https:\/\/www.montalegre.org\/es\/2012\/11\/jose-maria-hernandez-garnica-2\/"},"wordCount":101,"commentCount":0,"image":{"@id":"https:\/\/www.montalegre.org\/es\/2012\/11\/jose-maria-hernandez-garnica-2\/#primaryimage"},"thumbnailUrl":"http:\/\/www.montalegre.org\/wp-content\/uploads\/2012\/11\/porloscaminosdeeuropa-126x150.jpg","articleSection":["Agenda"],"inLanguage":"es","potentialAction":[{"@type":"CommentAction","name":"Comment","target":["https:\/\/www.montalegre.org\/es\/2012\/11\/jose-maria-hernandez-garnica-2\/#respond"]}]},{"@type":"WebPage","@id":"https:\/\/www.montalegre.org\/es\/2012\/11\/jose-maria-hernandez-garnica-2\/","url":"https:\/\/www.montalegre.org\/es\/2012\/11\/jose-maria-hernandez-garnica-2\/","name":"10-12-12, Missa per Jos\u00e9 Mar\u00eda Hern\u00e1ndez Garnica - Montalegre","isPartOf":{"@id":"https:\/\/www.montalegre.org\/es\/#website"},"primaryImageOfPage":{"@id":"https:\/\/www.montalegre.org\/es\/2012\/11\/jose-maria-hernandez-garnica-2\/#primaryimage"},"image":{"@id":"https:\/\/www.montalegre.org\/es\/2012\/11\/jose-maria-hernandez-garnica-2\/#primaryimage"},"thumbnailUrl":"http:\/\/www.montalegre.org\/wp-content\/uploads\/2012\/11\/porloscaminosdeeuropa-126x150.jpg","datePublished":"2012-11-24T19:02:50+00:00","dateModified":"2012-11-24T19:15:59+00:00","author":{"@id":"https:\/\/www.montalegre.org\/es\/#\/schema\/person\/fa12d4cf3a3f1735a9176b4fafd6a633"},"breadcrumb":{"@id":"https:\/\/www.montalegre.org\/es\/2012\/11\/jose-maria-hernandez-garnica-2\/#breadcrumb"},"inLanguage":"es","potentialAction":[{"@type":"ReadAction","target":["https:\/\/www.montalegre.org\/es\/2012\/11\/jose-maria-hernandez-garnica-2\/"]}]},{"@type":"ImageObject","inLanguage":"es","@id":"https:\/\/www.montalegre.org\/es\/2012\/11\/jose-maria-hernandez-garnica-2\/#primaryimage","url":"http:\/\/www.montalegre.org\/wp-content\/uploads\/2012\/11\/porloscaminosdeeuropa-126x150.jpg","contentUrl":"http:\/\/www.montalegre.org\/wp-content\/uploads\/2012\/11\/porloscaminosdeeuropa-126x150.jpg"},{"@type":"BreadcrumbList","@id":"https:\/\/www.montalegre.org\/es\/2012\/11\/jose-maria-hernandez-garnica-2\/#breadcrumb","itemListElement":[{"@type":"ListItem","position":1,"name":"Portada","item":"https:\/\/www.montalegre.org\/es\/"},{"@type":"ListItem","position":2,"name":"10-12-12, Missa per Jos\u00e9 Mar\u00eda Hern\u00e1ndez Garnica"}]},{"@type":"WebSite","@id":"https:\/\/www.montalegre.org\/es\/#website","url":"https:\/\/www.montalegre.org\/es\/","name":"Montalegre","description":"","potentialAction":[{"@type":"SearchAction","target":{"@type":"EntryPoint","urlTemplate":"https:\/\/www.montalegre.org\/es\/?s={search_term_string}"},"query-input":{"@type":"PropertyValueSpecification","valueRequired":true,"valueName":"search_term_string"}}],"inLanguage":"es"},{"@type":"Person","@id":"https:\/\/www.montalegre.org\/es\/#\/schema\/person\/fa12d4cf3a3f1735a9176b4fafd6a633","name":"montalegre","image":{"@type":"ImageObject","inLanguage":"es","@id":"https:\/\/www.montalegre.org\/es\/#\/schema\/person\/image\/","url":"https:\/\/secure.gravatar.com\/avatar\/fe6d886cf5081e723c666dceda1f12d4f39070fa2ed4e79695edc3ca355c9b5a?s=96&d=mm&r=g","contentUrl":"https:\/\/secure.gravatar.com\/avatar\/fe6d886cf5081e723c666dceda1f12d4f39070fa2ed4e79695edc3ca355c9b5a?s=96&d=mm&r=g","caption":"montalegre"},"url":"https:\/\/www.montalegre.org\/es\/author\/montalegre\/"}]}},"_links":{"self":[{"href":"https:\/\/www.montalegre.org\/es\/wp-json\/wp\/v2\/posts\/5802","targetHints":{"allow":["GET"]}}],"collection":[{"href":"https:\/\/www.montalegre.org\/es\/wp-json\/wp\/v2\/posts"}],"about":[{"href":"https:\/\/www.montalegre.org\/es\/wp-json\/wp\/v2\/types\/post"}],"author":[{"embeddable":true,"href":"https:\/\/www.montalegre.org\/es\/wp-json\/wp\/v2\/users\/4"}],"replies":[{"embeddable":true,"href":"https:\/\/www.montalegre.org\/es\/wp-json\/wp\/v2\/comments?post=5802"}],"version-history":[{"count":11,"href":"https:\/\/www.montalegre.org\/es\/wp-json\/wp\/v2\/posts\/5802\/revisions"}],"predecessor-version":[{"id":5820,"href":"https:\/\/www.montalegre.org\/es\/wp-json\/wp\/v2\/posts\/5802\/revisions\/5820"}],"wp:attachment":[{"href":"https:\/\/www.montalegre.org\/es\/wp-json\/wp\/v2\/media?parent=5802"}],"wp:term":[{"taxonomy":"category","embeddable":true,"href":"https:\/\/www.montalegre.org\/es\/wp-json\/wp\/v2\/categories?post=5802"},{"taxonomy":"post_tag","embeddable":true,"href":"https:\/\/www.montalegre.org\/es\/wp-json\/wp\/v2\/tags?post=5802"}],"curies":[{"name":"wp","href":"https:\/\/api.w.org\/{rel}","templated":true}]}}