{"id":5786,"date":"2012-11-22T20:15:47","date_gmt":"2012-11-22T20:15:47","guid":{"rendered":"http:\/\/www.montalegre.org\/?p=5786"},"modified":"2012-11-22T20:16:14","modified_gmt":"2012-11-22T20:16:14","slug":"apuntes-de-nuestra-agenda","status":"publish","type":"post","link":"https:\/\/www.montalegre.org\/es\/2012\/11\/apuntes-de-nuestra-agenda\/","title":{"rendered":"Apuntes de nuestra Agenda"},"content":{"rendered":"<p><a href=\"http:\/\/www.montalegre.org\/2012\/11\/apunts-de-la-nostra-agenda\/hernandezgarnica_opusdei_71-2\/\" rel=\"attachment wp-att-5782\"><img loading=\"lazy\" decoding=\"async\" class=\"alignleft size-medium wp-image-5782\" title=\"hernandez+garnica_opus+dei_71\" src=\"http:\/\/www.montalegre.org\/wp-content\/uploads\/2012\/11\/hernandez+garnica_opus+dei_71-300x199.jpg\" alt=\"\" width=\"300\" height=\"199\" \/><\/a>El d\u00eda 10 de diciembre, lunes, a las 19 horas, se celebrar\u00e1 la misa solemne en sufragio del alma del sacerdote y Siervo de Dios Jos\u00e9 Mar\u00eda Hern\u00e1ndez Garnica, del que se trasladaron sus restos mortales a nuestra iglesia, y donde reposan desde el 11 de noviembre de 2011 en la Capilla del Sant\u00edsimo. Ser\u00e1 una celebraci\u00f3n eucar\u00edstica en la que queremos que participe el mayor n\u00famero de fieles, tanto aqu\u00e9llos que ya le han confiado sus oraciones como todos los que a\u00fan no lo conocen.<\/p>\n<p>Pocos d\u00edas despu\u00e9s, en la noche del s\u00e1bado d\u00eda 15 diciembre, una vez m\u00e1s la Coral Canig\u00f3 nos ofrecer\u00e1 el concierto de Navidad, como siempre tan esperado por todos los colaboradores y amigos de Montalegre. Pr\u00f3ximamente avisaremos de la hora del concierto. Est\u00e1is todos invitados.<br \/>\n<a href=\"http:\/\/www.montalegre.org\/2012\/11\/apunts-de-la-nostra-agenda\/ravallogo\/\" rel=\"attachment wp-att-5783\"><img loading=\"lazy\" decoding=\"async\" class=\"alignright size-full wp-image-5783\" title=\"RavalLogo\" src=\"http:\/\/www.montalegre.org\/wp-content\/uploads\/2012\/11\/RavalLogo.jpg\" alt=\"\" width=\"176\" height=\"172\" \/><\/a><br \/>\nPor \u00faltimo, dado que el sorteo de la Loter\u00eda de Navidad ser\u00e1 como siempre el 22 de diciembre ya se han puesto a la venta las participaciones de la Fundaci\u00f3n Raval Solidari, de la que forma parte esta iglesia de Santa Mar\u00eda de Montalegre. Las pod\u00e9is comprar en las oficinas de la iglesia as\u00ed como en la sede de la fundaci\u00f3n, plaza del Bonsucc\u00e9s n. 7, entresuelo 3 \u00aa. de Barcelona.<\/p>\n<p><strong>Las participaciones son del n\u00fam. 50420.<\/strong><\/p>\n<p><strong> Cada participaci\u00f3n vale 5 euros. El donativo es de 1 euro y se juegan 4 euros.<\/strong><\/p>\n<p>Servicios Informativos Montalegre<\/p>\n","protected":false},"excerpt":{"rendered":"<p>El d\u00eda 10 de diciembre, lunes, a las 19 horas, se celebrar\u00e1 la misa solemne en sufragio del alma del sacerdote y Siervo de Dios Jos\u00e9 Mar\u00eda Hern\u00e1ndez Garnica, del que se trasladaron sus restos mortales a nuestra iglesia, y donde reposan desde el 11 de noviembre de 2011 en la Capilla del Sant\u00edsimo. Ser\u00e1 [&hellip;]<\/p>\n","protected":false},"author":4,"featured_media":0,"comment_status":"open","ping_status":"open","sticky":false,"template":"","format":"standard","meta":{"footnotes":""},"categories":[1],"tags":[],"class_list":["post-5786","post","type-post","status-publish","format-standard","hentry","category-noticias-de-montalegre"],"yoast_head":"<!-- This site is optimized with the Yoast SEO plugin v27.1.1 - https:\/\/yoast.com\/product\/yoast-seo-wordpress\/ -->\n<title>Apuntes de nuestra Agenda - Montalegre<\/title>\n<meta name=\"robots\" content=\"index, follow, max-snippet:-1, max-image-preview:large, max-video-preview:-1\" \/>\n<link rel=\"canonical\" href=\"https:\/\/www.montalegre.org\/es\/2012\/11\/apuntes-de-nuestra-agenda\/\" \/>\n<meta property=\"og:locale\" content=\"es_ES\" \/>\n<meta property=\"og:type\" content=\"article\" \/>\n<meta property=\"og:title\" content=\"Apuntes de nuestra Agenda - Montalegre\" \/>\n<meta property=\"og:description\" content=\"El d\u00eda 10 de diciembre, lunes, a las 19 horas, se celebrar\u00e1 la misa solemne en sufragio del alma del sacerdote y Siervo de Dios Jos\u00e9 Mar\u00eda Hern\u00e1ndez Garnica, del que se trasladaron sus restos mortales a nuestra iglesia, y donde reposan desde el 11 de noviembre de 2011 en la Capilla del Sant\u00edsimo. Ser\u00e1 [&hellip;]\" \/>\n<meta property=\"og:url\" content=\"https:\/\/www.montalegre.org\/es\/2012\/11\/apuntes-de-nuestra-agenda\/\" \/>\n<meta property=\"og:site_name\" content=\"Montalegre\" \/>\n<meta property=\"article:published_time\" content=\"2012-11-22T20:15:47+00:00\" \/>\n<meta property=\"article:modified_time\" content=\"2012-11-22T20:16:14+00:00\" \/>\n<meta property=\"og:image\" content=\"http:\/\/www.montalegre.org\/wp-content\/uploads\/2012\/11\/hernandez+garnica_opus+dei_71-300x199.jpg\" \/>\n<meta name=\"author\" content=\"montalegre\" \/>\n<meta name=\"twitter:card\" content=\"summary_large_image\" \/>\n<meta name=\"twitter:label1\" content=\"Escrito por\" \/>\n\t<meta name=\"twitter:data1\" content=\"montalegre\" \/>\n\t<meta name=\"twitter:label2\" content=\"Tiempo de lectura\" \/>\n\t<meta name=\"twitter:data2\" content=\"1 minuto\" \/>\n<script type=\"application\/ld+json\" class=\"yoast-schema-graph\">{\"@context\":\"https:\/\/schema.org\",\"@graph\":[{\"@type\":\"Article\",\"@id\":\"https:\/\/www.montalegre.org\/es\/2012\/11\/apuntes-de-nuestra-agenda\/#article\",\"isPartOf\":{\"@id\":\"https:\/\/www.montalegre.org\/es\/2012\/11\/apuntes-de-nuestra-agenda\/\"},\"author\":{\"name\":\"montalegre\",\"@id\":\"https:\/\/www.montalegre.org\/es\/#\/schema\/person\/fa12d4cf3a3f1735a9176b4fafd6a633\"},\"headline\":\"Apuntes de nuestra Agenda\",\"datePublished\":\"2012-11-22T20:15:47+00:00\",\"dateModified\":\"2012-11-22T20:16:14+00:00\",\"mainEntityOfPage\":{\"@id\":\"https:\/\/www.montalegre.org\/es\/2012\/11\/apuntes-de-nuestra-agenda\/\"},\"wordCount\":242,\"commentCount\":0,\"image\":{\"@id\":\"https:\/\/www.montalegre.org\/es\/2012\/11\/apuntes-de-nuestra-agenda\/#primaryimage\"},\"thumbnailUrl\":\"http:\/\/www.montalegre.org\/wp-content\/uploads\/2012\/11\/hernandez+garnica_opus+dei_71-300x199.jpg\",\"articleSection\":[\"Noticias de Montalegre\"],\"inLanguage\":\"es\",\"potentialAction\":[{\"@type\":\"CommentAction\",\"name\":\"Comment\",\"target\":[\"https:\/\/www.montalegre.org\/es\/2012\/11\/apuntes-de-nuestra-agenda\/#respond\"]}]},{\"@type\":\"WebPage\",\"@id\":\"https:\/\/www.montalegre.org\/es\/2012\/11\/apuntes-de-nuestra-agenda\/\",\"url\":\"https:\/\/www.montalegre.org\/es\/2012\/11\/apuntes-de-nuestra-agenda\/\",\"name\":\"Apuntes de nuestra Agenda - Montalegre\",\"isPartOf\":{\"@id\":\"https:\/\/www.montalegre.org\/es\/#website\"},\"primaryImageOfPage\":{\"@id\":\"https:\/\/www.montalegre.org\/es\/2012\/11\/apuntes-de-nuestra-agenda\/#primaryimage\"},\"image\":{\"@id\":\"https:\/\/www.montalegre.org\/es\/2012\/11\/apuntes-de-nuestra-agenda\/#primaryimage\"},\"thumbnailUrl\":\"http:\/\/www.montalegre.org\/wp-content\/uploads\/2012\/11\/hernandez+garnica_opus+dei_71-300x199.jpg\",\"datePublished\":\"2012-11-22T20:15:47+00:00\",\"dateModified\":\"2012-11-22T20:16:14+00:00\",\"author\":{\"@id\":\"https:\/\/www.montalegre.org\/es\/#\/schema\/person\/fa12d4cf3a3f1735a9176b4fafd6a633\"},\"breadcrumb\":{\"@id\":\"https:\/\/www.montalegre.org\/es\/2012\/11\/apuntes-de-nuestra-agenda\/#breadcrumb\"},\"inLanguage\":\"es\",\"potentialAction\":[{\"@type\":\"ReadAction\",\"target\":[\"https:\/\/www.montalegre.org\/es\/2012\/11\/apuntes-de-nuestra-agenda\/\"]}]},{\"@type\":\"ImageObject\",\"inLanguage\":\"es\",\"@id\":\"https:\/\/www.montalegre.org\/es\/2012\/11\/apuntes-de-nuestra-agenda\/#primaryimage\",\"url\":\"http:\/\/www.montalegre.org\/wp-content\/uploads\/2012\/11\/hernandez+garnica_opus+dei_71-300x199.jpg\",\"contentUrl\":\"http:\/\/www.montalegre.org\/wp-content\/uploads\/2012\/11\/hernandez+garnica_opus+dei_71-300x199.jpg\"},{\"@type\":\"BreadcrumbList\",\"@id\":\"https:\/\/www.montalegre.org\/es\/2012\/11\/apuntes-de-nuestra-agenda\/#breadcrumb\",\"itemListElement\":[{\"@type\":\"ListItem\",\"position\":1,\"name\":\"Portada\",\"item\":\"https:\/\/www.montalegre.org\/es\/\"},{\"@type\":\"ListItem\",\"position\":2,\"name\":\"Apuntes de nuestra Agenda\"}]},{\"@type\":\"WebSite\",\"@id\":\"https:\/\/www.montalegre.org\/es\/#website\",\"url\":\"https:\/\/www.montalegre.org\/es\/\",\"name\":\"Montalegre\",\"description\":\"\",\"potentialAction\":[{\"@type\":\"SearchAction\",\"target\":{\"@type\":\"EntryPoint\",\"urlTemplate\":\"https:\/\/www.montalegre.org\/es\/?s={search_term_string}\"},\"query-input\":{\"@type\":\"PropertyValueSpecification\",\"valueRequired\":true,\"valueName\":\"search_term_string\"}}],\"inLanguage\":\"es\"},{\"@type\":\"Person\",\"@id\":\"https:\/\/www.montalegre.org\/es\/#\/schema\/person\/fa12d4cf3a3f1735a9176b4fafd6a633\",\"name\":\"montalegre\",\"image\":{\"@type\":\"ImageObject\",\"inLanguage\":\"es\",\"@id\":\"https:\/\/www.montalegre.org\/es\/#\/schema\/person\/image\/\",\"url\":\"https:\/\/secure.gravatar.com\/avatar\/fe6d886cf5081e723c666dceda1f12d4f39070fa2ed4e79695edc3ca355c9b5a?s=96&d=mm&r=g\",\"contentUrl\":\"https:\/\/secure.gravatar.com\/avatar\/fe6d886cf5081e723c666dceda1f12d4f39070fa2ed4e79695edc3ca355c9b5a?s=96&d=mm&r=g\",\"caption\":\"montalegre\"},\"url\":\"https:\/\/www.montalegre.org\/es\/author\/montalegre\/\"}]}<\/script>\n<!-- \/ Yoast SEO plugin. -->","yoast_head_json":{"title":"Apuntes de nuestra Agenda - Montalegre","robots":{"index":"index","follow":"follow","max-snippet":"max-snippet:-1","max-image-preview":"max-image-preview:large","max-video-preview":"max-video-preview:-1"},"canonical":"https:\/\/www.montalegre.org\/es\/2012\/11\/apuntes-de-nuestra-agenda\/","og_locale":"es_ES","og_type":"article","og_title":"Apuntes de nuestra Agenda - Montalegre","og_description":"El d\u00eda 10 de diciembre, lunes, a las 19 horas, se celebrar\u00e1 la misa solemne en sufragio del alma del sacerdote y Siervo de Dios Jos\u00e9 Mar\u00eda Hern\u00e1ndez Garnica, del que se trasladaron sus restos mortales a nuestra iglesia, y donde reposan desde el 11 de noviembre de 2011 en la Capilla del Sant\u00edsimo. Ser\u00e1 [&hellip;]","og_url":"https:\/\/www.montalegre.org\/es\/2012\/11\/apuntes-de-nuestra-agenda\/","og_site_name":"Montalegre","article_published_time":"2012-11-22T20:15:47+00:00","article_modified_time":"2012-11-22T20:16:14+00:00","og_image":[{"url":"http:\/\/www.montalegre.org\/wp-content\/uploads\/2012\/11\/hernandez+garnica_opus+dei_71-300x199.jpg","type":"","width":"","height":""}],"author":"montalegre","twitter_card":"summary_large_image","twitter_misc":{"Escrito por":"montalegre","Tiempo de lectura":"1 minuto"},"schema":{"@context":"https:\/\/schema.org","@graph":[{"@type":"Article","@id":"https:\/\/www.montalegre.org\/es\/2012\/11\/apuntes-de-nuestra-agenda\/#article","isPartOf":{"@id":"https:\/\/www.montalegre.org\/es\/2012\/11\/apuntes-de-nuestra-agenda\/"},"author":{"name":"montalegre","@id":"https:\/\/www.montalegre.org\/es\/#\/schema\/person\/fa12d4cf3a3f1735a9176b4fafd6a633"},"headline":"Apuntes de nuestra Agenda","datePublished":"2012-11-22T20:15:47+00:00","dateModified":"2012-11-22T20:16:14+00:00","mainEntityOfPage":{"@id":"https:\/\/www.montalegre.org\/es\/2012\/11\/apuntes-de-nuestra-agenda\/"},"wordCount":242,"commentCount":0,"image":{"@id":"https:\/\/www.montalegre.org\/es\/2012\/11\/apuntes-de-nuestra-agenda\/#primaryimage"},"thumbnailUrl":"http:\/\/www.montalegre.org\/wp-content\/uploads\/2012\/11\/hernandez+garnica_opus+dei_71-300x199.jpg","articleSection":["Noticias de Montalegre"],"inLanguage":"es","potentialAction":[{"@type":"CommentAction","name":"Comment","target":["https:\/\/www.montalegre.org\/es\/2012\/11\/apuntes-de-nuestra-agenda\/#respond"]}]},{"@type":"WebPage","@id":"https:\/\/www.montalegre.org\/es\/2012\/11\/apuntes-de-nuestra-agenda\/","url":"https:\/\/www.montalegre.org\/es\/2012\/11\/apuntes-de-nuestra-agenda\/","name":"Apuntes de nuestra Agenda - Montalegre","isPartOf":{"@id":"https:\/\/www.montalegre.org\/es\/#website"},"primaryImageOfPage":{"@id":"https:\/\/www.montalegre.org\/es\/2012\/11\/apuntes-de-nuestra-agenda\/#primaryimage"},"image":{"@id":"https:\/\/www.montalegre.org\/es\/2012\/11\/apuntes-de-nuestra-agenda\/#primaryimage"},"thumbnailUrl":"http:\/\/www.montalegre.org\/wp-content\/uploads\/2012\/11\/hernandez+garnica_opus+dei_71-300x199.jpg","datePublished":"2012-11-22T20:15:47+00:00","dateModified":"2012-11-22T20:16:14+00:00","author":{"@id":"https:\/\/www.montalegre.org\/es\/#\/schema\/person\/fa12d4cf3a3f1735a9176b4fafd6a633"},"breadcrumb":{"@id":"https:\/\/www.montalegre.org\/es\/2012\/11\/apuntes-de-nuestra-agenda\/#breadcrumb"},"inLanguage":"es","potentialAction":[{"@type":"ReadAction","target":["https:\/\/www.montalegre.org\/es\/2012\/11\/apuntes-de-nuestra-agenda\/"]}]},{"@type":"ImageObject","inLanguage":"es","@id":"https:\/\/www.montalegre.org\/es\/2012\/11\/apuntes-de-nuestra-agenda\/#primaryimage","url":"http:\/\/www.montalegre.org\/wp-content\/uploads\/2012\/11\/hernandez+garnica_opus+dei_71-300x199.jpg","contentUrl":"http:\/\/www.montalegre.org\/wp-content\/uploads\/2012\/11\/hernandez+garnica_opus+dei_71-300x199.jpg"},{"@type":"BreadcrumbList","@id":"https:\/\/www.montalegre.org\/es\/2012\/11\/apuntes-de-nuestra-agenda\/#breadcrumb","itemListElement":[{"@type":"ListItem","position":1,"name":"Portada","item":"https:\/\/www.montalegre.org\/es\/"},{"@type":"ListItem","position":2,"name":"Apuntes de nuestra Agenda"}]},{"@type":"WebSite","@id":"https:\/\/www.montalegre.org\/es\/#website","url":"https:\/\/www.montalegre.org\/es\/","name":"Montalegre","description":"","potentialAction":[{"@type":"SearchAction","target":{"@type":"EntryPoint","urlTemplate":"https:\/\/www.montalegre.org\/es\/?s={search_term_string}"},"query-input":{"@type":"PropertyValueSpecification","valueRequired":true,"valueName":"search_term_string"}}],"inLanguage":"es"},{"@type":"Person","@id":"https:\/\/www.montalegre.org\/es\/#\/schema\/person\/fa12d4cf3a3f1735a9176b4fafd6a633","name":"montalegre","image":{"@type":"ImageObject","inLanguage":"es","@id":"https:\/\/www.montalegre.org\/es\/#\/schema\/person\/image\/","url":"https:\/\/secure.gravatar.com\/avatar\/fe6d886cf5081e723c666dceda1f12d4f39070fa2ed4e79695edc3ca355c9b5a?s=96&d=mm&r=g","contentUrl":"https:\/\/secure.gravatar.com\/avatar\/fe6d886cf5081e723c666dceda1f12d4f39070fa2ed4e79695edc3ca355c9b5a?s=96&d=mm&r=g","caption":"montalegre"},"url":"https:\/\/www.montalegre.org\/es\/author\/montalegre\/"}]}},"_links":{"self":[{"href":"https:\/\/www.montalegre.org\/es\/wp-json\/wp\/v2\/posts\/5786","targetHints":{"allow":["GET"]}}],"collection":[{"href":"https:\/\/www.montalegre.org\/es\/wp-json\/wp\/v2\/posts"}],"about":[{"href":"https:\/\/www.montalegre.org\/es\/wp-json\/wp\/v2\/types\/post"}],"author":[{"embeddable":true,"href":"https:\/\/www.montalegre.org\/es\/wp-json\/wp\/v2\/users\/4"}],"replies":[{"embeddable":true,"href":"https:\/\/www.montalegre.org\/es\/wp-json\/wp\/v2\/comments?post=5786"}],"version-history":[{"count":4,"href":"https:\/\/www.montalegre.org\/es\/wp-json\/wp\/v2\/posts\/5786\/revisions"}],"predecessor-version":[{"id":5790,"href":"https:\/\/www.montalegre.org\/es\/wp-json\/wp\/v2\/posts\/5786\/revisions\/5790"}],"wp:attachment":[{"href":"https:\/\/www.montalegre.org\/es\/wp-json\/wp\/v2\/media?parent=5786"}],"wp:term":[{"taxonomy":"category","embeddable":true,"href":"https:\/\/www.montalegre.org\/es\/wp-json\/wp\/v2\/categories?post=5786"},{"taxonomy":"post_tag","embeddable":true,"href":"https:\/\/www.montalegre.org\/es\/wp-json\/wp\/v2\/tags?post=5786"}],"curies":[{"name":"wp","href":"https:\/\/api.w.org\/{rel}","templated":true}]}}