{"id":5749,"date":"2012-11-14T12:13:53","date_gmt":"2012-11-14T12:13:53","guid":{"rendered":"http:\/\/www.montalegre.org\/?p=5749"},"modified":"2012-11-14T12:16:37","modified_gmt":"2012-11-14T12:16:37","slug":"en-el-ano-de-la-fe-volvemos-a-tierra-santa","status":"publish","type":"post","link":"https:\/\/www.montalegre.org\/es\/2012\/11\/en-el-ano-de-la-fe-volvemos-a-tierra-santa\/","title":{"rendered":"En el A\u00f1o de la Fe, volvemos a Tierra Santa"},"content":{"rendered":"<p><img loading=\"lazy\" decoding=\"async\" class=\"alignleft size-full wp-image-5743\" title=\"bienaventuranzas\" src=\"http:\/\/www.montalegre.org\/wp-content\/uploads\/2012\/11\/bienaventuranzas.jpg\" alt=\"\" width=\"250\" height=\"187\" \/>Desde el comienzo de su ministerio, el Santo Padre Benedicto XVI, nos ha recordado l<em>a exigencia de redescubrir el camino de la fe para iluminar de manera cada vez m\u00e1s clara la alegr\u00eda y el entusiasmo renovado del reencuentro con Jesucristo<\/em>. Con este mensaje, convoc\u00f3 el A\u00f1o de la Fe * que la Iglesia universal ya est\u00e1 viviendo con intensidad. La nota posterior de la Congregaci\u00f3n para la Doctrina de la Fe nos dio una serie de indicaciones pastorales, una de las cuales y en el \u00e1mbito de la Iglesia universal dice que <em>&#8220;ser\u00e1 importante tambi\u00e9n fomentar las peregrinaciones a Tierra Santa, lugar que tuvo la primicia de conocer a Jes\u00fas, el Salvador y Mar\u00eda, su madre\u201d. **<\/em><\/p>\n<p>En cumplimiento de esta indicaci\u00f3n, una vez m\u00e1s la Iglesia de Santa Mar\u00eda de Montalegre est\u00e1 organizando para la pr\u00f3xima primavera una nueva peregrinaci\u00f3n a Tierra Santa, en Israel. Visitaremos: Nazaret, Mar de Galilea, Monte de las Bienaventuranzas, Monte Tabor, Cafarnaun, Can\u00e1, Jeric\u00f3, La Masada, Bel\u00e9n, Wadi Kelt, todo Jerusal\u00e9n (Monte de los Olivos, Santo Sepulcro, Ein Karem), el muro de las Lamentaciones y el Museo del Holocausto, entre otras visitas. Viajaremos en avi\u00f3n hasta Tel-a-Viv, permaneceremos en r\u00e9gimen de pensi\u00f3n completa los 8 d\u00edas de la peregrinaci\u00f3n, nos trasladaremos en autocar por todo el territorio. El mos\u00e9n que nos acompa\u00f1ar\u00e1 celebrar\u00e1 la santa misa diariamente en los lugares m\u00e1s emblem\u00e1ticos, y rezaremos el santo rosario. En Can\u00e1, los matrimonios que participen podr\u00e1n renovar sus promesas matrimoniales, y en el Jord\u00e1n todos podremos renovar las promesas bautismales. Las reservas se hacen mediante la intervenci\u00f3n de una agencia de viajes, experta en peregrinaciones.<\/p>\n<p>El precio por persona y para un grupo de 42 personas, es de 1515 euros. Los d\u00edas del peregrinaje ser\u00e1n: del 21 de mayo al <a href=\"http:\/\/www.montalegre.org\/2012\/10\/inscripcio-a-la-peregrinacio\/img_5573-2\/\" rel=\"attachment wp-att-5610\"><img loading=\"lazy\" decoding=\"async\" class=\"alignright size-medium wp-image-5610\" title=\"IMG_5573\" src=\"http:\/\/www.montalegre.org\/wp-content\/uploads\/2012\/10\/IMG_5573-300x225.jpg\" alt=\"\" width=\"300\" height=\"225\" \/><\/a>28 de mayo de 2013.<\/p>\n<p><strong>Notas<\/strong><\/p>\n<p>Para cualquier petici\u00f3n de informaci\u00f3n o aclaraci\u00f3n pueden ponerse en contacto por mail: gef@montalegre.org o www.montalegre.org<\/p>\n<p>Si desea conocer cu\u00e1l fue la cr\u00f3nica de nuestra peregrinaci\u00f3n anterior, &#8220;Shalom! Israel &#8220;puede ir al link:<\/p>\n<blockquote class=\"wp-embedded-content\" data-secret=\"jMUfKt88zG\"><p><a href=\"https:\/\/www.montalegre.org\/2011\/05\/shalom-israel\/\">Shalom! Israel<\/a><\/p><\/blockquote>\n<p><iframe loading=\"lazy\" class=\"wp-embedded-content\" sandbox=\"allow-scripts\" security=\"restricted\" style=\"position: absolute; clip: rect(1px, 1px, 1px, 1px);\" title=\"&#8220;Shalom! Israel&#8221; &#8212; Montalegre\" src=\"https:\/\/www.montalegre.org\/2011\/05\/shalom-israel\/embed\/#?secret=l0DklgPtMH#?secret=jMUfKt88zG\" data-secret=\"jMUfKt88zG\" width=\"500\" height=\"282\" frameborder=\"0\" marginwidth=\"0\" marginheight=\"0\" scrolling=\"no\"><\/iframe><\/p>\n<p>Y si adem\u00e1s, desea ver m\u00e1s fotos de nuestro viaje, puede ir al link:<\/p>\n<blockquote class=\"wp-embedded-content\" data-secret=\"TZO3k6nGck\"><p><a href=\"https:\/\/www.montalegre.org\/2011\/06\/terra-santa-maig-2011\/\">Terra Santa Maig 2011<\/a><\/p><\/blockquote>\n<p><iframe loading=\"lazy\" class=\"wp-embedded-content\" sandbox=\"allow-scripts\" security=\"restricted\" style=\"position: absolute; clip: rect(1px, 1px, 1px, 1px);\" title=\"&#8220;Terra Santa Maig 2011&#8221; &#8212; Montalegre\" src=\"https:\/\/www.montalegre.org\/2011\/06\/terra-santa-maig-2011\/embed\/#?secret=KF9odZ9QL4#?secret=TZO3k6nGck\" data-secret=\"TZO3k6nGck\" width=\"500\" height=\"282\" frameborder=\"0\" marginwidth=\"0\" marginheight=\"0\" scrolling=\"no\"><\/iframe><\/p>\n<p>* Punto 2. Carta Apost\u00f3lica Porta Fidei, 11 de octubre de 2011.<br \/>\n** Punto I.2. Congregaci\u00f3n para la Doctrina de la Fe del 6 de enero de 2012, Indicaciones pastorales para el A\u00f1o de la Fe.<\/p>\n<p>Isabel Hern\u00e1ndez Esteban<\/p>\n","protected":false},"excerpt":{"rendered":"<p>Desde el comienzo de su ministerio, el Santo Padre Benedicto XVI, nos ha recordado la exigencia de redescubrir el camino de la fe para iluminar de manera cada vez m\u00e1s clara la alegr\u00eda y el entusiasmo renovado del reencuentro con Jesucristo. Con este mensaje, convoc\u00f3 el A\u00f1o de la Fe * que la Iglesia universal [&hellip;]<\/p>\n","protected":false},"author":4,"featured_media":0,"comment_status":"open","ping_status":"open","sticky":false,"template":"","format":"standard","meta":{"footnotes":""},"categories":[1],"tags":[],"class_list":["post-5749","post","type-post","status-publish","format-standard","hentry","category-noticias-de-montalegre"],"yoast_head":"<!-- This site is optimized with the Yoast SEO plugin v27.1.1 - https:\/\/yoast.com\/product\/yoast-seo-wordpress\/ -->\n<title>En el A\u00f1o de la Fe, volvemos a Tierra Santa - Montalegre<\/title>\n<meta name=\"robots\" content=\"index, follow, max-snippet:-1, max-image-preview:large, max-video-preview:-1\" \/>\n<link rel=\"canonical\" href=\"https:\/\/www.montalegre.org\/es\/2012\/11\/en-el-ano-de-la-fe-volvemos-a-tierra-santa\/\" \/>\n<meta property=\"og:locale\" content=\"es_ES\" \/>\n<meta property=\"og:type\" content=\"article\" \/>\n<meta property=\"og:title\" content=\"En el A\u00f1o de la Fe, volvemos a Tierra Santa - Montalegre\" \/>\n<meta property=\"og:description\" content=\"Desde el comienzo de su ministerio, el Santo Padre Benedicto XVI, nos ha recordado la exigencia de redescubrir el camino de la fe para iluminar de manera cada vez m\u00e1s clara la alegr\u00eda y el entusiasmo renovado del reencuentro con Jesucristo. Con este mensaje, convoc\u00f3 el A\u00f1o de la Fe * que la Iglesia universal [&hellip;]\" \/>\n<meta property=\"og:url\" content=\"https:\/\/www.montalegre.org\/es\/2012\/11\/en-el-ano-de-la-fe-volvemos-a-tierra-santa\/\" \/>\n<meta property=\"og:site_name\" content=\"Montalegre\" \/>\n<meta property=\"article:published_time\" content=\"2012-11-14T12:13:53+00:00\" \/>\n<meta property=\"article:modified_time\" content=\"2012-11-14T12:16:37+00:00\" \/>\n<meta property=\"og:image\" content=\"http:\/\/www.montalegre.org\/wp-content\/uploads\/2012\/11\/bienaventuranzas.jpg\" \/>\n<meta name=\"author\" content=\"montalegre\" \/>\n<meta name=\"twitter:card\" content=\"summary_large_image\" \/>\n<meta name=\"twitter:label1\" content=\"Escrito por\" \/>\n\t<meta name=\"twitter:data1\" content=\"montalegre\" \/>\n\t<meta name=\"twitter:label2\" content=\"Tiempo de lectura\" \/>\n\t<meta name=\"twitter:data2\" content=\"2 minutos\" \/>\n<script type=\"application\/ld+json\" class=\"yoast-schema-graph\">{\"@context\":\"https:\/\/schema.org\",\"@graph\":[{\"@type\":\"Article\",\"@id\":\"https:\/\/www.montalegre.org\/es\/2012\/11\/en-el-ano-de-la-fe-volvemos-a-tierra-santa\/#article\",\"isPartOf\":{\"@id\":\"https:\/\/www.montalegre.org\/es\/2012\/11\/en-el-ano-de-la-fe-volvemos-a-tierra-santa\/\"},\"author\":{\"name\":\"montalegre\",\"@id\":\"https:\/\/www.montalegre.org\/es\/#\/schema\/person\/fa12d4cf3a3f1735a9176b4fafd6a633\"},\"headline\":\"En el A\u00f1o de la Fe, volvemos a Tierra Santa\",\"datePublished\":\"2012-11-14T12:13:53+00:00\",\"dateModified\":\"2012-11-14T12:16:37+00:00\",\"mainEntityOfPage\":{\"@id\":\"https:\/\/www.montalegre.org\/es\/2012\/11\/en-el-ano-de-la-fe-volvemos-a-tierra-santa\/\"},\"wordCount\":437,\"commentCount\":0,\"image\":{\"@id\":\"https:\/\/www.montalegre.org\/es\/2012\/11\/en-el-ano-de-la-fe-volvemos-a-tierra-santa\/#primaryimage\"},\"thumbnailUrl\":\"http:\/\/www.montalegre.org\/wp-content\/uploads\/2012\/11\/bienaventuranzas.jpg\",\"articleSection\":[\"Noticias de Montalegre\"],\"inLanguage\":\"es\",\"potentialAction\":[{\"@type\":\"CommentAction\",\"name\":\"Comment\",\"target\":[\"https:\/\/www.montalegre.org\/es\/2012\/11\/en-el-ano-de-la-fe-volvemos-a-tierra-santa\/#respond\"]}]},{\"@type\":\"WebPage\",\"@id\":\"https:\/\/www.montalegre.org\/es\/2012\/11\/en-el-ano-de-la-fe-volvemos-a-tierra-santa\/\",\"url\":\"https:\/\/www.montalegre.org\/es\/2012\/11\/en-el-ano-de-la-fe-volvemos-a-tierra-santa\/\",\"name\":\"En el A\u00f1o de la Fe, volvemos a Tierra Santa - Montalegre\",\"isPartOf\":{\"@id\":\"https:\/\/www.montalegre.org\/es\/#website\"},\"primaryImageOfPage\":{\"@id\":\"https:\/\/www.montalegre.org\/es\/2012\/11\/en-el-ano-de-la-fe-volvemos-a-tierra-santa\/#primaryimage\"},\"image\":{\"@id\":\"https:\/\/www.montalegre.org\/es\/2012\/11\/en-el-ano-de-la-fe-volvemos-a-tierra-santa\/#primaryimage\"},\"thumbnailUrl\":\"http:\/\/www.montalegre.org\/wp-content\/uploads\/2012\/11\/bienaventuranzas.jpg\",\"datePublished\":\"2012-11-14T12:13:53+00:00\",\"dateModified\":\"2012-11-14T12:16:37+00:00\",\"author\":{\"@id\":\"https:\/\/www.montalegre.org\/es\/#\/schema\/person\/fa12d4cf3a3f1735a9176b4fafd6a633\"},\"breadcrumb\":{\"@id\":\"https:\/\/www.montalegre.org\/es\/2012\/11\/en-el-ano-de-la-fe-volvemos-a-tierra-santa\/#breadcrumb\"},\"inLanguage\":\"es\",\"potentialAction\":[{\"@type\":\"ReadAction\",\"target\":[\"https:\/\/www.montalegre.org\/es\/2012\/11\/en-el-ano-de-la-fe-volvemos-a-tierra-santa\/\"]}]},{\"@type\":\"ImageObject\",\"inLanguage\":\"es\",\"@id\":\"https:\/\/www.montalegre.org\/es\/2012\/11\/en-el-ano-de-la-fe-volvemos-a-tierra-santa\/#primaryimage\",\"url\":\"http:\/\/www.montalegre.org\/wp-content\/uploads\/2012\/11\/bienaventuranzas.jpg\",\"contentUrl\":\"http:\/\/www.montalegre.org\/wp-content\/uploads\/2012\/11\/bienaventuranzas.jpg\"},{\"@type\":\"BreadcrumbList\",\"@id\":\"https:\/\/www.montalegre.org\/es\/2012\/11\/en-el-ano-de-la-fe-volvemos-a-tierra-santa\/#breadcrumb\",\"itemListElement\":[{\"@type\":\"ListItem\",\"position\":1,\"name\":\"Portada\",\"item\":\"https:\/\/www.montalegre.org\/es\/\"},{\"@type\":\"ListItem\",\"position\":2,\"name\":\"En el A\u00f1o de la Fe, volvemos a Tierra Santa\"}]},{\"@type\":\"WebSite\",\"@id\":\"https:\/\/www.montalegre.org\/es\/#website\",\"url\":\"https:\/\/www.montalegre.org\/es\/\",\"name\":\"Montalegre\",\"description\":\"\",\"potentialAction\":[{\"@type\":\"SearchAction\",\"target\":{\"@type\":\"EntryPoint\",\"urlTemplate\":\"https:\/\/www.montalegre.org\/es\/?s={search_term_string}\"},\"query-input\":{\"@type\":\"PropertyValueSpecification\",\"valueRequired\":true,\"valueName\":\"search_term_string\"}}],\"inLanguage\":\"es\"},{\"@type\":\"Person\",\"@id\":\"https:\/\/www.montalegre.org\/es\/#\/schema\/person\/fa12d4cf3a3f1735a9176b4fafd6a633\",\"name\":\"montalegre\",\"image\":{\"@type\":\"ImageObject\",\"inLanguage\":\"es\",\"@id\":\"https:\/\/www.montalegre.org\/es\/#\/schema\/person\/image\/\",\"url\":\"https:\/\/secure.gravatar.com\/avatar\/fe6d886cf5081e723c666dceda1f12d4f39070fa2ed4e79695edc3ca355c9b5a?s=96&d=mm&r=g\",\"contentUrl\":\"https:\/\/secure.gravatar.com\/avatar\/fe6d886cf5081e723c666dceda1f12d4f39070fa2ed4e79695edc3ca355c9b5a?s=96&d=mm&r=g\",\"caption\":\"montalegre\"},\"url\":\"https:\/\/www.montalegre.org\/es\/author\/montalegre\/\"}]}<\/script>\n<!-- \/ Yoast SEO plugin. -->","yoast_head_json":{"title":"En el A\u00f1o de la Fe, volvemos a Tierra Santa - Montalegre","robots":{"index":"index","follow":"follow","max-snippet":"max-snippet:-1","max-image-preview":"max-image-preview:large","max-video-preview":"max-video-preview:-1"},"canonical":"https:\/\/www.montalegre.org\/es\/2012\/11\/en-el-ano-de-la-fe-volvemos-a-tierra-santa\/","og_locale":"es_ES","og_type":"article","og_title":"En el A\u00f1o de la Fe, volvemos a Tierra Santa - Montalegre","og_description":"Desde el comienzo de su ministerio, el Santo Padre Benedicto XVI, nos ha recordado la exigencia de redescubrir el camino de la fe para iluminar de manera cada vez m\u00e1s clara la alegr\u00eda y el entusiasmo renovado del reencuentro con Jesucristo. Con este mensaje, convoc\u00f3 el A\u00f1o de la Fe * que la Iglesia universal [&hellip;]","og_url":"https:\/\/www.montalegre.org\/es\/2012\/11\/en-el-ano-de-la-fe-volvemos-a-tierra-santa\/","og_site_name":"Montalegre","article_published_time":"2012-11-14T12:13:53+00:00","article_modified_time":"2012-11-14T12:16:37+00:00","og_image":[{"url":"http:\/\/www.montalegre.org\/wp-content\/uploads\/2012\/11\/bienaventuranzas.jpg","type":"","width":"","height":""}],"author":"montalegre","twitter_card":"summary_large_image","twitter_misc":{"Escrito por":"montalegre","Tiempo de lectura":"2 minutos"},"schema":{"@context":"https:\/\/schema.org","@graph":[{"@type":"Article","@id":"https:\/\/www.montalegre.org\/es\/2012\/11\/en-el-ano-de-la-fe-volvemos-a-tierra-santa\/#article","isPartOf":{"@id":"https:\/\/www.montalegre.org\/es\/2012\/11\/en-el-ano-de-la-fe-volvemos-a-tierra-santa\/"},"author":{"name":"montalegre","@id":"https:\/\/www.montalegre.org\/es\/#\/schema\/person\/fa12d4cf3a3f1735a9176b4fafd6a633"},"headline":"En el A\u00f1o de la Fe, volvemos a Tierra Santa","datePublished":"2012-11-14T12:13:53+00:00","dateModified":"2012-11-14T12:16:37+00:00","mainEntityOfPage":{"@id":"https:\/\/www.montalegre.org\/es\/2012\/11\/en-el-ano-de-la-fe-volvemos-a-tierra-santa\/"},"wordCount":437,"commentCount":0,"image":{"@id":"https:\/\/www.montalegre.org\/es\/2012\/11\/en-el-ano-de-la-fe-volvemos-a-tierra-santa\/#primaryimage"},"thumbnailUrl":"http:\/\/www.montalegre.org\/wp-content\/uploads\/2012\/11\/bienaventuranzas.jpg","articleSection":["Noticias de Montalegre"],"inLanguage":"es","potentialAction":[{"@type":"CommentAction","name":"Comment","target":["https:\/\/www.montalegre.org\/es\/2012\/11\/en-el-ano-de-la-fe-volvemos-a-tierra-santa\/#respond"]}]},{"@type":"WebPage","@id":"https:\/\/www.montalegre.org\/es\/2012\/11\/en-el-ano-de-la-fe-volvemos-a-tierra-santa\/","url":"https:\/\/www.montalegre.org\/es\/2012\/11\/en-el-ano-de-la-fe-volvemos-a-tierra-santa\/","name":"En el A\u00f1o de la Fe, volvemos a Tierra Santa - Montalegre","isPartOf":{"@id":"https:\/\/www.montalegre.org\/es\/#website"},"primaryImageOfPage":{"@id":"https:\/\/www.montalegre.org\/es\/2012\/11\/en-el-ano-de-la-fe-volvemos-a-tierra-santa\/#primaryimage"},"image":{"@id":"https:\/\/www.montalegre.org\/es\/2012\/11\/en-el-ano-de-la-fe-volvemos-a-tierra-santa\/#primaryimage"},"thumbnailUrl":"http:\/\/www.montalegre.org\/wp-content\/uploads\/2012\/11\/bienaventuranzas.jpg","datePublished":"2012-11-14T12:13:53+00:00","dateModified":"2012-11-14T12:16:37+00:00","author":{"@id":"https:\/\/www.montalegre.org\/es\/#\/schema\/person\/fa12d4cf3a3f1735a9176b4fafd6a633"},"breadcrumb":{"@id":"https:\/\/www.montalegre.org\/es\/2012\/11\/en-el-ano-de-la-fe-volvemos-a-tierra-santa\/#breadcrumb"},"inLanguage":"es","potentialAction":[{"@type":"ReadAction","target":["https:\/\/www.montalegre.org\/es\/2012\/11\/en-el-ano-de-la-fe-volvemos-a-tierra-santa\/"]}]},{"@type":"ImageObject","inLanguage":"es","@id":"https:\/\/www.montalegre.org\/es\/2012\/11\/en-el-ano-de-la-fe-volvemos-a-tierra-santa\/#primaryimage","url":"http:\/\/www.montalegre.org\/wp-content\/uploads\/2012\/11\/bienaventuranzas.jpg","contentUrl":"http:\/\/www.montalegre.org\/wp-content\/uploads\/2012\/11\/bienaventuranzas.jpg"},{"@type":"BreadcrumbList","@id":"https:\/\/www.montalegre.org\/es\/2012\/11\/en-el-ano-de-la-fe-volvemos-a-tierra-santa\/#breadcrumb","itemListElement":[{"@type":"ListItem","position":1,"name":"Portada","item":"https:\/\/www.montalegre.org\/es\/"},{"@type":"ListItem","position":2,"name":"En el A\u00f1o de la Fe, volvemos a Tierra Santa"}]},{"@type":"WebSite","@id":"https:\/\/www.montalegre.org\/es\/#website","url":"https:\/\/www.montalegre.org\/es\/","name":"Montalegre","description":"","potentialAction":[{"@type":"SearchAction","target":{"@type":"EntryPoint","urlTemplate":"https:\/\/www.montalegre.org\/es\/?s={search_term_string}"},"query-input":{"@type":"PropertyValueSpecification","valueRequired":true,"valueName":"search_term_string"}}],"inLanguage":"es"},{"@type":"Person","@id":"https:\/\/www.montalegre.org\/es\/#\/schema\/person\/fa12d4cf3a3f1735a9176b4fafd6a633","name":"montalegre","image":{"@type":"ImageObject","inLanguage":"es","@id":"https:\/\/www.montalegre.org\/es\/#\/schema\/person\/image\/","url":"https:\/\/secure.gravatar.com\/avatar\/fe6d886cf5081e723c666dceda1f12d4f39070fa2ed4e79695edc3ca355c9b5a?s=96&d=mm&r=g","contentUrl":"https:\/\/secure.gravatar.com\/avatar\/fe6d886cf5081e723c666dceda1f12d4f39070fa2ed4e79695edc3ca355c9b5a?s=96&d=mm&r=g","caption":"montalegre"},"url":"https:\/\/www.montalegre.org\/es\/author\/montalegre\/"}]}},"_links":{"self":[{"href":"https:\/\/www.montalegre.org\/es\/wp-json\/wp\/v2\/posts\/5749","targetHints":{"allow":["GET"]}}],"collection":[{"href":"https:\/\/www.montalegre.org\/es\/wp-json\/wp\/v2\/posts"}],"about":[{"href":"https:\/\/www.montalegre.org\/es\/wp-json\/wp\/v2\/types\/post"}],"author":[{"embeddable":true,"href":"https:\/\/www.montalegre.org\/es\/wp-json\/wp\/v2\/users\/4"}],"replies":[{"embeddable":true,"href":"https:\/\/www.montalegre.org\/es\/wp-json\/wp\/v2\/comments?post=5749"}],"version-history":[{"count":5,"href":"https:\/\/www.montalegre.org\/es\/wp-json\/wp\/v2\/posts\/5749\/revisions"}],"predecessor-version":[{"id":5754,"href":"https:\/\/www.montalegre.org\/es\/wp-json\/wp\/v2\/posts\/5749\/revisions\/5754"}],"wp:attachment":[{"href":"https:\/\/www.montalegre.org\/es\/wp-json\/wp\/v2\/media?parent=5749"}],"wp:term":[{"taxonomy":"category","embeddable":true,"href":"https:\/\/www.montalegre.org\/es\/wp-json\/wp\/v2\/categories?post=5749"},{"taxonomy":"post_tag","embeddable":true,"href":"https:\/\/www.montalegre.org\/es\/wp-json\/wp\/v2\/tags?post=5749"}],"curies":[{"name":"wp","href":"https:\/\/api.w.org\/{rel}","templated":true}]}}