{"id":5696,"date":"2012-10-31T23:59:51","date_gmt":"2012-10-31T23:59:51","guid":{"rendered":"http:\/\/www.montalegre.org\/?p=5696"},"modified":"2012-10-30T10:08:10","modified_gmt":"2012-10-30T10:08:10","slug":"tiempo-de-elecciones","status":"publish","type":"post","link":"https:\/\/www.montalegre.org\/es\/2012\/10\/tiempo-de-elecciones\/","title":{"rendered":"Tiempo de Elecciones"},"content":{"rendered":"<p style=\"text-align: justify;\"><strong><\/strong><a href=\"http:\/\/www.montalegre.org\/es\/2012\/10\/tiempo-de-elecciones\/urna\/\" rel=\"attachment wp-att-5716\"><img loading=\"lazy\" decoding=\"async\" class=\"alignleft size-full wp-image-5716\" title=\"urna\" src=\"http:\/\/www.montalegre.org\/wp-content\/uploads\/2012\/10\/urna.jpg\" alt=\"\" width=\"300\" height=\"280\" \/><\/a>Entramos en el mes de noviembre, pen\u00faltimo del a\u00f1o, que viene esta vez marcado por las elecciones al Parlamento de Catalunya que se han de realizar a finales del mes. Es un tema muy importante para el presente y futuro inmediato de Catalunya y es l\u00f3gico que las diferentes visiones pol\u00edticas que conviven en nuestra sociedad se enfrenten -siempre democr\u00e1ticamente- y que sean los ciudadanos, de acuerdo con las leyes vigentes los que decidan que tipo de gobierno prefieren.<\/p>\n<p style=\"text-align: justify;\">Los Obispos de Catalunya, teniendo en cuenta su responsabilidad en la misi\u00f3n de maestros de los fieles cristianos, dieron unas orientaciones generales que conviene tener presentes a la hora de afrontar este per\u00edodo de la vida ciudadana. En el escrito emanado de la Conferencia Episcopal Tarraconense se se\u00f1ala que, <em>&#8220;en un r\u00e9gimen democr\u00e1tico, cada ciudadano debe poder manifestar las propias convicciones y hacer camino con los dem\u00e1s, pensando que \u00abuna sociedad que, en todos sus niveles, quiere positivamente estar al servicio del ser humano es la que se propone como meta prioritaria el bien com\u00fan, en tanto que bien de todos los hombres y de todo el hombre\u00bb (Compendio Doctrina Social de la Iglesia n. 165).<\/em><\/p>\n<p style=\"text-align: justify;\">Al mismo tiempo se se\u00f1ala que las elecciones democr\u00e1ticas exigen el derecho y el deber de de ejercer el propio voto, con libertad y responsabilidad.<\/p>\n<p style=\"text-align: justify;\">Una vez m\u00e1s los obispos de Catalunya recuerdan que no les corresponde optar por ninguna de las leg\u00edtimas opciones que se presentar\u00e1n, siempre que se basen en el respeto de la dignidad inalienable de las personas y de los pueblos, y que buscan con paciencia la paz y la justicia.<\/p>\n<p style=\"text-align: justify;\">Es evidente que no hay una soluci\u00f3n &#8220;cat\u00f3lica&#8221; a la mayor parte de los problemas que se presentan en la sociedad, y que nadie posee tampoco &#8220;la verdad&#8221; en un terreno en el que se admiten muchas propuestas, la mayor parte de ellas leg\u00edtimas y posibles. Cada partido propondr\u00e1 aquellas soluciones que piense oportunas y los ciudadanos, en una democracia que es ya adulta, en libertad y con la consiguiente responsabilidad, han de decidir con su voto lo que entiendan que es mejor para el bien com\u00fan.<\/p>\n<p style=\"text-align: justify;\">Pidamos a Dios que ilumine a los que habr\u00e1n de gobernar para que sean verdaderos servidores del bien com\u00fan y busquen<em> \u201cel camino del di\u00e1logo y el entendimiento entre todas las partes interesadas a fin de lograr soluciones justas y estables, que fomenten la solidaridad y la fraternidad. El futuro de la sociedad catalana est\u00e1 \u00edntimamente vinculado a su capacidad para integrar la diversidad que la configura. (\u201cAl servei del nostre poble\u201d 2011, n. 5)<\/em><\/p>\n<p style=\"text-align: justify;\">Mn Francesc Perarnau<\/p>\n","protected":false},"excerpt":{"rendered":"<p>Entramos en el mes de noviembre, pen\u00faltimo del a\u00f1o, que viene esta vez marcado por las elecciones al Parlamento de Catalunya que se han de realizar a finales del mes. Es un tema muy importante para el presente y futuro inmediato de Catalunya y es l\u00f3gico que las diferentes visiones pol\u00edticas que conviven en nuestra [&hellip;]<\/p>\n","protected":false},"author":4,"featured_media":0,"comment_status":"open","ping_status":"open","sticky":false,"template":"","format":"standard","meta":{"footnotes":""},"categories":[52],"tags":[],"class_list":["post-5696","post","type-post","status-publish","format-standard","hentry","category-editorial"],"yoast_head":"<!-- This site is optimized with the Yoast SEO plugin v27.1.1 - https:\/\/yoast.com\/product\/yoast-seo-wordpress\/ -->\n<title>Tiempo de Elecciones - Montalegre<\/title>\n<meta name=\"robots\" content=\"index, follow, max-snippet:-1, max-image-preview:large, max-video-preview:-1\" \/>\n<link rel=\"canonical\" href=\"https:\/\/www.montalegre.org\/es\/2012\/10\/tiempo-de-elecciones\/\" \/>\n<meta property=\"og:locale\" content=\"es_ES\" \/>\n<meta property=\"og:type\" content=\"article\" \/>\n<meta property=\"og:title\" content=\"Tiempo de Elecciones - Montalegre\" \/>\n<meta property=\"og:description\" content=\"Entramos en el mes de noviembre, pen\u00faltimo del a\u00f1o, que viene esta vez marcado por las elecciones al Parlamento de Catalunya que se han de realizar a finales del mes. Es un tema muy importante para el presente y futuro inmediato de Catalunya y es l\u00f3gico que las diferentes visiones pol\u00edticas que conviven en nuestra [&hellip;]\" \/>\n<meta property=\"og:url\" content=\"https:\/\/www.montalegre.org\/es\/2012\/10\/tiempo-de-elecciones\/\" \/>\n<meta property=\"og:site_name\" content=\"Montalegre\" \/>\n<meta property=\"article:published_time\" content=\"2012-10-31T23:59:51+00:00\" \/>\n<meta property=\"og:image\" content=\"http:\/\/www.montalegre.org\/wp-content\/uploads\/2012\/10\/urna.jpg\" \/>\n<meta name=\"author\" content=\"montalegre\" \/>\n<meta name=\"twitter:card\" content=\"summary_large_image\" \/>\n<meta name=\"twitter:label1\" content=\"Escrito por\" \/>\n\t<meta name=\"twitter:data1\" content=\"montalegre\" \/>\n\t<meta name=\"twitter:label2\" content=\"Tiempo de lectura\" \/>\n\t<meta name=\"twitter:data2\" content=\"2 minutos\" \/>\n<script type=\"application\/ld+json\" class=\"yoast-schema-graph\">{\"@context\":\"https:\/\/schema.org\",\"@graph\":[{\"@type\":\"Article\",\"@id\":\"https:\/\/www.montalegre.org\/es\/2012\/10\/tiempo-de-elecciones\/#article\",\"isPartOf\":{\"@id\":\"https:\/\/www.montalegre.org\/es\/2012\/10\/tiempo-de-elecciones\/\"},\"author\":{\"name\":\"montalegre\",\"@id\":\"https:\/\/www.montalegre.org\/es\/#\/schema\/person\/fa12d4cf3a3f1735a9176b4fafd6a633\"},\"headline\":\"Tiempo de Elecciones\",\"datePublished\":\"2012-10-31T23:59:51+00:00\",\"mainEntityOfPage\":{\"@id\":\"https:\/\/www.montalegre.org\/es\/2012\/10\/tiempo-de-elecciones\/\"},\"wordCount\":459,\"commentCount\":0,\"image\":{\"@id\":\"https:\/\/www.montalegre.org\/es\/2012\/10\/tiempo-de-elecciones\/#primaryimage\"},\"thumbnailUrl\":\"http:\/\/www.montalegre.org\/wp-content\/uploads\/2012\/10\/urna.jpg\",\"articleSection\":[\"Editorial\"],\"inLanguage\":\"es\",\"potentialAction\":[{\"@type\":\"CommentAction\",\"name\":\"Comment\",\"target\":[\"https:\/\/www.montalegre.org\/es\/2012\/10\/tiempo-de-elecciones\/#respond\"]}]},{\"@type\":\"WebPage\",\"@id\":\"https:\/\/www.montalegre.org\/es\/2012\/10\/tiempo-de-elecciones\/\",\"url\":\"https:\/\/www.montalegre.org\/es\/2012\/10\/tiempo-de-elecciones\/\",\"name\":\"Tiempo de Elecciones - Montalegre\",\"isPartOf\":{\"@id\":\"https:\/\/www.montalegre.org\/es\/#website\"},\"primaryImageOfPage\":{\"@id\":\"https:\/\/www.montalegre.org\/es\/2012\/10\/tiempo-de-elecciones\/#primaryimage\"},\"image\":{\"@id\":\"https:\/\/www.montalegre.org\/es\/2012\/10\/tiempo-de-elecciones\/#primaryimage\"},\"thumbnailUrl\":\"http:\/\/www.montalegre.org\/wp-content\/uploads\/2012\/10\/urna.jpg\",\"datePublished\":\"2012-10-31T23:59:51+00:00\",\"author\":{\"@id\":\"https:\/\/www.montalegre.org\/es\/#\/schema\/person\/fa12d4cf3a3f1735a9176b4fafd6a633\"},\"breadcrumb\":{\"@id\":\"https:\/\/www.montalegre.org\/es\/2012\/10\/tiempo-de-elecciones\/#breadcrumb\"},\"inLanguage\":\"es\",\"potentialAction\":[{\"@type\":\"ReadAction\",\"target\":[\"https:\/\/www.montalegre.org\/es\/2012\/10\/tiempo-de-elecciones\/\"]}]},{\"@type\":\"ImageObject\",\"inLanguage\":\"es\",\"@id\":\"https:\/\/www.montalegre.org\/es\/2012\/10\/tiempo-de-elecciones\/#primaryimage\",\"url\":\"http:\/\/www.montalegre.org\/wp-content\/uploads\/2012\/10\/urna.jpg\",\"contentUrl\":\"http:\/\/www.montalegre.org\/wp-content\/uploads\/2012\/10\/urna.jpg\"},{\"@type\":\"BreadcrumbList\",\"@id\":\"https:\/\/www.montalegre.org\/es\/2012\/10\/tiempo-de-elecciones\/#breadcrumb\",\"itemListElement\":[{\"@type\":\"ListItem\",\"position\":1,\"name\":\"Portada\",\"item\":\"https:\/\/www.montalegre.org\/es\/\"},{\"@type\":\"ListItem\",\"position\":2,\"name\":\"Tiempo de Elecciones\"}]},{\"@type\":\"WebSite\",\"@id\":\"https:\/\/www.montalegre.org\/es\/#website\",\"url\":\"https:\/\/www.montalegre.org\/es\/\",\"name\":\"Montalegre\",\"description\":\"\",\"potentialAction\":[{\"@type\":\"SearchAction\",\"target\":{\"@type\":\"EntryPoint\",\"urlTemplate\":\"https:\/\/www.montalegre.org\/es\/?s={search_term_string}\"},\"query-input\":{\"@type\":\"PropertyValueSpecification\",\"valueRequired\":true,\"valueName\":\"search_term_string\"}}],\"inLanguage\":\"es\"},{\"@type\":\"Person\",\"@id\":\"https:\/\/www.montalegre.org\/es\/#\/schema\/person\/fa12d4cf3a3f1735a9176b4fafd6a633\",\"name\":\"montalegre\",\"image\":{\"@type\":\"ImageObject\",\"inLanguage\":\"es\",\"@id\":\"https:\/\/www.montalegre.org\/es\/#\/schema\/person\/image\/\",\"url\":\"https:\/\/secure.gravatar.com\/avatar\/fe6d886cf5081e723c666dceda1f12d4f39070fa2ed4e79695edc3ca355c9b5a?s=96&d=mm&r=g\",\"contentUrl\":\"https:\/\/secure.gravatar.com\/avatar\/fe6d886cf5081e723c666dceda1f12d4f39070fa2ed4e79695edc3ca355c9b5a?s=96&d=mm&r=g\",\"caption\":\"montalegre\"},\"url\":\"https:\/\/www.montalegre.org\/es\/author\/montalegre\/\"}]}<\/script>\n<!-- \/ Yoast SEO plugin. -->","yoast_head_json":{"title":"Tiempo de Elecciones - Montalegre","robots":{"index":"index","follow":"follow","max-snippet":"max-snippet:-1","max-image-preview":"max-image-preview:large","max-video-preview":"max-video-preview:-1"},"canonical":"https:\/\/www.montalegre.org\/es\/2012\/10\/tiempo-de-elecciones\/","og_locale":"es_ES","og_type":"article","og_title":"Tiempo de Elecciones - Montalegre","og_description":"Entramos en el mes de noviembre, pen\u00faltimo del a\u00f1o, que viene esta vez marcado por las elecciones al Parlamento de Catalunya que se han de realizar a finales del mes. Es un tema muy importante para el presente y futuro inmediato de Catalunya y es l\u00f3gico que las diferentes visiones pol\u00edticas que conviven en nuestra [&hellip;]","og_url":"https:\/\/www.montalegre.org\/es\/2012\/10\/tiempo-de-elecciones\/","og_site_name":"Montalegre","article_published_time":"2012-10-31T23:59:51+00:00","og_image":[{"url":"http:\/\/www.montalegre.org\/wp-content\/uploads\/2012\/10\/urna.jpg","type":"","width":"","height":""}],"author":"montalegre","twitter_card":"summary_large_image","twitter_misc":{"Escrito por":"montalegre","Tiempo de lectura":"2 minutos"},"schema":{"@context":"https:\/\/schema.org","@graph":[{"@type":"Article","@id":"https:\/\/www.montalegre.org\/es\/2012\/10\/tiempo-de-elecciones\/#article","isPartOf":{"@id":"https:\/\/www.montalegre.org\/es\/2012\/10\/tiempo-de-elecciones\/"},"author":{"name":"montalegre","@id":"https:\/\/www.montalegre.org\/es\/#\/schema\/person\/fa12d4cf3a3f1735a9176b4fafd6a633"},"headline":"Tiempo de Elecciones","datePublished":"2012-10-31T23:59:51+00:00","mainEntityOfPage":{"@id":"https:\/\/www.montalegre.org\/es\/2012\/10\/tiempo-de-elecciones\/"},"wordCount":459,"commentCount":0,"image":{"@id":"https:\/\/www.montalegre.org\/es\/2012\/10\/tiempo-de-elecciones\/#primaryimage"},"thumbnailUrl":"http:\/\/www.montalegre.org\/wp-content\/uploads\/2012\/10\/urna.jpg","articleSection":["Editorial"],"inLanguage":"es","potentialAction":[{"@type":"CommentAction","name":"Comment","target":["https:\/\/www.montalegre.org\/es\/2012\/10\/tiempo-de-elecciones\/#respond"]}]},{"@type":"WebPage","@id":"https:\/\/www.montalegre.org\/es\/2012\/10\/tiempo-de-elecciones\/","url":"https:\/\/www.montalegre.org\/es\/2012\/10\/tiempo-de-elecciones\/","name":"Tiempo de Elecciones - Montalegre","isPartOf":{"@id":"https:\/\/www.montalegre.org\/es\/#website"},"primaryImageOfPage":{"@id":"https:\/\/www.montalegre.org\/es\/2012\/10\/tiempo-de-elecciones\/#primaryimage"},"image":{"@id":"https:\/\/www.montalegre.org\/es\/2012\/10\/tiempo-de-elecciones\/#primaryimage"},"thumbnailUrl":"http:\/\/www.montalegre.org\/wp-content\/uploads\/2012\/10\/urna.jpg","datePublished":"2012-10-31T23:59:51+00:00","author":{"@id":"https:\/\/www.montalegre.org\/es\/#\/schema\/person\/fa12d4cf3a3f1735a9176b4fafd6a633"},"breadcrumb":{"@id":"https:\/\/www.montalegre.org\/es\/2012\/10\/tiempo-de-elecciones\/#breadcrumb"},"inLanguage":"es","potentialAction":[{"@type":"ReadAction","target":["https:\/\/www.montalegre.org\/es\/2012\/10\/tiempo-de-elecciones\/"]}]},{"@type":"ImageObject","inLanguage":"es","@id":"https:\/\/www.montalegre.org\/es\/2012\/10\/tiempo-de-elecciones\/#primaryimage","url":"http:\/\/www.montalegre.org\/wp-content\/uploads\/2012\/10\/urna.jpg","contentUrl":"http:\/\/www.montalegre.org\/wp-content\/uploads\/2012\/10\/urna.jpg"},{"@type":"BreadcrumbList","@id":"https:\/\/www.montalegre.org\/es\/2012\/10\/tiempo-de-elecciones\/#breadcrumb","itemListElement":[{"@type":"ListItem","position":1,"name":"Portada","item":"https:\/\/www.montalegre.org\/es\/"},{"@type":"ListItem","position":2,"name":"Tiempo de Elecciones"}]},{"@type":"WebSite","@id":"https:\/\/www.montalegre.org\/es\/#website","url":"https:\/\/www.montalegre.org\/es\/","name":"Montalegre","description":"","potentialAction":[{"@type":"SearchAction","target":{"@type":"EntryPoint","urlTemplate":"https:\/\/www.montalegre.org\/es\/?s={search_term_string}"},"query-input":{"@type":"PropertyValueSpecification","valueRequired":true,"valueName":"search_term_string"}}],"inLanguage":"es"},{"@type":"Person","@id":"https:\/\/www.montalegre.org\/es\/#\/schema\/person\/fa12d4cf3a3f1735a9176b4fafd6a633","name":"montalegre","image":{"@type":"ImageObject","inLanguage":"es","@id":"https:\/\/www.montalegre.org\/es\/#\/schema\/person\/image\/","url":"https:\/\/secure.gravatar.com\/avatar\/fe6d886cf5081e723c666dceda1f12d4f39070fa2ed4e79695edc3ca355c9b5a?s=96&d=mm&r=g","contentUrl":"https:\/\/secure.gravatar.com\/avatar\/fe6d886cf5081e723c666dceda1f12d4f39070fa2ed4e79695edc3ca355c9b5a?s=96&d=mm&r=g","caption":"montalegre"},"url":"https:\/\/www.montalegre.org\/es\/author\/montalegre\/"}]}},"_links":{"self":[{"href":"https:\/\/www.montalegre.org\/es\/wp-json\/wp\/v2\/posts\/5696","targetHints":{"allow":["GET"]}}],"collection":[{"href":"https:\/\/www.montalegre.org\/es\/wp-json\/wp\/v2\/posts"}],"about":[{"href":"https:\/\/www.montalegre.org\/es\/wp-json\/wp\/v2\/types\/post"}],"author":[{"embeddable":true,"href":"https:\/\/www.montalegre.org\/es\/wp-json\/wp\/v2\/users\/4"}],"replies":[{"embeddable":true,"href":"https:\/\/www.montalegre.org\/es\/wp-json\/wp\/v2\/comments?post=5696"}],"version-history":[{"count":12,"href":"https:\/\/www.montalegre.org\/es\/wp-json\/wp\/v2\/posts\/5696\/revisions"}],"predecessor-version":[{"id":5732,"href":"https:\/\/www.montalegre.org\/es\/wp-json\/wp\/v2\/posts\/5696\/revisions\/5732"}],"wp:attachment":[{"href":"https:\/\/www.montalegre.org\/es\/wp-json\/wp\/v2\/media?parent=5696"}],"wp:term":[{"taxonomy":"category","embeddable":true,"href":"https:\/\/www.montalegre.org\/es\/wp-json\/wp\/v2\/categories?post=5696"},{"taxonomy":"post_tag","embeddable":true,"href":"https:\/\/www.montalegre.org\/es\/wp-json\/wp\/v2\/tags?post=5696"}],"curies":[{"name":"wp","href":"https:\/\/api.w.org\/{rel}","templated":true}]}}