{"id":5671,"date":"2012-10-14T17:56:49","date_gmt":"2012-10-14T17:56:49","guid":{"rendered":"http:\/\/www.montalegre.org\/?p=5671"},"modified":"2012-10-14T18:03:39","modified_gmt":"2012-10-14T18:03:39","slug":"en-noviembre-iniciamos-los-cursos-cuestiones-sobre-el-matrimonio","status":"publish","type":"post","link":"https:\/\/www.montalegre.org\/es\/2012\/10\/en-noviembre-iniciamos-los-cursos-cuestiones-sobre-el-matrimonio\/","title":{"rendered":"En noviembre iniciamos los cursos &#8220;Cuestiones sobre el Matrimonio&#8221;"},"content":{"rendered":"<p><a href=\"http:\/\/www.montalegre.org\/2012\/10\/al-novembre-iniciem-els-cursos-questions-sobre-el-matrimoni\/imagescao8nh7i\/\" rel=\"attachment wp-att-5668\"><img loading=\"lazy\" decoding=\"async\" class=\"alignleft size-full wp-image-5668\" title=\"imagesCAO8NH7I\" src=\"http:\/\/www.montalegre.org\/wp-content\/uploads\/2012\/10\/imagesCAO8NH7I.jpg\" alt=\"\" width=\"164\" height=\"259\" \/><\/a>Como cada a\u00f1o se han programado los tres cursos de preparaci\u00f3n para el matrimonio para parejas con fecha de boda, y que llamamos <strong>&#8220;Cuestiones sobre el Matrimonio&#8221;.<\/strong><\/p>\n<p>En el curso 2012-2013 se celebrar\u00e1n los d\u00edas siguientes:<\/p>\n<p><strong>Oto\u00f1o: del 5 al 9 de noviembre de 2012, de 19,30 a 21,00.<\/strong><br \/>\n<strong> Invierno: del 4 al 8 de febrero de 2013, de 19,30 a 21,00.<\/strong><br \/>\n<strong> Primavera: del 6 al 10 de mayo de 2013, de 19,30 a 21,00.<\/strong><\/p>\n<p>Se realizar\u00e1n en el sal\u00f3n de actos de la iglesia<\/p>\n<p>Para m\u00e1s informaci\u00f3n, haga clic en la pesta\u00f1a &#8220;C. Catequ\u00e9tico &#8220;de esta web y se podr\u00e1 descargar \u00a0el folleto informativo con los ponentes, las clases, los precios y la forma de inscripci\u00f3n.<\/p>\n","protected":false},"excerpt":{"rendered":"<p>Como cada a\u00f1o se han programado los tres cursos de preparaci\u00f3n para el matrimonio para parejas con fecha de boda, y que llamamos &#8220;Cuestiones sobre el Matrimonio&#8221;. En el curso 2012-2013 se celebrar\u00e1n los d\u00edas siguientes: Oto\u00f1o: del 5 al 9 de noviembre de 2012, de 19,30 a 21,00. Invierno: del 4 al 8 de [&hellip;]<\/p>\n","protected":false},"author":4,"featured_media":0,"comment_status":"open","ping_status":"open","sticky":false,"template":"","format":"standard","meta":{"footnotes":""},"categories":[7],"tags":[],"class_list":["post-5671","post","type-post","status-publish","format-standard","hentry","category-agenda"],"yoast_head":"<!-- This site is optimized with the Yoast SEO plugin v27.1.1 - https:\/\/yoast.com\/product\/yoast-seo-wordpress\/ -->\n<title>En noviembre iniciamos los cursos &quot;Cuestiones sobre el Matrimonio&quot; - Montalegre<\/title>\n<meta name=\"robots\" content=\"index, follow, max-snippet:-1, max-image-preview:large, max-video-preview:-1\" \/>\n<link rel=\"canonical\" href=\"https:\/\/www.montalegre.org\/es\/2012\/10\/en-noviembre-iniciamos-los-cursos-cuestiones-sobre-el-matrimonio\/\" \/>\n<meta property=\"og:locale\" content=\"es_ES\" \/>\n<meta property=\"og:type\" content=\"article\" \/>\n<meta property=\"og:title\" content=\"En noviembre iniciamos los cursos &quot;Cuestiones sobre el Matrimonio&quot; - Montalegre\" \/>\n<meta property=\"og:description\" content=\"Como cada a\u00f1o se han programado los tres cursos de preparaci\u00f3n para el matrimonio para parejas con fecha de boda, y que llamamos &#8220;Cuestiones sobre el Matrimonio&#8221;. En el curso 2012-2013 se celebrar\u00e1n los d\u00edas siguientes: Oto\u00f1o: del 5 al 9 de noviembre de 2012, de 19,30 a 21,00. Invierno: del 4 al 8 de [&hellip;]\" \/>\n<meta property=\"og:url\" content=\"https:\/\/www.montalegre.org\/es\/2012\/10\/en-noviembre-iniciamos-los-cursos-cuestiones-sobre-el-matrimonio\/\" \/>\n<meta property=\"og:site_name\" content=\"Montalegre\" \/>\n<meta property=\"article:published_time\" content=\"2012-10-14T17:56:49+00:00\" \/>\n<meta property=\"article:modified_time\" content=\"2012-10-14T18:03:39+00:00\" \/>\n<meta property=\"og:image\" content=\"http:\/\/www.montalegre.org\/wp-content\/uploads\/2012\/10\/imagesCAO8NH7I.jpg\" \/>\n<meta name=\"author\" content=\"montalegre\" \/>\n<meta name=\"twitter:card\" content=\"summary_large_image\" \/>\n<meta name=\"twitter:label1\" content=\"Escrito por\" \/>\n\t<meta name=\"twitter:data1\" content=\"montalegre\" \/>\n\t<meta name=\"twitter:label2\" content=\"Tiempo de lectura\" \/>\n\t<meta name=\"twitter:data2\" content=\"1 minuto\" \/>\n<script type=\"application\/ld+json\" class=\"yoast-schema-graph\">{\"@context\":\"https:\/\/schema.org\",\"@graph\":[{\"@type\":\"Article\",\"@id\":\"https:\/\/www.montalegre.org\/es\/2012\/10\/en-noviembre-iniciamos-los-cursos-cuestiones-sobre-el-matrimonio\/#article\",\"isPartOf\":{\"@id\":\"https:\/\/www.montalegre.org\/es\/2012\/10\/en-noviembre-iniciamos-los-cursos-cuestiones-sobre-el-matrimonio\/\"},\"author\":{\"name\":\"montalegre\",\"@id\":\"https:\/\/www.montalegre.org\/es\/#\/schema\/person\/fa12d4cf3a3f1735a9176b4fafd6a633\"},\"headline\":\"En noviembre iniciamos los cursos &#8220;Cuestiones sobre el Matrimonio&#8221;\",\"datePublished\":\"2012-10-14T17:56:49+00:00\",\"dateModified\":\"2012-10-14T18:03:39+00:00\",\"mainEntityOfPage\":{\"@id\":\"https:\/\/www.montalegre.org\/es\/2012\/10\/en-noviembre-iniciamos-los-cursos-cuestiones-sobre-el-matrimonio\/\"},\"wordCount\":123,\"commentCount\":0,\"image\":{\"@id\":\"https:\/\/www.montalegre.org\/es\/2012\/10\/en-noviembre-iniciamos-los-cursos-cuestiones-sobre-el-matrimonio\/#primaryimage\"},\"thumbnailUrl\":\"http:\/\/www.montalegre.org\/wp-content\/uploads\/2012\/10\/imagesCAO8NH7I.jpg\",\"articleSection\":[\"Agenda\"],\"inLanguage\":\"es\",\"potentialAction\":[{\"@type\":\"CommentAction\",\"name\":\"Comment\",\"target\":[\"https:\/\/www.montalegre.org\/es\/2012\/10\/en-noviembre-iniciamos-los-cursos-cuestiones-sobre-el-matrimonio\/#respond\"]}]},{\"@type\":\"WebPage\",\"@id\":\"https:\/\/www.montalegre.org\/es\/2012\/10\/en-noviembre-iniciamos-los-cursos-cuestiones-sobre-el-matrimonio\/\",\"url\":\"https:\/\/www.montalegre.org\/es\/2012\/10\/en-noviembre-iniciamos-los-cursos-cuestiones-sobre-el-matrimonio\/\",\"name\":\"En noviembre iniciamos los cursos \\\"Cuestiones sobre el Matrimonio\\\" - Montalegre\",\"isPartOf\":{\"@id\":\"https:\/\/www.montalegre.org\/es\/#website\"},\"primaryImageOfPage\":{\"@id\":\"https:\/\/www.montalegre.org\/es\/2012\/10\/en-noviembre-iniciamos-los-cursos-cuestiones-sobre-el-matrimonio\/#primaryimage\"},\"image\":{\"@id\":\"https:\/\/www.montalegre.org\/es\/2012\/10\/en-noviembre-iniciamos-los-cursos-cuestiones-sobre-el-matrimonio\/#primaryimage\"},\"thumbnailUrl\":\"http:\/\/www.montalegre.org\/wp-content\/uploads\/2012\/10\/imagesCAO8NH7I.jpg\",\"datePublished\":\"2012-10-14T17:56:49+00:00\",\"dateModified\":\"2012-10-14T18:03:39+00:00\",\"author\":{\"@id\":\"https:\/\/www.montalegre.org\/es\/#\/schema\/person\/fa12d4cf3a3f1735a9176b4fafd6a633\"},\"breadcrumb\":{\"@id\":\"https:\/\/www.montalegre.org\/es\/2012\/10\/en-noviembre-iniciamos-los-cursos-cuestiones-sobre-el-matrimonio\/#breadcrumb\"},\"inLanguage\":\"es\",\"potentialAction\":[{\"@type\":\"ReadAction\",\"target\":[\"https:\/\/www.montalegre.org\/es\/2012\/10\/en-noviembre-iniciamos-los-cursos-cuestiones-sobre-el-matrimonio\/\"]}]},{\"@type\":\"ImageObject\",\"inLanguage\":\"es\",\"@id\":\"https:\/\/www.montalegre.org\/es\/2012\/10\/en-noviembre-iniciamos-los-cursos-cuestiones-sobre-el-matrimonio\/#primaryimage\",\"url\":\"http:\/\/www.montalegre.org\/wp-content\/uploads\/2012\/10\/imagesCAO8NH7I.jpg\",\"contentUrl\":\"http:\/\/www.montalegre.org\/wp-content\/uploads\/2012\/10\/imagesCAO8NH7I.jpg\"},{\"@type\":\"BreadcrumbList\",\"@id\":\"https:\/\/www.montalegre.org\/es\/2012\/10\/en-noviembre-iniciamos-los-cursos-cuestiones-sobre-el-matrimonio\/#breadcrumb\",\"itemListElement\":[{\"@type\":\"ListItem\",\"position\":1,\"name\":\"Portada\",\"item\":\"https:\/\/www.montalegre.org\/es\/\"},{\"@type\":\"ListItem\",\"position\":2,\"name\":\"En noviembre iniciamos los cursos &#8220;Cuestiones sobre el Matrimonio&#8221;\"}]},{\"@type\":\"WebSite\",\"@id\":\"https:\/\/www.montalegre.org\/es\/#website\",\"url\":\"https:\/\/www.montalegre.org\/es\/\",\"name\":\"Montalegre\",\"description\":\"\",\"potentialAction\":[{\"@type\":\"SearchAction\",\"target\":{\"@type\":\"EntryPoint\",\"urlTemplate\":\"https:\/\/www.montalegre.org\/es\/?s={search_term_string}\"},\"query-input\":{\"@type\":\"PropertyValueSpecification\",\"valueRequired\":true,\"valueName\":\"search_term_string\"}}],\"inLanguage\":\"es\"},{\"@type\":\"Person\",\"@id\":\"https:\/\/www.montalegre.org\/es\/#\/schema\/person\/fa12d4cf3a3f1735a9176b4fafd6a633\",\"name\":\"montalegre\",\"image\":{\"@type\":\"ImageObject\",\"inLanguage\":\"es\",\"@id\":\"https:\/\/www.montalegre.org\/es\/#\/schema\/person\/image\/\",\"url\":\"https:\/\/secure.gravatar.com\/avatar\/fe6d886cf5081e723c666dceda1f12d4f39070fa2ed4e79695edc3ca355c9b5a?s=96&d=mm&r=g\",\"contentUrl\":\"https:\/\/secure.gravatar.com\/avatar\/fe6d886cf5081e723c666dceda1f12d4f39070fa2ed4e79695edc3ca355c9b5a?s=96&d=mm&r=g\",\"caption\":\"montalegre\"},\"url\":\"https:\/\/www.montalegre.org\/es\/author\/montalegre\/\"}]}<\/script>\n<!-- \/ Yoast SEO plugin. -->","yoast_head_json":{"title":"En noviembre iniciamos los cursos \"Cuestiones sobre el Matrimonio\" - Montalegre","robots":{"index":"index","follow":"follow","max-snippet":"max-snippet:-1","max-image-preview":"max-image-preview:large","max-video-preview":"max-video-preview:-1"},"canonical":"https:\/\/www.montalegre.org\/es\/2012\/10\/en-noviembre-iniciamos-los-cursos-cuestiones-sobre-el-matrimonio\/","og_locale":"es_ES","og_type":"article","og_title":"En noviembre iniciamos los cursos \"Cuestiones sobre el Matrimonio\" - Montalegre","og_description":"Como cada a\u00f1o se han programado los tres cursos de preparaci\u00f3n para el matrimonio para parejas con fecha de boda, y que llamamos &#8220;Cuestiones sobre el Matrimonio&#8221;. En el curso 2012-2013 se celebrar\u00e1n los d\u00edas siguientes: Oto\u00f1o: del 5 al 9 de noviembre de 2012, de 19,30 a 21,00. Invierno: del 4 al 8 de [&hellip;]","og_url":"https:\/\/www.montalegre.org\/es\/2012\/10\/en-noviembre-iniciamos-los-cursos-cuestiones-sobre-el-matrimonio\/","og_site_name":"Montalegre","article_published_time":"2012-10-14T17:56:49+00:00","article_modified_time":"2012-10-14T18:03:39+00:00","og_image":[{"url":"http:\/\/www.montalegre.org\/wp-content\/uploads\/2012\/10\/imagesCAO8NH7I.jpg","type":"","width":"","height":""}],"author":"montalegre","twitter_card":"summary_large_image","twitter_misc":{"Escrito por":"montalegre","Tiempo de lectura":"1 minuto"},"schema":{"@context":"https:\/\/schema.org","@graph":[{"@type":"Article","@id":"https:\/\/www.montalegre.org\/es\/2012\/10\/en-noviembre-iniciamos-los-cursos-cuestiones-sobre-el-matrimonio\/#article","isPartOf":{"@id":"https:\/\/www.montalegre.org\/es\/2012\/10\/en-noviembre-iniciamos-los-cursos-cuestiones-sobre-el-matrimonio\/"},"author":{"name":"montalegre","@id":"https:\/\/www.montalegre.org\/es\/#\/schema\/person\/fa12d4cf3a3f1735a9176b4fafd6a633"},"headline":"En noviembre iniciamos los cursos &#8220;Cuestiones sobre el Matrimonio&#8221;","datePublished":"2012-10-14T17:56:49+00:00","dateModified":"2012-10-14T18:03:39+00:00","mainEntityOfPage":{"@id":"https:\/\/www.montalegre.org\/es\/2012\/10\/en-noviembre-iniciamos-los-cursos-cuestiones-sobre-el-matrimonio\/"},"wordCount":123,"commentCount":0,"image":{"@id":"https:\/\/www.montalegre.org\/es\/2012\/10\/en-noviembre-iniciamos-los-cursos-cuestiones-sobre-el-matrimonio\/#primaryimage"},"thumbnailUrl":"http:\/\/www.montalegre.org\/wp-content\/uploads\/2012\/10\/imagesCAO8NH7I.jpg","articleSection":["Agenda"],"inLanguage":"es","potentialAction":[{"@type":"CommentAction","name":"Comment","target":["https:\/\/www.montalegre.org\/es\/2012\/10\/en-noviembre-iniciamos-los-cursos-cuestiones-sobre-el-matrimonio\/#respond"]}]},{"@type":"WebPage","@id":"https:\/\/www.montalegre.org\/es\/2012\/10\/en-noviembre-iniciamos-los-cursos-cuestiones-sobre-el-matrimonio\/","url":"https:\/\/www.montalegre.org\/es\/2012\/10\/en-noviembre-iniciamos-los-cursos-cuestiones-sobre-el-matrimonio\/","name":"En noviembre iniciamos los cursos \"Cuestiones sobre el Matrimonio\" - Montalegre","isPartOf":{"@id":"https:\/\/www.montalegre.org\/es\/#website"},"primaryImageOfPage":{"@id":"https:\/\/www.montalegre.org\/es\/2012\/10\/en-noviembre-iniciamos-los-cursos-cuestiones-sobre-el-matrimonio\/#primaryimage"},"image":{"@id":"https:\/\/www.montalegre.org\/es\/2012\/10\/en-noviembre-iniciamos-los-cursos-cuestiones-sobre-el-matrimonio\/#primaryimage"},"thumbnailUrl":"http:\/\/www.montalegre.org\/wp-content\/uploads\/2012\/10\/imagesCAO8NH7I.jpg","datePublished":"2012-10-14T17:56:49+00:00","dateModified":"2012-10-14T18:03:39+00:00","author":{"@id":"https:\/\/www.montalegre.org\/es\/#\/schema\/person\/fa12d4cf3a3f1735a9176b4fafd6a633"},"breadcrumb":{"@id":"https:\/\/www.montalegre.org\/es\/2012\/10\/en-noviembre-iniciamos-los-cursos-cuestiones-sobre-el-matrimonio\/#breadcrumb"},"inLanguage":"es","potentialAction":[{"@type":"ReadAction","target":["https:\/\/www.montalegre.org\/es\/2012\/10\/en-noviembre-iniciamos-los-cursos-cuestiones-sobre-el-matrimonio\/"]}]},{"@type":"ImageObject","inLanguage":"es","@id":"https:\/\/www.montalegre.org\/es\/2012\/10\/en-noviembre-iniciamos-los-cursos-cuestiones-sobre-el-matrimonio\/#primaryimage","url":"http:\/\/www.montalegre.org\/wp-content\/uploads\/2012\/10\/imagesCAO8NH7I.jpg","contentUrl":"http:\/\/www.montalegre.org\/wp-content\/uploads\/2012\/10\/imagesCAO8NH7I.jpg"},{"@type":"BreadcrumbList","@id":"https:\/\/www.montalegre.org\/es\/2012\/10\/en-noviembre-iniciamos-los-cursos-cuestiones-sobre-el-matrimonio\/#breadcrumb","itemListElement":[{"@type":"ListItem","position":1,"name":"Portada","item":"https:\/\/www.montalegre.org\/es\/"},{"@type":"ListItem","position":2,"name":"En noviembre iniciamos los cursos &#8220;Cuestiones sobre el Matrimonio&#8221;"}]},{"@type":"WebSite","@id":"https:\/\/www.montalegre.org\/es\/#website","url":"https:\/\/www.montalegre.org\/es\/","name":"Montalegre","description":"","potentialAction":[{"@type":"SearchAction","target":{"@type":"EntryPoint","urlTemplate":"https:\/\/www.montalegre.org\/es\/?s={search_term_string}"},"query-input":{"@type":"PropertyValueSpecification","valueRequired":true,"valueName":"search_term_string"}}],"inLanguage":"es"},{"@type":"Person","@id":"https:\/\/www.montalegre.org\/es\/#\/schema\/person\/fa12d4cf3a3f1735a9176b4fafd6a633","name":"montalegre","image":{"@type":"ImageObject","inLanguage":"es","@id":"https:\/\/www.montalegre.org\/es\/#\/schema\/person\/image\/","url":"https:\/\/secure.gravatar.com\/avatar\/fe6d886cf5081e723c666dceda1f12d4f39070fa2ed4e79695edc3ca355c9b5a?s=96&d=mm&r=g","contentUrl":"https:\/\/secure.gravatar.com\/avatar\/fe6d886cf5081e723c666dceda1f12d4f39070fa2ed4e79695edc3ca355c9b5a?s=96&d=mm&r=g","caption":"montalegre"},"url":"https:\/\/www.montalegre.org\/es\/author\/montalegre\/"}]}},"_links":{"self":[{"href":"https:\/\/www.montalegre.org\/es\/wp-json\/wp\/v2\/posts\/5671","targetHints":{"allow":["GET"]}}],"collection":[{"href":"https:\/\/www.montalegre.org\/es\/wp-json\/wp\/v2\/posts"}],"about":[{"href":"https:\/\/www.montalegre.org\/es\/wp-json\/wp\/v2\/types\/post"}],"author":[{"embeddable":true,"href":"https:\/\/www.montalegre.org\/es\/wp-json\/wp\/v2\/users\/4"}],"replies":[{"embeddable":true,"href":"https:\/\/www.montalegre.org\/es\/wp-json\/wp\/v2\/comments?post=5671"}],"version-history":[{"count":13,"href":"https:\/\/www.montalegre.org\/es\/wp-json\/wp\/v2\/posts\/5671\/revisions"}],"predecessor-version":[{"id":5692,"href":"https:\/\/www.montalegre.org\/es\/wp-json\/wp\/v2\/posts\/5671\/revisions\/5692"}],"wp:attachment":[{"href":"https:\/\/www.montalegre.org\/es\/wp-json\/wp\/v2\/media?parent=5671"}],"wp:term":[{"taxonomy":"category","embeddable":true,"href":"https:\/\/www.montalegre.org\/es\/wp-json\/wp\/v2\/categories?post=5671"},{"taxonomy":"post_tag","embeddable":true,"href":"https:\/\/www.montalegre.org\/es\/wp-json\/wp\/v2\/tags?post=5671"}],"curies":[{"name":"wp","href":"https:\/\/api.w.org\/{rel}","templated":true}]}}