{"id":5656,"date":"2012-10-09T17:16:45","date_gmt":"2012-10-09T17:16:45","guid":{"rendered":"http:\/\/www.montalegre.org\/?p=5656"},"modified":"2012-10-09T17:19:28","modified_gmt":"2012-10-09T17:19:28","slug":"nota-de-los-obispos-de-cataluna-ante-las-elecciones-al-parlamento","status":"publish","type":"post","link":"https:\/\/www.montalegre.org\/es\/2012\/10\/nota-de-los-obispos-de-cataluna-ante-las-elecciones-al-parlamento\/","title":{"rendered":"Nota de los Obispos de Catalu\u00f1a ante las elecciones al Parlamento"},"content":{"rendered":"<p style=\"text-align: justify;\"><a href=\"http:\/\/www.montalegre.org\/es\/2012\/10\/nota-de-los-obispos-de-cataluna-ante-las-elecciones-al-parlamento\/images\/\" rel=\"attachment wp-att-5659\"><img loading=\"lazy\" decoding=\"async\" class=\"alignleft size-full wp-image-5659\" title=\"images\" src=\"http:\/\/www.montalegre.org\/wp-content\/uploads\/2012\/10\/images.jpg\" alt=\"\" width=\"218\" height=\"231\" \/><\/a>El Pueblo de Catalu\u00f1a ha sido convocado a elegir a sus representantes en el Parlamento. Esta convocatoria de elecciones democr\u00e1ticas se hace en un momento particularmente delicado, sobre todo, por la situaci\u00f3n de crisis econ\u00f3mica grave que atraviesa nuestra sociedad, y tambi\u00e9n por la trascendencia de las opciones pol\u00edticas para el futuro.<\/p>\n<p style=\"text-align: justify;\">La Iglesia quiere continuar sirviendo a la sociedad catalana, como ha hecho a lo largo de los siglos, reconociendo los cambios profundos, sociales y culturales que se han producido en los \u00faltimos a\u00f1os y tambi\u00e9n los que se est\u00e1n produciendo en estos \u00faltimos meses. Lo hace teniendo presente aquellas palabras emblem\u00e1ticas con las que se iniciaba la Constituci\u00f3n <em>Gaudium<\/em><em> et Spes <\/em>del Concilio Vaticano II<em>,<\/em> del inicio del que celebramos el 50 \u00ba. aniversario: \u00abla alegr\u00eda y la esperanza, la tristeza y la angustia de los hombres contempor\u00e1neos, sobre todo de los pobres y de cuantos sufren, son tambi\u00e9n el gozo y la esperanza, la tristeza y la angustia de los disc\u00edpulos de Cristo, y no hay nada verdaderamente humano que no encuentre eco en el coraz\u00f3n de ellos &#8220;(GS 1).<\/p>\n<p style=\"text-align: justify;\">De acuerdo con este esp\u00edritu, el Obispos de la Conferencia Episcopal Tarraconense queremos recordar a todos los cat\u00f3licos ya todos los hombres y mujeres de buena voluntad, que viven y trabajan en Catalu\u00f1a, la necesidad de respetar en todo momento los principios \u00e9ticos fundamentales, que han sido expresados por el pensamiento social de la Iglesia: la dignidad de toda vida humana, desde la concepci\u00f3n a su muerte natural; el valor de la democracia, el di\u00e1logo y la voluntad de acuerdo, como formas de resoluci\u00f3n de conflictos , el deber de todos, especialmente los gobernantes, de favorecer siempre el bien com\u00fan como objetivo prioritario, la importancia de la justicia distributiva y de la justicia social para regular la econom\u00eda de mercado; la atenci\u00f3n solidaria a los m\u00e1s vulnerables; la defensa de los derechos de las personas y de los pueblos, y el respeto a las minor\u00edas, como base irrenunciable de cualquier construcci\u00f3n pol\u00edtica, el rechazo de toda actitud dirigida a atizar la divisi\u00f3n social o la violencia, la promoci\u00f3n de la paz y la fraternidad entre los hombres y los pueblos.<\/p>\n<p style=\"text-align: justify;\">En un r\u00e9gimen democr\u00e1tico, cada ciudadano debe poder manifestar las propias convicciones y hacer camino con los dem\u00e1s, pensando que \u00abuna sociedad que, en todos sus niveles, quiere positivamente estar al servicio del ser humano es la que se propone como meta prioritaria el bien com\u00fan, en tanto que bien de todos los hombres y de todo el hombre\u00bb (Compendio Doctrina Social de la Iglesia n. 165).<\/p>\n<p style=\"text-align: justify;\">Tambi\u00e9n queremos subrayar que las elecciones democr\u00e1ticas exigen el derecho y el deber de ejercer el propio voto, con libertad y responsabilidad. Estos requisitos se cumplen s\u00f3lo si los ciudadanos, adem\u00e1s de disfrutar de las condiciones externas que aseguren la ausencia de coacci\u00f3n, tambi\u00e9n reciben una informaci\u00f3n ver\u00eddica y completa de las diferentes opciones pol\u00edticas, de manera que puedan hacerse un juicio responsable al la hora de decidir su voto. Como ya dec\u00edamos hace un a\u00f1o, &#8220;hoy se han manifestado nuevos retos y aspiraciones, que afectan a la forma pol\u00edtica concreta como el pueblo de Catalu\u00f1a debe articularse y c\u00f3mo se quiere relacionar con los dem\u00e1s pueblos hermanos de Espa\u00f1a en el contexto europeo actual. Como pastores de la Iglesia, no nos corresponde a nosotros optar por una determinada propuesta a estos nuevos retos, pero defendemos la legitimidad moral de todas las opciones pol\u00edticas que se basen en el respeto de la dignidad inalienable de las personas y de los pueblos y que buscan con paciencia la paz y la justicia. Y alentamos el camino del di\u00e1logo y el entendimiento entre todas las partes interesadas a fin de lograr soluciones justas y estables, que fomenten la solidaridad y la fraternidad. El futuro de la sociedad catalana est\u00e1 \u00edntimamente vinculado a su capacidad para integrar la diversidad que la configura. (<em>\u201cAl servei del nostre poble\u201d<\/em>\u00a02011, n. 5)<\/p>\n<p style=\"text-align: justify;\">Finalmente, hay que tener presente el deber de los ciudadanos a participar activamente en las elecciones leg\u00edtimas, como miembros responsables de la sociedad, y as\u00ed mismo exhortamos a todos los cristianos que intensifiquen su oraci\u00f3n para pedir que los futuros acontecimientos pol\u00edticos favorezcan el bien com\u00fan, la verdad, la justicia y la paz.<\/p>\n<p style=\"text-align: justify;\">Barcelona, 5 de octubre de 2012<\/p>\n","protected":false},"excerpt":{"rendered":"<p>El Pueblo de Catalu\u00f1a ha sido convocado a elegir a sus representantes en el Parlamento. Esta convocatoria de elecciones democr\u00e1ticas se hace en un momento particularmente delicado, sobre todo, por la situaci\u00f3n de crisis econ\u00f3mica grave que atraviesa nuestra sociedad, y tambi\u00e9n por la trascendencia de las opciones pol\u00edticas para el futuro. La Iglesia quiere [&hellip;]<\/p>\n","protected":false},"author":4,"featured_media":0,"comment_status":"open","ping_status":"open","sticky":false,"template":"","format":"standard","meta":{"footnotes":""},"categories":[1],"tags":[],"class_list":["post-5656","post","type-post","status-publish","format-standard","hentry","category-noticias-de-montalegre"],"yoast_head":"<!-- This site is optimized with the Yoast SEO plugin v27.1.1 - https:\/\/yoast.com\/product\/yoast-seo-wordpress\/ -->\n<title>Nota de los Obispos de Catalu\u00f1a ante las elecciones al Parlamento   - Montalegre<\/title>\n<meta name=\"robots\" content=\"index, follow, max-snippet:-1, max-image-preview:large, max-video-preview:-1\" \/>\n<link rel=\"canonical\" href=\"https:\/\/www.montalegre.org\/es\/2012\/10\/nota-de-los-obispos-de-cataluna-ante-las-elecciones-al-parlamento\/\" \/>\n<meta property=\"og:locale\" content=\"es_ES\" \/>\n<meta property=\"og:type\" content=\"article\" \/>\n<meta property=\"og:title\" content=\"Nota de los Obispos de Catalu\u00f1a ante las elecciones al Parlamento   - Montalegre\" \/>\n<meta property=\"og:description\" content=\"El Pueblo de Catalu\u00f1a ha sido convocado a elegir a sus representantes en el Parlamento. Esta convocatoria de elecciones democr\u00e1ticas se hace en un momento particularmente delicado, sobre todo, por la situaci\u00f3n de crisis econ\u00f3mica grave que atraviesa nuestra sociedad, y tambi\u00e9n por la trascendencia de las opciones pol\u00edticas para el futuro. La Iglesia quiere [&hellip;]\" \/>\n<meta property=\"og:url\" content=\"https:\/\/www.montalegre.org\/es\/2012\/10\/nota-de-los-obispos-de-cataluna-ante-las-elecciones-al-parlamento\/\" \/>\n<meta property=\"og:site_name\" content=\"Montalegre\" \/>\n<meta property=\"article:published_time\" content=\"2012-10-09T17:16:45+00:00\" \/>\n<meta property=\"article:modified_time\" content=\"2012-10-09T17:19:28+00:00\" \/>\n<meta property=\"og:image\" content=\"http:\/\/www.montalegre.org\/wp-content\/uploads\/2012\/10\/images.jpg\" \/>\n<meta name=\"author\" content=\"montalegre\" \/>\n<meta name=\"twitter:card\" content=\"summary_large_image\" \/>\n<meta name=\"twitter:label1\" content=\"Escrito por\" \/>\n\t<meta name=\"twitter:data1\" content=\"montalegre\" \/>\n\t<meta name=\"twitter:label2\" content=\"Tiempo de lectura\" \/>\n\t<meta name=\"twitter:data2\" content=\"4 minutos\" \/>\n<script type=\"application\/ld+json\" class=\"yoast-schema-graph\">{\"@context\":\"https:\/\/schema.org\",\"@graph\":[{\"@type\":\"Article\",\"@id\":\"https:\/\/www.montalegre.org\/es\/2012\/10\/nota-de-los-obispos-de-cataluna-ante-las-elecciones-al-parlamento\/#article\",\"isPartOf\":{\"@id\":\"https:\/\/www.montalegre.org\/es\/2012\/10\/nota-de-los-obispos-de-cataluna-ante-las-elecciones-al-parlamento\/\"},\"author\":{\"name\":\"montalegre\",\"@id\":\"https:\/\/www.montalegre.org\/es\/#\/schema\/person\/fa12d4cf3a3f1735a9176b4fafd6a633\"},\"headline\":\"Nota de los Obispos de Catalu\u00f1a ante las elecciones al Parlamento\",\"datePublished\":\"2012-10-09T17:16:45+00:00\",\"dateModified\":\"2012-10-09T17:19:28+00:00\",\"mainEntityOfPage\":{\"@id\":\"https:\/\/www.montalegre.org\/es\/2012\/10\/nota-de-los-obispos-de-cataluna-ante-las-elecciones-al-parlamento\/\"},\"wordCount\":776,\"commentCount\":0,\"image\":{\"@id\":\"https:\/\/www.montalegre.org\/es\/2012\/10\/nota-de-los-obispos-de-cataluna-ante-las-elecciones-al-parlamento\/#primaryimage\"},\"thumbnailUrl\":\"http:\/\/www.montalegre.org\/wp-content\/uploads\/2012\/10\/images.jpg\",\"articleSection\":[\"Noticias de Montalegre\"],\"inLanguage\":\"es\",\"potentialAction\":[{\"@type\":\"CommentAction\",\"name\":\"Comment\",\"target\":[\"https:\/\/www.montalegre.org\/es\/2012\/10\/nota-de-los-obispos-de-cataluna-ante-las-elecciones-al-parlamento\/#respond\"]}]},{\"@type\":\"WebPage\",\"@id\":\"https:\/\/www.montalegre.org\/es\/2012\/10\/nota-de-los-obispos-de-cataluna-ante-las-elecciones-al-parlamento\/\",\"url\":\"https:\/\/www.montalegre.org\/es\/2012\/10\/nota-de-los-obispos-de-cataluna-ante-las-elecciones-al-parlamento\/\",\"name\":\"Nota de los Obispos de Catalu\u00f1a ante las elecciones al Parlamento - Montalegre\",\"isPartOf\":{\"@id\":\"https:\/\/www.montalegre.org\/es\/#website\"},\"primaryImageOfPage\":{\"@id\":\"https:\/\/www.montalegre.org\/es\/2012\/10\/nota-de-los-obispos-de-cataluna-ante-las-elecciones-al-parlamento\/#primaryimage\"},\"image\":{\"@id\":\"https:\/\/www.montalegre.org\/es\/2012\/10\/nota-de-los-obispos-de-cataluna-ante-las-elecciones-al-parlamento\/#primaryimage\"},\"thumbnailUrl\":\"http:\/\/www.montalegre.org\/wp-content\/uploads\/2012\/10\/images.jpg\",\"datePublished\":\"2012-10-09T17:16:45+00:00\",\"dateModified\":\"2012-10-09T17:19:28+00:00\",\"author\":{\"@id\":\"https:\/\/www.montalegre.org\/es\/#\/schema\/person\/fa12d4cf3a3f1735a9176b4fafd6a633\"},\"breadcrumb\":{\"@id\":\"https:\/\/www.montalegre.org\/es\/2012\/10\/nota-de-los-obispos-de-cataluna-ante-las-elecciones-al-parlamento\/#breadcrumb\"},\"inLanguage\":\"es\",\"potentialAction\":[{\"@type\":\"ReadAction\",\"target\":[\"https:\/\/www.montalegre.org\/es\/2012\/10\/nota-de-los-obispos-de-cataluna-ante-las-elecciones-al-parlamento\/\"]}]},{\"@type\":\"ImageObject\",\"inLanguage\":\"es\",\"@id\":\"https:\/\/www.montalegre.org\/es\/2012\/10\/nota-de-los-obispos-de-cataluna-ante-las-elecciones-al-parlamento\/#primaryimage\",\"url\":\"http:\/\/www.montalegre.org\/wp-content\/uploads\/2012\/10\/images.jpg\",\"contentUrl\":\"http:\/\/www.montalegre.org\/wp-content\/uploads\/2012\/10\/images.jpg\"},{\"@type\":\"BreadcrumbList\",\"@id\":\"https:\/\/www.montalegre.org\/es\/2012\/10\/nota-de-los-obispos-de-cataluna-ante-las-elecciones-al-parlamento\/#breadcrumb\",\"itemListElement\":[{\"@type\":\"ListItem\",\"position\":1,\"name\":\"Portada\",\"item\":\"https:\/\/www.montalegre.org\/es\/\"},{\"@type\":\"ListItem\",\"position\":2,\"name\":\"Nota de los Obispos de Catalu\u00f1a ante las elecciones al Parlamento\"}]},{\"@type\":\"WebSite\",\"@id\":\"https:\/\/www.montalegre.org\/es\/#website\",\"url\":\"https:\/\/www.montalegre.org\/es\/\",\"name\":\"Montalegre\",\"description\":\"\",\"potentialAction\":[{\"@type\":\"SearchAction\",\"target\":{\"@type\":\"EntryPoint\",\"urlTemplate\":\"https:\/\/www.montalegre.org\/es\/?s={search_term_string}\"},\"query-input\":{\"@type\":\"PropertyValueSpecification\",\"valueRequired\":true,\"valueName\":\"search_term_string\"}}],\"inLanguage\":\"es\"},{\"@type\":\"Person\",\"@id\":\"https:\/\/www.montalegre.org\/es\/#\/schema\/person\/fa12d4cf3a3f1735a9176b4fafd6a633\",\"name\":\"montalegre\",\"image\":{\"@type\":\"ImageObject\",\"inLanguage\":\"es\",\"@id\":\"https:\/\/www.montalegre.org\/es\/#\/schema\/person\/image\/\",\"url\":\"https:\/\/secure.gravatar.com\/avatar\/fe6d886cf5081e723c666dceda1f12d4f39070fa2ed4e79695edc3ca355c9b5a?s=96&d=mm&r=g\",\"contentUrl\":\"https:\/\/secure.gravatar.com\/avatar\/fe6d886cf5081e723c666dceda1f12d4f39070fa2ed4e79695edc3ca355c9b5a?s=96&d=mm&r=g\",\"caption\":\"montalegre\"},\"url\":\"https:\/\/www.montalegre.org\/es\/author\/montalegre\/\"}]}<\/script>\n<!-- \/ Yoast SEO plugin. -->","yoast_head_json":{"title":"Nota de los Obispos de Catalu\u00f1a ante las elecciones al Parlamento   - Montalegre","robots":{"index":"index","follow":"follow","max-snippet":"max-snippet:-1","max-image-preview":"max-image-preview:large","max-video-preview":"max-video-preview:-1"},"canonical":"https:\/\/www.montalegre.org\/es\/2012\/10\/nota-de-los-obispos-de-cataluna-ante-las-elecciones-al-parlamento\/","og_locale":"es_ES","og_type":"article","og_title":"Nota de los Obispos de Catalu\u00f1a ante las elecciones al Parlamento   - Montalegre","og_description":"El Pueblo de Catalu\u00f1a ha sido convocado a elegir a sus representantes en el Parlamento. Esta convocatoria de elecciones democr\u00e1ticas se hace en un momento particularmente delicado, sobre todo, por la situaci\u00f3n de crisis econ\u00f3mica grave que atraviesa nuestra sociedad, y tambi\u00e9n por la trascendencia de las opciones pol\u00edticas para el futuro. La Iglesia quiere [&hellip;]","og_url":"https:\/\/www.montalegre.org\/es\/2012\/10\/nota-de-los-obispos-de-cataluna-ante-las-elecciones-al-parlamento\/","og_site_name":"Montalegre","article_published_time":"2012-10-09T17:16:45+00:00","article_modified_time":"2012-10-09T17:19:28+00:00","og_image":[{"url":"http:\/\/www.montalegre.org\/wp-content\/uploads\/2012\/10\/images.jpg","type":"","width":"","height":""}],"author":"montalegre","twitter_card":"summary_large_image","twitter_misc":{"Escrito por":"montalegre","Tiempo de lectura":"4 minutos"},"schema":{"@context":"https:\/\/schema.org","@graph":[{"@type":"Article","@id":"https:\/\/www.montalegre.org\/es\/2012\/10\/nota-de-los-obispos-de-cataluna-ante-las-elecciones-al-parlamento\/#article","isPartOf":{"@id":"https:\/\/www.montalegre.org\/es\/2012\/10\/nota-de-los-obispos-de-cataluna-ante-las-elecciones-al-parlamento\/"},"author":{"name":"montalegre","@id":"https:\/\/www.montalegre.org\/es\/#\/schema\/person\/fa12d4cf3a3f1735a9176b4fafd6a633"},"headline":"Nota de los Obispos de Catalu\u00f1a ante las elecciones al Parlamento","datePublished":"2012-10-09T17:16:45+00:00","dateModified":"2012-10-09T17:19:28+00:00","mainEntityOfPage":{"@id":"https:\/\/www.montalegre.org\/es\/2012\/10\/nota-de-los-obispos-de-cataluna-ante-las-elecciones-al-parlamento\/"},"wordCount":776,"commentCount":0,"image":{"@id":"https:\/\/www.montalegre.org\/es\/2012\/10\/nota-de-los-obispos-de-cataluna-ante-las-elecciones-al-parlamento\/#primaryimage"},"thumbnailUrl":"http:\/\/www.montalegre.org\/wp-content\/uploads\/2012\/10\/images.jpg","articleSection":["Noticias de Montalegre"],"inLanguage":"es","potentialAction":[{"@type":"CommentAction","name":"Comment","target":["https:\/\/www.montalegre.org\/es\/2012\/10\/nota-de-los-obispos-de-cataluna-ante-las-elecciones-al-parlamento\/#respond"]}]},{"@type":"WebPage","@id":"https:\/\/www.montalegre.org\/es\/2012\/10\/nota-de-los-obispos-de-cataluna-ante-las-elecciones-al-parlamento\/","url":"https:\/\/www.montalegre.org\/es\/2012\/10\/nota-de-los-obispos-de-cataluna-ante-las-elecciones-al-parlamento\/","name":"Nota de los Obispos de Catalu\u00f1a ante las elecciones al Parlamento - Montalegre","isPartOf":{"@id":"https:\/\/www.montalegre.org\/es\/#website"},"primaryImageOfPage":{"@id":"https:\/\/www.montalegre.org\/es\/2012\/10\/nota-de-los-obispos-de-cataluna-ante-las-elecciones-al-parlamento\/#primaryimage"},"image":{"@id":"https:\/\/www.montalegre.org\/es\/2012\/10\/nota-de-los-obispos-de-cataluna-ante-las-elecciones-al-parlamento\/#primaryimage"},"thumbnailUrl":"http:\/\/www.montalegre.org\/wp-content\/uploads\/2012\/10\/images.jpg","datePublished":"2012-10-09T17:16:45+00:00","dateModified":"2012-10-09T17:19:28+00:00","author":{"@id":"https:\/\/www.montalegre.org\/es\/#\/schema\/person\/fa12d4cf3a3f1735a9176b4fafd6a633"},"breadcrumb":{"@id":"https:\/\/www.montalegre.org\/es\/2012\/10\/nota-de-los-obispos-de-cataluna-ante-las-elecciones-al-parlamento\/#breadcrumb"},"inLanguage":"es","potentialAction":[{"@type":"ReadAction","target":["https:\/\/www.montalegre.org\/es\/2012\/10\/nota-de-los-obispos-de-cataluna-ante-las-elecciones-al-parlamento\/"]}]},{"@type":"ImageObject","inLanguage":"es","@id":"https:\/\/www.montalegre.org\/es\/2012\/10\/nota-de-los-obispos-de-cataluna-ante-las-elecciones-al-parlamento\/#primaryimage","url":"http:\/\/www.montalegre.org\/wp-content\/uploads\/2012\/10\/images.jpg","contentUrl":"http:\/\/www.montalegre.org\/wp-content\/uploads\/2012\/10\/images.jpg"},{"@type":"BreadcrumbList","@id":"https:\/\/www.montalegre.org\/es\/2012\/10\/nota-de-los-obispos-de-cataluna-ante-las-elecciones-al-parlamento\/#breadcrumb","itemListElement":[{"@type":"ListItem","position":1,"name":"Portada","item":"https:\/\/www.montalegre.org\/es\/"},{"@type":"ListItem","position":2,"name":"Nota de los Obispos de Catalu\u00f1a ante las elecciones al Parlamento"}]},{"@type":"WebSite","@id":"https:\/\/www.montalegre.org\/es\/#website","url":"https:\/\/www.montalegre.org\/es\/","name":"Montalegre","description":"","potentialAction":[{"@type":"SearchAction","target":{"@type":"EntryPoint","urlTemplate":"https:\/\/www.montalegre.org\/es\/?s={search_term_string}"},"query-input":{"@type":"PropertyValueSpecification","valueRequired":true,"valueName":"search_term_string"}}],"inLanguage":"es"},{"@type":"Person","@id":"https:\/\/www.montalegre.org\/es\/#\/schema\/person\/fa12d4cf3a3f1735a9176b4fafd6a633","name":"montalegre","image":{"@type":"ImageObject","inLanguage":"es","@id":"https:\/\/www.montalegre.org\/es\/#\/schema\/person\/image\/","url":"https:\/\/secure.gravatar.com\/avatar\/fe6d886cf5081e723c666dceda1f12d4f39070fa2ed4e79695edc3ca355c9b5a?s=96&d=mm&r=g","contentUrl":"https:\/\/secure.gravatar.com\/avatar\/fe6d886cf5081e723c666dceda1f12d4f39070fa2ed4e79695edc3ca355c9b5a?s=96&d=mm&r=g","caption":"montalegre"},"url":"https:\/\/www.montalegre.org\/es\/author\/montalegre\/"}]}},"_links":{"self":[{"href":"https:\/\/www.montalegre.org\/es\/wp-json\/wp\/v2\/posts\/5656","targetHints":{"allow":["GET"]}}],"collection":[{"href":"https:\/\/www.montalegre.org\/es\/wp-json\/wp\/v2\/posts"}],"about":[{"href":"https:\/\/www.montalegre.org\/es\/wp-json\/wp\/v2\/types\/post"}],"author":[{"embeddable":true,"href":"https:\/\/www.montalegre.org\/es\/wp-json\/wp\/v2\/users\/4"}],"replies":[{"embeddable":true,"href":"https:\/\/www.montalegre.org\/es\/wp-json\/wp\/v2\/comments?post=5656"}],"version-history":[{"count":6,"href":"https:\/\/www.montalegre.org\/es\/wp-json\/wp\/v2\/posts\/5656\/revisions"}],"predecessor-version":[{"id":5663,"href":"https:\/\/www.montalegre.org\/es\/wp-json\/wp\/v2\/posts\/5656\/revisions\/5663"}],"wp:attachment":[{"href":"https:\/\/www.montalegre.org\/es\/wp-json\/wp\/v2\/media?parent=5656"}],"wp:term":[{"taxonomy":"category","embeddable":true,"href":"https:\/\/www.montalegre.org\/es\/wp-json\/wp\/v2\/categories?post=5656"},{"taxonomy":"post_tag","embeddable":true,"href":"https:\/\/www.montalegre.org\/es\/wp-json\/wp\/v2\/tags?post=5656"}],"curies":[{"name":"wp","href":"https:\/\/api.w.org\/{rel}","templated":true}]}}