{"id":5624,"date":"2012-10-08T21:10:48","date_gmt":"2012-10-08T21:10:48","guid":{"rendered":"http:\/\/www.montalegre.org\/?p=5624"},"modified":"2012-10-09T14:36:00","modified_gmt":"2012-10-09T14:36:00","slug":"la-web-del-ano-de-la-fe","status":"publish","type":"post","link":"https:\/\/www.montalegre.org\/es\/2012\/10\/la-web-del-ano-de-la-fe\/","title":{"rendered":"La web del A\u00f1o de la Fe"},"content":{"rendered":"<p><a href=\"http:\/\/www.montalegre.org\/2012\/10\/la-web-de-lany-de-la-fe\/cq5dam_web_1280_1280\/\" rel=\"attachment wp-att-5621\"><img loading=\"lazy\" decoding=\"async\" class=\"alignleft size-medium wp-image-5621\" title=\"cq5dam_web_1280_1280\" src=\"http:\/\/www.montalegre.org\/wp-content\/uploads\/2012\/10\/cq5dam_web_1280_1280-300x200.jpg\" alt=\"\" width=\"300\" height=\"200\" \/><\/a>El domingo d\u00eda 7 de octubre de 2012, en la\u00a0 Ciudad del Vaticano, se celebr\u00f3 la Eucarist\u00eda que abr\u00eda el s\u00ednodo de obispos que elaborar\u00e1 los estudios y proyectos durante el A\u00f1o de la Fe, anunciado por el Santo Padre Benedicto XVI y que se inaugura el pr\u00f3ximo 11 de octubre hasta su clausura el 24 de noviembre de 2013. Este s\u00ednodo estudiar\u00e1 no s\u00f3lo los contenidos de la evangelizaci\u00f3n sino tambi\u00e9n el m\u00e9todo, para adaptarse a los nuevos tiempos y para hacer llegar el Evangelio a cualquier lugar del mundo. Y est\u00e1 a la vista que los medios digitales y las redes sociales ser\u00e1n un instrumento de comunicaci\u00f3n y de difusi\u00f3n muy importantes.<\/p>\n<p>En efecto el<em> Consejo Pontificio para la promoci\u00f3n de la nueva evangelizaci\u00f3n<\/em> ya tiene sitio web: <strong>annusfidei.va<\/strong>, y ya se puede consultar en varios idiomas, entre ellos el castellano, el ingl\u00e9s y el italiano. Ser\u00e1 la fuente m\u00e1s fiable de la informaci\u00f3n de este evento del A\u00f1o de la Fe 2012-2013. Contiene noticias, mucha documentaci\u00f3n, desde el catecismo a indicaciones pastorales, oraciones, el himno, el logo, publicaciones, la carta apost\u00f3lica, contenidos del referido Consejo Pontificio, testimonios, fotograf\u00edas, v\u00eddeos, etc. Tiene tambi\u00e9n direcci\u00f3n en el Twitter, Facebook, y en otras redes sociales.<\/p>\n<p>A continuaci\u00f3n,\u00a0 mostramos el link para acceder a la web y la incluimos tambi\u00e9n en nuestra p\u00e1gina de enlaces.<\/p>\n<p><a title=\"web del A\u00f1o de la Fe\" href=\"http:\/\/www.annusfidei.va\/content\/novaevangelizatio\/es.html\"><strong>http:\/\/www.annusfidei.va\/content\/novaevangelizatio\/es.html<\/strong><\/a><\/p>\n<p>Servicios Informativos Montalegre<\/p>\n","protected":false},"excerpt":{"rendered":"<p>El domingo d\u00eda 7 de octubre de 2012, en la\u00a0 Ciudad del Vaticano, se celebr\u00f3 la Eucarist\u00eda que abr\u00eda el s\u00ednodo de obispos que elaborar\u00e1 los estudios y proyectos durante el A\u00f1o de la Fe, anunciado por el Santo Padre Benedicto XVI y que se inaugura el pr\u00f3ximo 11 de octubre hasta su clausura el [&hellip;]<\/p>\n","protected":false},"author":4,"featured_media":0,"comment_status":"open","ping_status":"open","sticky":false,"template":"","format":"standard","meta":{"footnotes":""},"categories":[1],"tags":[],"class_list":["post-5624","post","type-post","status-publish","format-standard","hentry","category-noticias-de-montalegre"],"yoast_head":"<!-- This site is optimized with the Yoast SEO plugin v27.1.1 - https:\/\/yoast.com\/product\/yoast-seo-wordpress\/ -->\n<title>La web del A\u00f1o de la Fe - Montalegre<\/title>\n<meta name=\"robots\" content=\"index, follow, max-snippet:-1, max-image-preview:large, max-video-preview:-1\" \/>\n<link rel=\"canonical\" href=\"https:\/\/www.montalegre.org\/es\/2012\/10\/la-web-del-ano-de-la-fe\/\" \/>\n<meta property=\"og:locale\" content=\"es_ES\" \/>\n<meta property=\"og:type\" content=\"article\" \/>\n<meta property=\"og:title\" content=\"La web del A\u00f1o de la Fe - Montalegre\" \/>\n<meta property=\"og:description\" content=\"El domingo d\u00eda 7 de octubre de 2012, en la\u00a0 Ciudad del Vaticano, se celebr\u00f3 la Eucarist\u00eda que abr\u00eda el s\u00ednodo de obispos que elaborar\u00e1 los estudios y proyectos durante el A\u00f1o de la Fe, anunciado por el Santo Padre Benedicto XVI y que se inaugura el pr\u00f3ximo 11 de octubre hasta su clausura el [&hellip;]\" \/>\n<meta property=\"og:url\" content=\"https:\/\/www.montalegre.org\/es\/2012\/10\/la-web-del-ano-de-la-fe\/\" \/>\n<meta property=\"og:site_name\" content=\"Montalegre\" \/>\n<meta property=\"article:published_time\" content=\"2012-10-08T21:10:48+00:00\" \/>\n<meta property=\"article:modified_time\" content=\"2012-10-09T14:36:00+00:00\" \/>\n<meta property=\"og:image\" content=\"http:\/\/www.montalegre.org\/wp-content\/uploads\/2012\/10\/cq5dam_web_1280_1280-300x200.jpg\" \/>\n<meta name=\"author\" content=\"montalegre\" \/>\n<meta name=\"twitter:card\" content=\"summary_large_image\" \/>\n<meta name=\"twitter:label1\" content=\"Escrito por\" \/>\n\t<meta name=\"twitter:data1\" content=\"montalegre\" \/>\n\t<meta name=\"twitter:label2\" content=\"Tiempo de lectura\" \/>\n\t<meta name=\"twitter:data2\" content=\"1 minuto\" \/>\n<script type=\"application\/ld+json\" class=\"yoast-schema-graph\">{\"@context\":\"https:\/\/schema.org\",\"@graph\":[{\"@type\":\"Article\",\"@id\":\"https:\/\/www.montalegre.org\/es\/2012\/10\/la-web-del-ano-de-la-fe\/#article\",\"isPartOf\":{\"@id\":\"https:\/\/www.montalegre.org\/es\/2012\/10\/la-web-del-ano-de-la-fe\/\"},\"author\":{\"name\":\"montalegre\",\"@id\":\"https:\/\/www.montalegre.org\/es\/#\/schema\/person\/fa12d4cf3a3f1735a9176b4fafd6a633\"},\"headline\":\"La web del A\u00f1o de la Fe\",\"datePublished\":\"2012-10-08T21:10:48+00:00\",\"dateModified\":\"2012-10-09T14:36:00+00:00\",\"mainEntityOfPage\":{\"@id\":\"https:\/\/www.montalegre.org\/es\/2012\/10\/la-web-del-ano-de-la-fe\/\"},\"wordCount\":268,\"commentCount\":0,\"image\":{\"@id\":\"https:\/\/www.montalegre.org\/es\/2012\/10\/la-web-del-ano-de-la-fe\/#primaryimage\"},\"thumbnailUrl\":\"http:\/\/www.montalegre.org\/wp-content\/uploads\/2012\/10\/cq5dam_web_1280_1280-300x200.jpg\",\"articleSection\":[\"Noticias de Montalegre\"],\"inLanguage\":\"es\",\"potentialAction\":[{\"@type\":\"CommentAction\",\"name\":\"Comment\",\"target\":[\"https:\/\/www.montalegre.org\/es\/2012\/10\/la-web-del-ano-de-la-fe\/#respond\"]}]},{\"@type\":\"WebPage\",\"@id\":\"https:\/\/www.montalegre.org\/es\/2012\/10\/la-web-del-ano-de-la-fe\/\",\"url\":\"https:\/\/www.montalegre.org\/es\/2012\/10\/la-web-del-ano-de-la-fe\/\",\"name\":\"La web del A\u00f1o de la Fe - Montalegre\",\"isPartOf\":{\"@id\":\"https:\/\/www.montalegre.org\/es\/#website\"},\"primaryImageOfPage\":{\"@id\":\"https:\/\/www.montalegre.org\/es\/2012\/10\/la-web-del-ano-de-la-fe\/#primaryimage\"},\"image\":{\"@id\":\"https:\/\/www.montalegre.org\/es\/2012\/10\/la-web-del-ano-de-la-fe\/#primaryimage\"},\"thumbnailUrl\":\"http:\/\/www.montalegre.org\/wp-content\/uploads\/2012\/10\/cq5dam_web_1280_1280-300x200.jpg\",\"datePublished\":\"2012-10-08T21:10:48+00:00\",\"dateModified\":\"2012-10-09T14:36:00+00:00\",\"author\":{\"@id\":\"https:\/\/www.montalegre.org\/es\/#\/schema\/person\/fa12d4cf3a3f1735a9176b4fafd6a633\"},\"breadcrumb\":{\"@id\":\"https:\/\/www.montalegre.org\/es\/2012\/10\/la-web-del-ano-de-la-fe\/#breadcrumb\"},\"inLanguage\":\"es\",\"potentialAction\":[{\"@type\":\"ReadAction\",\"target\":[\"https:\/\/www.montalegre.org\/es\/2012\/10\/la-web-del-ano-de-la-fe\/\"]}]},{\"@type\":\"ImageObject\",\"inLanguage\":\"es\",\"@id\":\"https:\/\/www.montalegre.org\/es\/2012\/10\/la-web-del-ano-de-la-fe\/#primaryimage\",\"url\":\"http:\/\/www.montalegre.org\/wp-content\/uploads\/2012\/10\/cq5dam_web_1280_1280-300x200.jpg\",\"contentUrl\":\"http:\/\/www.montalegre.org\/wp-content\/uploads\/2012\/10\/cq5dam_web_1280_1280-300x200.jpg\"},{\"@type\":\"BreadcrumbList\",\"@id\":\"https:\/\/www.montalegre.org\/es\/2012\/10\/la-web-del-ano-de-la-fe\/#breadcrumb\",\"itemListElement\":[{\"@type\":\"ListItem\",\"position\":1,\"name\":\"Portada\",\"item\":\"https:\/\/www.montalegre.org\/es\/\"},{\"@type\":\"ListItem\",\"position\":2,\"name\":\"La web del A\u00f1o de la Fe\"}]},{\"@type\":\"WebSite\",\"@id\":\"https:\/\/www.montalegre.org\/es\/#website\",\"url\":\"https:\/\/www.montalegre.org\/es\/\",\"name\":\"Montalegre\",\"description\":\"\",\"potentialAction\":[{\"@type\":\"SearchAction\",\"target\":{\"@type\":\"EntryPoint\",\"urlTemplate\":\"https:\/\/www.montalegre.org\/es\/?s={search_term_string}\"},\"query-input\":{\"@type\":\"PropertyValueSpecification\",\"valueRequired\":true,\"valueName\":\"search_term_string\"}}],\"inLanguage\":\"es\"},{\"@type\":\"Person\",\"@id\":\"https:\/\/www.montalegre.org\/es\/#\/schema\/person\/fa12d4cf3a3f1735a9176b4fafd6a633\",\"name\":\"montalegre\",\"image\":{\"@type\":\"ImageObject\",\"inLanguage\":\"es\",\"@id\":\"https:\/\/www.montalegre.org\/es\/#\/schema\/person\/image\/\",\"url\":\"https:\/\/secure.gravatar.com\/avatar\/fe6d886cf5081e723c666dceda1f12d4f39070fa2ed4e79695edc3ca355c9b5a?s=96&d=mm&r=g\",\"contentUrl\":\"https:\/\/secure.gravatar.com\/avatar\/fe6d886cf5081e723c666dceda1f12d4f39070fa2ed4e79695edc3ca355c9b5a?s=96&d=mm&r=g\",\"caption\":\"montalegre\"},\"url\":\"https:\/\/www.montalegre.org\/es\/author\/montalegre\/\"}]}<\/script>\n<!-- \/ Yoast SEO plugin. -->","yoast_head_json":{"title":"La web del A\u00f1o de la Fe - Montalegre","robots":{"index":"index","follow":"follow","max-snippet":"max-snippet:-1","max-image-preview":"max-image-preview:large","max-video-preview":"max-video-preview:-1"},"canonical":"https:\/\/www.montalegre.org\/es\/2012\/10\/la-web-del-ano-de-la-fe\/","og_locale":"es_ES","og_type":"article","og_title":"La web del A\u00f1o de la Fe - Montalegre","og_description":"El domingo d\u00eda 7 de octubre de 2012, en la\u00a0 Ciudad del Vaticano, se celebr\u00f3 la Eucarist\u00eda que abr\u00eda el s\u00ednodo de obispos que elaborar\u00e1 los estudios y proyectos durante el A\u00f1o de la Fe, anunciado por el Santo Padre Benedicto XVI y que se inaugura el pr\u00f3ximo 11 de octubre hasta su clausura el [&hellip;]","og_url":"https:\/\/www.montalegre.org\/es\/2012\/10\/la-web-del-ano-de-la-fe\/","og_site_name":"Montalegre","article_published_time":"2012-10-08T21:10:48+00:00","article_modified_time":"2012-10-09T14:36:00+00:00","og_image":[{"url":"http:\/\/www.montalegre.org\/wp-content\/uploads\/2012\/10\/cq5dam_web_1280_1280-300x200.jpg","type":"","width":"","height":""}],"author":"montalegre","twitter_card":"summary_large_image","twitter_misc":{"Escrito por":"montalegre","Tiempo de lectura":"1 minuto"},"schema":{"@context":"https:\/\/schema.org","@graph":[{"@type":"Article","@id":"https:\/\/www.montalegre.org\/es\/2012\/10\/la-web-del-ano-de-la-fe\/#article","isPartOf":{"@id":"https:\/\/www.montalegre.org\/es\/2012\/10\/la-web-del-ano-de-la-fe\/"},"author":{"name":"montalegre","@id":"https:\/\/www.montalegre.org\/es\/#\/schema\/person\/fa12d4cf3a3f1735a9176b4fafd6a633"},"headline":"La web del A\u00f1o de la Fe","datePublished":"2012-10-08T21:10:48+00:00","dateModified":"2012-10-09T14:36:00+00:00","mainEntityOfPage":{"@id":"https:\/\/www.montalegre.org\/es\/2012\/10\/la-web-del-ano-de-la-fe\/"},"wordCount":268,"commentCount":0,"image":{"@id":"https:\/\/www.montalegre.org\/es\/2012\/10\/la-web-del-ano-de-la-fe\/#primaryimage"},"thumbnailUrl":"http:\/\/www.montalegre.org\/wp-content\/uploads\/2012\/10\/cq5dam_web_1280_1280-300x200.jpg","articleSection":["Noticias de Montalegre"],"inLanguage":"es","potentialAction":[{"@type":"CommentAction","name":"Comment","target":["https:\/\/www.montalegre.org\/es\/2012\/10\/la-web-del-ano-de-la-fe\/#respond"]}]},{"@type":"WebPage","@id":"https:\/\/www.montalegre.org\/es\/2012\/10\/la-web-del-ano-de-la-fe\/","url":"https:\/\/www.montalegre.org\/es\/2012\/10\/la-web-del-ano-de-la-fe\/","name":"La web del A\u00f1o de la Fe - Montalegre","isPartOf":{"@id":"https:\/\/www.montalegre.org\/es\/#website"},"primaryImageOfPage":{"@id":"https:\/\/www.montalegre.org\/es\/2012\/10\/la-web-del-ano-de-la-fe\/#primaryimage"},"image":{"@id":"https:\/\/www.montalegre.org\/es\/2012\/10\/la-web-del-ano-de-la-fe\/#primaryimage"},"thumbnailUrl":"http:\/\/www.montalegre.org\/wp-content\/uploads\/2012\/10\/cq5dam_web_1280_1280-300x200.jpg","datePublished":"2012-10-08T21:10:48+00:00","dateModified":"2012-10-09T14:36:00+00:00","author":{"@id":"https:\/\/www.montalegre.org\/es\/#\/schema\/person\/fa12d4cf3a3f1735a9176b4fafd6a633"},"breadcrumb":{"@id":"https:\/\/www.montalegre.org\/es\/2012\/10\/la-web-del-ano-de-la-fe\/#breadcrumb"},"inLanguage":"es","potentialAction":[{"@type":"ReadAction","target":["https:\/\/www.montalegre.org\/es\/2012\/10\/la-web-del-ano-de-la-fe\/"]}]},{"@type":"ImageObject","inLanguage":"es","@id":"https:\/\/www.montalegre.org\/es\/2012\/10\/la-web-del-ano-de-la-fe\/#primaryimage","url":"http:\/\/www.montalegre.org\/wp-content\/uploads\/2012\/10\/cq5dam_web_1280_1280-300x200.jpg","contentUrl":"http:\/\/www.montalegre.org\/wp-content\/uploads\/2012\/10\/cq5dam_web_1280_1280-300x200.jpg"},{"@type":"BreadcrumbList","@id":"https:\/\/www.montalegre.org\/es\/2012\/10\/la-web-del-ano-de-la-fe\/#breadcrumb","itemListElement":[{"@type":"ListItem","position":1,"name":"Portada","item":"https:\/\/www.montalegre.org\/es\/"},{"@type":"ListItem","position":2,"name":"La web del A\u00f1o de la Fe"}]},{"@type":"WebSite","@id":"https:\/\/www.montalegre.org\/es\/#website","url":"https:\/\/www.montalegre.org\/es\/","name":"Montalegre","description":"","potentialAction":[{"@type":"SearchAction","target":{"@type":"EntryPoint","urlTemplate":"https:\/\/www.montalegre.org\/es\/?s={search_term_string}"},"query-input":{"@type":"PropertyValueSpecification","valueRequired":true,"valueName":"search_term_string"}}],"inLanguage":"es"},{"@type":"Person","@id":"https:\/\/www.montalegre.org\/es\/#\/schema\/person\/fa12d4cf3a3f1735a9176b4fafd6a633","name":"montalegre","image":{"@type":"ImageObject","inLanguage":"es","@id":"https:\/\/www.montalegre.org\/es\/#\/schema\/person\/image\/","url":"https:\/\/secure.gravatar.com\/avatar\/fe6d886cf5081e723c666dceda1f12d4f39070fa2ed4e79695edc3ca355c9b5a?s=96&d=mm&r=g","contentUrl":"https:\/\/secure.gravatar.com\/avatar\/fe6d886cf5081e723c666dceda1f12d4f39070fa2ed4e79695edc3ca355c9b5a?s=96&d=mm&r=g","caption":"montalegre"},"url":"https:\/\/www.montalegre.org\/es\/author\/montalegre\/"}]}},"_links":{"self":[{"href":"https:\/\/www.montalegre.org\/es\/wp-json\/wp\/v2\/posts\/5624","targetHints":{"allow":["GET"]}}],"collection":[{"href":"https:\/\/www.montalegre.org\/es\/wp-json\/wp\/v2\/posts"}],"about":[{"href":"https:\/\/www.montalegre.org\/es\/wp-json\/wp\/v2\/types\/post"}],"author":[{"embeddable":true,"href":"https:\/\/www.montalegre.org\/es\/wp-json\/wp\/v2\/users\/4"}],"replies":[{"embeddable":true,"href":"https:\/\/www.montalegre.org\/es\/wp-json\/wp\/v2\/comments?post=5624"}],"version-history":[{"count":11,"href":"https:\/\/www.montalegre.org\/es\/wp-json\/wp\/v2\/posts\/5624\/revisions"}],"predecessor-version":[{"id":5644,"href":"https:\/\/www.montalegre.org\/es\/wp-json\/wp\/v2\/posts\/5624\/revisions\/5644"}],"wp:attachment":[{"href":"https:\/\/www.montalegre.org\/es\/wp-json\/wp\/v2\/media?parent=5624"}],"wp:term":[{"taxonomy":"category","embeddable":true,"href":"https:\/\/www.montalegre.org\/es\/wp-json\/wp\/v2\/categories?post=5624"},{"taxonomy":"post_tag","embeddable":true,"href":"https:\/\/www.montalegre.org\/es\/wp-json\/wp\/v2\/tags?post=5624"}],"curies":[{"name":"wp","href":"https:\/\/api.w.org\/{rel}","templated":true}]}}