{"id":5588,"date":"2012-10-02T10:46:13","date_gmt":"2012-10-02T10:46:13","guid":{"rendered":"http:\/\/www.montalegre.org\/?p=5588"},"modified":"2012-10-02T10:52:16","modified_gmt":"2012-10-02T10:52:16","slug":"a-las-puertas-del-ano-de-la-fe","status":"publish","type":"post","link":"https:\/\/www.montalegre.org\/es\/2012\/10\/a-las-puertas-del-ano-de-la-fe\/","title":{"rendered":"A las puertas del A\u00f1o de la Fe"},"content":{"rendered":"<p>Con la Carta Apost\u00f3lica Porta Fidei, fechada el dia 11 de octubre del a\u00f1o pasado, el Santo Padre Benedicto XVI anunci\u00f3 el &#8220;A\u00f1o de la Fe&#8221;.<\/p>\n<p>El documento consta de 15 puntos en los que el Papa desgrana una serie de orientaciones para que todos podamos profundizar en las ra\u00edces de nuestra fe cristiana, en c\u00f3mo la vivimos y en c\u00f3mo nos convertimos en testigos cre\u00edbles de la misma.<\/p>\n<p>Como el mismo Papa se\u00f1ala en el documento, esta convocatoria responde a unos felices aniversarios que confluyen en este tiempo: el dia 11 de octubre se cumple el quincuag\u00e9simo aniversario de la apertura del Concilio Vaticano II y el vig\u00e9simo de la publicaci\u00f3n del Catecismo de la Iglesia Cat\u00f3lica, promulgado por el beato Papa Juan Pablo II, y que fue considerado por \u00e9l como un fruto precioso del Concilio.<\/p>\n<p>Evidentemente todos tenemos una conciencia clara de la importancia tanto del Concilio como de la publicaci\u00f3n del Catecismo. Puede ser \u00e9ste un buen momento para que leamos, si no lo hemos hecho, o para que releamos el Catecismo de la Iglesia Cat\u00f3lica. Un extraordinario trabajo que expone de manera estupenda los contenidos de nuestra fe, en las conocidas cuatro partes: lo que creemos, lo que celebramos, lo que vivimos, como rezamos.<\/p>\n<p>Conviene que los cristianos conozcamos bien nuestra fe, que no nos conformemos simplemente con las nociones b\u00e1sicas, con los rudimentos de la fe que nos dieron en las catequesis de la Primera Comuni\u00f3n o de la la Confirmaci\u00f3n.<\/p>\n<p>Los sacerdotes nos encontramos con frecuencia, en nuestra labor pastoral, con personas que han de enfrentarse a los problemas que presentan para la fe las circunstancias del mundo actual, con el pobre bagaje de una catequesis sencilla de una lejana Primera Comuni\u00f3n. La fe tiene que desarrollarse y que profundizarse. Es importante para nosotros mismos y para el testimonio que hemos de dar en el mundo. En estos momentos nuestros coet\u00e1neos nos piden que hagamos aquello que San Pedro\u00a0 recomend\u00f3 a nuestros primeros hermanos en la fe: <em><strong>dar raz\u00f3n de su esperanza.<\/strong><\/em><\/p>\n<p>Y el Catecismo es un instrumento ideal para que encontremos all\u00ed contenidos profundos de la fe y el modo de explicarlos a quienes nos lo pidan.<\/p>\n<p>Mn Francesc Perarnau<\/p>\n<p>&nbsp;<\/p>\n","protected":false},"excerpt":{"rendered":"<p>Con la Carta Apost\u00f3lica Porta Fidei, fechada el dia 11 de octubre del a\u00f1o pasado, el Santo Padre Benedicto XVI anunci\u00f3 el &#8220;A\u00f1o de la Fe&#8221;. El documento consta de 15 puntos en los que el Papa desgrana una serie de orientaciones para que todos podamos profundizar en las ra\u00edces de nuestra fe cristiana, en [&hellip;]<\/p>\n","protected":false},"author":4,"featured_media":0,"comment_status":"open","ping_status":"open","sticky":false,"template":"","format":"standard","meta":{"footnotes":""},"categories":[52],"tags":[],"class_list":["post-5588","post","type-post","status-publish","format-standard","hentry","category-editorial"],"yoast_head":"<!-- This site is optimized with the Yoast SEO plugin v27.1.1 - https:\/\/yoast.com\/product\/yoast-seo-wordpress\/ -->\n<title>A las puertas del A\u00f1o de la Fe - Montalegre<\/title>\n<meta name=\"robots\" content=\"index, follow, max-snippet:-1, max-image-preview:large, max-video-preview:-1\" \/>\n<link rel=\"canonical\" href=\"https:\/\/www.montalegre.org\/es\/2012\/10\/a-las-puertas-del-ano-de-la-fe\/\" \/>\n<meta property=\"og:locale\" content=\"es_ES\" \/>\n<meta property=\"og:type\" content=\"article\" \/>\n<meta property=\"og:title\" content=\"A las puertas del A\u00f1o de la Fe - Montalegre\" \/>\n<meta property=\"og:description\" content=\"Con la Carta Apost\u00f3lica Porta Fidei, fechada el dia 11 de octubre del a\u00f1o pasado, el Santo Padre Benedicto XVI anunci\u00f3 el &#8220;A\u00f1o de la Fe&#8221;. El documento consta de 15 puntos en los que el Papa desgrana una serie de orientaciones para que todos podamos profundizar en las ra\u00edces de nuestra fe cristiana, en [&hellip;]\" \/>\n<meta property=\"og:url\" content=\"https:\/\/www.montalegre.org\/es\/2012\/10\/a-las-puertas-del-ano-de-la-fe\/\" \/>\n<meta property=\"og:site_name\" content=\"Montalegre\" \/>\n<meta property=\"article:published_time\" content=\"2012-10-02T10:46:13+00:00\" \/>\n<meta property=\"article:modified_time\" content=\"2012-10-02T10:52:16+00:00\" \/>\n<meta name=\"author\" content=\"montalegre\" \/>\n<meta name=\"twitter:card\" content=\"summary_large_image\" \/>\n<meta name=\"twitter:label1\" content=\"Escrito por\" \/>\n\t<meta name=\"twitter:data1\" content=\"montalegre\" \/>\n\t<meta name=\"twitter:label2\" content=\"Tiempo de lectura\" \/>\n\t<meta name=\"twitter:data2\" content=\"2 minutos\" \/>\n<script type=\"application\/ld+json\" class=\"yoast-schema-graph\">{\"@context\":\"https:\/\/schema.org\",\"@graph\":[{\"@type\":\"Article\",\"@id\":\"https:\/\/www.montalegre.org\/es\/2012\/10\/a-las-puertas-del-ano-de-la-fe\/#article\",\"isPartOf\":{\"@id\":\"https:\/\/www.montalegre.org\/es\/2012\/10\/a-las-puertas-del-ano-de-la-fe\/\"},\"author\":{\"name\":\"montalegre\",\"@id\":\"https:\/\/www.montalegre.org\/es\/#\/schema\/person\/fa12d4cf3a3f1735a9176b4fafd6a633\"},\"headline\":\"A las puertas del A\u00f1o de la Fe\",\"datePublished\":\"2012-10-02T10:46:13+00:00\",\"dateModified\":\"2012-10-02T10:52:16+00:00\",\"mainEntityOfPage\":{\"@id\":\"https:\/\/www.montalegre.org\/es\/2012\/10\/a-las-puertas-del-ano-de-la-fe\/\"},\"wordCount\":395,\"commentCount\":0,\"articleSection\":[\"Editorial\"],\"inLanguage\":\"es\",\"potentialAction\":[{\"@type\":\"CommentAction\",\"name\":\"Comment\",\"target\":[\"https:\/\/www.montalegre.org\/es\/2012\/10\/a-las-puertas-del-ano-de-la-fe\/#respond\"]}]},{\"@type\":\"WebPage\",\"@id\":\"https:\/\/www.montalegre.org\/es\/2012\/10\/a-las-puertas-del-ano-de-la-fe\/\",\"url\":\"https:\/\/www.montalegre.org\/es\/2012\/10\/a-las-puertas-del-ano-de-la-fe\/\",\"name\":\"A las puertas del A\u00f1o de la Fe - Montalegre\",\"isPartOf\":{\"@id\":\"https:\/\/www.montalegre.org\/es\/#website\"},\"datePublished\":\"2012-10-02T10:46:13+00:00\",\"dateModified\":\"2012-10-02T10:52:16+00:00\",\"author\":{\"@id\":\"https:\/\/www.montalegre.org\/es\/#\/schema\/person\/fa12d4cf3a3f1735a9176b4fafd6a633\"},\"breadcrumb\":{\"@id\":\"https:\/\/www.montalegre.org\/es\/2012\/10\/a-las-puertas-del-ano-de-la-fe\/#breadcrumb\"},\"inLanguage\":\"es\",\"potentialAction\":[{\"@type\":\"ReadAction\",\"target\":[\"https:\/\/www.montalegre.org\/es\/2012\/10\/a-las-puertas-del-ano-de-la-fe\/\"]}]},{\"@type\":\"BreadcrumbList\",\"@id\":\"https:\/\/www.montalegre.org\/es\/2012\/10\/a-las-puertas-del-ano-de-la-fe\/#breadcrumb\",\"itemListElement\":[{\"@type\":\"ListItem\",\"position\":1,\"name\":\"Portada\",\"item\":\"https:\/\/www.montalegre.org\/es\/\"},{\"@type\":\"ListItem\",\"position\":2,\"name\":\"A las puertas del A\u00f1o de la Fe\"}]},{\"@type\":\"WebSite\",\"@id\":\"https:\/\/www.montalegre.org\/es\/#website\",\"url\":\"https:\/\/www.montalegre.org\/es\/\",\"name\":\"Montalegre\",\"description\":\"\",\"potentialAction\":[{\"@type\":\"SearchAction\",\"target\":{\"@type\":\"EntryPoint\",\"urlTemplate\":\"https:\/\/www.montalegre.org\/es\/?s={search_term_string}\"},\"query-input\":{\"@type\":\"PropertyValueSpecification\",\"valueRequired\":true,\"valueName\":\"search_term_string\"}}],\"inLanguage\":\"es\"},{\"@type\":\"Person\",\"@id\":\"https:\/\/www.montalegre.org\/es\/#\/schema\/person\/fa12d4cf3a3f1735a9176b4fafd6a633\",\"name\":\"montalegre\",\"image\":{\"@type\":\"ImageObject\",\"inLanguage\":\"es\",\"@id\":\"https:\/\/www.montalegre.org\/es\/#\/schema\/person\/image\/\",\"url\":\"https:\/\/secure.gravatar.com\/avatar\/fe6d886cf5081e723c666dceda1f12d4f39070fa2ed4e79695edc3ca355c9b5a?s=96&d=mm&r=g\",\"contentUrl\":\"https:\/\/secure.gravatar.com\/avatar\/fe6d886cf5081e723c666dceda1f12d4f39070fa2ed4e79695edc3ca355c9b5a?s=96&d=mm&r=g\",\"caption\":\"montalegre\"},\"url\":\"https:\/\/www.montalegre.org\/es\/author\/montalegre\/\"}]}<\/script>\n<!-- \/ Yoast SEO plugin. -->","yoast_head_json":{"title":"A las puertas del A\u00f1o de la Fe - Montalegre","robots":{"index":"index","follow":"follow","max-snippet":"max-snippet:-1","max-image-preview":"max-image-preview:large","max-video-preview":"max-video-preview:-1"},"canonical":"https:\/\/www.montalegre.org\/es\/2012\/10\/a-las-puertas-del-ano-de-la-fe\/","og_locale":"es_ES","og_type":"article","og_title":"A las puertas del A\u00f1o de la Fe - Montalegre","og_description":"Con la Carta Apost\u00f3lica Porta Fidei, fechada el dia 11 de octubre del a\u00f1o pasado, el Santo Padre Benedicto XVI anunci\u00f3 el &#8220;A\u00f1o de la Fe&#8221;. El documento consta de 15 puntos en los que el Papa desgrana una serie de orientaciones para que todos podamos profundizar en las ra\u00edces de nuestra fe cristiana, en [&hellip;]","og_url":"https:\/\/www.montalegre.org\/es\/2012\/10\/a-las-puertas-del-ano-de-la-fe\/","og_site_name":"Montalegre","article_published_time":"2012-10-02T10:46:13+00:00","article_modified_time":"2012-10-02T10:52:16+00:00","author":"montalegre","twitter_card":"summary_large_image","twitter_misc":{"Escrito por":"montalegre","Tiempo de lectura":"2 minutos"},"schema":{"@context":"https:\/\/schema.org","@graph":[{"@type":"Article","@id":"https:\/\/www.montalegre.org\/es\/2012\/10\/a-las-puertas-del-ano-de-la-fe\/#article","isPartOf":{"@id":"https:\/\/www.montalegre.org\/es\/2012\/10\/a-las-puertas-del-ano-de-la-fe\/"},"author":{"name":"montalegre","@id":"https:\/\/www.montalegre.org\/es\/#\/schema\/person\/fa12d4cf3a3f1735a9176b4fafd6a633"},"headline":"A las puertas del A\u00f1o de la Fe","datePublished":"2012-10-02T10:46:13+00:00","dateModified":"2012-10-02T10:52:16+00:00","mainEntityOfPage":{"@id":"https:\/\/www.montalegre.org\/es\/2012\/10\/a-las-puertas-del-ano-de-la-fe\/"},"wordCount":395,"commentCount":0,"articleSection":["Editorial"],"inLanguage":"es","potentialAction":[{"@type":"CommentAction","name":"Comment","target":["https:\/\/www.montalegre.org\/es\/2012\/10\/a-las-puertas-del-ano-de-la-fe\/#respond"]}]},{"@type":"WebPage","@id":"https:\/\/www.montalegre.org\/es\/2012\/10\/a-las-puertas-del-ano-de-la-fe\/","url":"https:\/\/www.montalegre.org\/es\/2012\/10\/a-las-puertas-del-ano-de-la-fe\/","name":"A las puertas del A\u00f1o de la Fe - Montalegre","isPartOf":{"@id":"https:\/\/www.montalegre.org\/es\/#website"},"datePublished":"2012-10-02T10:46:13+00:00","dateModified":"2012-10-02T10:52:16+00:00","author":{"@id":"https:\/\/www.montalegre.org\/es\/#\/schema\/person\/fa12d4cf3a3f1735a9176b4fafd6a633"},"breadcrumb":{"@id":"https:\/\/www.montalegre.org\/es\/2012\/10\/a-las-puertas-del-ano-de-la-fe\/#breadcrumb"},"inLanguage":"es","potentialAction":[{"@type":"ReadAction","target":["https:\/\/www.montalegre.org\/es\/2012\/10\/a-las-puertas-del-ano-de-la-fe\/"]}]},{"@type":"BreadcrumbList","@id":"https:\/\/www.montalegre.org\/es\/2012\/10\/a-las-puertas-del-ano-de-la-fe\/#breadcrumb","itemListElement":[{"@type":"ListItem","position":1,"name":"Portada","item":"https:\/\/www.montalegre.org\/es\/"},{"@type":"ListItem","position":2,"name":"A las puertas del A\u00f1o de la Fe"}]},{"@type":"WebSite","@id":"https:\/\/www.montalegre.org\/es\/#website","url":"https:\/\/www.montalegre.org\/es\/","name":"Montalegre","description":"","potentialAction":[{"@type":"SearchAction","target":{"@type":"EntryPoint","urlTemplate":"https:\/\/www.montalegre.org\/es\/?s={search_term_string}"},"query-input":{"@type":"PropertyValueSpecification","valueRequired":true,"valueName":"search_term_string"}}],"inLanguage":"es"},{"@type":"Person","@id":"https:\/\/www.montalegre.org\/es\/#\/schema\/person\/fa12d4cf3a3f1735a9176b4fafd6a633","name":"montalegre","image":{"@type":"ImageObject","inLanguage":"es","@id":"https:\/\/www.montalegre.org\/es\/#\/schema\/person\/image\/","url":"https:\/\/secure.gravatar.com\/avatar\/fe6d886cf5081e723c666dceda1f12d4f39070fa2ed4e79695edc3ca355c9b5a?s=96&d=mm&r=g","contentUrl":"https:\/\/secure.gravatar.com\/avatar\/fe6d886cf5081e723c666dceda1f12d4f39070fa2ed4e79695edc3ca355c9b5a?s=96&d=mm&r=g","caption":"montalegre"},"url":"https:\/\/www.montalegre.org\/es\/author\/montalegre\/"}]}},"_links":{"self":[{"href":"https:\/\/www.montalegre.org\/es\/wp-json\/wp\/v2\/posts\/5588","targetHints":{"allow":["GET"]}}],"collection":[{"href":"https:\/\/www.montalegre.org\/es\/wp-json\/wp\/v2\/posts"}],"about":[{"href":"https:\/\/www.montalegre.org\/es\/wp-json\/wp\/v2\/types\/post"}],"author":[{"embeddable":true,"href":"https:\/\/www.montalegre.org\/es\/wp-json\/wp\/v2\/users\/4"}],"replies":[{"embeddable":true,"href":"https:\/\/www.montalegre.org\/es\/wp-json\/wp\/v2\/comments?post=5588"}],"version-history":[{"count":4,"href":"https:\/\/www.montalegre.org\/es\/wp-json\/wp\/v2\/posts\/5588\/revisions"}],"predecessor-version":[{"id":5594,"href":"https:\/\/www.montalegre.org\/es\/wp-json\/wp\/v2\/posts\/5588\/revisions\/5594"}],"wp:attachment":[{"href":"https:\/\/www.montalegre.org\/es\/wp-json\/wp\/v2\/media?parent=5588"}],"wp:term":[{"taxonomy":"category","embeddable":true,"href":"https:\/\/www.montalegre.org\/es\/wp-json\/wp\/v2\/categories?post=5588"},{"taxonomy":"post_tag","embeddable":true,"href":"https:\/\/www.montalegre.org\/es\/wp-json\/wp\/v2\/tags?post=5588"}],"curies":[{"name":"wp","href":"https:\/\/api.w.org\/{rel}","templated":true}]}}