{"id":5547,"date":"2012-09-17T21:04:38","date_gmt":"2012-09-17T21:04:38","guid":{"rendered":"http:\/\/www.montalegre.org\/?p=5547"},"modified":"2012-09-17T21:19:25","modified_gmt":"2012-09-17T21:19:25","slug":"la-familia-santuario-de-vida-y-de-amor","status":"publish","type":"post","link":"https:\/\/www.montalegre.org\/es\/2012\/09\/la-familia-santuario-de-vida-y-de-amor\/","title":{"rendered":"La familia, santuario de vida y de amor"},"content":{"rendered":"<p><a href=\"http:\/\/www.montalegre.org\/2012\/09\/la-familia-santuari-de-vida-i-amor\/img_8575\/\" rel=\"attachment wp-att-5539\"><img loading=\"lazy\" decoding=\"async\" class=\"alignleft size-medium wp-image-5539\" title=\"IMG_8575\" src=\"http:\/\/www.montalegre.org\/wp-content\/uploads\/2012\/09\/IMG_8575-300x225.jpg\" alt=\"\" width=\"300\" height=\"225\" \/><\/a><\/p>\n<p>La 23 Jornada Mariana de la Familia en Torreciudad (Huesca) un a\u00f1o m\u00e1s cumpli\u00f3 su objetivo de reunir mucha gente, venida de toda Espa\u00f1a y de otros pa\u00edses, para rezar por los matrimonios y las familias. El programa fue el habitual de cada encuentro, pero siempre resulta distinto porque despu\u00e9s de la jornada nadie que ha participado se queda indiferente. Mientras se llenaba toda la explanada, el rector y otros presb\u00edteros recog\u00edan las ofrendas que algunos asistentes hac\u00edan a la Virgen de los \u00c1ngeles de Torreciudad. A continuaci\u00f3n se celebr\u00f3 la Eucarist\u00eda, la cual fue concelebrada presidida por el arzobispo de Valencia Mns. Carlos Osoro Sierra, junto con el Vicario General del Opus Dei, los vicarios de la regi\u00f3n de Valencia y Zaragoza, y el rector.<\/p>\n<p><a href=\"http:\/\/www.montalegre.org\/2012\/09\/la-familia-santuari-de-vida-i-amor\/img_8584\/\" rel=\"attachment wp-att-5540\"><img loading=\"lazy\" decoding=\"async\" class=\"alignright size-medium wp-image-5540\" title=\"IMG_8584\" src=\"http:\/\/www.montalegre.org\/wp-content\/uploads\/2012\/09\/IMG_8584-300x225.jpg\" alt=\"\" width=\"300\" height=\"225\" \/><\/a><\/p>\n<p>En su homil\u00eda, el arzobispo Osoro invit\u00f3 a observar las tres miradas que se hab\u00edan descrito en el evangelio que se acababa de proclamar, sobre la escena al pie de la cruz en el momento culminante de la Pasi\u00f3n. En primer lugar, la del Se\u00f1or que miraba a su madre, la Virgen Mar\u00eda, mirada que la convierte en nuestro modelo, la segunda mirada es la de la Virgen a Jesucristo que con este gesto lo reconoce como Se\u00f1or y por \u00faltimo, la mirada del disc\u00edpulo Juan, que mira como nosotros hoy miramos a la Madre Dios que nos dice &#8220;Haced lo que \u00c9l os diga&#8221;. El arzobispo nos record\u00f3 que en breve se iniciaba el a\u00f1o de la fe, y lo hizo con las palabras de san Pablo &#8220;No soy yo, sino Cristo quien vive en m\u00ed&#8221;. En relaci\u00f3n con la grave crisis econ\u00f3mica, manifest\u00f3 que esta crisis es moral, de fe, porque se vive relegando a Dios: Dejemos que Dios presida nuestra vida, que sea nuestra luz. Nos anim\u00f3 a custodiar la vida que recibimos y que transmiti\u00e9ramos la fe a nuestros hijos, incluso para una vocaci\u00f3n entera a Dios: Que la familia sea un seminario!, exclam\u00f3. Por \u00faltimo, con tono en\u00e9rgico, dijo: La familia debe participar en la sociedad imitando a la familia de Nazaret, entonces ser\u00e1 el elemento transformador de la humanidad pues en la familia se transforma todo en amor, viviendo ideales de santidad&#8230; La familia cristiana es un santuario de vida y amor porque la vida se instaura en torno a Jesucristo.<\/p>\n<p><a href=\"http:\/\/www.montalegre.org\/2012\/09\/la-familia-santuari-de-vida-i-amor\/img_8602\/\" rel=\"attachment wp-att-5541\"><img loading=\"lazy\" decoding=\"async\" class=\"alignleft size-medium wp-image-5541\" title=\"IMG_8602\" src=\"http:\/\/www.montalegre.org\/wp-content\/uploads\/2012\/09\/IMG_8602-300x225.jpg\" alt=\"\" width=\"300\" height=\"225\" \/><\/a>Despu\u00e9s de que la eucarist\u00eda lleg\u00f3 el momento del tiempo dedicado a descansar y almorzar, y de protegerse bajo la sombra de aquel sol impresionante, pues la Jornada no se hab\u00eda acabado. El acto m\u00e1s entra\u00f1able fue el ofrecimiento de los ni\u00f1os a la Virgen de Torreciudad. El templo estaba lleno a rebosar. Se trat\u00f3 de un acto sencillo en el que se reunieron los padres con hijos peque\u00f1os al pie del presbiterio y se rezaron dos oraciones, acto que se tuvo que repetir dada la cantidad de familias que quer\u00edan participar. A continuaci\u00f3n, las 11,000! personas que estaban repartidas por el santuario, la explanada y en los caminos que llevan hasta la antigua ermita, rezamos el santo rosario, mientras una imagen de la Virgen iba en procesi\u00f3n por los exteriores del templo.<\/p>\n<p>&nbsp;<\/p>\n<p>La Jornadadel 15 de septiembre de 2012 termin\u00f3 con la exposici\u00f3n y la bendici\u00f3n del Sant\u00edsimo, las palabras de despedida del rector que siempre se esperan porque cuenta una an\u00e9cdota simp\u00e1tica y familiar y la bendici\u00f3n del viaje, en conjunto, toda una jornada, completa y emotiva, de peregrinaci\u00f3n mariana.<\/p>\n<p>Isabel Hern\u00e1ndez Esteban<\/p>\n","protected":false},"excerpt":{"rendered":"<p>La 23 Jornada Mariana de la Familia en Torreciudad (Huesca) un a\u00f1o m\u00e1s cumpli\u00f3 su objetivo de reunir mucha gente, venida de toda Espa\u00f1a y de otros pa\u00edses, para rezar por los matrimonios y las familias. El programa fue el habitual de cada encuentro, pero siempre resulta distinto porque despu\u00e9s de la jornada nadie que [&hellip;]<\/p>\n","protected":false},"author":4,"featured_media":0,"comment_status":"open","ping_status":"open","sticky":false,"template":"","format":"standard","meta":{"footnotes":""},"categories":[1],"tags":[],"class_list":["post-5547","post","type-post","status-publish","format-standard","hentry","category-noticias-de-montalegre"],"yoast_head":"<!-- This site is optimized with the Yoast SEO plugin v27.1.1 - https:\/\/yoast.com\/product\/yoast-seo-wordpress\/ -->\n<title>La familia, santuario de vida y de amor - Montalegre<\/title>\n<meta name=\"robots\" content=\"index, follow, max-snippet:-1, max-image-preview:large, max-video-preview:-1\" \/>\n<link rel=\"canonical\" href=\"https:\/\/www.montalegre.org\/es\/2012\/09\/la-familia-santuario-de-vida-y-de-amor\/\" \/>\n<meta property=\"og:locale\" content=\"es_ES\" \/>\n<meta property=\"og:type\" content=\"article\" \/>\n<meta property=\"og:title\" content=\"La familia, santuario de vida y de amor - Montalegre\" \/>\n<meta property=\"og:description\" content=\"La 23 Jornada Mariana de la Familia en Torreciudad (Huesca) un a\u00f1o m\u00e1s cumpli\u00f3 su objetivo de reunir mucha gente, venida de toda Espa\u00f1a y de otros pa\u00edses, para rezar por los matrimonios y las familias. El programa fue el habitual de cada encuentro, pero siempre resulta distinto porque despu\u00e9s de la jornada nadie que [&hellip;]\" \/>\n<meta property=\"og:url\" content=\"https:\/\/www.montalegre.org\/es\/2012\/09\/la-familia-santuario-de-vida-y-de-amor\/\" \/>\n<meta property=\"og:site_name\" content=\"Montalegre\" \/>\n<meta property=\"article:published_time\" content=\"2012-09-17T21:04:38+00:00\" \/>\n<meta property=\"article:modified_time\" content=\"2012-09-17T21:19:25+00:00\" \/>\n<meta property=\"og:image\" content=\"http:\/\/www.montalegre.org\/wp-content\/uploads\/2012\/09\/IMG_8575-300x225.jpg\" \/>\n<meta name=\"author\" content=\"montalegre\" \/>\n<meta name=\"twitter:card\" content=\"summary_large_image\" \/>\n<meta name=\"twitter:label1\" content=\"Escrito por\" \/>\n\t<meta name=\"twitter:data1\" content=\"montalegre\" \/>\n\t<meta name=\"twitter:label2\" content=\"Tiempo de lectura\" \/>\n\t<meta name=\"twitter:data2\" content=\"3 minutos\" \/>\n<script type=\"application\/ld+json\" class=\"yoast-schema-graph\">{\"@context\":\"https:\/\/schema.org\",\"@graph\":[{\"@type\":\"Article\",\"@id\":\"https:\/\/www.montalegre.org\/es\/2012\/09\/la-familia-santuario-de-vida-y-de-amor\/#article\",\"isPartOf\":{\"@id\":\"https:\/\/www.montalegre.org\/es\/2012\/09\/la-familia-santuario-de-vida-y-de-amor\/\"},\"author\":{\"name\":\"montalegre\",\"@id\":\"https:\/\/www.montalegre.org\/es\/#\/schema\/person\/fa12d4cf3a3f1735a9176b4fafd6a633\"},\"headline\":\"La familia, santuario de vida y de amor\",\"datePublished\":\"2012-09-17T21:04:38+00:00\",\"dateModified\":\"2012-09-17T21:19:25+00:00\",\"mainEntityOfPage\":{\"@id\":\"https:\/\/www.montalegre.org\/es\/2012\/09\/la-familia-santuario-de-vida-y-de-amor\/\"},\"wordCount\":615,\"commentCount\":0,\"image\":{\"@id\":\"https:\/\/www.montalegre.org\/es\/2012\/09\/la-familia-santuario-de-vida-y-de-amor\/#primaryimage\"},\"thumbnailUrl\":\"http:\/\/www.montalegre.org\/wp-content\/uploads\/2012\/09\/IMG_8575-300x225.jpg\",\"articleSection\":[\"Noticias de Montalegre\"],\"inLanguage\":\"es\",\"potentialAction\":[{\"@type\":\"CommentAction\",\"name\":\"Comment\",\"target\":[\"https:\/\/www.montalegre.org\/es\/2012\/09\/la-familia-santuario-de-vida-y-de-amor\/#respond\"]}]},{\"@type\":\"WebPage\",\"@id\":\"https:\/\/www.montalegre.org\/es\/2012\/09\/la-familia-santuario-de-vida-y-de-amor\/\",\"url\":\"https:\/\/www.montalegre.org\/es\/2012\/09\/la-familia-santuario-de-vida-y-de-amor\/\",\"name\":\"La familia, santuario de vida y de amor - Montalegre\",\"isPartOf\":{\"@id\":\"https:\/\/www.montalegre.org\/es\/#website\"},\"primaryImageOfPage\":{\"@id\":\"https:\/\/www.montalegre.org\/es\/2012\/09\/la-familia-santuario-de-vida-y-de-amor\/#primaryimage\"},\"image\":{\"@id\":\"https:\/\/www.montalegre.org\/es\/2012\/09\/la-familia-santuario-de-vida-y-de-amor\/#primaryimage\"},\"thumbnailUrl\":\"http:\/\/www.montalegre.org\/wp-content\/uploads\/2012\/09\/IMG_8575-300x225.jpg\",\"datePublished\":\"2012-09-17T21:04:38+00:00\",\"dateModified\":\"2012-09-17T21:19:25+00:00\",\"author\":{\"@id\":\"https:\/\/www.montalegre.org\/es\/#\/schema\/person\/fa12d4cf3a3f1735a9176b4fafd6a633\"},\"breadcrumb\":{\"@id\":\"https:\/\/www.montalegre.org\/es\/2012\/09\/la-familia-santuario-de-vida-y-de-amor\/#breadcrumb\"},\"inLanguage\":\"es\",\"potentialAction\":[{\"@type\":\"ReadAction\",\"target\":[\"https:\/\/www.montalegre.org\/es\/2012\/09\/la-familia-santuario-de-vida-y-de-amor\/\"]}]},{\"@type\":\"ImageObject\",\"inLanguage\":\"es\",\"@id\":\"https:\/\/www.montalegre.org\/es\/2012\/09\/la-familia-santuario-de-vida-y-de-amor\/#primaryimage\",\"url\":\"http:\/\/www.montalegre.org\/wp-content\/uploads\/2012\/09\/IMG_8575-300x225.jpg\",\"contentUrl\":\"http:\/\/www.montalegre.org\/wp-content\/uploads\/2012\/09\/IMG_8575-300x225.jpg\"},{\"@type\":\"BreadcrumbList\",\"@id\":\"https:\/\/www.montalegre.org\/es\/2012\/09\/la-familia-santuario-de-vida-y-de-amor\/#breadcrumb\",\"itemListElement\":[{\"@type\":\"ListItem\",\"position\":1,\"name\":\"Portada\",\"item\":\"https:\/\/www.montalegre.org\/es\/\"},{\"@type\":\"ListItem\",\"position\":2,\"name\":\"La familia, santuario de vida y de amor\"}]},{\"@type\":\"WebSite\",\"@id\":\"https:\/\/www.montalegre.org\/es\/#website\",\"url\":\"https:\/\/www.montalegre.org\/es\/\",\"name\":\"Montalegre\",\"description\":\"\",\"potentialAction\":[{\"@type\":\"SearchAction\",\"target\":{\"@type\":\"EntryPoint\",\"urlTemplate\":\"https:\/\/www.montalegre.org\/es\/?s={search_term_string}\"},\"query-input\":{\"@type\":\"PropertyValueSpecification\",\"valueRequired\":true,\"valueName\":\"search_term_string\"}}],\"inLanguage\":\"es\"},{\"@type\":\"Person\",\"@id\":\"https:\/\/www.montalegre.org\/es\/#\/schema\/person\/fa12d4cf3a3f1735a9176b4fafd6a633\",\"name\":\"montalegre\",\"image\":{\"@type\":\"ImageObject\",\"inLanguage\":\"es\",\"@id\":\"https:\/\/www.montalegre.org\/es\/#\/schema\/person\/image\/\",\"url\":\"https:\/\/secure.gravatar.com\/avatar\/fe6d886cf5081e723c666dceda1f12d4f39070fa2ed4e79695edc3ca355c9b5a?s=96&d=mm&r=g\",\"contentUrl\":\"https:\/\/secure.gravatar.com\/avatar\/fe6d886cf5081e723c666dceda1f12d4f39070fa2ed4e79695edc3ca355c9b5a?s=96&d=mm&r=g\",\"caption\":\"montalegre\"},\"url\":\"https:\/\/www.montalegre.org\/es\/author\/montalegre\/\"}]}<\/script>\n<!-- \/ Yoast SEO plugin. -->","yoast_head_json":{"title":"La familia, santuario de vida y de amor - Montalegre","robots":{"index":"index","follow":"follow","max-snippet":"max-snippet:-1","max-image-preview":"max-image-preview:large","max-video-preview":"max-video-preview:-1"},"canonical":"https:\/\/www.montalegre.org\/es\/2012\/09\/la-familia-santuario-de-vida-y-de-amor\/","og_locale":"es_ES","og_type":"article","og_title":"La familia, santuario de vida y de amor - Montalegre","og_description":"La 23 Jornada Mariana de la Familia en Torreciudad (Huesca) un a\u00f1o m\u00e1s cumpli\u00f3 su objetivo de reunir mucha gente, venida de toda Espa\u00f1a y de otros pa\u00edses, para rezar por los matrimonios y las familias. El programa fue el habitual de cada encuentro, pero siempre resulta distinto porque despu\u00e9s de la jornada nadie que [&hellip;]","og_url":"https:\/\/www.montalegre.org\/es\/2012\/09\/la-familia-santuario-de-vida-y-de-amor\/","og_site_name":"Montalegre","article_published_time":"2012-09-17T21:04:38+00:00","article_modified_time":"2012-09-17T21:19:25+00:00","og_image":[{"url":"http:\/\/www.montalegre.org\/wp-content\/uploads\/2012\/09\/IMG_8575-300x225.jpg","type":"","width":"","height":""}],"author":"montalegre","twitter_card":"summary_large_image","twitter_misc":{"Escrito por":"montalegre","Tiempo de lectura":"3 minutos"},"schema":{"@context":"https:\/\/schema.org","@graph":[{"@type":"Article","@id":"https:\/\/www.montalegre.org\/es\/2012\/09\/la-familia-santuario-de-vida-y-de-amor\/#article","isPartOf":{"@id":"https:\/\/www.montalegre.org\/es\/2012\/09\/la-familia-santuario-de-vida-y-de-amor\/"},"author":{"name":"montalegre","@id":"https:\/\/www.montalegre.org\/es\/#\/schema\/person\/fa12d4cf3a3f1735a9176b4fafd6a633"},"headline":"La familia, santuario de vida y de amor","datePublished":"2012-09-17T21:04:38+00:00","dateModified":"2012-09-17T21:19:25+00:00","mainEntityOfPage":{"@id":"https:\/\/www.montalegre.org\/es\/2012\/09\/la-familia-santuario-de-vida-y-de-amor\/"},"wordCount":615,"commentCount":0,"image":{"@id":"https:\/\/www.montalegre.org\/es\/2012\/09\/la-familia-santuario-de-vida-y-de-amor\/#primaryimage"},"thumbnailUrl":"http:\/\/www.montalegre.org\/wp-content\/uploads\/2012\/09\/IMG_8575-300x225.jpg","articleSection":["Noticias de Montalegre"],"inLanguage":"es","potentialAction":[{"@type":"CommentAction","name":"Comment","target":["https:\/\/www.montalegre.org\/es\/2012\/09\/la-familia-santuario-de-vida-y-de-amor\/#respond"]}]},{"@type":"WebPage","@id":"https:\/\/www.montalegre.org\/es\/2012\/09\/la-familia-santuario-de-vida-y-de-amor\/","url":"https:\/\/www.montalegre.org\/es\/2012\/09\/la-familia-santuario-de-vida-y-de-amor\/","name":"La familia, santuario de vida y de amor - Montalegre","isPartOf":{"@id":"https:\/\/www.montalegre.org\/es\/#website"},"primaryImageOfPage":{"@id":"https:\/\/www.montalegre.org\/es\/2012\/09\/la-familia-santuario-de-vida-y-de-amor\/#primaryimage"},"image":{"@id":"https:\/\/www.montalegre.org\/es\/2012\/09\/la-familia-santuario-de-vida-y-de-amor\/#primaryimage"},"thumbnailUrl":"http:\/\/www.montalegre.org\/wp-content\/uploads\/2012\/09\/IMG_8575-300x225.jpg","datePublished":"2012-09-17T21:04:38+00:00","dateModified":"2012-09-17T21:19:25+00:00","author":{"@id":"https:\/\/www.montalegre.org\/es\/#\/schema\/person\/fa12d4cf3a3f1735a9176b4fafd6a633"},"breadcrumb":{"@id":"https:\/\/www.montalegre.org\/es\/2012\/09\/la-familia-santuario-de-vida-y-de-amor\/#breadcrumb"},"inLanguage":"es","potentialAction":[{"@type":"ReadAction","target":["https:\/\/www.montalegre.org\/es\/2012\/09\/la-familia-santuario-de-vida-y-de-amor\/"]}]},{"@type":"ImageObject","inLanguage":"es","@id":"https:\/\/www.montalegre.org\/es\/2012\/09\/la-familia-santuario-de-vida-y-de-amor\/#primaryimage","url":"http:\/\/www.montalegre.org\/wp-content\/uploads\/2012\/09\/IMG_8575-300x225.jpg","contentUrl":"http:\/\/www.montalegre.org\/wp-content\/uploads\/2012\/09\/IMG_8575-300x225.jpg"},{"@type":"BreadcrumbList","@id":"https:\/\/www.montalegre.org\/es\/2012\/09\/la-familia-santuario-de-vida-y-de-amor\/#breadcrumb","itemListElement":[{"@type":"ListItem","position":1,"name":"Portada","item":"https:\/\/www.montalegre.org\/es\/"},{"@type":"ListItem","position":2,"name":"La familia, santuario de vida y de amor"}]},{"@type":"WebSite","@id":"https:\/\/www.montalegre.org\/es\/#website","url":"https:\/\/www.montalegre.org\/es\/","name":"Montalegre","description":"","potentialAction":[{"@type":"SearchAction","target":{"@type":"EntryPoint","urlTemplate":"https:\/\/www.montalegre.org\/es\/?s={search_term_string}"},"query-input":{"@type":"PropertyValueSpecification","valueRequired":true,"valueName":"search_term_string"}}],"inLanguage":"es"},{"@type":"Person","@id":"https:\/\/www.montalegre.org\/es\/#\/schema\/person\/fa12d4cf3a3f1735a9176b4fafd6a633","name":"montalegre","image":{"@type":"ImageObject","inLanguage":"es","@id":"https:\/\/www.montalegre.org\/es\/#\/schema\/person\/image\/","url":"https:\/\/secure.gravatar.com\/avatar\/fe6d886cf5081e723c666dceda1f12d4f39070fa2ed4e79695edc3ca355c9b5a?s=96&d=mm&r=g","contentUrl":"https:\/\/secure.gravatar.com\/avatar\/fe6d886cf5081e723c666dceda1f12d4f39070fa2ed4e79695edc3ca355c9b5a?s=96&d=mm&r=g","caption":"montalegre"},"url":"https:\/\/www.montalegre.org\/es\/author\/montalegre\/"}]}},"_links":{"self":[{"href":"https:\/\/www.montalegre.org\/es\/wp-json\/wp\/v2\/posts\/5547","targetHints":{"allow":["GET"]}}],"collection":[{"href":"https:\/\/www.montalegre.org\/es\/wp-json\/wp\/v2\/posts"}],"about":[{"href":"https:\/\/www.montalegre.org\/es\/wp-json\/wp\/v2\/types\/post"}],"author":[{"embeddable":true,"href":"https:\/\/www.montalegre.org\/es\/wp-json\/wp\/v2\/users\/4"}],"replies":[{"embeddable":true,"href":"https:\/\/www.montalegre.org\/es\/wp-json\/wp\/v2\/comments?post=5547"}],"version-history":[{"count":9,"href":"https:\/\/www.montalegre.org\/es\/wp-json\/wp\/v2\/posts\/5547\/revisions"}],"predecessor-version":[{"id":5552,"href":"https:\/\/www.montalegre.org\/es\/wp-json\/wp\/v2\/posts\/5547\/revisions\/5552"}],"wp:attachment":[{"href":"https:\/\/www.montalegre.org\/es\/wp-json\/wp\/v2\/media?parent=5547"}],"wp:term":[{"taxonomy":"category","embeddable":true,"href":"https:\/\/www.montalegre.org\/es\/wp-json\/wp\/v2\/categories?post=5547"},{"taxonomy":"post_tag","embeddable":true,"href":"https:\/\/www.montalegre.org\/es\/wp-json\/wp\/v2\/tags?post=5547"}],"curies":[{"name":"wp","href":"https:\/\/api.w.org\/{rel}","templated":true}]}}