{"id":5481,"date":"2012-09-03T10:10:10","date_gmt":"2012-09-03T10:10:10","guid":{"rendered":"http:\/\/www.montalegre.org\/?p=5481"},"modified":"2012-09-04T11:18:19","modified_gmt":"2012-09-04T11:18:19","slug":"en-septiembre-recomenzamos","status":"publish","type":"post","link":"https:\/\/www.montalegre.org\/es\/2012\/09\/en-septiembre-recomenzamos\/","title":{"rendered":"En Septiembre recomenzamos"},"content":{"rendered":"<p><a href=\"http:\/\/www.montalegre.org\/es\/2012\/09\/en-septiembre-recomenzamos\/1vid-2\/\" rel=\"attachment wp-att-5508\"><img loading=\"lazy\" decoding=\"async\" class=\"alignleft size-medium wp-image-5508\" title=\"1vid\" src=\"http:\/\/www.montalegre.org\/wp-content\/uploads\/2012\/09\/1vid1-300x243.jpg\" alt=\"\" width=\"273\" height=\"222\" \/><\/a>Para los alumnos de los colegios y de las universidades, el mes de septiembre marca el inicio de un nuevo curso. Pero esto no es solamente para ellos, tambi\u00e9n se habla de un nuevo curso pol\u00edtico y, en general, despu\u00e9s del par\u00f3n que ha supuesto el mes de agosto, todos tenemos la impresi\u00f3n de que &#8220;volvemos a empezar&#8221;.<\/p>\n<p>De alguna manera, en el mes de septiembre todos recomenzamos: recomienza la vida escolar, la vida universitaria, la vida pol\u00edtica y la laboral&#8230;<\/p>\n<p>Aunque en Montalegre no hemos detenido la actividad pastoral a lo largo del verano, puesto que la iglesia ha estado abierta todos los d\u00edas y se han mantenido las Misas y los retiros, s\u00ed se han notado las ausencias de los sacerdotes que, por turnos, ha tomado un tiempo para sus necesarias vacaciones y tambi\u00e9n se ha notado en la atenci\u00f3n de despachos, tanto de la iglesia como de la Acci\u00f3 Social.<\/p>\n<p>Y ahora &#8220;volvemos a empezar&#8221;.<\/p>\n<p>Abrir\u00e1n los despachos, volver\u00e1n las actividades, aparecer\u00e1n nuevas iniciativas para un a\u00f1o especial que se despliega ante nosotros.<\/p>\n<p>En nuestro horizonte cercano vemos con esperanza el comienzo en el mes de octubre del <strong>A\u00f1o de la Fe<\/strong> que ha convocado el papa Benedicto XVI. Ser\u00e1 un a\u00f1o estupendo en el que el Romano Pont\u00edfice nos pide a todos los cat\u00f3licos que sepamos dar &#8220;un testimonio cre\u00edble&#8221; de nuestra fe. Se trata de implicarse en esta ilusi\u00f3n del Papa, de escucharle y de procurar estar en sinton\u00eda con lo que nos est\u00e1 pidiendo en estos momentos. A medida que nos acerquemos al comienzo de este A\u00f1o de la Fe, los Obispos nos ir\u00e1n marcando el camino por donde debe irse desarrollando nuestra vida cristiana.<\/p>\n<p>Mn Francesc Perarnau<\/p>\n","protected":false},"excerpt":{"rendered":"<p>Para los alumnos de los colegios y de las universidades, el mes de septiembre marca el inicio de un nuevo curso. Pero esto no es solamente para ellos, tambi\u00e9n se habla de un nuevo curso pol\u00edtico y, en general, despu\u00e9s del par\u00f3n que ha supuesto el mes de agosto, todos tenemos la impresi\u00f3n de que [&hellip;]<\/p>\n","protected":false},"author":4,"featured_media":0,"comment_status":"open","ping_status":"open","sticky":false,"template":"","format":"standard","meta":{"footnotes":""},"categories":[52],"tags":[],"class_list":["post-5481","post","type-post","status-publish","format-standard","hentry","category-editorial"],"yoast_head":"<!-- This site is optimized with the Yoast SEO plugin v27.1.1 - https:\/\/yoast.com\/product\/yoast-seo-wordpress\/ -->\n<title>En Septiembre recomenzamos - Montalegre<\/title>\n<meta name=\"robots\" content=\"index, follow, max-snippet:-1, max-image-preview:large, max-video-preview:-1\" \/>\n<link rel=\"canonical\" href=\"https:\/\/www.montalegre.org\/es\/2012\/09\/en-septiembre-recomenzamos\/\" \/>\n<meta property=\"og:locale\" content=\"es_ES\" \/>\n<meta property=\"og:type\" content=\"article\" \/>\n<meta property=\"og:title\" content=\"En Septiembre recomenzamos - Montalegre\" \/>\n<meta property=\"og:description\" content=\"Para los alumnos de los colegios y de las universidades, el mes de septiembre marca el inicio de un nuevo curso. Pero esto no es solamente para ellos, tambi\u00e9n se habla de un nuevo curso pol\u00edtico y, en general, despu\u00e9s del par\u00f3n que ha supuesto el mes de agosto, todos tenemos la impresi\u00f3n de que [&hellip;]\" \/>\n<meta property=\"og:url\" content=\"https:\/\/www.montalegre.org\/es\/2012\/09\/en-septiembre-recomenzamos\/\" \/>\n<meta property=\"og:site_name\" content=\"Montalegre\" \/>\n<meta property=\"article:published_time\" content=\"2012-09-03T10:10:10+00:00\" \/>\n<meta property=\"article:modified_time\" content=\"2012-09-04T11:18:19+00:00\" \/>\n<meta property=\"og:image\" content=\"http:\/\/www.montalegre.org\/wp-content\/uploads\/2012\/09\/1vid1-300x243.jpg\" \/>\n<meta name=\"author\" content=\"montalegre\" \/>\n<meta name=\"twitter:card\" content=\"summary_large_image\" \/>\n<meta name=\"twitter:label1\" content=\"Escrito por\" \/>\n\t<meta name=\"twitter:data1\" content=\"montalegre\" \/>\n\t<meta name=\"twitter:label2\" content=\"Tiempo de lectura\" \/>\n\t<meta name=\"twitter:data2\" content=\"2 minutos\" \/>\n<script type=\"application\/ld+json\" class=\"yoast-schema-graph\">{\"@context\":\"https:\/\/schema.org\",\"@graph\":[{\"@type\":\"Article\",\"@id\":\"https:\/\/www.montalegre.org\/es\/2012\/09\/en-septiembre-recomenzamos\/#article\",\"isPartOf\":{\"@id\":\"https:\/\/www.montalegre.org\/es\/2012\/09\/en-septiembre-recomenzamos\/\"},\"author\":{\"name\":\"montalegre\",\"@id\":\"https:\/\/www.montalegre.org\/es\/#\/schema\/person\/fa12d4cf3a3f1735a9176b4fafd6a633\"},\"headline\":\"En Septiembre recomenzamos\",\"datePublished\":\"2012-09-03T10:10:10+00:00\",\"dateModified\":\"2012-09-04T11:18:19+00:00\",\"mainEntityOfPage\":{\"@id\":\"https:\/\/www.montalegre.org\/es\/2012\/09\/en-septiembre-recomenzamos\/\"},\"wordCount\":309,\"commentCount\":0,\"image\":{\"@id\":\"https:\/\/www.montalegre.org\/es\/2012\/09\/en-septiembre-recomenzamos\/#primaryimage\"},\"thumbnailUrl\":\"http:\/\/www.montalegre.org\/wp-content\/uploads\/2012\/09\/1vid1-300x243.jpg\",\"articleSection\":[\"Editorial\"],\"inLanguage\":\"es\",\"potentialAction\":[{\"@type\":\"CommentAction\",\"name\":\"Comment\",\"target\":[\"https:\/\/www.montalegre.org\/es\/2012\/09\/en-septiembre-recomenzamos\/#respond\"]}]},{\"@type\":\"WebPage\",\"@id\":\"https:\/\/www.montalegre.org\/es\/2012\/09\/en-septiembre-recomenzamos\/\",\"url\":\"https:\/\/www.montalegre.org\/es\/2012\/09\/en-septiembre-recomenzamos\/\",\"name\":\"En Septiembre recomenzamos - Montalegre\",\"isPartOf\":{\"@id\":\"https:\/\/www.montalegre.org\/es\/#website\"},\"primaryImageOfPage\":{\"@id\":\"https:\/\/www.montalegre.org\/es\/2012\/09\/en-septiembre-recomenzamos\/#primaryimage\"},\"image\":{\"@id\":\"https:\/\/www.montalegre.org\/es\/2012\/09\/en-septiembre-recomenzamos\/#primaryimage\"},\"thumbnailUrl\":\"http:\/\/www.montalegre.org\/wp-content\/uploads\/2012\/09\/1vid1-300x243.jpg\",\"datePublished\":\"2012-09-03T10:10:10+00:00\",\"dateModified\":\"2012-09-04T11:18:19+00:00\",\"author\":{\"@id\":\"https:\/\/www.montalegre.org\/es\/#\/schema\/person\/fa12d4cf3a3f1735a9176b4fafd6a633\"},\"breadcrumb\":{\"@id\":\"https:\/\/www.montalegre.org\/es\/2012\/09\/en-septiembre-recomenzamos\/#breadcrumb\"},\"inLanguage\":\"es\",\"potentialAction\":[{\"@type\":\"ReadAction\",\"target\":[\"https:\/\/www.montalegre.org\/es\/2012\/09\/en-septiembre-recomenzamos\/\"]}]},{\"@type\":\"ImageObject\",\"inLanguage\":\"es\",\"@id\":\"https:\/\/www.montalegre.org\/es\/2012\/09\/en-septiembre-recomenzamos\/#primaryimage\",\"url\":\"http:\/\/www.montalegre.org\/wp-content\/uploads\/2012\/09\/1vid1-300x243.jpg\",\"contentUrl\":\"http:\/\/www.montalegre.org\/wp-content\/uploads\/2012\/09\/1vid1-300x243.jpg\"},{\"@type\":\"BreadcrumbList\",\"@id\":\"https:\/\/www.montalegre.org\/es\/2012\/09\/en-septiembre-recomenzamos\/#breadcrumb\",\"itemListElement\":[{\"@type\":\"ListItem\",\"position\":1,\"name\":\"Portada\",\"item\":\"https:\/\/www.montalegre.org\/es\/\"},{\"@type\":\"ListItem\",\"position\":2,\"name\":\"En Septiembre recomenzamos\"}]},{\"@type\":\"WebSite\",\"@id\":\"https:\/\/www.montalegre.org\/es\/#website\",\"url\":\"https:\/\/www.montalegre.org\/es\/\",\"name\":\"Montalegre\",\"description\":\"\",\"potentialAction\":[{\"@type\":\"SearchAction\",\"target\":{\"@type\":\"EntryPoint\",\"urlTemplate\":\"https:\/\/www.montalegre.org\/es\/?s={search_term_string}\"},\"query-input\":{\"@type\":\"PropertyValueSpecification\",\"valueRequired\":true,\"valueName\":\"search_term_string\"}}],\"inLanguage\":\"es\"},{\"@type\":\"Person\",\"@id\":\"https:\/\/www.montalegre.org\/es\/#\/schema\/person\/fa12d4cf3a3f1735a9176b4fafd6a633\",\"name\":\"montalegre\",\"image\":{\"@type\":\"ImageObject\",\"inLanguage\":\"es\",\"@id\":\"https:\/\/www.montalegre.org\/es\/#\/schema\/person\/image\/\",\"url\":\"https:\/\/secure.gravatar.com\/avatar\/fe6d886cf5081e723c666dceda1f12d4f39070fa2ed4e79695edc3ca355c9b5a?s=96&d=mm&r=g\",\"contentUrl\":\"https:\/\/secure.gravatar.com\/avatar\/fe6d886cf5081e723c666dceda1f12d4f39070fa2ed4e79695edc3ca355c9b5a?s=96&d=mm&r=g\",\"caption\":\"montalegre\"},\"url\":\"https:\/\/www.montalegre.org\/es\/author\/montalegre\/\"}]}<\/script>\n<!-- \/ Yoast SEO plugin. -->","yoast_head_json":{"title":"En Septiembre recomenzamos - Montalegre","robots":{"index":"index","follow":"follow","max-snippet":"max-snippet:-1","max-image-preview":"max-image-preview:large","max-video-preview":"max-video-preview:-1"},"canonical":"https:\/\/www.montalegre.org\/es\/2012\/09\/en-septiembre-recomenzamos\/","og_locale":"es_ES","og_type":"article","og_title":"En Septiembre recomenzamos - Montalegre","og_description":"Para los alumnos de los colegios y de las universidades, el mes de septiembre marca el inicio de un nuevo curso. Pero esto no es solamente para ellos, tambi\u00e9n se habla de un nuevo curso pol\u00edtico y, en general, despu\u00e9s del par\u00f3n que ha supuesto el mes de agosto, todos tenemos la impresi\u00f3n de que [&hellip;]","og_url":"https:\/\/www.montalegre.org\/es\/2012\/09\/en-septiembre-recomenzamos\/","og_site_name":"Montalegre","article_published_time":"2012-09-03T10:10:10+00:00","article_modified_time":"2012-09-04T11:18:19+00:00","og_image":[{"url":"http:\/\/www.montalegre.org\/wp-content\/uploads\/2012\/09\/1vid1-300x243.jpg","type":"","width":"","height":""}],"author":"montalegre","twitter_card":"summary_large_image","twitter_misc":{"Escrito por":"montalegre","Tiempo de lectura":"2 minutos"},"schema":{"@context":"https:\/\/schema.org","@graph":[{"@type":"Article","@id":"https:\/\/www.montalegre.org\/es\/2012\/09\/en-septiembre-recomenzamos\/#article","isPartOf":{"@id":"https:\/\/www.montalegre.org\/es\/2012\/09\/en-septiembre-recomenzamos\/"},"author":{"name":"montalegre","@id":"https:\/\/www.montalegre.org\/es\/#\/schema\/person\/fa12d4cf3a3f1735a9176b4fafd6a633"},"headline":"En Septiembre recomenzamos","datePublished":"2012-09-03T10:10:10+00:00","dateModified":"2012-09-04T11:18:19+00:00","mainEntityOfPage":{"@id":"https:\/\/www.montalegre.org\/es\/2012\/09\/en-septiembre-recomenzamos\/"},"wordCount":309,"commentCount":0,"image":{"@id":"https:\/\/www.montalegre.org\/es\/2012\/09\/en-septiembre-recomenzamos\/#primaryimage"},"thumbnailUrl":"http:\/\/www.montalegre.org\/wp-content\/uploads\/2012\/09\/1vid1-300x243.jpg","articleSection":["Editorial"],"inLanguage":"es","potentialAction":[{"@type":"CommentAction","name":"Comment","target":["https:\/\/www.montalegre.org\/es\/2012\/09\/en-septiembre-recomenzamos\/#respond"]}]},{"@type":"WebPage","@id":"https:\/\/www.montalegre.org\/es\/2012\/09\/en-septiembre-recomenzamos\/","url":"https:\/\/www.montalegre.org\/es\/2012\/09\/en-septiembre-recomenzamos\/","name":"En Septiembre recomenzamos - Montalegre","isPartOf":{"@id":"https:\/\/www.montalegre.org\/es\/#website"},"primaryImageOfPage":{"@id":"https:\/\/www.montalegre.org\/es\/2012\/09\/en-septiembre-recomenzamos\/#primaryimage"},"image":{"@id":"https:\/\/www.montalegre.org\/es\/2012\/09\/en-septiembre-recomenzamos\/#primaryimage"},"thumbnailUrl":"http:\/\/www.montalegre.org\/wp-content\/uploads\/2012\/09\/1vid1-300x243.jpg","datePublished":"2012-09-03T10:10:10+00:00","dateModified":"2012-09-04T11:18:19+00:00","author":{"@id":"https:\/\/www.montalegre.org\/es\/#\/schema\/person\/fa12d4cf3a3f1735a9176b4fafd6a633"},"breadcrumb":{"@id":"https:\/\/www.montalegre.org\/es\/2012\/09\/en-septiembre-recomenzamos\/#breadcrumb"},"inLanguage":"es","potentialAction":[{"@type":"ReadAction","target":["https:\/\/www.montalegre.org\/es\/2012\/09\/en-septiembre-recomenzamos\/"]}]},{"@type":"ImageObject","inLanguage":"es","@id":"https:\/\/www.montalegre.org\/es\/2012\/09\/en-septiembre-recomenzamos\/#primaryimage","url":"http:\/\/www.montalegre.org\/wp-content\/uploads\/2012\/09\/1vid1-300x243.jpg","contentUrl":"http:\/\/www.montalegre.org\/wp-content\/uploads\/2012\/09\/1vid1-300x243.jpg"},{"@type":"BreadcrumbList","@id":"https:\/\/www.montalegre.org\/es\/2012\/09\/en-septiembre-recomenzamos\/#breadcrumb","itemListElement":[{"@type":"ListItem","position":1,"name":"Portada","item":"https:\/\/www.montalegre.org\/es\/"},{"@type":"ListItem","position":2,"name":"En Septiembre recomenzamos"}]},{"@type":"WebSite","@id":"https:\/\/www.montalegre.org\/es\/#website","url":"https:\/\/www.montalegre.org\/es\/","name":"Montalegre","description":"","potentialAction":[{"@type":"SearchAction","target":{"@type":"EntryPoint","urlTemplate":"https:\/\/www.montalegre.org\/es\/?s={search_term_string}"},"query-input":{"@type":"PropertyValueSpecification","valueRequired":true,"valueName":"search_term_string"}}],"inLanguage":"es"},{"@type":"Person","@id":"https:\/\/www.montalegre.org\/es\/#\/schema\/person\/fa12d4cf3a3f1735a9176b4fafd6a633","name":"montalegre","image":{"@type":"ImageObject","inLanguage":"es","@id":"https:\/\/www.montalegre.org\/es\/#\/schema\/person\/image\/","url":"https:\/\/secure.gravatar.com\/avatar\/fe6d886cf5081e723c666dceda1f12d4f39070fa2ed4e79695edc3ca355c9b5a?s=96&d=mm&r=g","contentUrl":"https:\/\/secure.gravatar.com\/avatar\/fe6d886cf5081e723c666dceda1f12d4f39070fa2ed4e79695edc3ca355c9b5a?s=96&d=mm&r=g","caption":"montalegre"},"url":"https:\/\/www.montalegre.org\/es\/author\/montalegre\/"}]}},"_links":{"self":[{"href":"https:\/\/www.montalegre.org\/es\/wp-json\/wp\/v2\/posts\/5481","targetHints":{"allow":["GET"]}}],"collection":[{"href":"https:\/\/www.montalegre.org\/es\/wp-json\/wp\/v2\/posts"}],"about":[{"href":"https:\/\/www.montalegre.org\/es\/wp-json\/wp\/v2\/types\/post"}],"author":[{"embeddable":true,"href":"https:\/\/www.montalegre.org\/es\/wp-json\/wp\/v2\/users\/4"}],"replies":[{"embeddable":true,"href":"https:\/\/www.montalegre.org\/es\/wp-json\/wp\/v2\/comments?post=5481"}],"version-history":[{"count":7,"href":"https:\/\/www.montalegre.org\/es\/wp-json\/wp\/v2\/posts\/5481\/revisions"}],"predecessor-version":[{"id":5512,"href":"https:\/\/www.montalegre.org\/es\/wp-json\/wp\/v2\/posts\/5481\/revisions\/5512"}],"wp:attachment":[{"href":"https:\/\/www.montalegre.org\/es\/wp-json\/wp\/v2\/media?parent=5481"}],"wp:term":[{"taxonomy":"category","embeddable":true,"href":"https:\/\/www.montalegre.org\/es\/wp-json\/wp\/v2\/categories?post=5481"},{"taxonomy":"post_tag","embeddable":true,"href":"https:\/\/www.montalegre.org\/es\/wp-json\/wp\/v2\/tags?post=5481"}],"curies":[{"name":"wp","href":"https:\/\/api.w.org\/{rel}","templated":true}]}}