{"id":5399,"date":"2012-07-29T08:51:03","date_gmt":"2012-07-29T08:51:03","guid":{"rendered":"http:\/\/www.montalegre.org\/?p=5399"},"modified":"2012-07-30T05:29:27","modified_gmt":"2012-07-30T05:29:27","slug":"recorrido-historico-con-san-josemaria","status":"publish","type":"post","link":"https:\/\/www.montalegre.org\/es\/2012\/07\/recorrido-historico-con-san-josemaria\/","title":{"rendered":"Recorrido hist\u00f3rico con san Josemaria"},"content":{"rendered":"<p><a href=\"http:\/\/www.montalegre.org\/2012\/07\/recorregut-historic-amb-sant-josepmaria\/imagescaqygf6v\/\" rel=\"attachment wp-att-5403\"><img loading=\"lazy\" decoding=\"async\" class=\"alignleft size-full wp-image-5403\" title=\"imagesCAQYGF6V\" src=\"http:\/\/www.montalegre.org\/wp-content\/uploads\/2012\/07\/imagesCAQYGF6V.jpg\" alt=\"\" width=\"254\" height=\"198\" \/><\/a>Se ha editado recientemente un plano-gu\u00eda de la ciudad de Barcelona en el que se destacan los lugares donde estuvo o visit\u00f3 san Josemar\u00eda Escriv\u00e1, a lo largo de su vida. En el plano se citan 22 lugares, con la direcci\u00f3n completa, haciendo referencia a la direcci\u00f3n tal como era en la \u00e9poca de la visita, relacion\u00e1ndola con la direcci\u00f3n actual. Es la propuesta de un recorrido hist\u00f3rico del santo que se inicia en el a\u00f1o 1924 con la visita al Convento de los Padres M\u00ednimos, despu\u00e9s su estancia en Barcelona, previa al paso de los Pirineos en el a\u00f1o 1937. Tambi\u00e9n, cuando vino con el venerable D. Alvaro del Portillo junto con el Siervo de Dios Jos\u00e9 Mar\u00eda Hern\u00e1ndez Garnica el a\u00f1o 1940; o las visitas Bas\u00edlica de la Sagrada Familia en los a\u00f1os 1940 y 1946, entre otros lugares. Queremos destacar que san Josemar\u00eda vino a rezar a la Iglesia de Santa Mar\u00eda de Montalegre el d\u00eda 20 de noviembre de 1972, cosa que tambi\u00e9n se cita en el plano, en su punto 20. Este recorrido nos invita a visitar la ciudad desde otro punto de vista, el del peregrinar recordando la vida de un santo.<\/p>\n<p>El plano-gu\u00eda se adjunta a continuaci\u00f3n.<\/p>\n<p><a href=\"http:\/\/www.montalegre.org\/2012\/07\/recorregut-historic-amb-sant-josepmaria\/guia_barcelona_planol\/\" rel=\"attachment wp-att-5394\">guia_barcelona_planol<\/a><\/p>\n<p>Isabel Hern\u00e1ndez Esteban<\/p>\n","protected":false},"excerpt":{"rendered":"<p>Se ha editado recientemente un plano-gu\u00eda de la ciudad de Barcelona en el que se destacan los lugares donde estuvo o visit\u00f3 san Josemar\u00eda Escriv\u00e1, a lo largo de su vida. En el plano se citan 22 lugares, con la direcci\u00f3n completa, haciendo referencia a la direcci\u00f3n tal como era en la \u00e9poca de la [&hellip;]<\/p>\n","protected":false},"author":4,"featured_media":0,"comment_status":"open","ping_status":"open","sticky":false,"template":"","format":"standard","meta":{"footnotes":""},"categories":[1],"tags":[],"class_list":["post-5399","post","type-post","status-publish","format-standard","hentry","category-noticias-de-montalegre"],"yoast_head":"<!-- This site is optimized with the Yoast SEO plugin v27.1.1 - https:\/\/yoast.com\/product\/yoast-seo-wordpress\/ -->\n<title>Recorrido hist\u00f3rico con san Josemaria - Montalegre<\/title>\n<meta name=\"robots\" content=\"index, follow, max-snippet:-1, max-image-preview:large, max-video-preview:-1\" \/>\n<link rel=\"canonical\" href=\"https:\/\/www.montalegre.org\/es\/2012\/07\/recorrido-historico-con-san-josemaria\/\" \/>\n<meta property=\"og:locale\" content=\"es_ES\" \/>\n<meta property=\"og:type\" content=\"article\" \/>\n<meta property=\"og:title\" content=\"Recorrido hist\u00f3rico con san Josemaria - Montalegre\" \/>\n<meta property=\"og:description\" content=\"Se ha editado recientemente un plano-gu\u00eda de la ciudad de Barcelona en el que se destacan los lugares donde estuvo o visit\u00f3 san Josemar\u00eda Escriv\u00e1, a lo largo de su vida. En el plano se citan 22 lugares, con la direcci\u00f3n completa, haciendo referencia a la direcci\u00f3n tal como era en la \u00e9poca de la [&hellip;]\" \/>\n<meta property=\"og:url\" content=\"https:\/\/www.montalegre.org\/es\/2012\/07\/recorrido-historico-con-san-josemaria\/\" \/>\n<meta property=\"og:site_name\" content=\"Montalegre\" \/>\n<meta property=\"article:published_time\" content=\"2012-07-29T08:51:03+00:00\" \/>\n<meta property=\"article:modified_time\" content=\"2012-07-30T05:29:27+00:00\" \/>\n<meta property=\"og:image\" content=\"http:\/\/www.montalegre.org\/wp-content\/uploads\/2012\/07\/imagesCAQYGF6V.jpg\" \/>\n<meta name=\"author\" content=\"montalegre\" \/>\n<meta name=\"twitter:card\" content=\"summary_large_image\" \/>\n<meta name=\"twitter:label1\" content=\"Escrito por\" \/>\n\t<meta name=\"twitter:data1\" content=\"montalegre\" \/>\n\t<meta name=\"twitter:label2\" content=\"Tiempo de lectura\" \/>\n\t<meta name=\"twitter:data2\" content=\"1 minuto\" \/>\n<script type=\"application\/ld+json\" class=\"yoast-schema-graph\">{\"@context\":\"https:\/\/schema.org\",\"@graph\":[{\"@type\":\"Article\",\"@id\":\"https:\/\/www.montalegre.org\/es\/2012\/07\/recorrido-historico-con-san-josemaria\/#article\",\"isPartOf\":{\"@id\":\"https:\/\/www.montalegre.org\/es\/2012\/07\/recorrido-historico-con-san-josemaria\/\"},\"author\":{\"name\":\"montalegre\",\"@id\":\"https:\/\/www.montalegre.org\/es\/#\/schema\/person\/fa12d4cf3a3f1735a9176b4fafd6a633\"},\"headline\":\"Recorrido hist\u00f3rico con san Josemaria\",\"datePublished\":\"2012-07-29T08:51:03+00:00\",\"dateModified\":\"2012-07-30T05:29:27+00:00\",\"mainEntityOfPage\":{\"@id\":\"https:\/\/www.montalegre.org\/es\/2012\/07\/recorrido-historico-con-san-josemaria\/\"},\"wordCount\":231,\"commentCount\":0,\"image\":{\"@id\":\"https:\/\/www.montalegre.org\/es\/2012\/07\/recorrido-historico-con-san-josemaria\/#primaryimage\"},\"thumbnailUrl\":\"http:\/\/www.montalegre.org\/wp-content\/uploads\/2012\/07\/imagesCAQYGF6V.jpg\",\"articleSection\":[\"Noticias de Montalegre\"],\"inLanguage\":\"es\",\"potentialAction\":[{\"@type\":\"CommentAction\",\"name\":\"Comment\",\"target\":[\"https:\/\/www.montalegre.org\/es\/2012\/07\/recorrido-historico-con-san-josemaria\/#respond\"]}]},{\"@type\":\"WebPage\",\"@id\":\"https:\/\/www.montalegre.org\/es\/2012\/07\/recorrido-historico-con-san-josemaria\/\",\"url\":\"https:\/\/www.montalegre.org\/es\/2012\/07\/recorrido-historico-con-san-josemaria\/\",\"name\":\"Recorrido hist\u00f3rico con san Josemaria - Montalegre\",\"isPartOf\":{\"@id\":\"https:\/\/www.montalegre.org\/es\/#website\"},\"primaryImageOfPage\":{\"@id\":\"https:\/\/www.montalegre.org\/es\/2012\/07\/recorrido-historico-con-san-josemaria\/#primaryimage\"},\"image\":{\"@id\":\"https:\/\/www.montalegre.org\/es\/2012\/07\/recorrido-historico-con-san-josemaria\/#primaryimage\"},\"thumbnailUrl\":\"http:\/\/www.montalegre.org\/wp-content\/uploads\/2012\/07\/imagesCAQYGF6V.jpg\",\"datePublished\":\"2012-07-29T08:51:03+00:00\",\"dateModified\":\"2012-07-30T05:29:27+00:00\",\"author\":{\"@id\":\"https:\/\/www.montalegre.org\/es\/#\/schema\/person\/fa12d4cf3a3f1735a9176b4fafd6a633\"},\"breadcrumb\":{\"@id\":\"https:\/\/www.montalegre.org\/es\/2012\/07\/recorrido-historico-con-san-josemaria\/#breadcrumb\"},\"inLanguage\":\"es\",\"potentialAction\":[{\"@type\":\"ReadAction\",\"target\":[\"https:\/\/www.montalegre.org\/es\/2012\/07\/recorrido-historico-con-san-josemaria\/\"]}]},{\"@type\":\"ImageObject\",\"inLanguage\":\"es\",\"@id\":\"https:\/\/www.montalegre.org\/es\/2012\/07\/recorrido-historico-con-san-josemaria\/#primaryimage\",\"url\":\"http:\/\/www.montalegre.org\/wp-content\/uploads\/2012\/07\/imagesCAQYGF6V.jpg\",\"contentUrl\":\"http:\/\/www.montalegre.org\/wp-content\/uploads\/2012\/07\/imagesCAQYGF6V.jpg\"},{\"@type\":\"BreadcrumbList\",\"@id\":\"https:\/\/www.montalegre.org\/es\/2012\/07\/recorrido-historico-con-san-josemaria\/#breadcrumb\",\"itemListElement\":[{\"@type\":\"ListItem\",\"position\":1,\"name\":\"Portada\",\"item\":\"https:\/\/www.montalegre.org\/es\/\"},{\"@type\":\"ListItem\",\"position\":2,\"name\":\"Recorrido hist\u00f3rico con san Josemaria\"}]},{\"@type\":\"WebSite\",\"@id\":\"https:\/\/www.montalegre.org\/es\/#website\",\"url\":\"https:\/\/www.montalegre.org\/es\/\",\"name\":\"Montalegre\",\"description\":\"\",\"potentialAction\":[{\"@type\":\"SearchAction\",\"target\":{\"@type\":\"EntryPoint\",\"urlTemplate\":\"https:\/\/www.montalegre.org\/es\/?s={search_term_string}\"},\"query-input\":{\"@type\":\"PropertyValueSpecification\",\"valueRequired\":true,\"valueName\":\"search_term_string\"}}],\"inLanguage\":\"es\"},{\"@type\":\"Person\",\"@id\":\"https:\/\/www.montalegre.org\/es\/#\/schema\/person\/fa12d4cf3a3f1735a9176b4fafd6a633\",\"name\":\"montalegre\",\"image\":{\"@type\":\"ImageObject\",\"inLanguage\":\"es\",\"@id\":\"https:\/\/www.montalegre.org\/es\/#\/schema\/person\/image\/\",\"url\":\"https:\/\/secure.gravatar.com\/avatar\/fe6d886cf5081e723c666dceda1f12d4f39070fa2ed4e79695edc3ca355c9b5a?s=96&d=mm&r=g\",\"contentUrl\":\"https:\/\/secure.gravatar.com\/avatar\/fe6d886cf5081e723c666dceda1f12d4f39070fa2ed4e79695edc3ca355c9b5a?s=96&d=mm&r=g\",\"caption\":\"montalegre\"},\"url\":\"https:\/\/www.montalegre.org\/es\/author\/montalegre\/\"}]}<\/script>\n<!-- \/ Yoast SEO plugin. -->","yoast_head_json":{"title":"Recorrido hist\u00f3rico con san Josemaria - Montalegre","robots":{"index":"index","follow":"follow","max-snippet":"max-snippet:-1","max-image-preview":"max-image-preview:large","max-video-preview":"max-video-preview:-1"},"canonical":"https:\/\/www.montalegre.org\/es\/2012\/07\/recorrido-historico-con-san-josemaria\/","og_locale":"es_ES","og_type":"article","og_title":"Recorrido hist\u00f3rico con san Josemaria - Montalegre","og_description":"Se ha editado recientemente un plano-gu\u00eda de la ciudad de Barcelona en el que se destacan los lugares donde estuvo o visit\u00f3 san Josemar\u00eda Escriv\u00e1, a lo largo de su vida. En el plano se citan 22 lugares, con la direcci\u00f3n completa, haciendo referencia a la direcci\u00f3n tal como era en la \u00e9poca de la [&hellip;]","og_url":"https:\/\/www.montalegre.org\/es\/2012\/07\/recorrido-historico-con-san-josemaria\/","og_site_name":"Montalegre","article_published_time":"2012-07-29T08:51:03+00:00","article_modified_time":"2012-07-30T05:29:27+00:00","og_image":[{"url":"http:\/\/www.montalegre.org\/wp-content\/uploads\/2012\/07\/imagesCAQYGF6V.jpg","type":"","width":"","height":""}],"author":"montalegre","twitter_card":"summary_large_image","twitter_misc":{"Escrito por":"montalegre","Tiempo de lectura":"1 minuto"},"schema":{"@context":"https:\/\/schema.org","@graph":[{"@type":"Article","@id":"https:\/\/www.montalegre.org\/es\/2012\/07\/recorrido-historico-con-san-josemaria\/#article","isPartOf":{"@id":"https:\/\/www.montalegre.org\/es\/2012\/07\/recorrido-historico-con-san-josemaria\/"},"author":{"name":"montalegre","@id":"https:\/\/www.montalegre.org\/es\/#\/schema\/person\/fa12d4cf3a3f1735a9176b4fafd6a633"},"headline":"Recorrido hist\u00f3rico con san Josemaria","datePublished":"2012-07-29T08:51:03+00:00","dateModified":"2012-07-30T05:29:27+00:00","mainEntityOfPage":{"@id":"https:\/\/www.montalegre.org\/es\/2012\/07\/recorrido-historico-con-san-josemaria\/"},"wordCount":231,"commentCount":0,"image":{"@id":"https:\/\/www.montalegre.org\/es\/2012\/07\/recorrido-historico-con-san-josemaria\/#primaryimage"},"thumbnailUrl":"http:\/\/www.montalegre.org\/wp-content\/uploads\/2012\/07\/imagesCAQYGF6V.jpg","articleSection":["Noticias de Montalegre"],"inLanguage":"es","potentialAction":[{"@type":"CommentAction","name":"Comment","target":["https:\/\/www.montalegre.org\/es\/2012\/07\/recorrido-historico-con-san-josemaria\/#respond"]}]},{"@type":"WebPage","@id":"https:\/\/www.montalegre.org\/es\/2012\/07\/recorrido-historico-con-san-josemaria\/","url":"https:\/\/www.montalegre.org\/es\/2012\/07\/recorrido-historico-con-san-josemaria\/","name":"Recorrido hist\u00f3rico con san Josemaria - Montalegre","isPartOf":{"@id":"https:\/\/www.montalegre.org\/es\/#website"},"primaryImageOfPage":{"@id":"https:\/\/www.montalegre.org\/es\/2012\/07\/recorrido-historico-con-san-josemaria\/#primaryimage"},"image":{"@id":"https:\/\/www.montalegre.org\/es\/2012\/07\/recorrido-historico-con-san-josemaria\/#primaryimage"},"thumbnailUrl":"http:\/\/www.montalegre.org\/wp-content\/uploads\/2012\/07\/imagesCAQYGF6V.jpg","datePublished":"2012-07-29T08:51:03+00:00","dateModified":"2012-07-30T05:29:27+00:00","author":{"@id":"https:\/\/www.montalegre.org\/es\/#\/schema\/person\/fa12d4cf3a3f1735a9176b4fafd6a633"},"breadcrumb":{"@id":"https:\/\/www.montalegre.org\/es\/2012\/07\/recorrido-historico-con-san-josemaria\/#breadcrumb"},"inLanguage":"es","potentialAction":[{"@type":"ReadAction","target":["https:\/\/www.montalegre.org\/es\/2012\/07\/recorrido-historico-con-san-josemaria\/"]}]},{"@type":"ImageObject","inLanguage":"es","@id":"https:\/\/www.montalegre.org\/es\/2012\/07\/recorrido-historico-con-san-josemaria\/#primaryimage","url":"http:\/\/www.montalegre.org\/wp-content\/uploads\/2012\/07\/imagesCAQYGF6V.jpg","contentUrl":"http:\/\/www.montalegre.org\/wp-content\/uploads\/2012\/07\/imagesCAQYGF6V.jpg"},{"@type":"BreadcrumbList","@id":"https:\/\/www.montalegre.org\/es\/2012\/07\/recorrido-historico-con-san-josemaria\/#breadcrumb","itemListElement":[{"@type":"ListItem","position":1,"name":"Portada","item":"https:\/\/www.montalegre.org\/es\/"},{"@type":"ListItem","position":2,"name":"Recorrido hist\u00f3rico con san Josemaria"}]},{"@type":"WebSite","@id":"https:\/\/www.montalegre.org\/es\/#website","url":"https:\/\/www.montalegre.org\/es\/","name":"Montalegre","description":"","potentialAction":[{"@type":"SearchAction","target":{"@type":"EntryPoint","urlTemplate":"https:\/\/www.montalegre.org\/es\/?s={search_term_string}"},"query-input":{"@type":"PropertyValueSpecification","valueRequired":true,"valueName":"search_term_string"}}],"inLanguage":"es"},{"@type":"Person","@id":"https:\/\/www.montalegre.org\/es\/#\/schema\/person\/fa12d4cf3a3f1735a9176b4fafd6a633","name":"montalegre","image":{"@type":"ImageObject","inLanguage":"es","@id":"https:\/\/www.montalegre.org\/es\/#\/schema\/person\/image\/","url":"https:\/\/secure.gravatar.com\/avatar\/fe6d886cf5081e723c666dceda1f12d4f39070fa2ed4e79695edc3ca355c9b5a?s=96&d=mm&r=g","contentUrl":"https:\/\/secure.gravatar.com\/avatar\/fe6d886cf5081e723c666dceda1f12d4f39070fa2ed4e79695edc3ca355c9b5a?s=96&d=mm&r=g","caption":"montalegre"},"url":"https:\/\/www.montalegre.org\/es\/author\/montalegre\/"}]}},"_links":{"self":[{"href":"https:\/\/www.montalegre.org\/es\/wp-json\/wp\/v2\/posts\/5399","targetHints":{"allow":["GET"]}}],"collection":[{"href":"https:\/\/www.montalegre.org\/es\/wp-json\/wp\/v2\/posts"}],"about":[{"href":"https:\/\/www.montalegre.org\/es\/wp-json\/wp\/v2\/types\/post"}],"author":[{"embeddable":true,"href":"https:\/\/www.montalegre.org\/es\/wp-json\/wp\/v2\/users\/4"}],"replies":[{"embeddable":true,"href":"https:\/\/www.montalegre.org\/es\/wp-json\/wp\/v2\/comments?post=5399"}],"version-history":[{"count":5,"href":"https:\/\/www.montalegre.org\/es\/wp-json\/wp\/v2\/posts\/5399\/revisions"}],"predecessor-version":[{"id":5407,"href":"https:\/\/www.montalegre.org\/es\/wp-json\/wp\/v2\/posts\/5399\/revisions\/5407"}],"wp:attachment":[{"href":"https:\/\/www.montalegre.org\/es\/wp-json\/wp\/v2\/media?parent=5399"}],"wp:term":[{"taxonomy":"category","embeddable":true,"href":"https:\/\/www.montalegre.org\/es\/wp-json\/wp\/v2\/categories?post=5399"},{"taxonomy":"post_tag","embeddable":true,"href":"https:\/\/www.montalegre.org\/es\/wp-json\/wp\/v2\/tags?post=5399"}],"curies":[{"name":"wp","href":"https:\/\/api.w.org\/{rel}","templated":true}]}}