{"id":5374,"date":"2012-07-18T20:40:07","date_gmt":"2012-07-18T20:40:07","guid":{"rendered":"http:\/\/www.montalegre.org\/?p=5374"},"modified":"2012-11-24T19:20:40","modified_gmt":"2012-11-24T19:20:40","slug":"charlas-sobre-la-fe","status":"publish","type":"post","link":"https:\/\/www.montalegre.org\/es\/2012\/07\/charlas-sobre-la-fe\/","title":{"rendered":"Charlas sobre la Fe"},"content":{"rendered":"<p><a href=\"http:\/\/www.montalegre.org\/es\/2012\/07\/charlas-sobre-la-fe\/index_benxvi\/\" rel=\"attachment wp-att-5416\"><img loading=\"lazy\" decoding=\"async\" class=\"alignright size-thumbnail wp-image-5416\" title=\"index_benxvi\" src=\"http:\/\/www.montalegre.org\/wp-content\/uploads\/2012\/07\/index_benxvi-150x150.jpg\" alt=\"\" width=\"154\" height=\"154\" \/><\/a>A partir del d\u00eda 23 de julio de 2012, todos los lunes despu\u00e9s de la misa de las 19h se har\u00e1 una charla sobre la Fe, en la capilla de la Virgen de la Medalla Milagrosa. La charla durar\u00e1 hasta las 20h, y se repasar\u00e1n los conceptos b\u00e1sicos del Catecismo de la Iglesia Cat\u00f3lica (CEC), una buena ocasi\u00f3n para prepararnos para el pr\u00f3ximo A\u00f1o de la Fe, anunciado por el Santo Padre, Benedicto XVI.<\/p>\n<p>Para m\u00e1s informaci\u00f3n hablar con el Mn. Joan Marc\u00e9.<\/p>\n","protected":false},"excerpt":{"rendered":"<p>A partir del d\u00eda 23 de julio de 2012, todos los lunes despu\u00e9s de la misa de las 19h se har\u00e1 una charla sobre la Fe, en la capilla de la Virgen de la Medalla Milagrosa. La charla durar\u00e1 hasta las 20h, y se repasar\u00e1n los conceptos b\u00e1sicos del Catecismo de la Iglesia Cat\u00f3lica (CEC), [&hellip;]<\/p>\n","protected":false},"author":4,"featured_media":0,"comment_status":"open","ping_status":"open","sticky":false,"template":"","format":"standard","meta":{"footnotes":""},"categories":[7],"tags":[],"class_list":["post-5374","post","type-post","status-publish","format-standard","hentry","category-agenda"],"yoast_head":"<!-- This site is optimized with the Yoast SEO plugin v27.1.1 - https:\/\/yoast.com\/product\/yoast-seo-wordpress\/ -->\n<title>Charlas sobre la Fe - Montalegre<\/title>\n<meta name=\"robots\" content=\"index, follow, max-snippet:-1, max-image-preview:large, max-video-preview:-1\" \/>\n<link rel=\"canonical\" href=\"https:\/\/www.montalegre.org\/es\/2012\/07\/charlas-sobre-la-fe\/\" \/>\n<meta property=\"og:locale\" content=\"es_ES\" \/>\n<meta property=\"og:type\" content=\"article\" \/>\n<meta property=\"og:title\" content=\"Charlas sobre la Fe - Montalegre\" \/>\n<meta property=\"og:description\" content=\"A partir del d\u00eda 23 de julio de 2012, todos los lunes despu\u00e9s de la misa de las 19h se har\u00e1 una charla sobre la Fe, en la capilla de la Virgen de la Medalla Milagrosa. La charla durar\u00e1 hasta las 20h, y se repasar\u00e1n los conceptos b\u00e1sicos del Catecismo de la Iglesia Cat\u00f3lica (CEC), [&hellip;]\" \/>\n<meta property=\"og:url\" content=\"https:\/\/www.montalegre.org\/es\/2012\/07\/charlas-sobre-la-fe\/\" \/>\n<meta property=\"og:site_name\" content=\"Montalegre\" \/>\n<meta property=\"article:published_time\" content=\"2012-07-18T20:40:07+00:00\" \/>\n<meta property=\"article:modified_time\" content=\"2012-11-24T19:20:40+00:00\" \/>\n<meta property=\"og:image\" content=\"http:\/\/www.montalegre.org\/wp-content\/uploads\/2012\/07\/index_benxvi-150x150.jpg\" \/>\n<meta name=\"author\" content=\"montalegre\" \/>\n<meta name=\"twitter:card\" content=\"summary_large_image\" \/>\n<meta name=\"twitter:label1\" content=\"Escrito por\" \/>\n\t<meta name=\"twitter:data1\" content=\"montalegre\" \/>\n<script type=\"application\/ld+json\" class=\"yoast-schema-graph\">{\"@context\":\"https:\/\/schema.org\",\"@graph\":[{\"@type\":\"Article\",\"@id\":\"https:\/\/www.montalegre.org\/es\/2012\/07\/charlas-sobre-la-fe\/#article\",\"isPartOf\":{\"@id\":\"https:\/\/www.montalegre.org\/es\/2012\/07\/charlas-sobre-la-fe\/\"},\"author\":{\"name\":\"montalegre\",\"@id\":\"https:\/\/www.montalegre.org\/es\/#\/schema\/person\/fa12d4cf3a3f1735a9176b4fafd6a633\"},\"headline\":\"Charlas sobre la Fe\",\"datePublished\":\"2012-07-18T20:40:07+00:00\",\"dateModified\":\"2012-11-24T19:20:40+00:00\",\"mainEntityOfPage\":{\"@id\":\"https:\/\/www.montalegre.org\/es\/2012\/07\/charlas-sobre-la-fe\/\"},\"wordCount\":95,\"commentCount\":0,\"image\":{\"@id\":\"https:\/\/www.montalegre.org\/es\/2012\/07\/charlas-sobre-la-fe\/#primaryimage\"},\"thumbnailUrl\":\"http:\/\/www.montalegre.org\/wp-content\/uploads\/2012\/07\/index_benxvi-150x150.jpg\",\"articleSection\":[\"Agenda\"],\"inLanguage\":\"es\",\"potentialAction\":[{\"@type\":\"CommentAction\",\"name\":\"Comment\",\"target\":[\"https:\/\/www.montalegre.org\/es\/2012\/07\/charlas-sobre-la-fe\/#respond\"]}]},{\"@type\":\"WebPage\",\"@id\":\"https:\/\/www.montalegre.org\/es\/2012\/07\/charlas-sobre-la-fe\/\",\"url\":\"https:\/\/www.montalegre.org\/es\/2012\/07\/charlas-sobre-la-fe\/\",\"name\":\"Charlas sobre la Fe - Montalegre\",\"isPartOf\":{\"@id\":\"https:\/\/www.montalegre.org\/es\/#website\"},\"primaryImageOfPage\":{\"@id\":\"https:\/\/www.montalegre.org\/es\/2012\/07\/charlas-sobre-la-fe\/#primaryimage\"},\"image\":{\"@id\":\"https:\/\/www.montalegre.org\/es\/2012\/07\/charlas-sobre-la-fe\/#primaryimage\"},\"thumbnailUrl\":\"http:\/\/www.montalegre.org\/wp-content\/uploads\/2012\/07\/index_benxvi-150x150.jpg\",\"datePublished\":\"2012-07-18T20:40:07+00:00\",\"dateModified\":\"2012-11-24T19:20:40+00:00\",\"author\":{\"@id\":\"https:\/\/www.montalegre.org\/es\/#\/schema\/person\/fa12d4cf3a3f1735a9176b4fafd6a633\"},\"breadcrumb\":{\"@id\":\"https:\/\/www.montalegre.org\/es\/2012\/07\/charlas-sobre-la-fe\/#breadcrumb\"},\"inLanguage\":\"es\",\"potentialAction\":[{\"@type\":\"ReadAction\",\"target\":[\"https:\/\/www.montalegre.org\/es\/2012\/07\/charlas-sobre-la-fe\/\"]}]},{\"@type\":\"ImageObject\",\"inLanguage\":\"es\",\"@id\":\"https:\/\/www.montalegre.org\/es\/2012\/07\/charlas-sobre-la-fe\/#primaryimage\",\"url\":\"http:\/\/www.montalegre.org\/wp-content\/uploads\/2012\/07\/index_benxvi-150x150.jpg\",\"contentUrl\":\"http:\/\/www.montalegre.org\/wp-content\/uploads\/2012\/07\/index_benxvi-150x150.jpg\"},{\"@type\":\"BreadcrumbList\",\"@id\":\"https:\/\/www.montalegre.org\/es\/2012\/07\/charlas-sobre-la-fe\/#breadcrumb\",\"itemListElement\":[{\"@type\":\"ListItem\",\"position\":1,\"name\":\"Portada\",\"item\":\"https:\/\/www.montalegre.org\/es\/\"},{\"@type\":\"ListItem\",\"position\":2,\"name\":\"Charlas sobre la Fe\"}]},{\"@type\":\"WebSite\",\"@id\":\"https:\/\/www.montalegre.org\/es\/#website\",\"url\":\"https:\/\/www.montalegre.org\/es\/\",\"name\":\"Montalegre\",\"description\":\"\",\"potentialAction\":[{\"@type\":\"SearchAction\",\"target\":{\"@type\":\"EntryPoint\",\"urlTemplate\":\"https:\/\/www.montalegre.org\/es\/?s={search_term_string}\"},\"query-input\":{\"@type\":\"PropertyValueSpecification\",\"valueRequired\":true,\"valueName\":\"search_term_string\"}}],\"inLanguage\":\"es\"},{\"@type\":\"Person\",\"@id\":\"https:\/\/www.montalegre.org\/es\/#\/schema\/person\/fa12d4cf3a3f1735a9176b4fafd6a633\",\"name\":\"montalegre\",\"image\":{\"@type\":\"ImageObject\",\"inLanguage\":\"es\",\"@id\":\"https:\/\/www.montalegre.org\/es\/#\/schema\/person\/image\/\",\"url\":\"https:\/\/secure.gravatar.com\/avatar\/fe6d886cf5081e723c666dceda1f12d4f39070fa2ed4e79695edc3ca355c9b5a?s=96&d=mm&r=g\",\"contentUrl\":\"https:\/\/secure.gravatar.com\/avatar\/fe6d886cf5081e723c666dceda1f12d4f39070fa2ed4e79695edc3ca355c9b5a?s=96&d=mm&r=g\",\"caption\":\"montalegre\"},\"url\":\"https:\/\/www.montalegre.org\/es\/author\/montalegre\/\"}]}<\/script>\n<!-- \/ Yoast SEO plugin. -->","yoast_head_json":{"title":"Charlas sobre la Fe - Montalegre","robots":{"index":"index","follow":"follow","max-snippet":"max-snippet:-1","max-image-preview":"max-image-preview:large","max-video-preview":"max-video-preview:-1"},"canonical":"https:\/\/www.montalegre.org\/es\/2012\/07\/charlas-sobre-la-fe\/","og_locale":"es_ES","og_type":"article","og_title":"Charlas sobre la Fe - Montalegre","og_description":"A partir del d\u00eda 23 de julio de 2012, todos los lunes despu\u00e9s de la misa de las 19h se har\u00e1 una charla sobre la Fe, en la capilla de la Virgen de la Medalla Milagrosa. La charla durar\u00e1 hasta las 20h, y se repasar\u00e1n los conceptos b\u00e1sicos del Catecismo de la Iglesia Cat\u00f3lica (CEC), [&hellip;]","og_url":"https:\/\/www.montalegre.org\/es\/2012\/07\/charlas-sobre-la-fe\/","og_site_name":"Montalegre","article_published_time":"2012-07-18T20:40:07+00:00","article_modified_time":"2012-11-24T19:20:40+00:00","og_image":[{"url":"http:\/\/www.montalegre.org\/wp-content\/uploads\/2012\/07\/index_benxvi-150x150.jpg","type":"","width":"","height":""}],"author":"montalegre","twitter_card":"summary_large_image","twitter_misc":{"Escrito por":"montalegre"},"schema":{"@context":"https:\/\/schema.org","@graph":[{"@type":"Article","@id":"https:\/\/www.montalegre.org\/es\/2012\/07\/charlas-sobre-la-fe\/#article","isPartOf":{"@id":"https:\/\/www.montalegre.org\/es\/2012\/07\/charlas-sobre-la-fe\/"},"author":{"name":"montalegre","@id":"https:\/\/www.montalegre.org\/es\/#\/schema\/person\/fa12d4cf3a3f1735a9176b4fafd6a633"},"headline":"Charlas sobre la Fe","datePublished":"2012-07-18T20:40:07+00:00","dateModified":"2012-11-24T19:20:40+00:00","mainEntityOfPage":{"@id":"https:\/\/www.montalegre.org\/es\/2012\/07\/charlas-sobre-la-fe\/"},"wordCount":95,"commentCount":0,"image":{"@id":"https:\/\/www.montalegre.org\/es\/2012\/07\/charlas-sobre-la-fe\/#primaryimage"},"thumbnailUrl":"http:\/\/www.montalegre.org\/wp-content\/uploads\/2012\/07\/index_benxvi-150x150.jpg","articleSection":["Agenda"],"inLanguage":"es","potentialAction":[{"@type":"CommentAction","name":"Comment","target":["https:\/\/www.montalegre.org\/es\/2012\/07\/charlas-sobre-la-fe\/#respond"]}]},{"@type":"WebPage","@id":"https:\/\/www.montalegre.org\/es\/2012\/07\/charlas-sobre-la-fe\/","url":"https:\/\/www.montalegre.org\/es\/2012\/07\/charlas-sobre-la-fe\/","name":"Charlas sobre la Fe - Montalegre","isPartOf":{"@id":"https:\/\/www.montalegre.org\/es\/#website"},"primaryImageOfPage":{"@id":"https:\/\/www.montalegre.org\/es\/2012\/07\/charlas-sobre-la-fe\/#primaryimage"},"image":{"@id":"https:\/\/www.montalegre.org\/es\/2012\/07\/charlas-sobre-la-fe\/#primaryimage"},"thumbnailUrl":"http:\/\/www.montalegre.org\/wp-content\/uploads\/2012\/07\/index_benxvi-150x150.jpg","datePublished":"2012-07-18T20:40:07+00:00","dateModified":"2012-11-24T19:20:40+00:00","author":{"@id":"https:\/\/www.montalegre.org\/es\/#\/schema\/person\/fa12d4cf3a3f1735a9176b4fafd6a633"},"breadcrumb":{"@id":"https:\/\/www.montalegre.org\/es\/2012\/07\/charlas-sobre-la-fe\/#breadcrumb"},"inLanguage":"es","potentialAction":[{"@type":"ReadAction","target":["https:\/\/www.montalegre.org\/es\/2012\/07\/charlas-sobre-la-fe\/"]}]},{"@type":"ImageObject","inLanguage":"es","@id":"https:\/\/www.montalegre.org\/es\/2012\/07\/charlas-sobre-la-fe\/#primaryimage","url":"http:\/\/www.montalegre.org\/wp-content\/uploads\/2012\/07\/index_benxvi-150x150.jpg","contentUrl":"http:\/\/www.montalegre.org\/wp-content\/uploads\/2012\/07\/index_benxvi-150x150.jpg"},{"@type":"BreadcrumbList","@id":"https:\/\/www.montalegre.org\/es\/2012\/07\/charlas-sobre-la-fe\/#breadcrumb","itemListElement":[{"@type":"ListItem","position":1,"name":"Portada","item":"https:\/\/www.montalegre.org\/es\/"},{"@type":"ListItem","position":2,"name":"Charlas sobre la Fe"}]},{"@type":"WebSite","@id":"https:\/\/www.montalegre.org\/es\/#website","url":"https:\/\/www.montalegre.org\/es\/","name":"Montalegre","description":"","potentialAction":[{"@type":"SearchAction","target":{"@type":"EntryPoint","urlTemplate":"https:\/\/www.montalegre.org\/es\/?s={search_term_string}"},"query-input":{"@type":"PropertyValueSpecification","valueRequired":true,"valueName":"search_term_string"}}],"inLanguage":"es"},{"@type":"Person","@id":"https:\/\/www.montalegre.org\/es\/#\/schema\/person\/fa12d4cf3a3f1735a9176b4fafd6a633","name":"montalegre","image":{"@type":"ImageObject","inLanguage":"es","@id":"https:\/\/www.montalegre.org\/es\/#\/schema\/person\/image\/","url":"https:\/\/secure.gravatar.com\/avatar\/fe6d886cf5081e723c666dceda1f12d4f39070fa2ed4e79695edc3ca355c9b5a?s=96&d=mm&r=g","contentUrl":"https:\/\/secure.gravatar.com\/avatar\/fe6d886cf5081e723c666dceda1f12d4f39070fa2ed4e79695edc3ca355c9b5a?s=96&d=mm&r=g","caption":"montalegre"},"url":"https:\/\/www.montalegre.org\/es\/author\/montalegre\/"}]}},"_links":{"self":[{"href":"https:\/\/www.montalegre.org\/es\/wp-json\/wp\/v2\/posts\/5374","targetHints":{"allow":["GET"]}}],"collection":[{"href":"https:\/\/www.montalegre.org\/es\/wp-json\/wp\/v2\/posts"}],"about":[{"href":"https:\/\/www.montalegre.org\/es\/wp-json\/wp\/v2\/types\/post"}],"author":[{"embeddable":true,"href":"https:\/\/www.montalegre.org\/es\/wp-json\/wp\/v2\/users\/4"}],"replies":[{"embeddable":true,"href":"https:\/\/www.montalegre.org\/es\/wp-json\/wp\/v2\/comments?post=5374"}],"version-history":[{"count":16,"href":"https:\/\/www.montalegre.org\/es\/wp-json\/wp\/v2\/posts\/5374\/revisions"}],"predecessor-version":[{"id":5377,"href":"https:\/\/www.montalegre.org\/es\/wp-json\/wp\/v2\/posts\/5374\/revisions\/5377"}],"wp:attachment":[{"href":"https:\/\/www.montalegre.org\/es\/wp-json\/wp\/v2\/media?parent=5374"}],"wp:term":[{"taxonomy":"category","embeddable":true,"href":"https:\/\/www.montalegre.org\/es\/wp-json\/wp\/v2\/categories?post=5374"},{"taxonomy":"post_tag","embeddable":true,"href":"https:\/\/www.montalegre.org\/es\/wp-json\/wp\/v2\/tags?post=5374"}],"curies":[{"name":"wp","href":"https:\/\/api.w.org\/{rel}","templated":true}]}}