{"id":5341,"date":"2012-06-27T20:45:34","date_gmt":"2012-06-27T20:45:34","guid":{"rendered":"http:\/\/www.montalegre.org\/?p=5341"},"modified":"2012-06-27T20:45:34","modified_gmt":"2012-06-27T20:45:34","slug":"san-josemaria-el-apostol-de-la-santidad","status":"publish","type":"post","link":"https:\/\/www.montalegre.org\/es\/2012\/06\/san-josemaria-el-apostol-de-la-santidad\/","title":{"rendered":"San Josemaria, el ap\u00f3stol de la santidad"},"content":{"rendered":"<p><a href=\"http:\/\/www.montalegre.org\/es\/2012\/06\/san-josemaria-el-apostol-de-la-santidad\/josep-m-2\/\" rel=\"attachment wp-att-5342\"><img loading=\"lazy\" decoding=\"async\" class=\"alignleft size-medium wp-image-5342\" title=\"josep m\" src=\"http:\/\/www.montalegre.org\/wp-content\/uploads\/2012\/06\/josep-m1-300x225.jpg\" alt=\"\" width=\"300\" height=\"225\" \/><\/a>Tal como hab\u00edamos anunciado, se celebr\u00f3 la misa de San Josemar\u00eda el 26 de junio a las 19 horas. En esta ocasi\u00f3n la presidi\u00f3 Mn. Brossa, concelebrada con el rector Mn. Perarnau y Mn. Blasi. La iglesia estaba llen\u00edsima, tambi\u00e9n se ocup\u00f3 parcialmente la grada que hay debajo del roset\u00f3n llamado \u201cMiserere\u201d. Los cantos de la misa y los gozos del santo los cant\u00f3 la Coral Canig\u00f3 acompa\u00f1ada al \u00f3rgano por el concertista de la Casa, Josep Masabeu, dirigiendo la ceremonia Mn. Juventeny; colaboraron en las lecturas fieles habituales de la iglesia.<\/p>\n<p>En la homil\u00eda Mn. Brossa destac\u00f3 el mensaje del evangelio que se acababa de proclamar, el de la pesca milagrosa, invit\u00e1ndonos a ser ap\u00f3stoles como lo fue Pedro &#8230;<em> La santidad significa hacerse amigo de Dios porque Dios abra sus obras en nosotros, como lo hizo Pedro, d\u00e1ndole su tiempo y su vida ..<\/em> Y a\u00f1adi\u00f3: <em>Celebramos hoy la festividad de San Josemar\u00eda, \u00e9l hizo a Pedro, le prest\u00f3 su barca &#8230; En el libro &#8220;Camino&#8221; dej\u00f3 escrito: &#8220;Estas crisis mundiales son crisis de <a href=\"http:\/\/www.montalegre.org\/2012\/06\/sant-josepmaria-lapostol-de-la-santedat\/miserere\/\" rel=\"attachment wp-att-5336\"><img loading=\"lazy\" decoding=\"async\" class=\"alignright size-medium wp-image-5336\" title=\"miserere\" src=\"http:\/\/www.montalegre.org\/wp-content\/uploads\/2012\/06\/miserere-300x225.jpg\" alt=\"\" width=\"300\" height=\"225\" \/><\/a>santos&#8221;, ahora con m\u00e1s motivo necesitan que haya muchos santos &#8230;. Sin separar la santidad del apostolado, hemos de ser santos en el ordinario, en el trabajo, en la familia<\/em>. Por \u00faltimo y con motivo de la carta apost\u00f3lica del Santo Padre Benedicto XVI Puerta Fidei, y con ocasi\u00f3n del a\u00f1o de la fe que se iniciar\u00e1 el 11 de octubre de 2012, nos dijo que ley\u00e9ramos el Catecismo y que nos abri\u00e9ramos a la fe para poder abrir la puerta de la fe a muchas personas que nos rodean.<\/p>\n<p><a href=\"http:\/\/www.montalegre.org\/2012\/06\/sant-josepmaria-lapostol-de-la-santedat\/img_8389\/\" rel=\"attachment wp-att-5338\"><img loading=\"lazy\" decoding=\"async\" class=\"alignleft size-medium wp-image-5338\" title=\"IMG_8389\" src=\"http:\/\/www.montalegre.org\/wp-content\/uploads\/2012\/06\/IMG_8389-225x300.jpg\" alt=\"\" width=\"225\" height=\"300\" \/><\/a><\/p>\n<p>&nbsp;<\/p>\n<p>&nbsp;<\/p>\n<p>&nbsp;<\/p>\n<p>Una vez terminada la Santa Misa todos los fieles pudimos venerar las reliquias del santo, momento en el que se cantaron los gozos y otras canciones marianas.<\/p>\n<p>Isabel Hern\u00e1ndez Esteban<\/p>\n","protected":false},"excerpt":{"rendered":"<p>Tal como hab\u00edamos anunciado, se celebr\u00f3 la misa de San Josemar\u00eda el 26 de junio a las 19 horas. En esta ocasi\u00f3n la presidi\u00f3 Mn. Brossa, concelebrada con el rector Mn. Perarnau y Mn. Blasi. La iglesia estaba llen\u00edsima, tambi\u00e9n se ocup\u00f3 parcialmente la grada que hay debajo del roset\u00f3n llamado \u201cMiserere\u201d. Los cantos de [&hellip;]<\/p>\n","protected":false},"author":4,"featured_media":0,"comment_status":"open","ping_status":"open","sticky":false,"template":"","format":"standard","meta":{"footnotes":""},"categories":[1],"tags":[],"class_list":["post-5341","post","type-post","status-publish","format-standard","hentry","category-noticias-de-montalegre"],"yoast_head":"<!-- This site is optimized with the Yoast SEO plugin v27.1.1 - https:\/\/yoast.com\/product\/yoast-seo-wordpress\/ -->\n<title>San Josemaria, el ap\u00f3stol de la santidad - Montalegre<\/title>\n<meta name=\"robots\" content=\"index, follow, max-snippet:-1, max-image-preview:large, max-video-preview:-1\" \/>\n<link rel=\"canonical\" href=\"https:\/\/www.montalegre.org\/es\/2012\/06\/san-josemaria-el-apostol-de-la-santidad\/\" \/>\n<meta property=\"og:locale\" content=\"es_ES\" \/>\n<meta property=\"og:type\" content=\"article\" \/>\n<meta property=\"og:title\" content=\"San Josemaria, el ap\u00f3stol de la santidad - Montalegre\" \/>\n<meta property=\"og:description\" content=\"Tal como hab\u00edamos anunciado, se celebr\u00f3 la misa de San Josemar\u00eda el 26 de junio a las 19 horas. En esta ocasi\u00f3n la presidi\u00f3 Mn. Brossa, concelebrada con el rector Mn. Perarnau y Mn. Blasi. La iglesia estaba llen\u00edsima, tambi\u00e9n se ocup\u00f3 parcialmente la grada que hay debajo del roset\u00f3n llamado \u201cMiserere\u201d. Los cantos de [&hellip;]\" \/>\n<meta property=\"og:url\" content=\"https:\/\/www.montalegre.org\/es\/2012\/06\/san-josemaria-el-apostol-de-la-santidad\/\" \/>\n<meta property=\"og:site_name\" content=\"Montalegre\" \/>\n<meta property=\"article:published_time\" content=\"2012-06-27T20:45:34+00:00\" \/>\n<meta property=\"og:image\" content=\"http:\/\/www.montalegre.org\/wp-content\/uploads\/2012\/06\/josep-m1-300x225.jpg\" \/>\n<meta name=\"author\" content=\"montalegre\" \/>\n<meta name=\"twitter:card\" content=\"summary_large_image\" \/>\n<meta name=\"twitter:label1\" content=\"Escrito por\" \/>\n\t<meta name=\"twitter:data1\" content=\"montalegre\" \/>\n\t<meta name=\"twitter:label2\" content=\"Tiempo de lectura\" \/>\n\t<meta name=\"twitter:data2\" content=\"2 minutos\" \/>\n<script type=\"application\/ld+json\" class=\"yoast-schema-graph\">{\"@context\":\"https:\/\/schema.org\",\"@graph\":[{\"@type\":\"Article\",\"@id\":\"https:\/\/www.montalegre.org\/es\/2012\/06\/san-josemaria-el-apostol-de-la-santidad\/#article\",\"isPartOf\":{\"@id\":\"https:\/\/www.montalegre.org\/es\/2012\/06\/san-josemaria-el-apostol-de-la-santidad\/\"},\"author\":{\"name\":\"montalegre\",\"@id\":\"https:\/\/www.montalegre.org\/es\/#\/schema\/person\/fa12d4cf3a3f1735a9176b4fafd6a633\"},\"headline\":\"San Josemaria, el ap\u00f3stol de la santidad\",\"datePublished\":\"2012-06-27T20:45:34+00:00\",\"mainEntityOfPage\":{\"@id\":\"https:\/\/www.montalegre.org\/es\/2012\/06\/san-josemaria-el-apostol-de-la-santidad\/\"},\"wordCount\":319,\"commentCount\":0,\"image\":{\"@id\":\"https:\/\/www.montalegre.org\/es\/2012\/06\/san-josemaria-el-apostol-de-la-santidad\/#primaryimage\"},\"thumbnailUrl\":\"http:\/\/www.montalegre.org\/wp-content\/uploads\/2012\/06\/josep-m1-300x225.jpg\",\"articleSection\":[\"Noticias de Montalegre\"],\"inLanguage\":\"es\",\"potentialAction\":[{\"@type\":\"CommentAction\",\"name\":\"Comment\",\"target\":[\"https:\/\/www.montalegre.org\/es\/2012\/06\/san-josemaria-el-apostol-de-la-santidad\/#respond\"]}]},{\"@type\":\"WebPage\",\"@id\":\"https:\/\/www.montalegre.org\/es\/2012\/06\/san-josemaria-el-apostol-de-la-santidad\/\",\"url\":\"https:\/\/www.montalegre.org\/es\/2012\/06\/san-josemaria-el-apostol-de-la-santidad\/\",\"name\":\"San Josemaria, el ap\u00f3stol de la santidad - Montalegre\",\"isPartOf\":{\"@id\":\"https:\/\/www.montalegre.org\/es\/#website\"},\"primaryImageOfPage\":{\"@id\":\"https:\/\/www.montalegre.org\/es\/2012\/06\/san-josemaria-el-apostol-de-la-santidad\/#primaryimage\"},\"image\":{\"@id\":\"https:\/\/www.montalegre.org\/es\/2012\/06\/san-josemaria-el-apostol-de-la-santidad\/#primaryimage\"},\"thumbnailUrl\":\"http:\/\/www.montalegre.org\/wp-content\/uploads\/2012\/06\/josep-m1-300x225.jpg\",\"datePublished\":\"2012-06-27T20:45:34+00:00\",\"author\":{\"@id\":\"https:\/\/www.montalegre.org\/es\/#\/schema\/person\/fa12d4cf3a3f1735a9176b4fafd6a633\"},\"breadcrumb\":{\"@id\":\"https:\/\/www.montalegre.org\/es\/2012\/06\/san-josemaria-el-apostol-de-la-santidad\/#breadcrumb\"},\"inLanguage\":\"es\",\"potentialAction\":[{\"@type\":\"ReadAction\",\"target\":[\"https:\/\/www.montalegre.org\/es\/2012\/06\/san-josemaria-el-apostol-de-la-santidad\/\"]}]},{\"@type\":\"ImageObject\",\"inLanguage\":\"es\",\"@id\":\"https:\/\/www.montalegre.org\/es\/2012\/06\/san-josemaria-el-apostol-de-la-santidad\/#primaryimage\",\"url\":\"http:\/\/www.montalegre.org\/wp-content\/uploads\/2012\/06\/josep-m1-300x225.jpg\",\"contentUrl\":\"http:\/\/www.montalegre.org\/wp-content\/uploads\/2012\/06\/josep-m1-300x225.jpg\"},{\"@type\":\"BreadcrumbList\",\"@id\":\"https:\/\/www.montalegre.org\/es\/2012\/06\/san-josemaria-el-apostol-de-la-santidad\/#breadcrumb\",\"itemListElement\":[{\"@type\":\"ListItem\",\"position\":1,\"name\":\"Portada\",\"item\":\"https:\/\/www.montalegre.org\/es\/\"},{\"@type\":\"ListItem\",\"position\":2,\"name\":\"San Josemaria, el ap\u00f3stol de la santidad\"}]},{\"@type\":\"WebSite\",\"@id\":\"https:\/\/www.montalegre.org\/es\/#website\",\"url\":\"https:\/\/www.montalegre.org\/es\/\",\"name\":\"Montalegre\",\"description\":\"\",\"potentialAction\":[{\"@type\":\"SearchAction\",\"target\":{\"@type\":\"EntryPoint\",\"urlTemplate\":\"https:\/\/www.montalegre.org\/es\/?s={search_term_string}\"},\"query-input\":{\"@type\":\"PropertyValueSpecification\",\"valueRequired\":true,\"valueName\":\"search_term_string\"}}],\"inLanguage\":\"es\"},{\"@type\":\"Person\",\"@id\":\"https:\/\/www.montalegre.org\/es\/#\/schema\/person\/fa12d4cf3a3f1735a9176b4fafd6a633\",\"name\":\"montalegre\",\"image\":{\"@type\":\"ImageObject\",\"inLanguage\":\"es\",\"@id\":\"https:\/\/www.montalegre.org\/es\/#\/schema\/person\/image\/\",\"url\":\"https:\/\/secure.gravatar.com\/avatar\/fe6d886cf5081e723c666dceda1f12d4f39070fa2ed4e79695edc3ca355c9b5a?s=96&d=mm&r=g\",\"contentUrl\":\"https:\/\/secure.gravatar.com\/avatar\/fe6d886cf5081e723c666dceda1f12d4f39070fa2ed4e79695edc3ca355c9b5a?s=96&d=mm&r=g\",\"caption\":\"montalegre\"},\"url\":\"https:\/\/www.montalegre.org\/es\/author\/montalegre\/\"}]}<\/script>\n<!-- \/ Yoast SEO plugin. -->","yoast_head_json":{"title":"San Josemaria, el ap\u00f3stol de la santidad - Montalegre","robots":{"index":"index","follow":"follow","max-snippet":"max-snippet:-1","max-image-preview":"max-image-preview:large","max-video-preview":"max-video-preview:-1"},"canonical":"https:\/\/www.montalegre.org\/es\/2012\/06\/san-josemaria-el-apostol-de-la-santidad\/","og_locale":"es_ES","og_type":"article","og_title":"San Josemaria, el ap\u00f3stol de la santidad - Montalegre","og_description":"Tal como hab\u00edamos anunciado, se celebr\u00f3 la misa de San Josemar\u00eda el 26 de junio a las 19 horas. En esta ocasi\u00f3n la presidi\u00f3 Mn. Brossa, concelebrada con el rector Mn. Perarnau y Mn. Blasi. La iglesia estaba llen\u00edsima, tambi\u00e9n se ocup\u00f3 parcialmente la grada que hay debajo del roset\u00f3n llamado \u201cMiserere\u201d. Los cantos de [&hellip;]","og_url":"https:\/\/www.montalegre.org\/es\/2012\/06\/san-josemaria-el-apostol-de-la-santidad\/","og_site_name":"Montalegre","article_published_time":"2012-06-27T20:45:34+00:00","og_image":[{"url":"http:\/\/www.montalegre.org\/wp-content\/uploads\/2012\/06\/josep-m1-300x225.jpg","type":"","width":"","height":""}],"author":"montalegre","twitter_card":"summary_large_image","twitter_misc":{"Escrito por":"montalegre","Tiempo de lectura":"2 minutos"},"schema":{"@context":"https:\/\/schema.org","@graph":[{"@type":"Article","@id":"https:\/\/www.montalegre.org\/es\/2012\/06\/san-josemaria-el-apostol-de-la-santidad\/#article","isPartOf":{"@id":"https:\/\/www.montalegre.org\/es\/2012\/06\/san-josemaria-el-apostol-de-la-santidad\/"},"author":{"name":"montalegre","@id":"https:\/\/www.montalegre.org\/es\/#\/schema\/person\/fa12d4cf3a3f1735a9176b4fafd6a633"},"headline":"San Josemaria, el ap\u00f3stol de la santidad","datePublished":"2012-06-27T20:45:34+00:00","mainEntityOfPage":{"@id":"https:\/\/www.montalegre.org\/es\/2012\/06\/san-josemaria-el-apostol-de-la-santidad\/"},"wordCount":319,"commentCount":0,"image":{"@id":"https:\/\/www.montalegre.org\/es\/2012\/06\/san-josemaria-el-apostol-de-la-santidad\/#primaryimage"},"thumbnailUrl":"http:\/\/www.montalegre.org\/wp-content\/uploads\/2012\/06\/josep-m1-300x225.jpg","articleSection":["Noticias de Montalegre"],"inLanguage":"es","potentialAction":[{"@type":"CommentAction","name":"Comment","target":["https:\/\/www.montalegre.org\/es\/2012\/06\/san-josemaria-el-apostol-de-la-santidad\/#respond"]}]},{"@type":"WebPage","@id":"https:\/\/www.montalegre.org\/es\/2012\/06\/san-josemaria-el-apostol-de-la-santidad\/","url":"https:\/\/www.montalegre.org\/es\/2012\/06\/san-josemaria-el-apostol-de-la-santidad\/","name":"San Josemaria, el ap\u00f3stol de la santidad - Montalegre","isPartOf":{"@id":"https:\/\/www.montalegre.org\/es\/#website"},"primaryImageOfPage":{"@id":"https:\/\/www.montalegre.org\/es\/2012\/06\/san-josemaria-el-apostol-de-la-santidad\/#primaryimage"},"image":{"@id":"https:\/\/www.montalegre.org\/es\/2012\/06\/san-josemaria-el-apostol-de-la-santidad\/#primaryimage"},"thumbnailUrl":"http:\/\/www.montalegre.org\/wp-content\/uploads\/2012\/06\/josep-m1-300x225.jpg","datePublished":"2012-06-27T20:45:34+00:00","author":{"@id":"https:\/\/www.montalegre.org\/es\/#\/schema\/person\/fa12d4cf3a3f1735a9176b4fafd6a633"},"breadcrumb":{"@id":"https:\/\/www.montalegre.org\/es\/2012\/06\/san-josemaria-el-apostol-de-la-santidad\/#breadcrumb"},"inLanguage":"es","potentialAction":[{"@type":"ReadAction","target":["https:\/\/www.montalegre.org\/es\/2012\/06\/san-josemaria-el-apostol-de-la-santidad\/"]}]},{"@type":"ImageObject","inLanguage":"es","@id":"https:\/\/www.montalegre.org\/es\/2012\/06\/san-josemaria-el-apostol-de-la-santidad\/#primaryimage","url":"http:\/\/www.montalegre.org\/wp-content\/uploads\/2012\/06\/josep-m1-300x225.jpg","contentUrl":"http:\/\/www.montalegre.org\/wp-content\/uploads\/2012\/06\/josep-m1-300x225.jpg"},{"@type":"BreadcrumbList","@id":"https:\/\/www.montalegre.org\/es\/2012\/06\/san-josemaria-el-apostol-de-la-santidad\/#breadcrumb","itemListElement":[{"@type":"ListItem","position":1,"name":"Portada","item":"https:\/\/www.montalegre.org\/es\/"},{"@type":"ListItem","position":2,"name":"San Josemaria, el ap\u00f3stol de la santidad"}]},{"@type":"WebSite","@id":"https:\/\/www.montalegre.org\/es\/#website","url":"https:\/\/www.montalegre.org\/es\/","name":"Montalegre","description":"","potentialAction":[{"@type":"SearchAction","target":{"@type":"EntryPoint","urlTemplate":"https:\/\/www.montalegre.org\/es\/?s={search_term_string}"},"query-input":{"@type":"PropertyValueSpecification","valueRequired":true,"valueName":"search_term_string"}}],"inLanguage":"es"},{"@type":"Person","@id":"https:\/\/www.montalegre.org\/es\/#\/schema\/person\/fa12d4cf3a3f1735a9176b4fafd6a633","name":"montalegre","image":{"@type":"ImageObject","inLanguage":"es","@id":"https:\/\/www.montalegre.org\/es\/#\/schema\/person\/image\/","url":"https:\/\/secure.gravatar.com\/avatar\/fe6d886cf5081e723c666dceda1f12d4f39070fa2ed4e79695edc3ca355c9b5a?s=96&d=mm&r=g","contentUrl":"https:\/\/secure.gravatar.com\/avatar\/fe6d886cf5081e723c666dceda1f12d4f39070fa2ed4e79695edc3ca355c9b5a?s=96&d=mm&r=g","caption":"montalegre"},"url":"https:\/\/www.montalegre.org\/es\/author\/montalegre\/"}]}},"_links":{"self":[{"href":"https:\/\/www.montalegre.org\/es\/wp-json\/wp\/v2\/posts\/5341","targetHints":{"allow":["GET"]}}],"collection":[{"href":"https:\/\/www.montalegre.org\/es\/wp-json\/wp\/v2\/posts"}],"about":[{"href":"https:\/\/www.montalegre.org\/es\/wp-json\/wp\/v2\/types\/post"}],"author":[{"embeddable":true,"href":"https:\/\/www.montalegre.org\/es\/wp-json\/wp\/v2\/users\/4"}],"replies":[{"embeddable":true,"href":"https:\/\/www.montalegre.org\/es\/wp-json\/wp\/v2\/comments?post=5341"}],"version-history":[{"count":3,"href":"https:\/\/www.montalegre.org\/es\/wp-json\/wp\/v2\/posts\/5341\/revisions"}],"predecessor-version":[{"id":5345,"href":"https:\/\/www.montalegre.org\/es\/wp-json\/wp\/v2\/posts\/5341\/revisions\/5345"}],"wp:attachment":[{"href":"https:\/\/www.montalegre.org\/es\/wp-json\/wp\/v2\/media?parent=5341"}],"wp:term":[{"taxonomy":"category","embeddable":true,"href":"https:\/\/www.montalegre.org\/es\/wp-json\/wp\/v2\/categories?post=5341"},{"taxonomy":"post_tag","embeddable":true,"href":"https:\/\/www.montalegre.org\/es\/wp-json\/wp\/v2\/tags?post=5341"}],"curies":[{"name":"wp","href":"https:\/\/api.w.org\/{rel}","templated":true}]}}