{"id":5301,"date":"2012-06-13T16:02:09","date_gmt":"2012-06-13T16:02:09","guid":{"rendered":"http:\/\/www.montalegre.org\/?p=5301"},"modified":"2012-06-13T16:02:09","modified_gmt":"2012-06-13T16:02:09","slug":"26-de-junio-misa-en-la-fiesta-de-san-josemaria","status":"publish","type":"post","link":"https:\/\/www.montalegre.org\/es\/2012\/06\/26-de-junio-misa-en-la-fiesta-de-san-josemaria\/","title":{"rendered":"26 de Junio, Misa en la fiesta de San Josemar\u00eda"},"content":{"rendered":"<p style=\"text-align: center;\"><strong>EL MARTES D\u00cdA 26 DE JUNIO,<\/strong><\/p>\n<p><strong> A LAS<\/strong><\/p>\n<p><strong> 07:00 DE LA TARDE<\/strong><\/p>\n<p><strong> SE CELEBRAR\u00c1 UNA MISA SOLEMNE CON MOTIVO DE LA FIESTA DE<\/strong><\/p>\n<p><strong> SAN JOSEMAR\u00cdA ESCRIV\u00c1<\/strong><\/p>\n<p><strong>\u00a0 Presidir\u00e1 la celebraci\u00f3n el Dr. Xavier Brossa<\/strong><\/p>\n<p><strong> de la Delegaci\u00f3n del Opus Dei en Catalu\u00f1a<\/strong><\/p>\n<p><strong> Cantar\u00e1 la Coral DEL COLEGIO CANIG\u00d3.<\/strong><\/p>\n<p><strong> AL ACABAR\u00a0 SE VENERAR\u00c1 LA RELIQUIA DEL SANTO.<\/strong><\/p>\n","protected":false},"excerpt":{"rendered":"<p>EL MARTES D\u00cdA 26 DE JUNIO, A LAS 07:00 DE LA TARDE SE CELEBRAR\u00c1 UNA MISA SOLEMNE CON MOTIVO DE LA FIESTA DE SAN JOSEMAR\u00cdA ESCRIV\u00c1 \u00a0 Presidir\u00e1 la celebraci\u00f3n el Dr. Xavier Brossa de la Delegaci\u00f3n del Opus Dei en Catalu\u00f1a Cantar\u00e1 la Coral DEL COLEGIO CANIG\u00d3. AL ACABAR\u00a0 SE VENERAR\u00c1 LA RELIQUIA DEL [&hellip;]<\/p>\n","protected":false},"author":4,"featured_media":0,"comment_status":"open","ping_status":"open","sticky":false,"template":"","format":"standard","meta":{"footnotes":""},"categories":[7],"tags":[],"class_list":["post-5301","post","type-post","status-publish","format-standard","hentry","category-agenda"],"yoast_head":"<!-- This site is optimized with the Yoast SEO plugin v27.1.1 - https:\/\/yoast.com\/product\/yoast-seo-wordpress\/ -->\n<title>26 de Junio, Misa en la fiesta de San Josemar\u00eda - Montalegre<\/title>\n<meta name=\"robots\" content=\"index, follow, max-snippet:-1, max-image-preview:large, max-video-preview:-1\" \/>\n<link rel=\"canonical\" href=\"https:\/\/www.montalegre.org\/es\/2012\/06\/26-de-junio-misa-en-la-fiesta-de-san-josemaria\/\" \/>\n<meta property=\"og:locale\" content=\"es_ES\" \/>\n<meta property=\"og:type\" content=\"article\" \/>\n<meta property=\"og:title\" content=\"26 de Junio, Misa en la fiesta de San Josemar\u00eda - Montalegre\" \/>\n<meta property=\"og:description\" content=\"EL MARTES D\u00cdA 26 DE JUNIO, A LAS 07:00 DE LA TARDE SE CELEBRAR\u00c1 UNA MISA SOLEMNE CON MOTIVO DE LA FIESTA DE SAN JOSEMAR\u00cdA ESCRIV\u00c1 \u00a0 Presidir\u00e1 la celebraci\u00f3n el Dr. Xavier Brossa de la Delegaci\u00f3n del Opus Dei en Catalu\u00f1a Cantar\u00e1 la Coral DEL COLEGIO CANIG\u00d3. AL ACABAR\u00a0 SE VENERAR\u00c1 LA RELIQUIA DEL [&hellip;]\" \/>\n<meta property=\"og:url\" content=\"https:\/\/www.montalegre.org\/es\/2012\/06\/26-de-junio-misa-en-la-fiesta-de-san-josemaria\/\" \/>\n<meta property=\"og:site_name\" content=\"Montalegre\" \/>\n<meta property=\"article:published_time\" content=\"2012-06-13T16:02:09+00:00\" \/>\n<meta name=\"author\" content=\"montalegre\" \/>\n<meta name=\"twitter:card\" content=\"summary_large_image\" \/>\n<meta name=\"twitter:label1\" content=\"Escrito por\" \/>\n\t<meta name=\"twitter:data1\" content=\"montalegre\" \/>\n<script type=\"application\/ld+json\" class=\"yoast-schema-graph\">{\"@context\":\"https:\/\/schema.org\",\"@graph\":[{\"@type\":\"Article\",\"@id\":\"https:\/\/www.montalegre.org\/es\/2012\/06\/26-de-junio-misa-en-la-fiesta-de-san-josemaria\/#article\",\"isPartOf\":{\"@id\":\"https:\/\/www.montalegre.org\/es\/2012\/06\/26-de-junio-misa-en-la-fiesta-de-san-josemaria\/\"},\"author\":{\"name\":\"montalegre\",\"@id\":\"https:\/\/www.montalegre.org\/es\/#\/schema\/person\/fa12d4cf3a3f1735a9176b4fafd6a633\"},\"headline\":\"26 de Junio, Misa en la fiesta de San Josemar\u00eda\",\"datePublished\":\"2012-06-13T16:02:09+00:00\",\"mainEntityOfPage\":{\"@id\":\"https:\/\/www.montalegre.org\/es\/2012\/06\/26-de-junio-misa-en-la-fiesta-de-san-josemaria\/\"},\"wordCount\":68,\"commentCount\":0,\"articleSection\":[\"Agenda\"],\"inLanguage\":\"es\",\"potentialAction\":[{\"@type\":\"CommentAction\",\"name\":\"Comment\",\"target\":[\"https:\/\/www.montalegre.org\/es\/2012\/06\/26-de-junio-misa-en-la-fiesta-de-san-josemaria\/#respond\"]}]},{\"@type\":\"WebPage\",\"@id\":\"https:\/\/www.montalegre.org\/es\/2012\/06\/26-de-junio-misa-en-la-fiesta-de-san-josemaria\/\",\"url\":\"https:\/\/www.montalegre.org\/es\/2012\/06\/26-de-junio-misa-en-la-fiesta-de-san-josemaria\/\",\"name\":\"26 de Junio, Misa en la fiesta de San Josemar\u00eda - Montalegre\",\"isPartOf\":{\"@id\":\"https:\/\/www.montalegre.org\/es\/#website\"},\"datePublished\":\"2012-06-13T16:02:09+00:00\",\"author\":{\"@id\":\"https:\/\/www.montalegre.org\/es\/#\/schema\/person\/fa12d4cf3a3f1735a9176b4fafd6a633\"},\"breadcrumb\":{\"@id\":\"https:\/\/www.montalegre.org\/es\/2012\/06\/26-de-junio-misa-en-la-fiesta-de-san-josemaria\/#breadcrumb\"},\"inLanguage\":\"es\",\"potentialAction\":[{\"@type\":\"ReadAction\",\"target\":[\"https:\/\/www.montalegre.org\/es\/2012\/06\/26-de-junio-misa-en-la-fiesta-de-san-josemaria\/\"]}]},{\"@type\":\"BreadcrumbList\",\"@id\":\"https:\/\/www.montalegre.org\/es\/2012\/06\/26-de-junio-misa-en-la-fiesta-de-san-josemaria\/#breadcrumb\",\"itemListElement\":[{\"@type\":\"ListItem\",\"position\":1,\"name\":\"Portada\",\"item\":\"https:\/\/www.montalegre.org\/es\/\"},{\"@type\":\"ListItem\",\"position\":2,\"name\":\"26 de Junio, Misa en la fiesta de San Josemar\u00eda\"}]},{\"@type\":\"WebSite\",\"@id\":\"https:\/\/www.montalegre.org\/es\/#website\",\"url\":\"https:\/\/www.montalegre.org\/es\/\",\"name\":\"Montalegre\",\"description\":\"\",\"potentialAction\":[{\"@type\":\"SearchAction\",\"target\":{\"@type\":\"EntryPoint\",\"urlTemplate\":\"https:\/\/www.montalegre.org\/es\/?s={search_term_string}\"},\"query-input\":{\"@type\":\"PropertyValueSpecification\",\"valueRequired\":true,\"valueName\":\"search_term_string\"}}],\"inLanguage\":\"es\"},{\"@type\":\"Person\",\"@id\":\"https:\/\/www.montalegre.org\/es\/#\/schema\/person\/fa12d4cf3a3f1735a9176b4fafd6a633\",\"name\":\"montalegre\",\"image\":{\"@type\":\"ImageObject\",\"inLanguage\":\"es\",\"@id\":\"https:\/\/www.montalegre.org\/es\/#\/schema\/person\/image\/\",\"url\":\"https:\/\/secure.gravatar.com\/avatar\/fe6d886cf5081e723c666dceda1f12d4f39070fa2ed4e79695edc3ca355c9b5a?s=96&d=mm&r=g\",\"contentUrl\":\"https:\/\/secure.gravatar.com\/avatar\/fe6d886cf5081e723c666dceda1f12d4f39070fa2ed4e79695edc3ca355c9b5a?s=96&d=mm&r=g\",\"caption\":\"montalegre\"},\"url\":\"https:\/\/www.montalegre.org\/es\/author\/montalegre\/\"}]}<\/script>\n<!-- \/ Yoast SEO plugin. -->","yoast_head_json":{"title":"26 de Junio, Misa en la fiesta de San Josemar\u00eda - Montalegre","robots":{"index":"index","follow":"follow","max-snippet":"max-snippet:-1","max-image-preview":"max-image-preview:large","max-video-preview":"max-video-preview:-1"},"canonical":"https:\/\/www.montalegre.org\/es\/2012\/06\/26-de-junio-misa-en-la-fiesta-de-san-josemaria\/","og_locale":"es_ES","og_type":"article","og_title":"26 de Junio, Misa en la fiesta de San Josemar\u00eda - Montalegre","og_description":"EL MARTES D\u00cdA 26 DE JUNIO, A LAS 07:00 DE LA TARDE SE CELEBRAR\u00c1 UNA MISA SOLEMNE CON MOTIVO DE LA FIESTA DE SAN JOSEMAR\u00cdA ESCRIV\u00c1 \u00a0 Presidir\u00e1 la celebraci\u00f3n el Dr. Xavier Brossa de la Delegaci\u00f3n del Opus Dei en Catalu\u00f1a Cantar\u00e1 la Coral DEL COLEGIO CANIG\u00d3. AL ACABAR\u00a0 SE VENERAR\u00c1 LA RELIQUIA DEL [&hellip;]","og_url":"https:\/\/www.montalegre.org\/es\/2012\/06\/26-de-junio-misa-en-la-fiesta-de-san-josemaria\/","og_site_name":"Montalegre","article_published_time":"2012-06-13T16:02:09+00:00","author":"montalegre","twitter_card":"summary_large_image","twitter_misc":{"Escrito por":"montalegre"},"schema":{"@context":"https:\/\/schema.org","@graph":[{"@type":"Article","@id":"https:\/\/www.montalegre.org\/es\/2012\/06\/26-de-junio-misa-en-la-fiesta-de-san-josemaria\/#article","isPartOf":{"@id":"https:\/\/www.montalegre.org\/es\/2012\/06\/26-de-junio-misa-en-la-fiesta-de-san-josemaria\/"},"author":{"name":"montalegre","@id":"https:\/\/www.montalegre.org\/es\/#\/schema\/person\/fa12d4cf3a3f1735a9176b4fafd6a633"},"headline":"26 de Junio, Misa en la fiesta de San Josemar\u00eda","datePublished":"2012-06-13T16:02:09+00:00","mainEntityOfPage":{"@id":"https:\/\/www.montalegre.org\/es\/2012\/06\/26-de-junio-misa-en-la-fiesta-de-san-josemaria\/"},"wordCount":68,"commentCount":0,"articleSection":["Agenda"],"inLanguage":"es","potentialAction":[{"@type":"CommentAction","name":"Comment","target":["https:\/\/www.montalegre.org\/es\/2012\/06\/26-de-junio-misa-en-la-fiesta-de-san-josemaria\/#respond"]}]},{"@type":"WebPage","@id":"https:\/\/www.montalegre.org\/es\/2012\/06\/26-de-junio-misa-en-la-fiesta-de-san-josemaria\/","url":"https:\/\/www.montalegre.org\/es\/2012\/06\/26-de-junio-misa-en-la-fiesta-de-san-josemaria\/","name":"26 de Junio, Misa en la fiesta de San Josemar\u00eda - Montalegre","isPartOf":{"@id":"https:\/\/www.montalegre.org\/es\/#website"},"datePublished":"2012-06-13T16:02:09+00:00","author":{"@id":"https:\/\/www.montalegre.org\/es\/#\/schema\/person\/fa12d4cf3a3f1735a9176b4fafd6a633"},"breadcrumb":{"@id":"https:\/\/www.montalegre.org\/es\/2012\/06\/26-de-junio-misa-en-la-fiesta-de-san-josemaria\/#breadcrumb"},"inLanguage":"es","potentialAction":[{"@type":"ReadAction","target":["https:\/\/www.montalegre.org\/es\/2012\/06\/26-de-junio-misa-en-la-fiesta-de-san-josemaria\/"]}]},{"@type":"BreadcrumbList","@id":"https:\/\/www.montalegre.org\/es\/2012\/06\/26-de-junio-misa-en-la-fiesta-de-san-josemaria\/#breadcrumb","itemListElement":[{"@type":"ListItem","position":1,"name":"Portada","item":"https:\/\/www.montalegre.org\/es\/"},{"@type":"ListItem","position":2,"name":"26 de Junio, Misa en la fiesta de San Josemar\u00eda"}]},{"@type":"WebSite","@id":"https:\/\/www.montalegre.org\/es\/#website","url":"https:\/\/www.montalegre.org\/es\/","name":"Montalegre","description":"","potentialAction":[{"@type":"SearchAction","target":{"@type":"EntryPoint","urlTemplate":"https:\/\/www.montalegre.org\/es\/?s={search_term_string}"},"query-input":{"@type":"PropertyValueSpecification","valueRequired":true,"valueName":"search_term_string"}}],"inLanguage":"es"},{"@type":"Person","@id":"https:\/\/www.montalegre.org\/es\/#\/schema\/person\/fa12d4cf3a3f1735a9176b4fafd6a633","name":"montalegre","image":{"@type":"ImageObject","inLanguage":"es","@id":"https:\/\/www.montalegre.org\/es\/#\/schema\/person\/image\/","url":"https:\/\/secure.gravatar.com\/avatar\/fe6d886cf5081e723c666dceda1f12d4f39070fa2ed4e79695edc3ca355c9b5a?s=96&d=mm&r=g","contentUrl":"https:\/\/secure.gravatar.com\/avatar\/fe6d886cf5081e723c666dceda1f12d4f39070fa2ed4e79695edc3ca355c9b5a?s=96&d=mm&r=g","caption":"montalegre"},"url":"https:\/\/www.montalegre.org\/es\/author\/montalegre\/"}]}},"_links":{"self":[{"href":"https:\/\/www.montalegre.org\/es\/wp-json\/wp\/v2\/posts\/5301","targetHints":{"allow":["GET"]}}],"collection":[{"href":"https:\/\/www.montalegre.org\/es\/wp-json\/wp\/v2\/posts"}],"about":[{"href":"https:\/\/www.montalegre.org\/es\/wp-json\/wp\/v2\/types\/post"}],"author":[{"embeddable":true,"href":"https:\/\/www.montalegre.org\/es\/wp-json\/wp\/v2\/users\/4"}],"replies":[{"embeddable":true,"href":"https:\/\/www.montalegre.org\/es\/wp-json\/wp\/v2\/comments?post=5301"}],"version-history":[{"count":2,"href":"https:\/\/www.montalegre.org\/es\/wp-json\/wp\/v2\/posts\/5301\/revisions"}],"predecessor-version":[{"id":5303,"href":"https:\/\/www.montalegre.org\/es\/wp-json\/wp\/v2\/posts\/5301\/revisions\/5303"}],"wp:attachment":[{"href":"https:\/\/www.montalegre.org\/es\/wp-json\/wp\/v2\/media?parent=5301"}],"wp:term":[{"taxonomy":"category","embeddable":true,"href":"https:\/\/www.montalegre.org\/es\/wp-json\/wp\/v2\/categories?post=5301"},{"taxonomy":"post_tag","embeddable":true,"href":"https:\/\/www.montalegre.org\/es\/wp-json\/wp\/v2\/tags?post=5301"}],"curies":[{"name":"wp","href":"https:\/\/api.w.org\/{rel}","templated":true}]}}