{"id":5258,"date":"2012-06-12T05:20:10","date_gmt":"2012-06-12T05:20:10","guid":{"rendered":"http:\/\/www.montalegre.org\/?p=5258"},"modified":"2012-06-12T14:48:48","modified_gmt":"2012-06-12T14:48:48","slug":"recibieron-la-primera-comunion-en-montalegre","status":"publish","type":"post","link":"https:\/\/www.montalegre.org\/es\/2012\/06\/recibieron-la-primera-comunion-en-montalegre\/","title":{"rendered":"Recibieron la Primera Comuni\u00f3n en Montalegre"},"content":{"rendered":"<p><a href=\"http:\/\/www.montalegre.org\/2012\/06\/van-rebre-la-primera-comunio-a-montalegre\/img_8351\/\" rel=\"attachment wp-att-5282\"><img loading=\"lazy\" decoding=\"async\" class=\"alignleft size-medium wp-image-5282\" title=\"IMG_8351\" src=\"http:\/\/www.montalegre.org\/wp-content\/uploads\/2012\/06\/IMG_8351-300x225.jpg\" alt=\"\" width=\"300\" height=\"225\" \/><\/a>En la tarde del s\u00e1bado 9 de junio, se celebr\u00f3 en la iglesia la Primera Comuni\u00f3n de 18 ni\u00f1os y ni\u00f1as. Hab\u00edan preparado la catequesis en el Centro Catequ\u00e9tico de la Iglesia de Santa Mar\u00eda de Montalegre. La misa fue concelebrada y presidida por el vicerrector de la iglesia. A lo largo de toda la ceremonia Mn. Mallol fue explicando a los ni\u00f1os y ni\u00f1as el significado de cada parte de la santa misa y la importancia del acto que celebraban. Sin duda ha sido una santa catequesis para todos los asistentes.<\/p>\n<p>Todo el grupo de ni\u00f1os y ni\u00f1as se hab\u00eda concentrado en la Capilla de la Virgen de la Medalla Milagrosa; salieron presurosos y se situaron en el presbiterio. En la homil\u00eda Mn. Mallol les salud\u00f3 con mucho cari\u00f1o y les record\u00f3 que iban a recibir a Jes\u00fas: <em>Cuando os dirig\u00edais al altar todas las personas os miraban, tanto las que os conocen, vuestros padres, hermanos, familiares y amigos, como las que no os conocen. Pero tambi\u00e9n os miraba, con un rostro sonriente y alegre, aquel que no veis: los ojos y el rostro de Jes\u00fas, la mirada de Dios. Hoy \u00c9l es el protagonista porque esta celebraci\u00f3n sin Jes\u00fas no ser\u00eda posible. Jes\u00fas quiere recibirte. La <a href=\"http:\/\/www.montalegre.org\/2012\/06\/van-rebre-la-primera-comunio-a-montalegre\/img_8349\/\" rel=\"attachment wp-att-5283\"><img loading=\"lazy\" decoding=\"async\" class=\"alignright size-medium wp-image-5283\" title=\"IMG_8349\" src=\"http:\/\/www.montalegre.org\/wp-content\/uploads\/2012\/06\/IMG_8349-300x225.jpg\" alt=\"\" width=\"300\" height=\"225\" \/><\/a>catequesis de cada semana, los ensayos, todo ese esfuerzo, tambi\u00e9n el arreglaros tan elegantes, todo lo hab\u00e9is hecho, pero lo m\u00e1s importante es estar delante del Se\u00f1or, un d\u00eda del que os acordareis toda la vida. Hacer la Primera Comuni\u00f3n es ser m\u00e1s amigo de Jes\u00fas, comenzasteis con el bautismo, ahora es comer a Jes\u00fas, y adem\u00e1s lo har\u00e9is en el mejor d\u00eda del a\u00f1o: el d\u00eda del Corpus Christi.<\/em><\/p>\n<p>A continuaci\u00f3n, el celebrante nombr\u00f3 uno a uno los nombres de los ni\u00f1os y ni\u00f1as que iban a recibir la Primera Comuni\u00f3n para hacer la Profesi\u00f3n de <a href=\"http:\/\/www.montalegre.org\/2012\/06\/van-rebre-la-primera-comunio-a-montalegre\/img_8353\/\" rel=\"attachment wp-att-5289\"><img loading=\"lazy\" decoding=\"async\" class=\"alignleft size-medium wp-image-5289\" title=\"IMG_8353\" src=\"http:\/\/www.montalegre.org\/wp-content\/uploads\/2012\/06\/IMG_8353-300x225.jpg\" alt=\"\" width=\"300\" height=\"225\" \/><\/a>Fe. Tambi\u00e9n los nombr\u00f3 para acercarse al reclinatorio. Las plegarias y las oraciones de acci\u00f3n de gracias las leyeron los protagonistas y sus catequistas, entre las que se destaca: \u201cQueremos ser siempre tan felices como hoy y se lo pedimos a la Virgen Mar\u00eda\u201d. Mn. Mallol acab\u00f3 la celebraci\u00f3n felicitando a todos los ni\u00f1os y ni\u00f1as, dio las gracias a Dios y a todos los asistentes.<\/p>\n<p>&nbsp;<\/p>\n<p>&nbsp;<\/p>\n<p><a href=\"http:\/\/www.montalegre.org\/2012\/06\/van-rebre-la-primera-comunio-a-montalegre\/img_8364\/\" rel=\"attachment wp-att-5285\"><img loading=\"lazy\" decoding=\"async\" class=\"alignright size-medium wp-image-5285\" title=\"IMG_8364\" src=\"http:\/\/www.montalegre.org\/wp-content\/uploads\/2012\/06\/IMG_8364-300x225.jpg\" alt=\"\" width=\"300\" height=\"225\" \/><\/a><\/p>\n<p>Felicitaciones<\/p>\n<p>Queremos nosotros tambi\u00e9n felicitar muy especialmente : a Marta, Laia, Ainoa, Chastine, Jaenezza y Mayte; a Laura-Dayana, Eva Mar\u00eda, Pilar y Desir\u00e9; a Josep Maria, Alejandro, Guillem y Marc; y a Rub\u00e9n, Levinski, Miguel \u00c1ngel y Pol.<\/p>\n<p>Isabel Hern\u00e1ndez Esteban<\/p>\n","protected":false},"excerpt":{"rendered":"<p>En la tarde del s\u00e1bado 9 de junio, se celebr\u00f3 en la iglesia la Primera Comuni\u00f3n de 18 ni\u00f1os y ni\u00f1as. Hab\u00edan preparado la catequesis en el Centro Catequ\u00e9tico de la Iglesia de Santa Mar\u00eda de Montalegre. La misa fue concelebrada y presidida por el vicerrector de la iglesia. A lo largo de toda la [&hellip;]<\/p>\n","protected":false},"author":4,"featured_media":0,"comment_status":"open","ping_status":"open","sticky":false,"template":"","format":"standard","meta":{"footnotes":""},"categories":[1],"tags":[],"class_list":["post-5258","post","type-post","status-publish","format-standard","hentry","category-noticias-de-montalegre"],"yoast_head":"<!-- This site is optimized with the Yoast SEO plugin v27.1.1 - https:\/\/yoast.com\/product\/yoast-seo-wordpress\/ -->\n<title>Recibieron la Primera Comuni\u00f3n en Montalegre - Montalegre<\/title>\n<meta name=\"robots\" content=\"index, follow, max-snippet:-1, max-image-preview:large, max-video-preview:-1\" \/>\n<link rel=\"canonical\" href=\"https:\/\/www.montalegre.org\/es\/2012\/06\/recibieron-la-primera-comunion-en-montalegre\/\" \/>\n<meta property=\"og:locale\" content=\"es_ES\" \/>\n<meta property=\"og:type\" content=\"article\" \/>\n<meta property=\"og:title\" content=\"Recibieron la Primera Comuni\u00f3n en Montalegre - Montalegre\" \/>\n<meta property=\"og:description\" content=\"En la tarde del s\u00e1bado 9 de junio, se celebr\u00f3 en la iglesia la Primera Comuni\u00f3n de 18 ni\u00f1os y ni\u00f1as. Hab\u00edan preparado la catequesis en el Centro Catequ\u00e9tico de la Iglesia de Santa Mar\u00eda de Montalegre. La misa fue concelebrada y presidida por el vicerrector de la iglesia. A lo largo de toda la [&hellip;]\" \/>\n<meta property=\"og:url\" content=\"https:\/\/www.montalegre.org\/es\/2012\/06\/recibieron-la-primera-comunion-en-montalegre\/\" \/>\n<meta property=\"og:site_name\" content=\"Montalegre\" \/>\n<meta property=\"article:published_time\" content=\"2012-06-12T05:20:10+00:00\" \/>\n<meta property=\"article:modified_time\" content=\"2012-06-12T14:48:48+00:00\" \/>\n<meta property=\"og:image\" content=\"http:\/\/www.montalegre.org\/wp-content\/uploads\/2012\/06\/IMG_8351-300x225.jpg\" \/>\n<meta name=\"author\" content=\"montalegre\" \/>\n<meta name=\"twitter:card\" content=\"summary_large_image\" \/>\n<meta name=\"twitter:label1\" content=\"Escrito por\" \/>\n\t<meta name=\"twitter:data1\" content=\"montalegre\" \/>\n\t<meta name=\"twitter:label2\" content=\"Tiempo de lectura\" \/>\n\t<meta name=\"twitter:data2\" content=\"2 minutos\" \/>\n<script type=\"application\/ld+json\" class=\"yoast-schema-graph\">{\"@context\":\"https:\/\/schema.org\",\"@graph\":[{\"@type\":\"Article\",\"@id\":\"https:\/\/www.montalegre.org\/es\/2012\/06\/recibieron-la-primera-comunion-en-montalegre\/#article\",\"isPartOf\":{\"@id\":\"https:\/\/www.montalegre.org\/es\/2012\/06\/recibieron-la-primera-comunion-en-montalegre\/\"},\"author\":{\"name\":\"montalegre\",\"@id\":\"https:\/\/www.montalegre.org\/es\/#\/schema\/person\/fa12d4cf3a3f1735a9176b4fafd6a633\"},\"headline\":\"Recibieron la Primera Comuni\u00f3n en Montalegre\",\"datePublished\":\"2012-06-12T05:20:10+00:00\",\"dateModified\":\"2012-06-12T14:48:48+00:00\",\"mainEntityOfPage\":{\"@id\":\"https:\/\/www.montalegre.org\/es\/2012\/06\/recibieron-la-primera-comunion-en-montalegre\/\"},\"wordCount\":469,\"commentCount\":1,\"image\":{\"@id\":\"https:\/\/www.montalegre.org\/es\/2012\/06\/recibieron-la-primera-comunion-en-montalegre\/#primaryimage\"},\"thumbnailUrl\":\"http:\/\/www.montalegre.org\/wp-content\/uploads\/2012\/06\/IMG_8351-300x225.jpg\",\"articleSection\":[\"Noticias de Montalegre\"],\"inLanguage\":\"es\",\"potentialAction\":[{\"@type\":\"CommentAction\",\"name\":\"Comment\",\"target\":[\"https:\/\/www.montalegre.org\/es\/2012\/06\/recibieron-la-primera-comunion-en-montalegre\/#respond\"]}]},{\"@type\":\"WebPage\",\"@id\":\"https:\/\/www.montalegre.org\/es\/2012\/06\/recibieron-la-primera-comunion-en-montalegre\/\",\"url\":\"https:\/\/www.montalegre.org\/es\/2012\/06\/recibieron-la-primera-comunion-en-montalegre\/\",\"name\":\"Recibieron la Primera Comuni\u00f3n en Montalegre - Montalegre\",\"isPartOf\":{\"@id\":\"https:\/\/www.montalegre.org\/es\/#website\"},\"primaryImageOfPage\":{\"@id\":\"https:\/\/www.montalegre.org\/es\/2012\/06\/recibieron-la-primera-comunion-en-montalegre\/#primaryimage\"},\"image\":{\"@id\":\"https:\/\/www.montalegre.org\/es\/2012\/06\/recibieron-la-primera-comunion-en-montalegre\/#primaryimage\"},\"thumbnailUrl\":\"http:\/\/www.montalegre.org\/wp-content\/uploads\/2012\/06\/IMG_8351-300x225.jpg\",\"datePublished\":\"2012-06-12T05:20:10+00:00\",\"dateModified\":\"2012-06-12T14:48:48+00:00\",\"author\":{\"@id\":\"https:\/\/www.montalegre.org\/es\/#\/schema\/person\/fa12d4cf3a3f1735a9176b4fafd6a633\"},\"breadcrumb\":{\"@id\":\"https:\/\/www.montalegre.org\/es\/2012\/06\/recibieron-la-primera-comunion-en-montalegre\/#breadcrumb\"},\"inLanguage\":\"es\",\"potentialAction\":[{\"@type\":\"ReadAction\",\"target\":[\"https:\/\/www.montalegre.org\/es\/2012\/06\/recibieron-la-primera-comunion-en-montalegre\/\"]}]},{\"@type\":\"ImageObject\",\"inLanguage\":\"es\",\"@id\":\"https:\/\/www.montalegre.org\/es\/2012\/06\/recibieron-la-primera-comunion-en-montalegre\/#primaryimage\",\"url\":\"http:\/\/www.montalegre.org\/wp-content\/uploads\/2012\/06\/IMG_8351-300x225.jpg\",\"contentUrl\":\"http:\/\/www.montalegre.org\/wp-content\/uploads\/2012\/06\/IMG_8351-300x225.jpg\"},{\"@type\":\"BreadcrumbList\",\"@id\":\"https:\/\/www.montalegre.org\/es\/2012\/06\/recibieron-la-primera-comunion-en-montalegre\/#breadcrumb\",\"itemListElement\":[{\"@type\":\"ListItem\",\"position\":1,\"name\":\"Portada\",\"item\":\"https:\/\/www.montalegre.org\/es\/\"},{\"@type\":\"ListItem\",\"position\":2,\"name\":\"Recibieron la Primera Comuni\u00f3n en Montalegre\"}]},{\"@type\":\"WebSite\",\"@id\":\"https:\/\/www.montalegre.org\/es\/#website\",\"url\":\"https:\/\/www.montalegre.org\/es\/\",\"name\":\"Montalegre\",\"description\":\"\",\"potentialAction\":[{\"@type\":\"SearchAction\",\"target\":{\"@type\":\"EntryPoint\",\"urlTemplate\":\"https:\/\/www.montalegre.org\/es\/?s={search_term_string}\"},\"query-input\":{\"@type\":\"PropertyValueSpecification\",\"valueRequired\":true,\"valueName\":\"search_term_string\"}}],\"inLanguage\":\"es\"},{\"@type\":\"Person\",\"@id\":\"https:\/\/www.montalegre.org\/es\/#\/schema\/person\/fa12d4cf3a3f1735a9176b4fafd6a633\",\"name\":\"montalegre\",\"image\":{\"@type\":\"ImageObject\",\"inLanguage\":\"es\",\"@id\":\"https:\/\/www.montalegre.org\/es\/#\/schema\/person\/image\/\",\"url\":\"https:\/\/secure.gravatar.com\/avatar\/fe6d886cf5081e723c666dceda1f12d4f39070fa2ed4e79695edc3ca355c9b5a?s=96&d=mm&r=g\",\"contentUrl\":\"https:\/\/secure.gravatar.com\/avatar\/fe6d886cf5081e723c666dceda1f12d4f39070fa2ed4e79695edc3ca355c9b5a?s=96&d=mm&r=g\",\"caption\":\"montalegre\"},\"url\":\"https:\/\/www.montalegre.org\/es\/author\/montalegre\/\"}]}<\/script>\n<!-- \/ Yoast SEO plugin. -->","yoast_head_json":{"title":"Recibieron la Primera Comuni\u00f3n en Montalegre - Montalegre","robots":{"index":"index","follow":"follow","max-snippet":"max-snippet:-1","max-image-preview":"max-image-preview:large","max-video-preview":"max-video-preview:-1"},"canonical":"https:\/\/www.montalegre.org\/es\/2012\/06\/recibieron-la-primera-comunion-en-montalegre\/","og_locale":"es_ES","og_type":"article","og_title":"Recibieron la Primera Comuni\u00f3n en Montalegre - Montalegre","og_description":"En la tarde del s\u00e1bado 9 de junio, se celebr\u00f3 en la iglesia la Primera Comuni\u00f3n de 18 ni\u00f1os y ni\u00f1as. Hab\u00edan preparado la catequesis en el Centro Catequ\u00e9tico de la Iglesia de Santa Mar\u00eda de Montalegre. La misa fue concelebrada y presidida por el vicerrector de la iglesia. A lo largo de toda la [&hellip;]","og_url":"https:\/\/www.montalegre.org\/es\/2012\/06\/recibieron-la-primera-comunion-en-montalegre\/","og_site_name":"Montalegre","article_published_time":"2012-06-12T05:20:10+00:00","article_modified_time":"2012-06-12T14:48:48+00:00","og_image":[{"url":"http:\/\/www.montalegre.org\/wp-content\/uploads\/2012\/06\/IMG_8351-300x225.jpg","type":"","width":"","height":""}],"author":"montalegre","twitter_card":"summary_large_image","twitter_misc":{"Escrito por":"montalegre","Tiempo de lectura":"2 minutos"},"schema":{"@context":"https:\/\/schema.org","@graph":[{"@type":"Article","@id":"https:\/\/www.montalegre.org\/es\/2012\/06\/recibieron-la-primera-comunion-en-montalegre\/#article","isPartOf":{"@id":"https:\/\/www.montalegre.org\/es\/2012\/06\/recibieron-la-primera-comunion-en-montalegre\/"},"author":{"name":"montalegre","@id":"https:\/\/www.montalegre.org\/es\/#\/schema\/person\/fa12d4cf3a3f1735a9176b4fafd6a633"},"headline":"Recibieron la Primera Comuni\u00f3n en Montalegre","datePublished":"2012-06-12T05:20:10+00:00","dateModified":"2012-06-12T14:48:48+00:00","mainEntityOfPage":{"@id":"https:\/\/www.montalegre.org\/es\/2012\/06\/recibieron-la-primera-comunion-en-montalegre\/"},"wordCount":469,"commentCount":1,"image":{"@id":"https:\/\/www.montalegre.org\/es\/2012\/06\/recibieron-la-primera-comunion-en-montalegre\/#primaryimage"},"thumbnailUrl":"http:\/\/www.montalegre.org\/wp-content\/uploads\/2012\/06\/IMG_8351-300x225.jpg","articleSection":["Noticias de Montalegre"],"inLanguage":"es","potentialAction":[{"@type":"CommentAction","name":"Comment","target":["https:\/\/www.montalegre.org\/es\/2012\/06\/recibieron-la-primera-comunion-en-montalegre\/#respond"]}]},{"@type":"WebPage","@id":"https:\/\/www.montalegre.org\/es\/2012\/06\/recibieron-la-primera-comunion-en-montalegre\/","url":"https:\/\/www.montalegre.org\/es\/2012\/06\/recibieron-la-primera-comunion-en-montalegre\/","name":"Recibieron la Primera Comuni\u00f3n en Montalegre - Montalegre","isPartOf":{"@id":"https:\/\/www.montalegre.org\/es\/#website"},"primaryImageOfPage":{"@id":"https:\/\/www.montalegre.org\/es\/2012\/06\/recibieron-la-primera-comunion-en-montalegre\/#primaryimage"},"image":{"@id":"https:\/\/www.montalegre.org\/es\/2012\/06\/recibieron-la-primera-comunion-en-montalegre\/#primaryimage"},"thumbnailUrl":"http:\/\/www.montalegre.org\/wp-content\/uploads\/2012\/06\/IMG_8351-300x225.jpg","datePublished":"2012-06-12T05:20:10+00:00","dateModified":"2012-06-12T14:48:48+00:00","author":{"@id":"https:\/\/www.montalegre.org\/es\/#\/schema\/person\/fa12d4cf3a3f1735a9176b4fafd6a633"},"breadcrumb":{"@id":"https:\/\/www.montalegre.org\/es\/2012\/06\/recibieron-la-primera-comunion-en-montalegre\/#breadcrumb"},"inLanguage":"es","potentialAction":[{"@type":"ReadAction","target":["https:\/\/www.montalegre.org\/es\/2012\/06\/recibieron-la-primera-comunion-en-montalegre\/"]}]},{"@type":"ImageObject","inLanguage":"es","@id":"https:\/\/www.montalegre.org\/es\/2012\/06\/recibieron-la-primera-comunion-en-montalegre\/#primaryimage","url":"http:\/\/www.montalegre.org\/wp-content\/uploads\/2012\/06\/IMG_8351-300x225.jpg","contentUrl":"http:\/\/www.montalegre.org\/wp-content\/uploads\/2012\/06\/IMG_8351-300x225.jpg"},{"@type":"BreadcrumbList","@id":"https:\/\/www.montalegre.org\/es\/2012\/06\/recibieron-la-primera-comunion-en-montalegre\/#breadcrumb","itemListElement":[{"@type":"ListItem","position":1,"name":"Portada","item":"https:\/\/www.montalegre.org\/es\/"},{"@type":"ListItem","position":2,"name":"Recibieron la Primera Comuni\u00f3n en Montalegre"}]},{"@type":"WebSite","@id":"https:\/\/www.montalegre.org\/es\/#website","url":"https:\/\/www.montalegre.org\/es\/","name":"Montalegre","description":"","potentialAction":[{"@type":"SearchAction","target":{"@type":"EntryPoint","urlTemplate":"https:\/\/www.montalegre.org\/es\/?s={search_term_string}"},"query-input":{"@type":"PropertyValueSpecification","valueRequired":true,"valueName":"search_term_string"}}],"inLanguage":"es"},{"@type":"Person","@id":"https:\/\/www.montalegre.org\/es\/#\/schema\/person\/fa12d4cf3a3f1735a9176b4fafd6a633","name":"montalegre","image":{"@type":"ImageObject","inLanguage":"es","@id":"https:\/\/www.montalegre.org\/es\/#\/schema\/person\/image\/","url":"https:\/\/secure.gravatar.com\/avatar\/fe6d886cf5081e723c666dceda1f12d4f39070fa2ed4e79695edc3ca355c9b5a?s=96&d=mm&r=g","contentUrl":"https:\/\/secure.gravatar.com\/avatar\/fe6d886cf5081e723c666dceda1f12d4f39070fa2ed4e79695edc3ca355c9b5a?s=96&d=mm&r=g","caption":"montalegre"},"url":"https:\/\/www.montalegre.org\/es\/author\/montalegre\/"}]}},"_links":{"self":[{"href":"https:\/\/www.montalegre.org\/es\/wp-json\/wp\/v2\/posts\/5258","targetHints":{"allow":["GET"]}}],"collection":[{"href":"https:\/\/www.montalegre.org\/es\/wp-json\/wp\/v2\/posts"}],"about":[{"href":"https:\/\/www.montalegre.org\/es\/wp-json\/wp\/v2\/types\/post"}],"author":[{"embeddable":true,"href":"https:\/\/www.montalegre.org\/es\/wp-json\/wp\/v2\/users\/4"}],"replies":[{"embeddable":true,"href":"https:\/\/www.montalegre.org\/es\/wp-json\/wp\/v2\/comments?post=5258"}],"version-history":[{"count":4,"href":"https:\/\/www.montalegre.org\/es\/wp-json\/wp\/v2\/posts\/5258\/revisions"}],"predecessor-version":[{"id":5295,"href":"https:\/\/www.montalegre.org\/es\/wp-json\/wp\/v2\/posts\/5258\/revisions\/5295"}],"wp:attachment":[{"href":"https:\/\/www.montalegre.org\/es\/wp-json\/wp\/v2\/media?parent=5258"}],"wp:term":[{"taxonomy":"category","embeddable":true,"href":"https:\/\/www.montalegre.org\/es\/wp-json\/wp\/v2\/categories?post=5258"},{"taxonomy":"post_tag","embeddable":true,"href":"https:\/\/www.montalegre.org\/es\/wp-json\/wp\/v2\/tags?post=5258"}],"curies":[{"name":"wp","href":"https:\/\/api.w.org\/{rel}","templated":true}]}}