{"id":5211,"date":"2012-06-01T00:05:18","date_gmt":"2012-06-01T00:05:18","guid":{"rendered":"http:\/\/www.montalegre.org\/?p=5211"},"modified":"2012-06-03T19:26:56","modified_gmt":"2012-06-03T19:26:56","slug":"el-corazon-del-dios-encarnado","status":"publish","type":"post","link":"https:\/\/www.montalegre.org\/es\/2012\/06\/el-corazon-del-dios-encarnado\/","title":{"rendered":"El Coraz\u00f3n del Dios encarnado"},"content":{"rendered":"<p><a href=\"http:\/\/www.montalegre.org\/2012\/06\/el-cor-del-deu-encarnat\/sagrado-corazon\/\" rel=\"attachment wp-att-5214\"><img loading=\"lazy\" decoding=\"async\" class=\"alignleft size-full wp-image-5214\" title=\"sagrado Coraz\u00f3n\" src=\"http:\/\/www.montalegre.org\/wp-content\/uploads\/2012\/06\/sagrado-Coraz%C3%B3n.jpeg\" alt=\"\" width=\"185\" height=\"273\" \/><\/a>La Fe nos ense\u00f1a que Jes\u00fas es la Segunda Persona de la Trinidad Sant\u00edsima, el Hijo, que tom\u00f3 la naturaleza humana. Por tanto es \u201cDios y hombre verdadero\u201d, tal como rezamos en el Credo. En Jes\u00fas vemos como Dios mismo encarna y hace viva la idea que tiene el Creador del ser humano: Dios encarnando su idea de hombre.<\/p>\n<p>Por eso es el modelo perfecto.<\/p>\n<p>Podemos por tanto afirmar que Dios nos ama en Jes\u00fas con un coraz\u00f3n humano.<\/p>\n<p>El coraz\u00f3n es el s\u00edmbolo del amor. Decimos: se piensa con la cabeza, pero se ama con el coraz\u00f3n. De alguna manera imaginamos que la cabeza es el lugar del razonamiento puro, que es visto como algo fr\u00edo y distante, mientras que en el coraz\u00f3n hierven los sentimientos, los afectos, las emociones, de las que el amor podr\u00edamos decir que es el exponente m\u00e1s elevado.<\/p>\n<p>Entramos en el mes de Junio, tradicionalmente dedicado al Sagrado Coraz\u00f3n de Jes\u00fas. En este mes se celebra la Solemnidad y se nos invita a considerar la grandeza del amor con el que Dios nos ha amado en Jesucristo hasta el extremo de entregarse hasta la muerte en la Cruz. Esta entrega total que queda simbolizada plenamente en el momento en que el soldado le atraves\u00f3 el coraz\u00f3n con la lanza, del que brot\u00f3 sangre y agua (cfr. Juan 19, 34)<\/p>\n<p>El Catecismo de la Iglesia lo sintetiza en estas palabras:<\/p>\n<p><em>Jes\u00fas, durante su vida, su agon\u00eda y su pasi\u00f3n nos ha conocido y amado a todos y a cada uno de nosotros y se ha entregado por cada uno de nosotros: &#8220;El Hijo de Dios me am\u00f3 y se entreg\u00f3 a s\u00ed mismo por m\u00ed&#8221; (Ga 2, 20). Nos ha amado a todos con un coraz\u00f3n humano. Por esta raz\u00f3n, el sagrado Coraz\u00f3n de Jes\u00fas, traspasado por nuestros pecados y para nuestra salvaci\u00f3n (cf. Jn 19, 34), &#8220;es considerado como el principal indicador y s\u00edmbolo&#8230;del amor con que el divino Redentor ama continuamente al eterno Padre y a todos los hombres&#8221; (Pio XII, Enc.&#8221;Haurietis aquas&#8221;: DS 3924; cf. DS 3812).(<\/em>Catecismo de la Iglesia Cat\u00f3lica 478)<\/p>\n<p>Aunque ha existido siempre en la Iglesia, la Devoci\u00f3n al Sagrado Coraz\u00f3n crece en especialmente desde que en el siglo XVII en que el Se\u00f1or se apareci\u00f3 a Santa Margarita de Alacoque. El 16 de junio de 1675 Nuestro Se\u00f1or \u00a0le mostr\u00f3 su Coraz\u00f3n a la Santa: Un Coraz\u00f3n rodeado de llamas de amor, coronado de espinas, con una herida abierta de la cual brotaba sangre y le dijo:<em> &#8220;He aqu\u00ed el Coraz\u00f3n que tanto ha amado a los hombres, y en cambio, de la mayor parte de los hombres no recibe nada m\u00e1s que ingratitud, irreverencia y desprecio, en este sacramento de amor.&#8221; <\/em><\/p>\n<p>La devoci\u00f3n al Sagrado Coraz\u00f3n consistir\u00e1 precisamente en amar y reparar por el Amor no correspondido: Reparaci\u00f3n y desagravio, por las muchas ofensa que ha recibido y sigue recibiendo en el mundo, muy especialmente en la Eucarist\u00eda.<\/p>\n<p>Mn. Francesc Perarnau<\/p>\n","protected":false},"excerpt":{"rendered":"<p>La Fe nos ense\u00f1a que Jes\u00fas es la Segunda Persona de la Trinidad Sant\u00edsima, el Hijo, que tom\u00f3 la naturaleza humana. Por tanto es \u201cDios y hombre verdadero\u201d, tal como rezamos en el Credo. En Jes\u00fas vemos como Dios mismo encarna y hace viva la idea que tiene el Creador del ser humano: Dios encarnando [&hellip;]<\/p>\n","protected":false},"author":4,"featured_media":0,"comment_status":"open","ping_status":"open","sticky":false,"template":"","format":"standard","meta":{"footnotes":""},"categories":[52],"tags":[],"class_list":["post-5211","post","type-post","status-publish","format-standard","hentry","category-editorial"],"yoast_head":"<!-- This site is optimized with the Yoast SEO plugin v27.1.1 - https:\/\/yoast.com\/product\/yoast-seo-wordpress\/ -->\n<title>El Coraz\u00f3n del Dios encarnado - Montalegre<\/title>\n<meta name=\"robots\" content=\"index, follow, max-snippet:-1, max-image-preview:large, max-video-preview:-1\" \/>\n<link rel=\"canonical\" href=\"https:\/\/www.montalegre.org\/es\/2012\/06\/el-corazon-del-dios-encarnado\/\" \/>\n<meta property=\"og:locale\" content=\"es_ES\" \/>\n<meta property=\"og:type\" content=\"article\" \/>\n<meta property=\"og:title\" content=\"El Coraz\u00f3n del Dios encarnado - Montalegre\" \/>\n<meta property=\"og:description\" content=\"La Fe nos ense\u00f1a que Jes\u00fas es la Segunda Persona de la Trinidad Sant\u00edsima, el Hijo, que tom\u00f3 la naturaleza humana. Por tanto es \u201cDios y hombre verdadero\u201d, tal como rezamos en el Credo. En Jes\u00fas vemos como Dios mismo encarna y hace viva la idea que tiene el Creador del ser humano: Dios encarnando [&hellip;]\" \/>\n<meta property=\"og:url\" content=\"https:\/\/www.montalegre.org\/es\/2012\/06\/el-corazon-del-dios-encarnado\/\" \/>\n<meta property=\"og:site_name\" content=\"Montalegre\" \/>\n<meta property=\"article:published_time\" content=\"2012-06-01T00:05:18+00:00\" \/>\n<meta property=\"article:modified_time\" content=\"2012-06-03T19:26:56+00:00\" \/>\n<meta property=\"og:image\" content=\"http:\/\/www.montalegre.org\/wp-content\/uploads\/2012\/06\/sagrado-Coraz%C3%B3n.jpeg\" \/>\n<meta name=\"author\" content=\"montalegre\" \/>\n<meta name=\"twitter:card\" content=\"summary_large_image\" \/>\n<meta name=\"twitter:label1\" content=\"Escrito por\" \/>\n\t<meta name=\"twitter:data1\" content=\"montalegre\" \/>\n\t<meta name=\"twitter:label2\" content=\"Tiempo de lectura\" \/>\n\t<meta name=\"twitter:data2\" content=\"3 minutos\" \/>\n<script type=\"application\/ld+json\" class=\"yoast-schema-graph\">{\"@context\":\"https:\/\/schema.org\",\"@graph\":[{\"@type\":\"Article\",\"@id\":\"https:\/\/www.montalegre.org\/es\/2012\/06\/el-corazon-del-dios-encarnado\/#article\",\"isPartOf\":{\"@id\":\"https:\/\/www.montalegre.org\/es\/2012\/06\/el-corazon-del-dios-encarnado\/\"},\"author\":{\"name\":\"montalegre\",\"@id\":\"https:\/\/www.montalegre.org\/es\/#\/schema\/person\/fa12d4cf3a3f1735a9176b4fafd6a633\"},\"headline\":\"El Coraz\u00f3n del Dios encarnado\",\"datePublished\":\"2012-06-01T00:05:18+00:00\",\"dateModified\":\"2012-06-03T19:26:56+00:00\",\"mainEntityOfPage\":{\"@id\":\"https:\/\/www.montalegre.org\/es\/2012\/06\/el-corazon-del-dios-encarnado\/\"},\"wordCount\":530,\"commentCount\":0,\"image\":{\"@id\":\"https:\/\/www.montalegre.org\/es\/2012\/06\/el-corazon-del-dios-encarnado\/#primaryimage\"},\"thumbnailUrl\":\"http:\/\/www.montalegre.org\/wp-content\/uploads\/2012\/06\/sagrado-Coraz%C3%B3n.jpeg\",\"articleSection\":[\"Editorial\"],\"inLanguage\":\"es\",\"potentialAction\":[{\"@type\":\"CommentAction\",\"name\":\"Comment\",\"target\":[\"https:\/\/www.montalegre.org\/es\/2012\/06\/el-corazon-del-dios-encarnado\/#respond\"]}]},{\"@type\":\"WebPage\",\"@id\":\"https:\/\/www.montalegre.org\/es\/2012\/06\/el-corazon-del-dios-encarnado\/\",\"url\":\"https:\/\/www.montalegre.org\/es\/2012\/06\/el-corazon-del-dios-encarnado\/\",\"name\":\"El Coraz\u00f3n del Dios encarnado - Montalegre\",\"isPartOf\":{\"@id\":\"https:\/\/www.montalegre.org\/es\/#website\"},\"primaryImageOfPage\":{\"@id\":\"https:\/\/www.montalegre.org\/es\/2012\/06\/el-corazon-del-dios-encarnado\/#primaryimage\"},\"image\":{\"@id\":\"https:\/\/www.montalegre.org\/es\/2012\/06\/el-corazon-del-dios-encarnado\/#primaryimage\"},\"thumbnailUrl\":\"http:\/\/www.montalegre.org\/wp-content\/uploads\/2012\/06\/sagrado-Coraz%C3%B3n.jpeg\",\"datePublished\":\"2012-06-01T00:05:18+00:00\",\"dateModified\":\"2012-06-03T19:26:56+00:00\",\"author\":{\"@id\":\"https:\/\/www.montalegre.org\/es\/#\/schema\/person\/fa12d4cf3a3f1735a9176b4fafd6a633\"},\"breadcrumb\":{\"@id\":\"https:\/\/www.montalegre.org\/es\/2012\/06\/el-corazon-del-dios-encarnado\/#breadcrumb\"},\"inLanguage\":\"es\",\"potentialAction\":[{\"@type\":\"ReadAction\",\"target\":[\"https:\/\/www.montalegre.org\/es\/2012\/06\/el-corazon-del-dios-encarnado\/\"]}]},{\"@type\":\"ImageObject\",\"inLanguage\":\"es\",\"@id\":\"https:\/\/www.montalegre.org\/es\/2012\/06\/el-corazon-del-dios-encarnado\/#primaryimage\",\"url\":\"http:\/\/www.montalegre.org\/wp-content\/uploads\/2012\/06\/sagrado-Coraz%C3%B3n.jpeg\",\"contentUrl\":\"http:\/\/www.montalegre.org\/wp-content\/uploads\/2012\/06\/sagrado-Coraz%C3%B3n.jpeg\"},{\"@type\":\"BreadcrumbList\",\"@id\":\"https:\/\/www.montalegre.org\/es\/2012\/06\/el-corazon-del-dios-encarnado\/#breadcrumb\",\"itemListElement\":[{\"@type\":\"ListItem\",\"position\":1,\"name\":\"Portada\",\"item\":\"https:\/\/www.montalegre.org\/es\/\"},{\"@type\":\"ListItem\",\"position\":2,\"name\":\"El Coraz\u00f3n del Dios encarnado\"}]},{\"@type\":\"WebSite\",\"@id\":\"https:\/\/www.montalegre.org\/es\/#website\",\"url\":\"https:\/\/www.montalegre.org\/es\/\",\"name\":\"Montalegre\",\"description\":\"\",\"potentialAction\":[{\"@type\":\"SearchAction\",\"target\":{\"@type\":\"EntryPoint\",\"urlTemplate\":\"https:\/\/www.montalegre.org\/es\/?s={search_term_string}\"},\"query-input\":{\"@type\":\"PropertyValueSpecification\",\"valueRequired\":true,\"valueName\":\"search_term_string\"}}],\"inLanguage\":\"es\"},{\"@type\":\"Person\",\"@id\":\"https:\/\/www.montalegre.org\/es\/#\/schema\/person\/fa12d4cf3a3f1735a9176b4fafd6a633\",\"name\":\"montalegre\",\"image\":{\"@type\":\"ImageObject\",\"inLanguage\":\"es\",\"@id\":\"https:\/\/www.montalegre.org\/es\/#\/schema\/person\/image\/\",\"url\":\"https:\/\/secure.gravatar.com\/avatar\/fe6d886cf5081e723c666dceda1f12d4f39070fa2ed4e79695edc3ca355c9b5a?s=96&d=mm&r=g\",\"contentUrl\":\"https:\/\/secure.gravatar.com\/avatar\/fe6d886cf5081e723c666dceda1f12d4f39070fa2ed4e79695edc3ca355c9b5a?s=96&d=mm&r=g\",\"caption\":\"montalegre\"},\"url\":\"https:\/\/www.montalegre.org\/es\/author\/montalegre\/\"}]}<\/script>\n<!-- \/ Yoast SEO plugin. -->","yoast_head_json":{"title":"El Coraz\u00f3n del Dios encarnado - Montalegre","robots":{"index":"index","follow":"follow","max-snippet":"max-snippet:-1","max-image-preview":"max-image-preview:large","max-video-preview":"max-video-preview:-1"},"canonical":"https:\/\/www.montalegre.org\/es\/2012\/06\/el-corazon-del-dios-encarnado\/","og_locale":"es_ES","og_type":"article","og_title":"El Coraz\u00f3n del Dios encarnado - Montalegre","og_description":"La Fe nos ense\u00f1a que Jes\u00fas es la Segunda Persona de la Trinidad Sant\u00edsima, el Hijo, que tom\u00f3 la naturaleza humana. Por tanto es \u201cDios y hombre verdadero\u201d, tal como rezamos en el Credo. En Jes\u00fas vemos como Dios mismo encarna y hace viva la idea que tiene el Creador del ser humano: Dios encarnando [&hellip;]","og_url":"https:\/\/www.montalegre.org\/es\/2012\/06\/el-corazon-del-dios-encarnado\/","og_site_name":"Montalegre","article_published_time":"2012-06-01T00:05:18+00:00","article_modified_time":"2012-06-03T19:26:56+00:00","og_image":[{"url":"http:\/\/www.montalegre.org\/wp-content\/uploads\/2012\/06\/sagrado-Coraz%C3%B3n.jpeg","type":"","width":"","height":""}],"author":"montalegre","twitter_card":"summary_large_image","twitter_misc":{"Escrito por":"montalegre","Tiempo de lectura":"3 minutos"},"schema":{"@context":"https:\/\/schema.org","@graph":[{"@type":"Article","@id":"https:\/\/www.montalegre.org\/es\/2012\/06\/el-corazon-del-dios-encarnado\/#article","isPartOf":{"@id":"https:\/\/www.montalegre.org\/es\/2012\/06\/el-corazon-del-dios-encarnado\/"},"author":{"name":"montalegre","@id":"https:\/\/www.montalegre.org\/es\/#\/schema\/person\/fa12d4cf3a3f1735a9176b4fafd6a633"},"headline":"El Coraz\u00f3n del Dios encarnado","datePublished":"2012-06-01T00:05:18+00:00","dateModified":"2012-06-03T19:26:56+00:00","mainEntityOfPage":{"@id":"https:\/\/www.montalegre.org\/es\/2012\/06\/el-corazon-del-dios-encarnado\/"},"wordCount":530,"commentCount":0,"image":{"@id":"https:\/\/www.montalegre.org\/es\/2012\/06\/el-corazon-del-dios-encarnado\/#primaryimage"},"thumbnailUrl":"http:\/\/www.montalegre.org\/wp-content\/uploads\/2012\/06\/sagrado-Coraz%C3%B3n.jpeg","articleSection":["Editorial"],"inLanguage":"es","potentialAction":[{"@type":"CommentAction","name":"Comment","target":["https:\/\/www.montalegre.org\/es\/2012\/06\/el-corazon-del-dios-encarnado\/#respond"]}]},{"@type":"WebPage","@id":"https:\/\/www.montalegre.org\/es\/2012\/06\/el-corazon-del-dios-encarnado\/","url":"https:\/\/www.montalegre.org\/es\/2012\/06\/el-corazon-del-dios-encarnado\/","name":"El Coraz\u00f3n del Dios encarnado - Montalegre","isPartOf":{"@id":"https:\/\/www.montalegre.org\/es\/#website"},"primaryImageOfPage":{"@id":"https:\/\/www.montalegre.org\/es\/2012\/06\/el-corazon-del-dios-encarnado\/#primaryimage"},"image":{"@id":"https:\/\/www.montalegre.org\/es\/2012\/06\/el-corazon-del-dios-encarnado\/#primaryimage"},"thumbnailUrl":"http:\/\/www.montalegre.org\/wp-content\/uploads\/2012\/06\/sagrado-Coraz%C3%B3n.jpeg","datePublished":"2012-06-01T00:05:18+00:00","dateModified":"2012-06-03T19:26:56+00:00","author":{"@id":"https:\/\/www.montalegre.org\/es\/#\/schema\/person\/fa12d4cf3a3f1735a9176b4fafd6a633"},"breadcrumb":{"@id":"https:\/\/www.montalegre.org\/es\/2012\/06\/el-corazon-del-dios-encarnado\/#breadcrumb"},"inLanguage":"es","potentialAction":[{"@type":"ReadAction","target":["https:\/\/www.montalegre.org\/es\/2012\/06\/el-corazon-del-dios-encarnado\/"]}]},{"@type":"ImageObject","inLanguage":"es","@id":"https:\/\/www.montalegre.org\/es\/2012\/06\/el-corazon-del-dios-encarnado\/#primaryimage","url":"http:\/\/www.montalegre.org\/wp-content\/uploads\/2012\/06\/sagrado-Coraz%C3%B3n.jpeg","contentUrl":"http:\/\/www.montalegre.org\/wp-content\/uploads\/2012\/06\/sagrado-Coraz%C3%B3n.jpeg"},{"@type":"BreadcrumbList","@id":"https:\/\/www.montalegre.org\/es\/2012\/06\/el-corazon-del-dios-encarnado\/#breadcrumb","itemListElement":[{"@type":"ListItem","position":1,"name":"Portada","item":"https:\/\/www.montalegre.org\/es\/"},{"@type":"ListItem","position":2,"name":"El Coraz\u00f3n del Dios encarnado"}]},{"@type":"WebSite","@id":"https:\/\/www.montalegre.org\/es\/#website","url":"https:\/\/www.montalegre.org\/es\/","name":"Montalegre","description":"","potentialAction":[{"@type":"SearchAction","target":{"@type":"EntryPoint","urlTemplate":"https:\/\/www.montalegre.org\/es\/?s={search_term_string}"},"query-input":{"@type":"PropertyValueSpecification","valueRequired":true,"valueName":"search_term_string"}}],"inLanguage":"es"},{"@type":"Person","@id":"https:\/\/www.montalegre.org\/es\/#\/schema\/person\/fa12d4cf3a3f1735a9176b4fafd6a633","name":"montalegre","image":{"@type":"ImageObject","inLanguage":"es","@id":"https:\/\/www.montalegre.org\/es\/#\/schema\/person\/image\/","url":"https:\/\/secure.gravatar.com\/avatar\/fe6d886cf5081e723c666dceda1f12d4f39070fa2ed4e79695edc3ca355c9b5a?s=96&d=mm&r=g","contentUrl":"https:\/\/secure.gravatar.com\/avatar\/fe6d886cf5081e723c666dceda1f12d4f39070fa2ed4e79695edc3ca355c9b5a?s=96&d=mm&r=g","caption":"montalegre"},"url":"https:\/\/www.montalegre.org\/es\/author\/montalegre\/"}]}},"_links":{"self":[{"href":"https:\/\/www.montalegre.org\/es\/wp-json\/wp\/v2\/posts\/5211","targetHints":{"allow":["GET"]}}],"collection":[{"href":"https:\/\/www.montalegre.org\/es\/wp-json\/wp\/v2\/posts"}],"about":[{"href":"https:\/\/www.montalegre.org\/es\/wp-json\/wp\/v2\/types\/post"}],"author":[{"embeddable":true,"href":"https:\/\/www.montalegre.org\/es\/wp-json\/wp\/v2\/users\/4"}],"replies":[{"embeddable":true,"href":"https:\/\/www.montalegre.org\/es\/wp-json\/wp\/v2\/comments?post=5211"}],"version-history":[{"count":5,"href":"https:\/\/www.montalegre.org\/es\/wp-json\/wp\/v2\/posts\/5211\/revisions"}],"predecessor-version":[{"id":5233,"href":"https:\/\/www.montalegre.org\/es\/wp-json\/wp\/v2\/posts\/5211\/revisions\/5233"}],"wp:attachment":[{"href":"https:\/\/www.montalegre.org\/es\/wp-json\/wp\/v2\/media?parent=5211"}],"wp:term":[{"taxonomy":"category","embeddable":true,"href":"https:\/\/www.montalegre.org\/es\/wp-json\/wp\/v2\/categories?post=5211"},{"taxonomy":"post_tag","embeddable":true,"href":"https:\/\/www.montalegre.org\/es\/wp-json\/wp\/v2\/tags?post=5211"}],"curies":[{"name":"wp","href":"https:\/\/api.w.org\/{rel}","templated":true}]}}