{"id":5193,"date":"2012-05-21T11:19:38","date_gmt":"2012-05-21T11:19:38","guid":{"rendered":"http:\/\/www.montalegre.org\/?p=5193"},"modified":"2012-06-03T16:19:00","modified_gmt":"2012-06-03T16:19:00","slug":"la-peregrinacion-de-este-ano-a-paris-y-lisieux","status":"publish","type":"post","link":"https:\/\/www.montalegre.org\/es\/2012\/05\/la-peregrinacion-de-este-ano-a-paris-y-lisieux\/","title":{"rendered":"La peregrinaci\u00f3n de este a\u00f1o a Par\u00eds y Lisieux"},"content":{"rendered":"<p><a href=\"http:\/\/www.montalegre.org\/2012\/05\/la-sisena-peregrinacio-de-montalegre\/la-milagrosa\/\" rel=\"attachment wp-att-5181\"><img loading=\"lazy\" decoding=\"async\" class=\"alignleft size-medium wp-image-5181\" title=\"La MIlagrosa\" src=\"http:\/\/www.montalegre.org\/wp-content\/uploads\/2012\/05\/La-MIlagrosa-225x300.jpg\" alt=\"\" width=\"225\" height=\"300\" \/><\/a>Los d\u00edas 11, 12 y 13 de mayo una treintena de fieles y amigos de la Iglesia de Santa Mar\u00eda de Montalegre estuvimos de peregrinaci\u00f3n en dos lugares muy especiales para nosotros: en la Capilla de la Medalla Milagrosa de Par\u00eds y en la Bas\u00edlica y en el Carmelo, en Lisieux, lugar donde vivi\u00f3 y muri\u00f3 Santa Teresita del Ni\u00f1o Jes\u00fas. A lo largo de los tres d\u00edas no solo rezamos mucho, sino que visitamos muchos lugares y nos lo pasamos muy bien. Gracias a Dios, nos acompa\u00f1aron muchos \u00e1ngeles del Se\u00f1or que nos protegieron de todo percance. Iniciamos nuestro viaje en avi\u00f3n muy temprano para llegar muy pronto a Par\u00eds, y poder visitar la Capilla, rezar con calma, y \u00a1c\u00f3mo no! adquirir objetos religiosos para obsequiar a la familia y amigos.<\/p>\n<p><strong>\u00a0En la Capilla de la Medalla Milagrosa<\/strong><\/p>\n<p>El sacerdote que nos acompa\u00f1\u00f3, Mn. Francesc Perarnau, celebr\u00f3 la misa en la misma Capilla de la Medalla Milagrosa, presidida por la Virgen, teniendo en el lado izquierdo del presbiterio a los restos mortales de la santa Catalina Lebour\u00e9. Es curioso contemplar como, a\u00f1o tras a\u00f1o, la butaca d\u00f3nde se sent\u00f3 la Virgen en una de sus apariciones sigue all\u00ed, en aquel lugar santo, y del que se explica que cuando las hermanas paules se trasladaron del lugar donde viv\u00edan hasta la Rue du Bac 140 de Par\u00eds, en la confusi\u00f3n del traslado,\u00a0 no se sab\u00eda despu\u00e9s cual de las butacas era la buena. La Virgen resolvi\u00f3 la duda: llevaron a aquel lugar una ni\u00f1a enferma y desahuciada y la fueron sentando de butaca en butaca, al sentarla en la butaca que definitivamente se conserva, la ni\u00f1a cur\u00f3 milagrosamente y al momento.<\/p>\n<p>As\u00ed que en aquel entorno lleno de fe y belleza, los peregrinos se arrodillan lo m\u00e1s cerca del altar, en actitud de piedad e incluso de total prosternaci\u00f3n. Esta actitud de humildad sobrecoge y te invita a orar con m\u00e1s intensidad. Poco antes de iniciar la santa misa, una hermana de la congregaci\u00f3n, con extrema delicadez, pide a cada peregrino, no solo de Par\u00eds, sino de todas partes del mundo, sin distinci\u00f3n de sexo, condici\u00f3n o color que se retire, y as\u00ed todo el d\u00eda<a href=\"http:\/\/www.montalegre.org\/2012\/05\/la-sisena-peregrinacio-de-montalegre\/medalla-4\/\" rel=\"attachment wp-att-5184\"><img loading=\"lazy\" decoding=\"async\" class=\"alignright size-medium wp-image-5184\" title=\"medalla 4\" src=\"http:\/\/www.montalegre.org\/wp-content\/uploads\/2012\/05\/medalla-4-300x202.jpg\" alt=\"\" width=\"300\" height=\"202\" \/><\/a> desde que se abre la Capilla hasta su cierre. Mn. Francesc Perarnau nos explic\u00f3 la maravilla del encargo que le hizo la Virgen Sant\u00edsima a la santa, y describi\u00f3 la mayor\u00eda de los datos que conforman el contenido de la medalla, que ha de escamparse por todo el mundo, destacando que la medalla no es un amuleto pero nos sirve para acordarnos de Mar\u00eda, nuestra Madre del cielo, en cualquier momento. Es una medalla que con el tiempo se hizo muy popular y que con su uso devoto obtuvo tantos favores y bendiciones de Dios que la gente la acab\u00f3 llamando la \u201cMedalla Milagrosa\u201d. Se trata de una medalla ovalada que tiene en el anverso una imagen de la Inmaculada con unos rayos de luz que salen de sus manos. Ella est\u00e1 aplastando la cabeza de una serpiente, que rastrea por encima de la bola del mundo. Alrededor de ella, se leen estas palabras: \u201cOh! Mar\u00eda sin pecado concebida, rogad por nosotros que recurrimos a vos\u201d. En el reverso de la medalla, hay una gran \u201cM\u201d, anagrama de Mar\u00eda, coronada por una Cruz, debajo se ven los dos corazones de Jes\u00fas y de Mar\u00eda.<\/p>\n<p><strong>De turismo por Par\u00eds<\/strong><\/p>\n<p><a href=\"http:\/\/www.montalegre.org\/2012\/05\/la-sisena-peregrinacio-de-montalegre\/teiffel\/\" rel=\"attachment wp-att-5187\"><img loading=\"lazy\" decoding=\"async\" class=\"alignleft size-medium wp-image-5187\" title=\"teiffel\" src=\"http:\/\/www.montalegre.org\/wp-content\/uploads\/2012\/05\/teiffel-224x300.jpg\" alt=\"\" width=\"224\" height=\"300\" \/><\/a>Hab\u00edamos cumplido una parte importante de la peregrinaci\u00f3n: rezar y estar con la Virgen Sant\u00edsima en el mismo lugar donde se apareci\u00f3, en Par\u00eds. Todos los desplazamientos desde que aterrizamos en Par\u00eds se iban a efectuar en autocar. Fuimos a almorzar a un restaurante. Seguidamente empezar\u00eda la parte cultural y tur\u00edstica de la jornada. Nos dirigimos a la colina de Montmatre, all\u00ed paseamos por las callejuelas donde vivieron y trabajaron en sus talleres los pintores impresionistas de final del siglo XIX y principios del siglo XX; algunos de ellos, como se sabe, vivieron o murieron con pocos recursos, sin embargo en la actualidad sus cuadros son millonarios y aquella colina tiene un precio por metro cuadrado de los m\u00e1s caros de Par\u00eds. Sea como fuere, aquel barrio parisino tiene un encanto cultural e hist\u00f3rico muy interesante. En lo alto de la colina, la cual fuimos ascendiendo paso a paso y sin prisa, se encuentra la Bas\u00edlica del Sacre Coeur. En el rato de nuestra visita al templo, estaba expuesto el Sant\u00edsimo Sacramento, en un custodia muy grande en lo m\u00e1s alto del presbiterio, soportada por dos \u00e1ngeles. Aquella visita cultural se convirti\u00f3 en un rato de oraci\u00f3n muy cerca del cielo.<\/p>\n<p>&nbsp;<\/p>\n<p>Seguimos nuestro plan. La siguiente actividad (a parte de recorrer Par\u00eds en el autocar sin parar de decir oh!\u00a0 Ah!!) fue un largo paseo por el Sena, en uno de los grandes Bateau Mouche. Dur\u00f3 m\u00e1s de una hora, disfrutamos mucho, lo fotografiamos todo, y nos emocionamos contemplando Par\u00eds a nuestros pies. De vuelta al hotel, rezamos un rosario en agradecimiento a la Virgen Sant\u00edsima por la jornada tan estupenda que hab\u00edamos pasado.<\/p>\n<p><strong>De camino de Lisieux y a la Bas\u00edlica<\/strong><\/p>\n<p>El s\u00e1bado 12 de mayo, nos levantamos pronto (como ya viene siendo habitual en todas las peregrinaciones) pues nuestro destino estaba a 216 Km. de distancia. Despu\u00e9s de salir de Par\u00eds, nos dirigimos hacia el Atl\u00e1ntico, aunque no llegar\u00edamos a verlo. El chofer Fran\u00e7ois Castro, el cual nos proporcion\u00f3 un agradable viaje gracias a su buen hacer de buen conductor, nos llev\u00f3 por la autopista A28 y despu\u00e9s por una carretera hasta Lisieux. El paisaje que contemplamos pronto nos iba a sucumbir: los inmensos campos y campos verdes y amarillos, combinados casi caprichosamente, se perd\u00edan en el horizonte. El cultivo de la colza, as\u00ed como las vacas, veteadas de marr\u00f3n y blanco, nos ofrec\u00edan la belleza de la naturaleza propia de aquella regi\u00f3n, la Baja Normand\u00eda.<\/p>\n<p>Al llegar a Lisieux fuimos directamente a la Bas\u00edlica de Santa Teresita, en la<a href=\"http:\/\/www.montalegre.org\/es\/2012\/05\/la-peregrinacion-de-este-ano-a-paris-y-lisieux\/basilica-lisieux\/\" rel=\"attachment wp-att-5204\"><img loading=\"lazy\" decoding=\"async\" class=\"size-medium wp-image-5204 alignright\" title=\"basilica lisieux\" src=\"http:\/\/www.montalegre.org\/wp-content\/uploads\/2012\/05\/basilica-lisieux-300x225.jpg\" alt=\"\" width=\"300\" height=\"225\" \/><\/a> espera a la celebraci\u00f3n de la misa se pudo visitar la exposici\u00f3n y rezar en la c\u00e1lida capilla del Sant\u00edsimo. En la homil\u00eda Mn. Francesc Perarnau destac\u00f3 los nombres de grandes santos que hemos conocido por su labores misioneras y por su espiritualidad: \u201cy hay much\u00edsimos m\u00e1s, a\u00a0pesar de todo solo han sido nombrados doctores unos treinta tres, y uno de ellos Santa Teresita de Lisieux, la cual apenas hab\u00eda salido de all\u00ed, pues solo fue a Roma a pedirle expresamente al santo padre que la permitiera entrar en el Carmelo antes de cumplir la edad permitida, y no lo consigui\u00f3.\u00a0Sin embargo,\u00a0y habiendo muerto muy joven, es doctora de la Iglesia. Tampoco escribi\u00f3 grandes obras, b\u00e1sicamente escribi\u00f3 dos narraciones que conocemos con el nombre de Historia de un Alma, al final de la cual explica aquel periodo de su vida de oscuridad total de Dios. Pero sin embargo en las biograf\u00edas que de ella se escriben, se describe una vida interior extraordinaria; el mensaje que transmiti\u00f3 y su espiritualidad es lo que la incorpor\u00f3 como doctora de la Iglesia. No vive apariciones, ni revelaciones, es decir, nada extraordinario. Su deseo enorme era estar en la primera l\u00ednia de misi\u00f3n pero no la dejaron marchar nunca; el peque\u00f1o camino que ella propon\u00eda lo trasmiti\u00f3 mientras fue maestra de novicias, ella ense\u00f1aba lo que ella viv\u00eda. Dec\u00eda: Dios est\u00e1 en lo peque\u00f1o. Para la inmensa mayor\u00eda de nosotros lo peque\u00f1o son las cosas diarias, vivi\u00e9ndolas\u00a0 para dar gloria a Dios, ofrecer las mortificaciones y los esfuerzos diarios: la santidad de las cosas grandes es hacer santamente las cosas peque\u00f1as.&#8221;<\/p>\n<p><a href=\"http:\/\/www.montalegre.org\/2012\/05\/la-sisena-peregrinacio-de-montalegre\/2012-05-12-17-41-19\/\" rel=\"attachment wp-att-5219\"><img loading=\"lazy\" decoding=\"async\" class=\"alignleft size-medium wp-image-5219\" title=\"2012-05-12 17.41.19\" src=\"http:\/\/www.montalegre.org\/wp-content\/uploads\/2012\/05\/2012-05-12-17.41.19-300x180.jpg\" alt=\"\" width=\"300\" height=\"180\" \/><\/a>Al acabar la misa subimos la escalinata y accedimos a la Bas\u00edlica, consagrada hace 57 a\u00f1os. Si nos hab\u00edamos emocionado en la cripta, aquel templo tan magn\u00edfico con aquellos mosaicos, los colores, los peregrinos venidos de todas partes del mundo, pues no en vano es el segundo santuario (despu\u00e9s de Lourdes) m\u00e1s visitado de Francia, nos hizo sentir algo importante dentro de nuestro coraz\u00f3n sensible y humano de cada uno. Como lleg\u00f3 la hora del almuerzo la visita result\u00f3 un rel\u00e1mpago, as\u00ed que decidimos volver por la tarde. Almorzamos en la residencia L\u2019Ermitatge que es el centro de acogida de peregrinos del Carmelo. Por la tarde visitamos la casa familiar de Santa Teresita del Ni\u00f1o Jes\u00fas, llamada Les Buissonnets,\u00a0 situada en el mismo Lisieux. Se conservan los muebles, recuerdos de la familia Martin y muchos objetos personales de la santa (juguetes, vestidos, estampas), todo expuesto de una manera delicada, austera y sobria.<\/p>\n<p>Nuevamente, y con el autocar atravesamos la bella poblaci\u00f3n de Lisieux para llegar a la Bas\u00edlica, d\u00f3nde nos quedamos durante una hora, rezamos muy bien y mucho, encomend\u00e1ndonos a la santa para que supi\u00e9ramos vivir ese camino de espiritualidad que ella hab\u00eda propuesto, sobre la santidad de cada d\u00eda en lo peque\u00f1o. Los que quisieron adquirieron objetos religiosos, y todos nos fotografiamos un mont\u00f3n. La reportera del grupo no par\u00f3 de filmar en todo momento, sin perder detalle. Al caer la tarde a\u00fan nos qued\u00f3 tiempo libre para descansar en el hotel o seguir visitando todo el entorno.\u00a0 Nos alojamos en un hotel antiguo, con historia, pero totalmente rehabilitado, y del que se explica que se salv\u00f3 de los graves bombardeos que sufri\u00f3 la Normand\u00eda en el a\u00f1o 1944. La cena y la tertulia posterior dieron lugar a momentos de aut\u00e9ntica amistad y fraternidad, pues muchas personas del grupo nos conoc\u00edamos de anteriores peregrinaciones de la Iglesia de Santa Mar\u00eda de Montalegre.<\/p>\n<p>&nbsp;<\/p>\n<p><strong>Del Carmelo a D\u00e9sir de Lisieux<\/strong><\/p>\n<p>Lleg\u00f3 el domingo, el tercer d\u00eda de peregrinaci\u00f3n y el \u00faltimo, el d\u00eda 13 de mayo. A las nueve de la ma\u00f1ana la maleta ya <a href=\"http:\/\/www.montalegre.org\/2012\/05\/la-sisena-peregrinacio-de-montalegre\/2012-05-12-16-32-25\/\" rel=\"attachment wp-att-5220\"><img loading=\"lazy\" decoding=\"async\" class=\"alignright size-medium wp-image-5220\" title=\"2012-05-12 16.32.25\" src=\"http:\/\/www.montalegre.org\/wp-content\/uploads\/2012\/05\/2012-05-12-16.32.25-300x180.jpg\" alt=\"\" width=\"300\" height=\"180\" \/><\/a>estaba en el maletero del autocar. Ten\u00edamos mucho que hacer antes de emprender el viaje de regreso al aeropuerto de Orly-Par\u00eds. El hotel donde nos aloj\u00e1bamos est\u00e1 muy cerquita del Carmelo. All\u00ed el sacerdote que nos acompa\u00f1\u00f3 hab\u00eda de celebrar la misa sobre las 10 horas; como llegamos con tiempo, pudimos mantenernos en silencio muy cerca de los restos (o parte de ellos) de Santa Teresita que all\u00ed reposan en un cofre debajo de una urna que contiene en madera y m\u00e1rmol una figura en semblanza a Santa Teresita. Preside aquella urna de cristal una imagen de la Virgen de la Sonrisa, pues la santa as\u00ed la llam\u00f3 el d\u00eda que la cur\u00f3 milagrosamente de una grave enfermedad, y que coincidi\u00f3 que tambi\u00e9n era un 13 de mayo.<\/p>\n<p>En la homil\u00eda, el rector de Montalegre, comparti\u00f3 con nosotros la emoci\u00f3n de poder celebrar en el mismo lugar donde profes\u00f3, vivi\u00f3 y muri\u00f3 la santa. Y al filo del evangelio del d\u00eda, nos ense\u00f1o algo m\u00e1s sobre el mandamiento de la caridad: <em>No tenemos un origen animal, hemos sido creados a imagen y semblanza de Dios, tenemos una herencia ancestral que arrastramos a lo largo de los siglos, rasgos de ego\u00edsmos muy marcados y que son el origen de muchos pecados, de discusiones, de contiendas, de guerras. Todo ello no es debido al origen animal en el que se insiste que tenemos, es debido al pecado original. Jes\u00fas se hace hombre por amor. Nuestro modelo a seguir es \u00c9l, sin embargo encontramos dificultades pues estamos estropeados. Jes\u00fas para ayudarnos crea la Iglesia, instituye los sacramentos, y as\u00ed con todo ello, podemos seguir un camino recto. En cuanto al mandamiento de la caridad podemos recordar ahora las obras de misericordia que podemos repasar en el Catecismo de la Iglesia Cat\u00f3lica. Son siete espirituales, ense\u00f1ar y aconsejar, consolar al triste, confortar al que sufre, perdonar las ofensas, sufrir con paciencia y rezar por los enemigos; y las siete materiales, \u00e9stas \u00faltimas quiz\u00e1 ser\u00edan las m\u00e1s f\u00e1ciles de llevar a cabo pues son dar de comer y beber, vestir al desnudo, visitar a enfermos y a los que est\u00e1n en la c\u00e1rcel, enterrar a los muertos; en definitiva hay que ser capaces de amar a quien no nos ama y a quien nos molesta<\/em>. Mn Francesc Perarnau, por \u00faltimo, se refiri\u00f3 a una inscripci\u00f3n que se repet\u00eda en los templos de Lisieux, pues la hab\u00eda escrito la santa, refiri\u00e9ndose a la Virgen Sant\u00edsima: \u201cEs m\u00e1s Madre que Reina\u201d, y nos invit\u00f3 a pedirle a la Virgen que nos ayude a arrancar los defectos que nos apartan de Dios.<\/p>\n<p>Una vez acabada la santa misa, en aquel lugar tan especial para la vida interior de cada, nos quedamos en la entrada o atrio del recinto del Carmelo pues una hermana franciscana nos hab\u00eda explicado que se editaba una revista sobre Santa Teresita y nuestra peregrinaci\u00f3n iba a ser noticia. Nos sorprendi\u00f3 vivamente. Aquella periodista tan peculiar, agradable y simp\u00e1tica, se interes\u00f3 por los motivos de nuestra peregrinaci\u00f3n y el rector de la Iglesia de Santa Mar\u00eda de Montalegre respondi\u00f3\u00a0 a todas las preguntas que con tanto cari\u00f1o e inter\u00e9s le formularon. Otro tanto hizo la reportera del grupo pues no perdi\u00f3 un \u00e1pice para el video que estaba haciendo de todo el viaje.<\/p>\n<p>En una volada atravesamos Lisieux a pie, a gran velocidad, para visitar la Catedral del Sant Pierre, cuyo entorno y jard\u00edn en esas fechas estaba en obras de rehabilitaci\u00f3n. A continuaci\u00f3n, subimos al autocar pues \u00edbamos hacer una salida cultural fuera de programa y que hab\u00eda propuesto uno de los peregrinos la noche anterior y que fue apoyada por aclamaci\u00f3n. Como hemos dicho est\u00e1bamos en la Baja Normad\u00eda. En toda aquella regi\u00f3n en el a\u00f1o 1944 se hab\u00edan producido crueles contiendas y bombardeos, de los que no escap\u00f3 Lisieux. Por ese motivo cerca de la poblaci\u00f3n se encuentra un cementerio militar, en Sant Desir de Lisieux: 3735 tumbas alemana y 469 tumbas brit\u00e1nicas dan testimonio de ese tr\u00e1gico episodio de su historia. All\u00ed en el libro de firmas dejamos unas palabras de recuerdo.<a href=\"http:\/\/www.montalegre.org\/2012\/05\/la-sisena-peregrinacio-de-montalegre\/img_8310\/\" rel=\"attachment wp-att-5223\"><img loading=\"lazy\" decoding=\"async\" class=\"alignleft size-medium wp-image-5223\" title=\"IMG_8310\" src=\"http:\/\/www.montalegre.org\/wp-content\/uploads\/2012\/05\/IMG_8310-300x225.jpg\" alt=\"\" width=\"300\" height=\"225\" \/><\/a><\/p>\n<p><strong>A Par\u00eds-Orly<\/strong><\/p>\n<p>Se acab\u00f3 el tiempo, deb\u00edamos regresar al hotel. Tomamos el almuerzo, muy franc\u00e9s y muy bueno. A los postres los peregrinos tuvieron gestos muy generosos con la organizaci\u00f3n de la peregrinaci\u00f3n, cosa que desde aqu\u00ed nuevamente agradecemos. Salimos puntualmente de regreso a Par\u00eds, con toda la previsi\u00f3n del mundo ante los esperados a tascos que finalmente no se produjeron. M\u00e1s de la mitad del viaje de vuelta parec\u00eda que el autocar estaba vac\u00edo, los peregrinos descansaron pl\u00e1cidamente, tanto es as\u00ed que los \u00faltimos cincuenta kil\u00f3metros se llenaron los pulmones de canciones y cantos populares hasta que se acab\u00f3 el repertorio. Realmente todos est\u00e1bamos muy contentos pues gracias a Dios todo hab\u00eda salido muy bien. Llegamos de noche al aeropuerto de Barcelona, all\u00ed nos despedimos pero para reencontrarnos en una nueva peregrinaci\u00f3n.<\/p>\n<p><strong>Los peregrinos<\/strong><\/p>\n<p>El ritmo de la peregrinaci\u00f3n fue \u00e1gil y activo gracias a la exquisita colaboraci\u00f3n y puntualidad de los peregrinos. Y muchos colaboraron en diversas actividades que lo hicieron m\u00e1s agradable: \u00c1lvaro y Josep Ma en la sacrist\u00eda; Mireya en los cantos de la misa; Maria del Mar e Ignacio en la filmaci\u00f3n del video; Carmen, Beatriz y Mari Luz en la animaci\u00f3n del autocar; Jos\u00e9 Mar\u00eda, Guillem y Joan como asesores hist\u00f3ricos sobre la Segunda Guerra Mundial; Maria Teresa en el rezo del santo rosario cada d\u00eda de la peregrinaci\u00f3n en el autocar; Francois, haciendo una buena conducci\u00f3n; y todos y\u00a0 todas con la paciencia y el cari\u00f1o expresados a lo largo de todo el viaje.<\/p>\n<p>&nbsp;<\/p>\n<p>Isabel Hern\u00e1ndez Esteban<\/p>\n<p>&nbsp;<\/p>\n","protected":false},"excerpt":{"rendered":"<p>Los d\u00edas 11, 12 y 13 de mayo una treintena de fieles y amigos de la Iglesia de Santa Mar\u00eda de Montalegre estuvimos de peregrinaci\u00f3n en dos lugares muy especiales para nosotros: en la Capilla de la Medalla Milagrosa de Par\u00eds y en la Bas\u00edlica y en el Carmelo, en Lisieux, lugar donde vivi\u00f3 y [&hellip;]<\/p>\n","protected":false},"author":4,"featured_media":0,"comment_status":"open","ping_status":"open","sticky":false,"template":"","format":"standard","meta":{"footnotes":""},"categories":[1],"tags":[],"class_list":["post-5193","post","type-post","status-publish","format-standard","hentry","category-noticias-de-montalegre"],"yoast_head":"<!-- This site is optimized with the Yoast SEO plugin v27.1.1 - https:\/\/yoast.com\/product\/yoast-seo-wordpress\/ -->\n<title>La peregrinaci\u00f3n de este a\u00f1o a Par\u00eds y Lisieux   - Montalegre<\/title>\n<meta name=\"robots\" content=\"index, follow, max-snippet:-1, max-image-preview:large, max-video-preview:-1\" \/>\n<link rel=\"canonical\" href=\"https:\/\/www.montalegre.org\/es\/2012\/05\/la-peregrinacion-de-este-ano-a-paris-y-lisieux\/\" \/>\n<meta property=\"og:locale\" content=\"es_ES\" \/>\n<meta property=\"og:type\" content=\"article\" \/>\n<meta property=\"og:title\" content=\"La peregrinaci\u00f3n de este a\u00f1o a Par\u00eds y Lisieux   - Montalegre\" \/>\n<meta property=\"og:description\" content=\"Los d\u00edas 11, 12 y 13 de mayo una treintena de fieles y amigos de la Iglesia de Santa Mar\u00eda de Montalegre estuvimos de peregrinaci\u00f3n en dos lugares muy especiales para nosotros: en la Capilla de la Medalla Milagrosa de Par\u00eds y en la Bas\u00edlica y en el Carmelo, en Lisieux, lugar donde vivi\u00f3 y [&hellip;]\" \/>\n<meta property=\"og:url\" content=\"https:\/\/www.montalegre.org\/es\/2012\/05\/la-peregrinacion-de-este-ano-a-paris-y-lisieux\/\" \/>\n<meta property=\"og:site_name\" content=\"Montalegre\" \/>\n<meta property=\"article:published_time\" content=\"2012-05-21T11:19:38+00:00\" \/>\n<meta property=\"article:modified_time\" content=\"2012-06-03T16:19:00+00:00\" \/>\n<meta property=\"og:image\" content=\"http:\/\/www.montalegre.org\/wp-content\/uploads\/2012\/05\/La-MIlagrosa-225x300.jpg\" \/>\n<meta name=\"author\" content=\"montalegre\" \/>\n<meta name=\"twitter:card\" content=\"summary_large_image\" \/>\n<meta name=\"twitter:label1\" content=\"Escrito por\" \/>\n\t<meta name=\"twitter:data1\" content=\"montalegre\" \/>\n\t<meta name=\"twitter:label2\" content=\"Tiempo de lectura\" \/>\n\t<meta name=\"twitter:data2\" content=\"14 minutos\" \/>\n<script type=\"application\/ld+json\" class=\"yoast-schema-graph\">{\"@context\":\"https:\/\/schema.org\",\"@graph\":[{\"@type\":\"Article\",\"@id\":\"https:\/\/www.montalegre.org\/es\/2012\/05\/la-peregrinacion-de-este-ano-a-paris-y-lisieux\/#article\",\"isPartOf\":{\"@id\":\"https:\/\/www.montalegre.org\/es\/2012\/05\/la-peregrinacion-de-este-ano-a-paris-y-lisieux\/\"},\"author\":{\"name\":\"montalegre\",\"@id\":\"https:\/\/www.montalegre.org\/es\/#\/schema\/person\/fa12d4cf3a3f1735a9176b4fafd6a633\"},\"headline\":\"La peregrinaci\u00f3n de este a\u00f1o a Par\u00eds y Lisieux\",\"datePublished\":\"2012-05-21T11:19:38+00:00\",\"dateModified\":\"2012-06-03T16:19:00+00:00\",\"mainEntityOfPage\":{\"@id\":\"https:\/\/www.montalegre.org\/es\/2012\/05\/la-peregrinacion-de-este-ano-a-paris-y-lisieux\/\"},\"wordCount\":2739,\"commentCount\":2,\"image\":{\"@id\":\"https:\/\/www.montalegre.org\/es\/2012\/05\/la-peregrinacion-de-este-ano-a-paris-y-lisieux\/#primaryimage\"},\"thumbnailUrl\":\"http:\/\/www.montalegre.org\/wp-content\/uploads\/2012\/05\/La-MIlagrosa-225x300.jpg\",\"articleSection\":[\"Noticias de Montalegre\"],\"inLanguage\":\"es\",\"potentialAction\":[{\"@type\":\"CommentAction\",\"name\":\"Comment\",\"target\":[\"https:\/\/www.montalegre.org\/es\/2012\/05\/la-peregrinacion-de-este-ano-a-paris-y-lisieux\/#respond\"]}]},{\"@type\":\"WebPage\",\"@id\":\"https:\/\/www.montalegre.org\/es\/2012\/05\/la-peregrinacion-de-este-ano-a-paris-y-lisieux\/\",\"url\":\"https:\/\/www.montalegre.org\/es\/2012\/05\/la-peregrinacion-de-este-ano-a-paris-y-lisieux\/\",\"name\":\"La peregrinaci\u00f3n de este a\u00f1o a Par\u00eds y Lisieux - Montalegre\",\"isPartOf\":{\"@id\":\"https:\/\/www.montalegre.org\/es\/#website\"},\"primaryImageOfPage\":{\"@id\":\"https:\/\/www.montalegre.org\/es\/2012\/05\/la-peregrinacion-de-este-ano-a-paris-y-lisieux\/#primaryimage\"},\"image\":{\"@id\":\"https:\/\/www.montalegre.org\/es\/2012\/05\/la-peregrinacion-de-este-ano-a-paris-y-lisieux\/#primaryimage\"},\"thumbnailUrl\":\"http:\/\/www.montalegre.org\/wp-content\/uploads\/2012\/05\/La-MIlagrosa-225x300.jpg\",\"datePublished\":\"2012-05-21T11:19:38+00:00\",\"dateModified\":\"2012-06-03T16:19:00+00:00\",\"author\":{\"@id\":\"https:\/\/www.montalegre.org\/es\/#\/schema\/person\/fa12d4cf3a3f1735a9176b4fafd6a633\"},\"breadcrumb\":{\"@id\":\"https:\/\/www.montalegre.org\/es\/2012\/05\/la-peregrinacion-de-este-ano-a-paris-y-lisieux\/#breadcrumb\"},\"inLanguage\":\"es\",\"potentialAction\":[{\"@type\":\"ReadAction\",\"target\":[\"https:\/\/www.montalegre.org\/es\/2012\/05\/la-peregrinacion-de-este-ano-a-paris-y-lisieux\/\"]}]},{\"@type\":\"ImageObject\",\"inLanguage\":\"es\",\"@id\":\"https:\/\/www.montalegre.org\/es\/2012\/05\/la-peregrinacion-de-este-ano-a-paris-y-lisieux\/#primaryimage\",\"url\":\"http:\/\/www.montalegre.org\/wp-content\/uploads\/2012\/05\/La-MIlagrosa-225x300.jpg\",\"contentUrl\":\"http:\/\/www.montalegre.org\/wp-content\/uploads\/2012\/05\/La-MIlagrosa-225x300.jpg\"},{\"@type\":\"BreadcrumbList\",\"@id\":\"https:\/\/www.montalegre.org\/es\/2012\/05\/la-peregrinacion-de-este-ano-a-paris-y-lisieux\/#breadcrumb\",\"itemListElement\":[{\"@type\":\"ListItem\",\"position\":1,\"name\":\"Portada\",\"item\":\"https:\/\/www.montalegre.org\/es\/\"},{\"@type\":\"ListItem\",\"position\":2,\"name\":\"La peregrinaci\u00f3n de este a\u00f1o a Par\u00eds y Lisieux\"}]},{\"@type\":\"WebSite\",\"@id\":\"https:\/\/www.montalegre.org\/es\/#website\",\"url\":\"https:\/\/www.montalegre.org\/es\/\",\"name\":\"Montalegre\",\"description\":\"\",\"potentialAction\":[{\"@type\":\"SearchAction\",\"target\":{\"@type\":\"EntryPoint\",\"urlTemplate\":\"https:\/\/www.montalegre.org\/es\/?s={search_term_string}\"},\"query-input\":{\"@type\":\"PropertyValueSpecification\",\"valueRequired\":true,\"valueName\":\"search_term_string\"}}],\"inLanguage\":\"es\"},{\"@type\":\"Person\",\"@id\":\"https:\/\/www.montalegre.org\/es\/#\/schema\/person\/fa12d4cf3a3f1735a9176b4fafd6a633\",\"name\":\"montalegre\",\"image\":{\"@type\":\"ImageObject\",\"inLanguage\":\"es\",\"@id\":\"https:\/\/www.montalegre.org\/es\/#\/schema\/person\/image\/\",\"url\":\"https:\/\/secure.gravatar.com\/avatar\/fe6d886cf5081e723c666dceda1f12d4f39070fa2ed4e79695edc3ca355c9b5a?s=96&d=mm&r=g\",\"contentUrl\":\"https:\/\/secure.gravatar.com\/avatar\/fe6d886cf5081e723c666dceda1f12d4f39070fa2ed4e79695edc3ca355c9b5a?s=96&d=mm&r=g\",\"caption\":\"montalegre\"},\"url\":\"https:\/\/www.montalegre.org\/es\/author\/montalegre\/\"}]}<\/script>\n<!-- \/ Yoast SEO plugin. -->","yoast_head_json":{"title":"La peregrinaci\u00f3n de este a\u00f1o a Par\u00eds y Lisieux   - Montalegre","robots":{"index":"index","follow":"follow","max-snippet":"max-snippet:-1","max-image-preview":"max-image-preview:large","max-video-preview":"max-video-preview:-1"},"canonical":"https:\/\/www.montalegre.org\/es\/2012\/05\/la-peregrinacion-de-este-ano-a-paris-y-lisieux\/","og_locale":"es_ES","og_type":"article","og_title":"La peregrinaci\u00f3n de este a\u00f1o a Par\u00eds y Lisieux   - Montalegre","og_description":"Los d\u00edas 11, 12 y 13 de mayo una treintena de fieles y amigos de la Iglesia de Santa Mar\u00eda de Montalegre estuvimos de peregrinaci\u00f3n en dos lugares muy especiales para nosotros: en la Capilla de la Medalla Milagrosa de Par\u00eds y en la Bas\u00edlica y en el Carmelo, en Lisieux, lugar donde vivi\u00f3 y [&hellip;]","og_url":"https:\/\/www.montalegre.org\/es\/2012\/05\/la-peregrinacion-de-este-ano-a-paris-y-lisieux\/","og_site_name":"Montalegre","article_published_time":"2012-05-21T11:19:38+00:00","article_modified_time":"2012-06-03T16:19:00+00:00","og_image":[{"url":"http:\/\/www.montalegre.org\/wp-content\/uploads\/2012\/05\/La-MIlagrosa-225x300.jpg","type":"","width":"","height":""}],"author":"montalegre","twitter_card":"summary_large_image","twitter_misc":{"Escrito por":"montalegre","Tiempo de lectura":"14 minutos"},"schema":{"@context":"https:\/\/schema.org","@graph":[{"@type":"Article","@id":"https:\/\/www.montalegre.org\/es\/2012\/05\/la-peregrinacion-de-este-ano-a-paris-y-lisieux\/#article","isPartOf":{"@id":"https:\/\/www.montalegre.org\/es\/2012\/05\/la-peregrinacion-de-este-ano-a-paris-y-lisieux\/"},"author":{"name":"montalegre","@id":"https:\/\/www.montalegre.org\/es\/#\/schema\/person\/fa12d4cf3a3f1735a9176b4fafd6a633"},"headline":"La peregrinaci\u00f3n de este a\u00f1o a Par\u00eds y Lisieux","datePublished":"2012-05-21T11:19:38+00:00","dateModified":"2012-06-03T16:19:00+00:00","mainEntityOfPage":{"@id":"https:\/\/www.montalegre.org\/es\/2012\/05\/la-peregrinacion-de-este-ano-a-paris-y-lisieux\/"},"wordCount":2739,"commentCount":2,"image":{"@id":"https:\/\/www.montalegre.org\/es\/2012\/05\/la-peregrinacion-de-este-ano-a-paris-y-lisieux\/#primaryimage"},"thumbnailUrl":"http:\/\/www.montalegre.org\/wp-content\/uploads\/2012\/05\/La-MIlagrosa-225x300.jpg","articleSection":["Noticias de Montalegre"],"inLanguage":"es","potentialAction":[{"@type":"CommentAction","name":"Comment","target":["https:\/\/www.montalegre.org\/es\/2012\/05\/la-peregrinacion-de-este-ano-a-paris-y-lisieux\/#respond"]}]},{"@type":"WebPage","@id":"https:\/\/www.montalegre.org\/es\/2012\/05\/la-peregrinacion-de-este-ano-a-paris-y-lisieux\/","url":"https:\/\/www.montalegre.org\/es\/2012\/05\/la-peregrinacion-de-este-ano-a-paris-y-lisieux\/","name":"La peregrinaci\u00f3n de este a\u00f1o a Par\u00eds y Lisieux - Montalegre","isPartOf":{"@id":"https:\/\/www.montalegre.org\/es\/#website"},"primaryImageOfPage":{"@id":"https:\/\/www.montalegre.org\/es\/2012\/05\/la-peregrinacion-de-este-ano-a-paris-y-lisieux\/#primaryimage"},"image":{"@id":"https:\/\/www.montalegre.org\/es\/2012\/05\/la-peregrinacion-de-este-ano-a-paris-y-lisieux\/#primaryimage"},"thumbnailUrl":"http:\/\/www.montalegre.org\/wp-content\/uploads\/2012\/05\/La-MIlagrosa-225x300.jpg","datePublished":"2012-05-21T11:19:38+00:00","dateModified":"2012-06-03T16:19:00+00:00","author":{"@id":"https:\/\/www.montalegre.org\/es\/#\/schema\/person\/fa12d4cf3a3f1735a9176b4fafd6a633"},"breadcrumb":{"@id":"https:\/\/www.montalegre.org\/es\/2012\/05\/la-peregrinacion-de-este-ano-a-paris-y-lisieux\/#breadcrumb"},"inLanguage":"es","potentialAction":[{"@type":"ReadAction","target":["https:\/\/www.montalegre.org\/es\/2012\/05\/la-peregrinacion-de-este-ano-a-paris-y-lisieux\/"]}]},{"@type":"ImageObject","inLanguage":"es","@id":"https:\/\/www.montalegre.org\/es\/2012\/05\/la-peregrinacion-de-este-ano-a-paris-y-lisieux\/#primaryimage","url":"http:\/\/www.montalegre.org\/wp-content\/uploads\/2012\/05\/La-MIlagrosa-225x300.jpg","contentUrl":"http:\/\/www.montalegre.org\/wp-content\/uploads\/2012\/05\/La-MIlagrosa-225x300.jpg"},{"@type":"BreadcrumbList","@id":"https:\/\/www.montalegre.org\/es\/2012\/05\/la-peregrinacion-de-este-ano-a-paris-y-lisieux\/#breadcrumb","itemListElement":[{"@type":"ListItem","position":1,"name":"Portada","item":"https:\/\/www.montalegre.org\/es\/"},{"@type":"ListItem","position":2,"name":"La peregrinaci\u00f3n de este a\u00f1o a Par\u00eds y Lisieux"}]},{"@type":"WebSite","@id":"https:\/\/www.montalegre.org\/es\/#website","url":"https:\/\/www.montalegre.org\/es\/","name":"Montalegre","description":"","potentialAction":[{"@type":"SearchAction","target":{"@type":"EntryPoint","urlTemplate":"https:\/\/www.montalegre.org\/es\/?s={search_term_string}"},"query-input":{"@type":"PropertyValueSpecification","valueRequired":true,"valueName":"search_term_string"}}],"inLanguage":"es"},{"@type":"Person","@id":"https:\/\/www.montalegre.org\/es\/#\/schema\/person\/fa12d4cf3a3f1735a9176b4fafd6a633","name":"montalegre","image":{"@type":"ImageObject","inLanguage":"es","@id":"https:\/\/www.montalegre.org\/es\/#\/schema\/person\/image\/","url":"https:\/\/secure.gravatar.com\/avatar\/fe6d886cf5081e723c666dceda1f12d4f39070fa2ed4e79695edc3ca355c9b5a?s=96&d=mm&r=g","contentUrl":"https:\/\/secure.gravatar.com\/avatar\/fe6d886cf5081e723c666dceda1f12d4f39070fa2ed4e79695edc3ca355c9b5a?s=96&d=mm&r=g","caption":"montalegre"},"url":"https:\/\/www.montalegre.org\/es\/author\/montalegre\/"}]}},"_links":{"self":[{"href":"https:\/\/www.montalegre.org\/es\/wp-json\/wp\/v2\/posts\/5193","targetHints":{"allow":["GET"]}}],"collection":[{"href":"https:\/\/www.montalegre.org\/es\/wp-json\/wp\/v2\/posts"}],"about":[{"href":"https:\/\/www.montalegre.org\/es\/wp-json\/wp\/v2\/types\/post"}],"author":[{"embeddable":true,"href":"https:\/\/www.montalegre.org\/es\/wp-json\/wp\/v2\/users\/4"}],"replies":[{"embeddable":true,"href":"https:\/\/www.montalegre.org\/es\/wp-json\/wp\/v2\/comments?post=5193"}],"version-history":[{"count":16,"href":"https:\/\/www.montalegre.org\/es\/wp-json\/wp\/v2\/posts\/5193\/revisions"}],"predecessor-version":[{"id":5229,"href":"https:\/\/www.montalegre.org\/es\/wp-json\/wp\/v2\/posts\/5193\/revisions\/5229"}],"wp:attachment":[{"href":"https:\/\/www.montalegre.org\/es\/wp-json\/wp\/v2\/media?parent=5193"}],"wp:term":[{"taxonomy":"category","embeddable":true,"href":"https:\/\/www.montalegre.org\/es\/wp-json\/wp\/v2\/categories?post=5193"},{"taxonomy":"post_tag","embeddable":true,"href":"https:\/\/www.montalegre.org\/es\/wp-json\/wp\/v2\/tags?post=5193"}],"curies":[{"name":"wp","href":"https:\/\/api.w.org\/{rel}","templated":true}]}}