{"id":5129,"date":"2012-05-01T01:00:40","date_gmt":"2012-05-01T01:00:40","guid":{"rendered":"http:\/\/www.montalegre.org\/?p=5129"},"modified":"2012-04-26T10:46:19","modified_gmt":"2012-04-26T10:46:19","slug":"en-mayo-visitamos-a-la-virgen","status":"publish","type":"post","link":"https:\/\/www.montalegre.org\/es\/2012\/05\/en-mayo-visitamos-a-la-virgen\/","title":{"rendered":"En Mayo visitamos a la Virgen"},"content":{"rendered":"<p style=\"text-align: justify;\"><a href=\"http:\/\/www.montalegre.org\/2012\/05\/aquest-maig-visitem-a-la-mare-de-deu\/miraculosa-rue-du-bac\/\" rel=\"attachment wp-att-5134\"><img loading=\"lazy\" decoding=\"async\" class=\"alignleft size-full wp-image-5134\" title=\"miraculosa Rue du Bac\" src=\"http:\/\/www.montalegre.org\/wp-content\/uploads\/2012\/05\/miraculosa-Rue-du-Bac.jpg\" alt=\"\" width=\"249\" height=\"332\" srcset=\"https:\/\/www.montalegre.org\/wp-content\/uploads\/2012\/05\/miraculosa-Rue-du-Bac.jpg 450w, https:\/\/www.montalegre.org\/wp-content\/uploads\/2012\/05\/miraculosa-Rue-du-Bac-360x480.jpg 360w\" sizes=\"auto, (max-width: 249px) 100vw, 249px\" \/><\/a>Como viene siendo ya una tradici\u00f3n en Montalegre, en el mes de Mayo realizaremos una peregrinaci\u00f3n que, salvo alguna excepci\u00f3n, como la del a\u00f1o 2011 en que peregrinamos a Tierra Santa, suele ser una peregrinaci\u00f3n Mariana.<br \/>\nDespu\u00e9s de Montserrat, Torreciudad, Lourdes y Fatima, este a\u00f1os viajaremos a Par\u00eds, para conocer all\u00ed y rezar en la Iglesia de la Medalla Milagrosa, en la Rue du Bac, lugar donde se apareci\u00f3 Nuestra Se\u00f1or a Santa Catalina Laboure en 1830.<br \/>\nA esta advocaci\u00f3n Mariana est\u00e1 vinculada nuestra iglesia de Montalegre desde hace muchos a\u00f1os. Fue el d\u00eda 27 de diciembre de 1907 cuando la Junta rectora de la Casa de la Caridad, a la que pertenec\u00eda la Iglesia de Montalegre, decidi\u00f3 que se construyera<em> \u201cuna capilla dedicada a honrar a la Sant\u00edsima Virgen, bajo su advocaci\u00f3n de la Medalla Milagrosa, conforme a lo solicitado por las Hermanas de San Vicente de Paul que cuidan del Establecimiento(\u2026)<\/em>&#8220;,\u00a0 seg\u00fan est\u00e1 escrito en el acta de la reuni\u00f3n.<br \/>\nLa capilla se construy\u00f3 en menos de un a\u00f1o y pudo ser inaugurada el dia 27 de noviembre de 1908, d\u00eda de la fiesta de la Medalla Milagrosa, justo en el segundo aniversario de la segunda aparici\u00f3n de la Virgen.<br \/>\nSon muchas las personas que se acercan a esta capilla para encomendarse a la Virgen y para hacerse con una peque\u00f1a medalla, que siempre pueden encontrar all\u00ed. Esta imagen, ya centenaria, nos recuerda con sus rayos que Mar\u00eda vela por sus hijos, derramando abundantes gracias sobre ellos.<br \/>\nLa medalla tiene su origen en un encargo de la Sant\u00edsima Virgen a Santa Catalina, y que ella llev\u00f3 fielmente a t\u00e9rmino. La Medalla se llamaba de la Inmaculada Concepci\u00f3n, pero poco a poco fue conocida como la <strong>Medalla Milagrosa<\/strong> debido a los favores que obten\u00edan de Mar\u00eda las personas que la usaban.<br \/>\nNo hace mucho, el viernes Santo record\u00e1bamos como Jes\u00fas, ya en la cruz, ped\u00eda a Nuestra Se\u00f1ora que continuara su labor maternal con sus disc\u00edpulos. Y as\u00ed lo hizo desde el primer momento, y \u00a0lo ha seguido haciendo a lo largo de los siglos. Normalmente sini hacer ruido, pero a veces, cuando ha sido necesario, de maneras mucho mas notorias, de una manera muy especial recordamos las apariciones de Mar\u00eda en F\u00e1tima, con manifestaciones tan importantes sobre la naturaleza.<br \/>\nEs l\u00f3gico que a lo largo del mes de Mayo, dedicado a la Sant\u00edsima Virgen busquemos la manera de honrarla como ella se merece. Hay muchas maneras de hacerlo, pero no pueden faltar las Romer\u00edas, los Rosarios rezados personalmente o mejor a\u00fan en familia, la participaci\u00f3n en encuentros marianos&#8230;<br \/>\nY no pueden faltar los peque\u00f1os detalles con ella, una flor, un canto una jaculatoria que le dirigimos con el coraz\u00f3n.<br \/>\nY tengamos la certeza de que ella no se dejar\u00e1 ganar en generosidad.<\/p>\n<p style=\"text-align: justify;\">Mn Francesc Perarnau<\/p>\n","protected":false},"excerpt":{"rendered":"<p>Como viene siendo ya una tradici\u00f3n en Montalegre, en el mes de Mayo realizaremos una peregrinaci\u00f3n que, salvo alguna excepci\u00f3n, como la del a\u00f1o 2011 en que peregrinamos a Tierra Santa, suele ser una peregrinaci\u00f3n Mariana. Despu\u00e9s de Montserrat, Torreciudad, Lourdes y Fatima, este a\u00f1os viajaremos a Par\u00eds, para conocer all\u00ed y rezar en la [&hellip;]<\/p>\n","protected":false},"author":4,"featured_media":0,"comment_status":"open","ping_status":"open","sticky":false,"template":"","format":"standard","meta":{"footnotes":""},"categories":[52],"tags":[],"class_list":["post-5129","post","type-post","status-publish","format-standard","hentry","category-editorial"],"yoast_head":"<!-- This site is optimized with the Yoast SEO plugin v27.1.1 - https:\/\/yoast.com\/product\/yoast-seo-wordpress\/ -->\n<title>En Mayo visitamos a la Virgen - Montalegre<\/title>\n<meta name=\"robots\" content=\"index, follow, max-snippet:-1, max-image-preview:large, max-video-preview:-1\" \/>\n<link rel=\"canonical\" href=\"https:\/\/www.montalegre.org\/es\/2012\/05\/en-mayo-visitamos-a-la-virgen\/\" \/>\n<meta property=\"og:locale\" content=\"es_ES\" \/>\n<meta property=\"og:type\" content=\"article\" \/>\n<meta property=\"og:title\" content=\"En Mayo visitamos a la Virgen - Montalegre\" \/>\n<meta property=\"og:description\" content=\"Como viene siendo ya una tradici\u00f3n en Montalegre, en el mes de Mayo realizaremos una peregrinaci\u00f3n que, salvo alguna excepci\u00f3n, como la del a\u00f1o 2011 en que peregrinamos a Tierra Santa, suele ser una peregrinaci\u00f3n Mariana. Despu\u00e9s de Montserrat, Torreciudad, Lourdes y Fatima, este a\u00f1os viajaremos a Par\u00eds, para conocer all\u00ed y rezar en la [&hellip;]\" \/>\n<meta property=\"og:url\" content=\"https:\/\/www.montalegre.org\/es\/2012\/05\/en-mayo-visitamos-a-la-virgen\/\" \/>\n<meta property=\"og:site_name\" content=\"Montalegre\" \/>\n<meta property=\"article:published_time\" content=\"2012-05-01T01:00:40+00:00\" \/>\n<meta property=\"og:image\" content=\"http:\/\/www.montalegre.org\/wp-content\/uploads\/2012\/05\/miraculosa-Rue-du-Bac.jpg\" \/>\n<meta name=\"author\" content=\"montalegre\" \/>\n<meta name=\"twitter:card\" content=\"summary_large_image\" \/>\n<meta name=\"twitter:label1\" content=\"Escrito por\" \/>\n\t<meta name=\"twitter:data1\" content=\"montalegre\" \/>\n\t<meta name=\"twitter:label2\" content=\"Tiempo de lectura\" \/>\n\t<meta name=\"twitter:data2\" content=\"3 minutos\" \/>\n<script type=\"application\/ld+json\" class=\"yoast-schema-graph\">{\"@context\":\"https:\/\/schema.org\",\"@graph\":[{\"@type\":\"Article\",\"@id\":\"https:\/\/www.montalegre.org\/es\/2012\/05\/en-mayo-visitamos-a-la-virgen\/#article\",\"isPartOf\":{\"@id\":\"https:\/\/www.montalegre.org\/es\/2012\/05\/en-mayo-visitamos-a-la-virgen\/\"},\"author\":{\"name\":\"montalegre\",\"@id\":\"https:\/\/www.montalegre.org\/es\/#\/schema\/person\/fa12d4cf3a3f1735a9176b4fafd6a633\"},\"headline\":\"En Mayo visitamos a la Virgen\",\"datePublished\":\"2012-05-01T01:00:40+00:00\",\"mainEntityOfPage\":{\"@id\":\"https:\/\/www.montalegre.org\/es\/2012\/05\/en-mayo-visitamos-a-la-virgen\/\"},\"wordCount\":508,\"commentCount\":0,\"image\":{\"@id\":\"https:\/\/www.montalegre.org\/es\/2012\/05\/en-mayo-visitamos-a-la-virgen\/#primaryimage\"},\"thumbnailUrl\":\"http:\/\/www.montalegre.org\/wp-content\/uploads\/2012\/05\/miraculosa-Rue-du-Bac.jpg\",\"articleSection\":[\"Editorial\"],\"inLanguage\":\"es\",\"potentialAction\":[{\"@type\":\"CommentAction\",\"name\":\"Comment\",\"target\":[\"https:\/\/www.montalegre.org\/es\/2012\/05\/en-mayo-visitamos-a-la-virgen\/#respond\"]}]},{\"@type\":\"WebPage\",\"@id\":\"https:\/\/www.montalegre.org\/es\/2012\/05\/en-mayo-visitamos-a-la-virgen\/\",\"url\":\"https:\/\/www.montalegre.org\/es\/2012\/05\/en-mayo-visitamos-a-la-virgen\/\",\"name\":\"En Mayo visitamos a la Virgen - Montalegre\",\"isPartOf\":{\"@id\":\"https:\/\/www.montalegre.org\/es\/#website\"},\"primaryImageOfPage\":{\"@id\":\"https:\/\/www.montalegre.org\/es\/2012\/05\/en-mayo-visitamos-a-la-virgen\/#primaryimage\"},\"image\":{\"@id\":\"https:\/\/www.montalegre.org\/es\/2012\/05\/en-mayo-visitamos-a-la-virgen\/#primaryimage\"},\"thumbnailUrl\":\"http:\/\/www.montalegre.org\/wp-content\/uploads\/2012\/05\/miraculosa-Rue-du-Bac.jpg\",\"datePublished\":\"2012-05-01T01:00:40+00:00\",\"author\":{\"@id\":\"https:\/\/www.montalegre.org\/es\/#\/schema\/person\/fa12d4cf3a3f1735a9176b4fafd6a633\"},\"breadcrumb\":{\"@id\":\"https:\/\/www.montalegre.org\/es\/2012\/05\/en-mayo-visitamos-a-la-virgen\/#breadcrumb\"},\"inLanguage\":\"es\",\"potentialAction\":[{\"@type\":\"ReadAction\",\"target\":[\"https:\/\/www.montalegre.org\/es\/2012\/05\/en-mayo-visitamos-a-la-virgen\/\"]}]},{\"@type\":\"ImageObject\",\"inLanguage\":\"es\",\"@id\":\"https:\/\/www.montalegre.org\/es\/2012\/05\/en-mayo-visitamos-a-la-virgen\/#primaryimage\",\"url\":\"http:\/\/www.montalegre.org\/wp-content\/uploads\/2012\/05\/miraculosa-Rue-du-Bac.jpg\",\"contentUrl\":\"http:\/\/www.montalegre.org\/wp-content\/uploads\/2012\/05\/miraculosa-Rue-du-Bac.jpg\"},{\"@type\":\"BreadcrumbList\",\"@id\":\"https:\/\/www.montalegre.org\/es\/2012\/05\/en-mayo-visitamos-a-la-virgen\/#breadcrumb\",\"itemListElement\":[{\"@type\":\"ListItem\",\"position\":1,\"name\":\"Portada\",\"item\":\"https:\/\/www.montalegre.org\/es\/\"},{\"@type\":\"ListItem\",\"position\":2,\"name\":\"En Mayo visitamos a la Virgen\"}]},{\"@type\":\"WebSite\",\"@id\":\"https:\/\/www.montalegre.org\/es\/#website\",\"url\":\"https:\/\/www.montalegre.org\/es\/\",\"name\":\"Montalegre\",\"description\":\"\",\"potentialAction\":[{\"@type\":\"SearchAction\",\"target\":{\"@type\":\"EntryPoint\",\"urlTemplate\":\"https:\/\/www.montalegre.org\/es\/?s={search_term_string}\"},\"query-input\":{\"@type\":\"PropertyValueSpecification\",\"valueRequired\":true,\"valueName\":\"search_term_string\"}}],\"inLanguage\":\"es\"},{\"@type\":\"Person\",\"@id\":\"https:\/\/www.montalegre.org\/es\/#\/schema\/person\/fa12d4cf3a3f1735a9176b4fafd6a633\",\"name\":\"montalegre\",\"image\":{\"@type\":\"ImageObject\",\"inLanguage\":\"es\",\"@id\":\"https:\/\/www.montalegre.org\/es\/#\/schema\/person\/image\/\",\"url\":\"https:\/\/secure.gravatar.com\/avatar\/fe6d886cf5081e723c666dceda1f12d4f39070fa2ed4e79695edc3ca355c9b5a?s=96&d=mm&r=g\",\"contentUrl\":\"https:\/\/secure.gravatar.com\/avatar\/fe6d886cf5081e723c666dceda1f12d4f39070fa2ed4e79695edc3ca355c9b5a?s=96&d=mm&r=g\",\"caption\":\"montalegre\"},\"url\":\"https:\/\/www.montalegre.org\/es\/author\/montalegre\/\"}]}<\/script>\n<!-- \/ Yoast SEO plugin. -->","yoast_head_json":{"title":"En Mayo visitamos a la Virgen - Montalegre","robots":{"index":"index","follow":"follow","max-snippet":"max-snippet:-1","max-image-preview":"max-image-preview:large","max-video-preview":"max-video-preview:-1"},"canonical":"https:\/\/www.montalegre.org\/es\/2012\/05\/en-mayo-visitamos-a-la-virgen\/","og_locale":"es_ES","og_type":"article","og_title":"En Mayo visitamos a la Virgen - Montalegre","og_description":"Como viene siendo ya una tradici\u00f3n en Montalegre, en el mes de Mayo realizaremos una peregrinaci\u00f3n que, salvo alguna excepci\u00f3n, como la del a\u00f1o 2011 en que peregrinamos a Tierra Santa, suele ser una peregrinaci\u00f3n Mariana. Despu\u00e9s de Montserrat, Torreciudad, Lourdes y Fatima, este a\u00f1os viajaremos a Par\u00eds, para conocer all\u00ed y rezar en la [&hellip;]","og_url":"https:\/\/www.montalegre.org\/es\/2012\/05\/en-mayo-visitamos-a-la-virgen\/","og_site_name":"Montalegre","article_published_time":"2012-05-01T01:00:40+00:00","og_image":[{"url":"http:\/\/www.montalegre.org\/wp-content\/uploads\/2012\/05\/miraculosa-Rue-du-Bac.jpg","type":"","width":"","height":""}],"author":"montalegre","twitter_card":"summary_large_image","twitter_misc":{"Escrito por":"montalegre","Tiempo de lectura":"3 minutos"},"schema":{"@context":"https:\/\/schema.org","@graph":[{"@type":"Article","@id":"https:\/\/www.montalegre.org\/es\/2012\/05\/en-mayo-visitamos-a-la-virgen\/#article","isPartOf":{"@id":"https:\/\/www.montalegre.org\/es\/2012\/05\/en-mayo-visitamos-a-la-virgen\/"},"author":{"name":"montalegre","@id":"https:\/\/www.montalegre.org\/es\/#\/schema\/person\/fa12d4cf3a3f1735a9176b4fafd6a633"},"headline":"En Mayo visitamos a la Virgen","datePublished":"2012-05-01T01:00:40+00:00","mainEntityOfPage":{"@id":"https:\/\/www.montalegre.org\/es\/2012\/05\/en-mayo-visitamos-a-la-virgen\/"},"wordCount":508,"commentCount":0,"image":{"@id":"https:\/\/www.montalegre.org\/es\/2012\/05\/en-mayo-visitamos-a-la-virgen\/#primaryimage"},"thumbnailUrl":"http:\/\/www.montalegre.org\/wp-content\/uploads\/2012\/05\/miraculosa-Rue-du-Bac.jpg","articleSection":["Editorial"],"inLanguage":"es","potentialAction":[{"@type":"CommentAction","name":"Comment","target":["https:\/\/www.montalegre.org\/es\/2012\/05\/en-mayo-visitamos-a-la-virgen\/#respond"]}]},{"@type":"WebPage","@id":"https:\/\/www.montalegre.org\/es\/2012\/05\/en-mayo-visitamos-a-la-virgen\/","url":"https:\/\/www.montalegre.org\/es\/2012\/05\/en-mayo-visitamos-a-la-virgen\/","name":"En Mayo visitamos a la Virgen - Montalegre","isPartOf":{"@id":"https:\/\/www.montalegre.org\/es\/#website"},"primaryImageOfPage":{"@id":"https:\/\/www.montalegre.org\/es\/2012\/05\/en-mayo-visitamos-a-la-virgen\/#primaryimage"},"image":{"@id":"https:\/\/www.montalegre.org\/es\/2012\/05\/en-mayo-visitamos-a-la-virgen\/#primaryimage"},"thumbnailUrl":"http:\/\/www.montalegre.org\/wp-content\/uploads\/2012\/05\/miraculosa-Rue-du-Bac.jpg","datePublished":"2012-05-01T01:00:40+00:00","author":{"@id":"https:\/\/www.montalegre.org\/es\/#\/schema\/person\/fa12d4cf3a3f1735a9176b4fafd6a633"},"breadcrumb":{"@id":"https:\/\/www.montalegre.org\/es\/2012\/05\/en-mayo-visitamos-a-la-virgen\/#breadcrumb"},"inLanguage":"es","potentialAction":[{"@type":"ReadAction","target":["https:\/\/www.montalegre.org\/es\/2012\/05\/en-mayo-visitamos-a-la-virgen\/"]}]},{"@type":"ImageObject","inLanguage":"es","@id":"https:\/\/www.montalegre.org\/es\/2012\/05\/en-mayo-visitamos-a-la-virgen\/#primaryimage","url":"http:\/\/www.montalegre.org\/wp-content\/uploads\/2012\/05\/miraculosa-Rue-du-Bac.jpg","contentUrl":"http:\/\/www.montalegre.org\/wp-content\/uploads\/2012\/05\/miraculosa-Rue-du-Bac.jpg"},{"@type":"BreadcrumbList","@id":"https:\/\/www.montalegre.org\/es\/2012\/05\/en-mayo-visitamos-a-la-virgen\/#breadcrumb","itemListElement":[{"@type":"ListItem","position":1,"name":"Portada","item":"https:\/\/www.montalegre.org\/es\/"},{"@type":"ListItem","position":2,"name":"En Mayo visitamos a la Virgen"}]},{"@type":"WebSite","@id":"https:\/\/www.montalegre.org\/es\/#website","url":"https:\/\/www.montalegre.org\/es\/","name":"Montalegre","description":"","potentialAction":[{"@type":"SearchAction","target":{"@type":"EntryPoint","urlTemplate":"https:\/\/www.montalegre.org\/es\/?s={search_term_string}"},"query-input":{"@type":"PropertyValueSpecification","valueRequired":true,"valueName":"search_term_string"}}],"inLanguage":"es"},{"@type":"Person","@id":"https:\/\/www.montalegre.org\/es\/#\/schema\/person\/fa12d4cf3a3f1735a9176b4fafd6a633","name":"montalegre","image":{"@type":"ImageObject","inLanguage":"es","@id":"https:\/\/www.montalegre.org\/es\/#\/schema\/person\/image\/","url":"https:\/\/secure.gravatar.com\/avatar\/fe6d886cf5081e723c666dceda1f12d4f39070fa2ed4e79695edc3ca355c9b5a?s=96&d=mm&r=g","contentUrl":"https:\/\/secure.gravatar.com\/avatar\/fe6d886cf5081e723c666dceda1f12d4f39070fa2ed4e79695edc3ca355c9b5a?s=96&d=mm&r=g","caption":"montalegre"},"url":"https:\/\/www.montalegre.org\/es\/author\/montalegre\/"}]}},"_links":{"self":[{"href":"https:\/\/www.montalegre.org\/es\/wp-json\/wp\/v2\/posts\/5129","targetHints":{"allow":["GET"]}}],"collection":[{"href":"https:\/\/www.montalegre.org\/es\/wp-json\/wp\/v2\/posts"}],"about":[{"href":"https:\/\/www.montalegre.org\/es\/wp-json\/wp\/v2\/types\/post"}],"author":[{"embeddable":true,"href":"https:\/\/www.montalegre.org\/es\/wp-json\/wp\/v2\/users\/4"}],"replies":[{"embeddable":true,"href":"https:\/\/www.montalegre.org\/es\/wp-json\/wp\/v2\/comments?post=5129"}],"version-history":[{"count":5,"href":"https:\/\/www.montalegre.org\/es\/wp-json\/wp\/v2\/posts\/5129\/revisions"}],"predecessor-version":[{"id":5140,"href":"https:\/\/www.montalegre.org\/es\/wp-json\/wp\/v2\/posts\/5129\/revisions\/5140"}],"wp:attachment":[{"href":"https:\/\/www.montalegre.org\/es\/wp-json\/wp\/v2\/media?parent=5129"}],"wp:term":[{"taxonomy":"category","embeddable":true,"href":"https:\/\/www.montalegre.org\/es\/wp-json\/wp\/v2\/categories?post=5129"},{"taxonomy":"post_tag","embeddable":true,"href":"https:\/\/www.montalegre.org\/es\/wp-json\/wp\/v2\/tags?post=5129"}],"curies":[{"name":"wp","href":"https:\/\/api.w.org\/{rel}","templated":true}]}}