{"id":5084,"date":"2012-04-09T11:03:07","date_gmt":"2012-04-09T11:03:07","guid":{"rendered":"http:\/\/www.montalegre.org\/?p=5084"},"modified":"2012-04-09T11:03:28","modified_gmt":"2012-04-09T11:03:28","slug":"toda-la-semana-es-domingo","status":"publish","type":"post","link":"https:\/\/www.montalegre.org\/es\/2012\/04\/toda-la-semana-es-domingo\/","title":{"rendered":"Toda la semana es domingo"},"content":{"rendered":"<p><em><a href=\"http:\/\/www.montalegre.org\/2012\/04\/tota-la-setmana-es-diumenge\/img_8014\/\" rel=\"attachment wp-att-5076\"><img loading=\"lazy\" decoding=\"async\" class=\"alignleft size-medium wp-image-5076\" title=\"IMG_8014\" src=\"http:\/\/www.montalegre.org\/wp-content\/uploads\/2012\/04\/IMG_8014-225x300.jpg\" alt=\"\" width=\"225\" height=\"300\" \/><\/a>Y al tercer<\/em><em> d\u00eda<\/em> estaba escrito que resucitar\u00eda, y as\u00ed fue, y as\u00ed se repite cada a\u00f1o en la noche llamada Vigilia Pascual, unas horas previas al amanecer del domingo. Cada gesto, cada cosa que se hace en la celebraci\u00f3n de la Luz tiene un significado muy importante, de un gran compacto lit\u00fargico. Se inicia siempre con las luces del templo apagadas. Jes\u00fas muri\u00f3, pero <em>su alma a\u00fan no ha entrado en su cuerpo glorioso<\/em>. En cada iglesia se hace el fuego en el lugar m\u00e1s lejano del presbiterio, a ser posible en el exterior, pero en Montalegre se hace al fondo de la nave central justo detr\u00e1s de las puertas que dan al Patio Manning ya que por la noche siempre permanecen cerradas. Todos los utensilios para la ceremonia del fuego estaban a punto. Los sacerdotes celebrantes salieron de la sacrist\u00eda y se dirigieron al final del templo, casi a oscuras pues solo entraba por los vitrales un resto de luz natural. La oraci\u00f3n se recit\u00f3, el Cirio se bendijo y se encendi\u00f3, y de su luz se encendieron todas las velas que los fieles manten\u00edamos en la mano, todos quer\u00edamos aquella luz, que representa la luz del mundo, Nuestro Se\u00f1or Jesucristo: <em>Alfa y Omega.<\/em><br \/>\nSe traslad\u00f3 el Cirio encendido y se situ\u00f3 en un lugar visible para el pueblo reunido. En la celebraci\u00f3n de la misa solemne tiene lugar tambi\u00e9n la ceremonia del agua, bendici\u00e9ndola y aspergiendo a todos los fieles. Se leen lecturas del Antiguo Testamento y las propias de la misa; se purifica el altar, los celebrantes, los ministros y todos los asistentes con el incienso, en definitiva, una celebraci\u00f3n magn\u00edfica y de gran belleza.<a href=\"http:\/\/www.montalegre.org\/2012\/04\/tota-la-setmana-es-diumenge\/img_8028\/\" rel=\"attachment wp-att-5077\"><img loading=\"lazy\" decoding=\"async\" class=\"alignright size-thumbnail wp-image-5077\" title=\"IMG_8028\" src=\"http:\/\/www.montalegre.org\/wp-content\/uploads\/2012\/04\/IMG_8028-150x150.jpg\" alt=\"\" width=\"150\" height=\"150\" \/><\/a><br \/>\nEn la homil\u00eda el Rector, Mn. Francesc Perarnau, que nos hab\u00eda hecho una catequesis de todo el significado de la Pasi\u00f3n a lo largo de toda la Semana Santa, ahora cambia el tono y nos invita a \u00a0la alegr\u00eda y la esperanza de la Resurrecci\u00f3n:<\/p>\n<p><em>El mundo hab\u00eda perdido la luz que lo hab\u00eda iluminado durante m\u00e1s de 30 a\u00f1os. Esto es lo que hemos querido representar con la oscuridad con la que hemos empezado hoy nuestra celebraci\u00f3n. Oscuridad total. Lo hab\u00edan matado, hab\u00eda aceptado aquella muerte terrible, pero su lugar no estaba entre los muertos, y volvi\u00f3 a la vida. Su alma volvi\u00f3 a animar un cuerpo, esta vez ya glorioso. Jes\u00fas resucit\u00f3. Esto si que era una noticia. Y se presenta entre los suyos, y se disipan las nubes, las oscuridades que les hab\u00edan invadido, y nace la euforia. Ha resucitado el Se\u00f1or. Corre la voz. Al principio hay desconcierto, no aparece el cad\u00e1ver. Esto no significa resurrecci\u00f3n. <\/em><\/p>\n<p><em><a href=\"http:\/\/www.montalegre.org\/2012\/04\/tota-la-setmana-es-diumenge\/img_8029\/\" rel=\"attachment wp-att-5078\"><img loading=\"lazy\" decoding=\"async\" class=\"alignleft size-medium wp-image-5078\" title=\"IMG_8029\" src=\"http:\/\/www.montalegre.org\/wp-content\/uploads\/2012\/04\/IMG_8029-300x225.jpg\" alt=\"\" width=\"300\" height=\"225\" \/><\/a>Pero empiezan los rumores, algunos lo han visto, primero unas mujeres, despu\u00e9s Pedro, y unos disc\u00edpulos camino de Emaus, y los once reunidos. El rumor deja de serlo, la resurrecci\u00f3n real de Jes\u00fas es un hecho. Y la noticia se extiende como un reguero de p\u00f3lvora. Esto es muy importante. Con su resurrecci\u00f3n la confirmaci\u00f3n: lo que hab\u00eda dicho era la verdad. El camino que ense\u00f1a es el que hay que seguir.<\/em><\/p>\n<p><em>\u00c9l es el camino, la verdad y la vida. De repente aquel mundo que hace un d\u00eda estaba a oscuras, que era amenazador, lleno de negros nubarrones,\u00a0 ahora se presenta luminoso, brillante, emocionante incluso. Esa resurrecci\u00f3n significa que el pr\u00edncipe de este mundo ha sido vencido, que ha sido abolido el castigo del pecado, que se han abierto las puertas del cielo, que hemos sido salvados, y que nos espera LA VIDA.<a href=\"http:\/\/www.montalegre.org\/2012\/04\/tota-la-setmana-es-diumenge\/img_8040\/\" rel=\"attachment wp-att-5079\"><img loading=\"lazy\" decoding=\"async\" class=\"alignright size-thumbnail wp-image-5079\" title=\"IMG_8040\" src=\"http:\/\/www.montalegre.org\/wp-content\/uploads\/2012\/04\/IMG_8040-150x150.jpg\" alt=\"\" width=\"150\" height=\"150\" \/><\/a><\/em><\/p>\n<p>&nbsp;<\/p>\n<p><em> Es la mayor noticia de la historia. Por esto la Iglesia lo celebra con un domingo que dura siete d\u00edas: toda la semana de Pascua es domingo, y con un a alegr\u00eda desbordante y contagiosa: que exclama miles de veces Aleluya, Aleluya, Aleluya.<br \/>\n<\/em><\/p>\n<p align=\"center\">\u00a1Felices Pascuas! de parte de los colaboradores de los Servicios Informativos Montalegre.<\/p>\n<p>\u00a0Isabel Hern\u00e1ndez Esteban<\/p>\n","protected":false},"excerpt":{"rendered":"<p>Y al tercer d\u00eda estaba escrito que resucitar\u00eda, y as\u00ed fue, y as\u00ed se repite cada a\u00f1o en la noche llamada Vigilia Pascual, unas horas previas al amanecer del domingo. Cada gesto, cada cosa que se hace en la celebraci\u00f3n de la Luz tiene un significado muy importante, de un gran compacto lit\u00fargico. Se inicia [&hellip;]<\/p>\n","protected":false},"author":4,"featured_media":0,"comment_status":"open","ping_status":"open","sticky":false,"template":"","format":"standard","meta":{"footnotes":""},"categories":[1],"tags":[],"class_list":["post-5084","post","type-post","status-publish","format-standard","hentry","category-noticias-de-montalegre"],"yoast_head":"<!-- This site is optimized with the Yoast SEO plugin v27.1.1 - https:\/\/yoast.com\/product\/yoast-seo-wordpress\/ -->\n<title>Toda la semana es domingo - Montalegre<\/title>\n<meta name=\"robots\" content=\"index, follow, max-snippet:-1, max-image-preview:large, max-video-preview:-1\" \/>\n<link rel=\"canonical\" href=\"https:\/\/www.montalegre.org\/es\/2012\/04\/toda-la-semana-es-domingo\/\" \/>\n<meta property=\"og:locale\" content=\"es_ES\" \/>\n<meta property=\"og:type\" content=\"article\" \/>\n<meta property=\"og:title\" content=\"Toda la semana es domingo - Montalegre\" \/>\n<meta property=\"og:description\" content=\"Y al tercer d\u00eda estaba escrito que resucitar\u00eda, y as\u00ed fue, y as\u00ed se repite cada a\u00f1o en la noche llamada Vigilia Pascual, unas horas previas al amanecer del domingo. Cada gesto, cada cosa que se hace en la celebraci\u00f3n de la Luz tiene un significado muy importante, de un gran compacto lit\u00fargico. Se inicia [&hellip;]\" \/>\n<meta property=\"og:url\" content=\"https:\/\/www.montalegre.org\/es\/2012\/04\/toda-la-semana-es-domingo\/\" \/>\n<meta property=\"og:site_name\" content=\"Montalegre\" \/>\n<meta property=\"article:published_time\" content=\"2012-04-09T11:03:07+00:00\" \/>\n<meta property=\"article:modified_time\" content=\"2012-04-09T11:03:28+00:00\" \/>\n<meta property=\"og:image\" content=\"http:\/\/www.montalegre.org\/wp-content\/uploads\/2012\/04\/IMG_8014-225x300.jpg\" \/>\n<meta name=\"author\" content=\"montalegre\" \/>\n<meta name=\"twitter:card\" content=\"summary_large_image\" \/>\n<meta name=\"twitter:label1\" content=\"Escrito por\" \/>\n\t<meta name=\"twitter:data1\" content=\"montalegre\" \/>\n\t<meta name=\"twitter:label2\" content=\"Tiempo de lectura\" \/>\n\t<meta name=\"twitter:data2\" content=\"3 minutos\" \/>\n<script type=\"application\/ld+json\" class=\"yoast-schema-graph\">{\"@context\":\"https:\/\/schema.org\",\"@graph\":[{\"@type\":\"Article\",\"@id\":\"https:\/\/www.montalegre.org\/es\/2012\/04\/toda-la-semana-es-domingo\/#article\",\"isPartOf\":{\"@id\":\"https:\/\/www.montalegre.org\/es\/2012\/04\/toda-la-semana-es-domingo\/\"},\"author\":{\"name\":\"montalegre\",\"@id\":\"https:\/\/www.montalegre.org\/es\/#\/schema\/person\/fa12d4cf3a3f1735a9176b4fafd6a633\"},\"headline\":\"Toda la semana es domingo\",\"datePublished\":\"2012-04-09T11:03:07+00:00\",\"dateModified\":\"2012-04-09T11:03:28+00:00\",\"mainEntityOfPage\":{\"@id\":\"https:\/\/www.montalegre.org\/es\/2012\/04\/toda-la-semana-es-domingo\/\"},\"wordCount\":697,\"commentCount\":0,\"image\":{\"@id\":\"https:\/\/www.montalegre.org\/es\/2012\/04\/toda-la-semana-es-domingo\/#primaryimage\"},\"thumbnailUrl\":\"http:\/\/www.montalegre.org\/wp-content\/uploads\/2012\/04\/IMG_8014-225x300.jpg\",\"articleSection\":[\"Noticias de Montalegre\"],\"inLanguage\":\"es\",\"potentialAction\":[{\"@type\":\"CommentAction\",\"name\":\"Comment\",\"target\":[\"https:\/\/www.montalegre.org\/es\/2012\/04\/toda-la-semana-es-domingo\/#respond\"]}]},{\"@type\":\"WebPage\",\"@id\":\"https:\/\/www.montalegre.org\/es\/2012\/04\/toda-la-semana-es-domingo\/\",\"url\":\"https:\/\/www.montalegre.org\/es\/2012\/04\/toda-la-semana-es-domingo\/\",\"name\":\"Toda la semana es domingo - Montalegre\",\"isPartOf\":{\"@id\":\"https:\/\/www.montalegre.org\/es\/#website\"},\"primaryImageOfPage\":{\"@id\":\"https:\/\/www.montalegre.org\/es\/2012\/04\/toda-la-semana-es-domingo\/#primaryimage\"},\"image\":{\"@id\":\"https:\/\/www.montalegre.org\/es\/2012\/04\/toda-la-semana-es-domingo\/#primaryimage\"},\"thumbnailUrl\":\"http:\/\/www.montalegre.org\/wp-content\/uploads\/2012\/04\/IMG_8014-225x300.jpg\",\"datePublished\":\"2012-04-09T11:03:07+00:00\",\"dateModified\":\"2012-04-09T11:03:28+00:00\",\"author\":{\"@id\":\"https:\/\/www.montalegre.org\/es\/#\/schema\/person\/fa12d4cf3a3f1735a9176b4fafd6a633\"},\"breadcrumb\":{\"@id\":\"https:\/\/www.montalegre.org\/es\/2012\/04\/toda-la-semana-es-domingo\/#breadcrumb\"},\"inLanguage\":\"es\",\"potentialAction\":[{\"@type\":\"ReadAction\",\"target\":[\"https:\/\/www.montalegre.org\/es\/2012\/04\/toda-la-semana-es-domingo\/\"]}]},{\"@type\":\"ImageObject\",\"inLanguage\":\"es\",\"@id\":\"https:\/\/www.montalegre.org\/es\/2012\/04\/toda-la-semana-es-domingo\/#primaryimage\",\"url\":\"http:\/\/www.montalegre.org\/wp-content\/uploads\/2012\/04\/IMG_8014-225x300.jpg\",\"contentUrl\":\"http:\/\/www.montalegre.org\/wp-content\/uploads\/2012\/04\/IMG_8014-225x300.jpg\"},{\"@type\":\"BreadcrumbList\",\"@id\":\"https:\/\/www.montalegre.org\/es\/2012\/04\/toda-la-semana-es-domingo\/#breadcrumb\",\"itemListElement\":[{\"@type\":\"ListItem\",\"position\":1,\"name\":\"Portada\",\"item\":\"https:\/\/www.montalegre.org\/es\/\"},{\"@type\":\"ListItem\",\"position\":2,\"name\":\"Toda la semana es domingo\"}]},{\"@type\":\"WebSite\",\"@id\":\"https:\/\/www.montalegre.org\/es\/#website\",\"url\":\"https:\/\/www.montalegre.org\/es\/\",\"name\":\"Montalegre\",\"description\":\"\",\"potentialAction\":[{\"@type\":\"SearchAction\",\"target\":{\"@type\":\"EntryPoint\",\"urlTemplate\":\"https:\/\/www.montalegre.org\/es\/?s={search_term_string}\"},\"query-input\":{\"@type\":\"PropertyValueSpecification\",\"valueRequired\":true,\"valueName\":\"search_term_string\"}}],\"inLanguage\":\"es\"},{\"@type\":\"Person\",\"@id\":\"https:\/\/www.montalegre.org\/es\/#\/schema\/person\/fa12d4cf3a3f1735a9176b4fafd6a633\",\"name\":\"montalegre\",\"image\":{\"@type\":\"ImageObject\",\"inLanguage\":\"es\",\"@id\":\"https:\/\/www.montalegre.org\/es\/#\/schema\/person\/image\/\",\"url\":\"https:\/\/secure.gravatar.com\/avatar\/fe6d886cf5081e723c666dceda1f12d4f39070fa2ed4e79695edc3ca355c9b5a?s=96&d=mm&r=g\",\"contentUrl\":\"https:\/\/secure.gravatar.com\/avatar\/fe6d886cf5081e723c666dceda1f12d4f39070fa2ed4e79695edc3ca355c9b5a?s=96&d=mm&r=g\",\"caption\":\"montalegre\"},\"url\":\"https:\/\/www.montalegre.org\/es\/author\/montalegre\/\"}]}<\/script>\n<!-- \/ Yoast SEO plugin. -->","yoast_head_json":{"title":"Toda la semana es domingo - Montalegre","robots":{"index":"index","follow":"follow","max-snippet":"max-snippet:-1","max-image-preview":"max-image-preview:large","max-video-preview":"max-video-preview:-1"},"canonical":"https:\/\/www.montalegre.org\/es\/2012\/04\/toda-la-semana-es-domingo\/","og_locale":"es_ES","og_type":"article","og_title":"Toda la semana es domingo - Montalegre","og_description":"Y al tercer d\u00eda estaba escrito que resucitar\u00eda, y as\u00ed fue, y as\u00ed se repite cada a\u00f1o en la noche llamada Vigilia Pascual, unas horas previas al amanecer del domingo. Cada gesto, cada cosa que se hace en la celebraci\u00f3n de la Luz tiene un significado muy importante, de un gran compacto lit\u00fargico. Se inicia [&hellip;]","og_url":"https:\/\/www.montalegre.org\/es\/2012\/04\/toda-la-semana-es-domingo\/","og_site_name":"Montalegre","article_published_time":"2012-04-09T11:03:07+00:00","article_modified_time":"2012-04-09T11:03:28+00:00","og_image":[{"url":"http:\/\/www.montalegre.org\/wp-content\/uploads\/2012\/04\/IMG_8014-225x300.jpg","type":"","width":"","height":""}],"author":"montalegre","twitter_card":"summary_large_image","twitter_misc":{"Escrito por":"montalegre","Tiempo de lectura":"3 minutos"},"schema":{"@context":"https:\/\/schema.org","@graph":[{"@type":"Article","@id":"https:\/\/www.montalegre.org\/es\/2012\/04\/toda-la-semana-es-domingo\/#article","isPartOf":{"@id":"https:\/\/www.montalegre.org\/es\/2012\/04\/toda-la-semana-es-domingo\/"},"author":{"name":"montalegre","@id":"https:\/\/www.montalegre.org\/es\/#\/schema\/person\/fa12d4cf3a3f1735a9176b4fafd6a633"},"headline":"Toda la semana es domingo","datePublished":"2012-04-09T11:03:07+00:00","dateModified":"2012-04-09T11:03:28+00:00","mainEntityOfPage":{"@id":"https:\/\/www.montalegre.org\/es\/2012\/04\/toda-la-semana-es-domingo\/"},"wordCount":697,"commentCount":0,"image":{"@id":"https:\/\/www.montalegre.org\/es\/2012\/04\/toda-la-semana-es-domingo\/#primaryimage"},"thumbnailUrl":"http:\/\/www.montalegre.org\/wp-content\/uploads\/2012\/04\/IMG_8014-225x300.jpg","articleSection":["Noticias de Montalegre"],"inLanguage":"es","potentialAction":[{"@type":"CommentAction","name":"Comment","target":["https:\/\/www.montalegre.org\/es\/2012\/04\/toda-la-semana-es-domingo\/#respond"]}]},{"@type":"WebPage","@id":"https:\/\/www.montalegre.org\/es\/2012\/04\/toda-la-semana-es-domingo\/","url":"https:\/\/www.montalegre.org\/es\/2012\/04\/toda-la-semana-es-domingo\/","name":"Toda la semana es domingo - Montalegre","isPartOf":{"@id":"https:\/\/www.montalegre.org\/es\/#website"},"primaryImageOfPage":{"@id":"https:\/\/www.montalegre.org\/es\/2012\/04\/toda-la-semana-es-domingo\/#primaryimage"},"image":{"@id":"https:\/\/www.montalegre.org\/es\/2012\/04\/toda-la-semana-es-domingo\/#primaryimage"},"thumbnailUrl":"http:\/\/www.montalegre.org\/wp-content\/uploads\/2012\/04\/IMG_8014-225x300.jpg","datePublished":"2012-04-09T11:03:07+00:00","dateModified":"2012-04-09T11:03:28+00:00","author":{"@id":"https:\/\/www.montalegre.org\/es\/#\/schema\/person\/fa12d4cf3a3f1735a9176b4fafd6a633"},"breadcrumb":{"@id":"https:\/\/www.montalegre.org\/es\/2012\/04\/toda-la-semana-es-domingo\/#breadcrumb"},"inLanguage":"es","potentialAction":[{"@type":"ReadAction","target":["https:\/\/www.montalegre.org\/es\/2012\/04\/toda-la-semana-es-domingo\/"]}]},{"@type":"ImageObject","inLanguage":"es","@id":"https:\/\/www.montalegre.org\/es\/2012\/04\/toda-la-semana-es-domingo\/#primaryimage","url":"http:\/\/www.montalegre.org\/wp-content\/uploads\/2012\/04\/IMG_8014-225x300.jpg","contentUrl":"http:\/\/www.montalegre.org\/wp-content\/uploads\/2012\/04\/IMG_8014-225x300.jpg"},{"@type":"BreadcrumbList","@id":"https:\/\/www.montalegre.org\/es\/2012\/04\/toda-la-semana-es-domingo\/#breadcrumb","itemListElement":[{"@type":"ListItem","position":1,"name":"Portada","item":"https:\/\/www.montalegre.org\/es\/"},{"@type":"ListItem","position":2,"name":"Toda la semana es domingo"}]},{"@type":"WebSite","@id":"https:\/\/www.montalegre.org\/es\/#website","url":"https:\/\/www.montalegre.org\/es\/","name":"Montalegre","description":"","potentialAction":[{"@type":"SearchAction","target":{"@type":"EntryPoint","urlTemplate":"https:\/\/www.montalegre.org\/es\/?s={search_term_string}"},"query-input":{"@type":"PropertyValueSpecification","valueRequired":true,"valueName":"search_term_string"}}],"inLanguage":"es"},{"@type":"Person","@id":"https:\/\/www.montalegre.org\/es\/#\/schema\/person\/fa12d4cf3a3f1735a9176b4fafd6a633","name":"montalegre","image":{"@type":"ImageObject","inLanguage":"es","@id":"https:\/\/www.montalegre.org\/es\/#\/schema\/person\/image\/","url":"https:\/\/secure.gravatar.com\/avatar\/fe6d886cf5081e723c666dceda1f12d4f39070fa2ed4e79695edc3ca355c9b5a?s=96&d=mm&r=g","contentUrl":"https:\/\/secure.gravatar.com\/avatar\/fe6d886cf5081e723c666dceda1f12d4f39070fa2ed4e79695edc3ca355c9b5a?s=96&d=mm&r=g","caption":"montalegre"},"url":"https:\/\/www.montalegre.org\/es\/author\/montalegre\/"}]}},"_links":{"self":[{"href":"https:\/\/www.montalegre.org\/es\/wp-json\/wp\/v2\/posts\/5084","targetHints":{"allow":["GET"]}}],"collection":[{"href":"https:\/\/www.montalegre.org\/es\/wp-json\/wp\/v2\/posts"}],"about":[{"href":"https:\/\/www.montalegre.org\/es\/wp-json\/wp\/v2\/types\/post"}],"author":[{"embeddable":true,"href":"https:\/\/www.montalegre.org\/es\/wp-json\/wp\/v2\/users\/4"}],"replies":[{"embeddable":true,"href":"https:\/\/www.montalegre.org\/es\/wp-json\/wp\/v2\/comments?post=5084"}],"version-history":[{"count":4,"href":"https:\/\/www.montalegre.org\/es\/wp-json\/wp\/v2\/posts\/5084\/revisions"}],"predecessor-version":[{"id":5088,"href":"https:\/\/www.montalegre.org\/es\/wp-json\/wp\/v2\/posts\/5084\/revisions\/5088"}],"wp:attachment":[{"href":"https:\/\/www.montalegre.org\/es\/wp-json\/wp\/v2\/media?parent=5084"}],"wp:term":[{"taxonomy":"category","embeddable":true,"href":"https:\/\/www.montalegre.org\/es\/wp-json\/wp\/v2\/categories?post=5084"},{"taxonomy":"post_tag","embeddable":true,"href":"https:\/\/www.montalegre.org\/es\/wp-json\/wp\/v2\/tags?post=5084"}],"curies":[{"name":"wp","href":"https:\/\/api.w.org\/{rel}","templated":true}]}}