{"id":5050,"date":"2012-04-07T16:40:29","date_gmt":"2012-04-07T16:40:29","guid":{"rendered":"http:\/\/www.montalegre.org\/?p=5050"},"modified":"2012-04-08T14:34:29","modified_gmt":"2012-04-08T14:34:29","slug":"del-dia-ramos-al-viernes-santo","status":"publish","type":"post","link":"https:\/\/www.montalegre.org\/es\/2012\/04\/del-dia-ramos-al-viernes-santo\/","title":{"rendered":"Del d\u00eda Ramos al Viernes Santo"},"content":{"rendered":"<p>Al hilo del editorial de Montalegre, en la iglesia se ha celebrado la Semana Santa con toda la solemnidad y sobriedad seg\u00fan est\u00e1 escrito en la liturgia de la Iglesia Cat\u00f3lica.<\/p>\n<p><strong>Domingo de Ramos<\/strong><\/p>\n<p><a href=\"http:\/\/www.montalegre.org\/2012\/04\/dels-rams-al-divendres-sant\/img_7919\/\" rel=\"attachment wp-att-5055\"><img loading=\"lazy\" decoding=\"async\" class=\"alignleft\" title=\"IMG_7919\" src=\"http:\/\/www.montalegre.org\/wp-content\/uploads\/2012\/04\/IMG_7919-150x150.jpg\" alt=\"\" width=\"150\" height=\"150\" \/><\/a>El p\u00f3rtico de la Semana fue el Domingo de Ramos. Antes de la Misa de las 12, los fieles se situaron en el Patio Mannig, bajo un sol brillante y luminoso como merec\u00eda la fiesta, el Rector ley\u00f3 el Evangelio, bendijo los ramos, las palmas y palmones y a continuaci\u00f3n, cantando la victoria de Nuestro Se\u00f1or Jesucristo, se hizo la procesi\u00f3n en todo el alrededor hasta adentrarnos en la iglesia.<\/p>\n<p>Mn. Francesc Perarnau predic\u00f3 en su homil\u00eda: <em>La celebraci\u00f3n pone de manifiesto que se unen en ella dos tradiciones distintas que la Iglesia no ha querido perder. Por una parte la tradici\u00f3n que ven\u00eda de la Iglesia de Jerusal\u00e9n<strong>, <\/strong>donde se celebraba en este d\u00eda, sobre todo \u00a0la entrada triunfal de Jes\u00fas en la ciudad, celebraci\u00f3n que mantiene su recuerdo en la procesi\u00f3n de las palmas y la procesi\u00f3n con la que hemos iniciado hoy la misa, y la tradici\u00f3n que viene de la Iglesia Romana<strong>, <\/strong>donde el acento se pon\u00eda sobre todo en el comienzo de la Semana Santa que se recordaba \u00a0con la lectura entera y solemne de la Pasi\u00f3n del Se\u00f1or. Esto le da a esta fiesta de hoy un car\u00e1cter peculiar, agridulce: empezamos celebrando un triunfo, pero en el horizonte queda aparece en toda su crudeza la Pasi\u00f3n del Se\u00f1or.<\/em><\/p>\n<p>Aunque los d\u00edas santos no son de precepto, la devoci\u00f3n de los fieles cristianos llena los <em><a href=\"http:\/\/www.montalegre.org\/2012\/04\/dels-rams-al-divendres-sant\/img_7927\/\" rel=\"attachment wp-att-5056\"><img loading=\"lazy\" decoding=\"async\" class=\"alignright\" title=\"IMG_7927\" src=\"http:\/\/www.montalegre.org\/wp-content\/uploads\/2012\/04\/IMG_7927-150x150.jpg\" alt=\"\" width=\"150\" height=\"150\" \/><\/a><\/em>templos. La iglesia tambi\u00e9n en Jueves Santo se ocup\u00f3 hasta las gradas; a pesar del n\u00famero de fieles la celebraci\u00f3n se sigui\u00f3 con mucha piedad, todos esper\u00e1bamos el momento culminante de la procesi\u00f3n del Sant\u00edsimo hasta el Monumento el cual estaba adornado de flores rojas y de palmones, y el altar cubierto y engalanado. La celebraci\u00f3n de la Misa en <em>Coena<\/em><em> Domini<\/em> fue concelebrada por el Rector y los sacerdotes habituales de la iglesia. Hab\u00eda mucho que celebrar: la instituci\u00f3n de la Eucarist\u00eda, la instituci\u00f3n del Sacramento del Orden y el Mandamiento de la Caridad. La homil\u00eda del Rector se centr\u00f3 en este Mandamiento:<\/p>\n<p><em>Jes\u00fas se arrodill\u00f3 delante de cada uno de los ap\u00f3stoles para lavarles los pies. En este gesto vemos reflejado el amor de Jes\u00fas, que es el amor de Dios por cada uno, Dios que se arrodilla delante de las pobres criaturas, unas criaturas d\u00e9biles, que dentro de poco y Jes\u00fas lo sabe, uno le entregar\u00e1, otro le negar\u00e1 y casi todos le abandonar\u00e1n. Es Dios arrodillado delante del hombre. <\/em><\/p>\n<p><em>Pedro no se deja. No se considera digno, no le parece bien que el maestro este all\u00ed delante de \u00e9l arrodillado, humillado: &#8220;no me lavar\u00e1s los pies!&#8221; <\/em><\/p>\n<p><em>Y Jes\u00fas le dice una cosa que da que pensar: te tienes que dejar lavar, te tienes que dejar amar, sino no tendr\u00e1s parte conmigo&#8230; Se ve en este gesto que es el amor de Dios el que se ha volcado en el rescate del homb<\/em><em><em><a href=\"http:\/\/www.montalegre.org\/2012\/04\/dels-rams-al-divendres-sant\/img_7929\/\" rel=\"attachment wp-att-5057\"><img loading=\"lazy\" decoding=\"async\" class=\"alignleft\" title=\"IMG_7929\" src=\"http:\/\/www.montalegre.org\/wp-content\/uploads\/2012\/04\/IMG_7929-300x225.jpg\" alt=\"\" width=\"300\" height=\"225\" \/><\/a><\/em><\/em><em>re, el que lo viene a rescatar, y se ve que es Dios el que <em><\/em>lava, el que limpia, al hombre le toca ser humilde, dejar hacer a Dios, dejarse lavar, purificar&#8230;<\/em><\/p>\n<p><em>Pero la lecci\u00f3n va mucho mas all\u00e1: as\u00ed deb\u00e9is hacer unos con otros, lavaros los pies, que es serviros unos a otros, daros unos a otros, amaros de verdad&#8230;Y muy poco despu\u00e9s les dir\u00e1: Un nuevo mandamiento os doy, que os am\u00e9is los unos a los otros como yo os he amado, en esto conocer\u00e1n todos que sois mis disc\u00edpulos. Este ser\u00e1 el distintivo de los cristianos. Como manifestaci\u00f3n de ese amor extremo del que San Juan nos dice que es la clave para entender todo lo que sucedi\u00f3 hasta el final, encontramos tambi\u00e9n la instituci\u00f3n de los Sacramentos de la Eucarist\u00eda y del Orden sacerdotal. Dos grandes dones que har\u00e1n posible que la Redenci\u00f3n se perpet\u00fae de generaci\u00f3n en generaci\u00f3n a lo largo de los siglos, dos grandes dones del amor de Dios que debemos agradecer.<\/em><\/p>\n<p>Se incens\u00f3 el altar, los ministros, los celebrantes y todos los fieles. El incienso como s\u00edmbolo de elevaci\u00f3n hacia Dios nos situ\u00f3 muy cerca del cielo. La oraci\u00f3n de los fieles ante el Monumento se mantuvo hasta el cierre de la iglesia.<\/p>\n<p><strong>Viernes Santo<\/strong><\/p>\n<p><a href=\"http:\/\/www.montalegre.org\/2012\/04\/dels-rams-al-divendres-sant\/img_7939\/\" rel=\"attachment wp-att-5058\"><img loading=\"lazy\" decoding=\"async\" class=\"alignright\" title=\"IMG_7939\" src=\"http:\/\/www.montalegre.org\/wp-content\/uploads\/2012\/04\/IMG_7939-150x150.jpg\" alt=\"\" width=\"150\" height=\"150\" \/><\/a>Y lleg\u00f3 el d\u00eda santo m\u00e1s triste, el d\u00eda m\u00e1s triste del a\u00f1o para todos los cristianos del planeta, el Viernes Santo. Al entrar en la iglesia el Crucifijo del presbiterio estaba cubierto con un lienzo morado, el color de la liturgia de la Semana Santa. Al comienzo del memorial de la Pasi\u00f3n de Nuestro Se\u00f1or Jesucristo los tres sacerdotes celebrantes se postran en el suelo en se\u00f1al de entrega total a Dios, y los fieles arrodillados intentamos sentir lo mismo. El relato de las lecturas y especialmente de la Pasi\u00f3n nos sobrecoge, vemos en todo aquel dolor nuestra Redenci\u00f3n. La homil\u00eda del Rector nos explica la participaci\u00f3n del pr\u00edncipe de las tinieblas, su plan, su aparente triunfo, pero gracias a Dios su derrota, hay esperanza, al tercer d\u00eda la Resurrecci\u00f3n del Se\u00f1or, su victoria:<\/p>\n<p><em>La \u00faltima Cena<\/em><em> se celebr\u00f3 en el cen\u00e1culo, Y all\u00ed empez\u00f3 propiamente la pasi\u00f3n que acabamos de leer. Son los momentos culminantes de la misi\u00f3n redentora de Cristo, de los que ha hablado muchas veces Jes\u00fas y en los que realizar\u00e1 la Redenci\u00f3n de la humanidad. Es evidente que Jes\u00fas la sufri\u00f3 porque quiso. En todo el relato de la pasi\u00f3n hay ciertamente una presencia diab\u00f3lica evidente. Hubo muchos encuentros de Jes\u00fas con el diablo, y Jes\u00fas siempre le oblig\u00f3, siempre le venci\u00f3, siempre&#8230;Satan\u00e1s intu\u00eda quien era Jes\u00fas, pero sab\u00eda que era hombre de Dios, un gran profeta, alguien con poder muy superior al suyo&#8230; seguramente sospechaba que era el Mes\u00edas&#8230; En el relato de la \u00faltima Cena el mismo San Juan nos dice que, cuando Jes\u00fas anunci\u00f3 que uno de ellos lo entregar\u00eda, \u00e9l mismo le pregunt\u00f3 a Jes\u00fas: Se\u00f1or, \u00bfquien es? Jes\u00fas contest\u00f3: Aquel a quien yo moje y diere un bocado. Y mojando un bocado, lo tom\u00f3 y se lo dio a Judas, hijo de Sim\u00f3n Iscariote. Despu\u00e9s del bocado, en el mismo instante, entr\u00f3 en \u00e9l Satan\u00e1s. <\/em><em>Es esa presencia la que fue guiando los acontecimientos en aquella noche y la que desat\u00f3 aquella extrema violencia de la pasi\u00f3n del Se\u00f1or y en el ensa\u00f1amiento de los que la llevaron a cabo, y el odio que en \u00e9l volcaron; el odio, no lo podemos olvidar es la negaci\u00f3n del amor, la mas diab\u00f3lica de todas las manifestaciones&#8230;Vista desde el final, la pasi\u00f3n de Jes\u00fas parece seguir un plan perfectamente trazado. Como si alguien hubiera dise\u00f1ado aquello para la completa aniquilaci\u00f3n de un ser humano tanto f\u00edsica como ps\u00edquicamente. Pero sabemos que no exist\u00eda ese plan. Pero un plan se va desarrollando como con absoluta naturalidad&#8230; Detenci\u00f3n, juicio nocturno, en casa de Anas, de Caifas, de Pilato, paso por el palacio de Herodes, ora vez a Pilato, flagelaci\u00f3n romana, escarnio de los soldados, humillaci\u00f3n delante del pueblo, el via crucis&#8230; clavado en la cruz. Se ve ese plan diab\u00f3lico, en el que se Satan\u00e1s descarga toda su ira y su capacidad de hacer mal sobre aquel hombre de Dios que le ha derrotado tantas veces, al que odia con todas las fuerzas de su ser.<\/em><em><\/em><\/p>\n<p><em><em><a href=\"http:\/\/www.montalegre.org\/2012\/04\/dels-rams-al-divendres-sant\/img_7950\/\" rel=\"attachment wp-att-5059\"><img loading=\"lazy\" decoding=\"async\" class=\"alignleft\" title=\"IMG_7950\" src=\"http:\/\/www.montalegre.org\/wp-content\/uploads\/2012\/04\/IMG_7950-300x225.jpg\" alt=\"\" width=\"300\" height=\"225\" \/><\/a><\/em>Es el momento del pr\u00edncipe de las tinieblas. Jes\u00fas ha cargado sobre sus hombros, sobre aquella naturaleza humana que ha asumido, nuestra naturaleza, todos los pecados de la humanidad, y los arrastra hasta la cruz. Aquella naturaleza humana es destruida por el odio y la violencia que se ha desatado sobre \u00e9l por la fuerza del mal. Parece un triunfo del mal y ese sabor a derrota qued\u00f3 en el ambiente .Pero no podemos olvidar que al mismo tiempo se percibe tambi\u00e9n otra presencia oculta que de alguna manera la contrarresta. Jes\u00fas no est\u00e1 solo.\u00a0La tradici\u00f3n cristiana que se sintetiza en el V\u00eda Crucis, habla de un encuentro de Jes\u00fas con Mar\u00eda en el Camino de la Cruz:* \u201cApenas se ha levantado Jes\u00fas de su primera ca\u00edda, cuando encuentra a su Madre Sant\u00edsima, junto al camino por donde El pasa. Con inmenso amor mira Mar\u00eda a Jes\u00fas, y Jes\u00fas mira a su Madre; sus ojos se encuentran, y cada coraz\u00f3n vierte en el otro su propio dolor\u201d.<br \/>\n<\/em><\/p>\n<p><em>Mar\u00eda suaviza con su inmenso amor el castigo brutal que el Se\u00f1or est\u00e1 padeciendo fruto del odio desatado y lo comparte con el, le consuela y le acompa\u00f1a. Y al participar as\u00ed de la pasi\u00f3n se convierte en corredentora&#8230;Le agradecemos a Mar\u00eda que estuviera all\u00ed. La tradici\u00f3n de la Iglesia ve en Maria la mujer de la que se habla en la Biblia. Es Mar\u00eda la que aplasta la cabeza de la serpiente que es Satan\u00e1s. As\u00ed la invocamos y confiamos en ella: Jam\u00e1s se ha o\u00eddo decir que ningunos de los que han acudido a vuestra protecci\u00f3n haya sido abandonado de vos (Oraci\u00f3n Acordaos).<a href=\"http:\/\/www.montalegre.org\/2012\/04\/dels-rams-al-divendres-sant\/img_7947\/\" rel=\"attachment wp-att-5060\"><img loading=\"lazy\" decoding=\"async\" class=\"alignright\" title=\"IMG_7947\" src=\"http:\/\/www.montalegre.org\/wp-content\/uploads\/2012\/04\/IMG_7947-300x225.jpg\" alt=\"\" width=\"300\" height=\"225\" \/><\/a><br \/>\n<\/em><\/p>\n<p>A continuaci\u00f3n con mucha devoci\u00f3n se hizo la Adoraci\u00f3n a la Cruz, uno a uno todos los fieles de la iglesia, entre cantos y oraciones, llenamos de besos aquella cruz con el Cristo muerto; despu\u00e9s comulgamos, se apagaron las luces de la Capilla del Sant\u00edsimo, el Se\u00f1or no estaba, la iglesia estaba vac\u00eda de aquella presencia que se percibe cuando el Se\u00f1or est\u00e1 el Sagrario. En nuestro interior nos sent\u00edamos tristes, pero deseando que llegara la Vigilia Pascual para sentir de nuevo a alegr\u00eda de la Pascua de su Resurrecci\u00f3n.<em><br \/>\n<\/em><\/p>\n<p><em>*Via Crucis. 4 estaci\u00f3n. San Josemar\u00eda<\/em><\/p>\n<p>Isabel Hern\u00e1ndez Esteban<\/p>\n","protected":false},"excerpt":{"rendered":"<p>Al hilo del editorial de Montalegre, en la iglesia se ha celebrado la Semana Santa con toda la solemnidad y sobriedad seg\u00fan est\u00e1 escrito en la liturgia de la Iglesia Cat\u00f3lica. Domingo de Ramos El p\u00f3rtico de la Semana fue el Domingo de Ramos. Antes de la Misa de las 12, los fieles se situaron [&hellip;]<\/p>\n","protected":false},"author":4,"featured_media":0,"comment_status":"open","ping_status":"open","sticky":false,"template":"","format":"standard","meta":{"footnotes":""},"categories":[1],"tags":[],"class_list":["post-5050","post","type-post","status-publish","format-standard","hentry","category-noticias-de-montalegre"],"yoast_head":"<!-- This site is optimized with the Yoast SEO plugin v27.1.1 - https:\/\/yoast.com\/product\/yoast-seo-wordpress\/ -->\n<title>Del d\u00eda Ramos al Viernes Santo - Montalegre<\/title>\n<meta name=\"robots\" content=\"index, follow, max-snippet:-1, max-image-preview:large, max-video-preview:-1\" \/>\n<link rel=\"canonical\" href=\"https:\/\/www.montalegre.org\/es\/2012\/04\/del-dia-ramos-al-viernes-santo\/\" \/>\n<meta property=\"og:locale\" content=\"es_ES\" \/>\n<meta property=\"og:type\" content=\"article\" \/>\n<meta property=\"og:title\" content=\"Del d\u00eda Ramos al Viernes Santo - Montalegre\" \/>\n<meta property=\"og:description\" content=\"Al hilo del editorial de Montalegre, en la iglesia se ha celebrado la Semana Santa con toda la solemnidad y sobriedad seg\u00fan est\u00e1 escrito en la liturgia de la Iglesia Cat\u00f3lica. Domingo de Ramos El p\u00f3rtico de la Semana fue el Domingo de Ramos. Antes de la Misa de las 12, los fieles se situaron [&hellip;]\" \/>\n<meta property=\"og:url\" content=\"https:\/\/www.montalegre.org\/es\/2012\/04\/del-dia-ramos-al-viernes-santo\/\" \/>\n<meta property=\"og:site_name\" content=\"Montalegre\" \/>\n<meta property=\"article:published_time\" content=\"2012-04-07T16:40:29+00:00\" \/>\n<meta property=\"article:modified_time\" content=\"2012-04-08T14:34:29+00:00\" \/>\n<meta property=\"og:image\" content=\"http:\/\/www.montalegre.org\/wp-content\/uploads\/2012\/04\/IMG_7919-150x150.jpg\" \/>\n<meta name=\"author\" content=\"montalegre\" \/>\n<meta name=\"twitter:card\" content=\"summary_large_image\" \/>\n<meta name=\"twitter:label1\" content=\"Escrito por\" \/>\n\t<meta name=\"twitter:data1\" content=\"montalegre\" \/>\n\t<meta name=\"twitter:label2\" content=\"Tiempo de lectura\" \/>\n\t<meta name=\"twitter:data2\" content=\"9 minutos\" \/>\n<script type=\"application\/ld+json\" class=\"yoast-schema-graph\">{\"@context\":\"https:\/\/schema.org\",\"@graph\":[{\"@type\":\"Article\",\"@id\":\"https:\/\/www.montalegre.org\/es\/2012\/04\/del-dia-ramos-al-viernes-santo\/#article\",\"isPartOf\":{\"@id\":\"https:\/\/www.montalegre.org\/es\/2012\/04\/del-dia-ramos-al-viernes-santo\/\"},\"author\":{\"name\":\"montalegre\",\"@id\":\"https:\/\/www.montalegre.org\/es\/#\/schema\/person\/fa12d4cf3a3f1735a9176b4fafd6a633\"},\"headline\":\"Del d\u00eda Ramos al Viernes Santo\",\"datePublished\":\"2012-04-07T16:40:29+00:00\",\"dateModified\":\"2012-04-08T14:34:29+00:00\",\"mainEntityOfPage\":{\"@id\":\"https:\/\/www.montalegre.org\/es\/2012\/04\/del-dia-ramos-al-viernes-santo\/\"},\"wordCount\":1769,\"commentCount\":0,\"image\":{\"@id\":\"https:\/\/www.montalegre.org\/es\/2012\/04\/del-dia-ramos-al-viernes-santo\/#primaryimage\"},\"thumbnailUrl\":\"http:\/\/www.montalegre.org\/wp-content\/uploads\/2012\/04\/IMG_7919-150x150.jpg\",\"articleSection\":[\"Noticias de Montalegre\"],\"inLanguage\":\"es\",\"potentialAction\":[{\"@type\":\"CommentAction\",\"name\":\"Comment\",\"target\":[\"https:\/\/www.montalegre.org\/es\/2012\/04\/del-dia-ramos-al-viernes-santo\/#respond\"]}]},{\"@type\":\"WebPage\",\"@id\":\"https:\/\/www.montalegre.org\/es\/2012\/04\/del-dia-ramos-al-viernes-santo\/\",\"url\":\"https:\/\/www.montalegre.org\/es\/2012\/04\/del-dia-ramos-al-viernes-santo\/\",\"name\":\"Del d\u00eda Ramos al Viernes Santo - Montalegre\",\"isPartOf\":{\"@id\":\"https:\/\/www.montalegre.org\/es\/#website\"},\"primaryImageOfPage\":{\"@id\":\"https:\/\/www.montalegre.org\/es\/2012\/04\/del-dia-ramos-al-viernes-santo\/#primaryimage\"},\"image\":{\"@id\":\"https:\/\/www.montalegre.org\/es\/2012\/04\/del-dia-ramos-al-viernes-santo\/#primaryimage\"},\"thumbnailUrl\":\"http:\/\/www.montalegre.org\/wp-content\/uploads\/2012\/04\/IMG_7919-150x150.jpg\",\"datePublished\":\"2012-04-07T16:40:29+00:00\",\"dateModified\":\"2012-04-08T14:34:29+00:00\",\"author\":{\"@id\":\"https:\/\/www.montalegre.org\/es\/#\/schema\/person\/fa12d4cf3a3f1735a9176b4fafd6a633\"},\"breadcrumb\":{\"@id\":\"https:\/\/www.montalegre.org\/es\/2012\/04\/del-dia-ramos-al-viernes-santo\/#breadcrumb\"},\"inLanguage\":\"es\",\"potentialAction\":[{\"@type\":\"ReadAction\",\"target\":[\"https:\/\/www.montalegre.org\/es\/2012\/04\/del-dia-ramos-al-viernes-santo\/\"]}]},{\"@type\":\"ImageObject\",\"inLanguage\":\"es\",\"@id\":\"https:\/\/www.montalegre.org\/es\/2012\/04\/del-dia-ramos-al-viernes-santo\/#primaryimage\",\"url\":\"http:\/\/www.montalegre.org\/wp-content\/uploads\/2012\/04\/IMG_7919-150x150.jpg\",\"contentUrl\":\"http:\/\/www.montalegre.org\/wp-content\/uploads\/2012\/04\/IMG_7919-150x150.jpg\"},{\"@type\":\"BreadcrumbList\",\"@id\":\"https:\/\/www.montalegre.org\/es\/2012\/04\/del-dia-ramos-al-viernes-santo\/#breadcrumb\",\"itemListElement\":[{\"@type\":\"ListItem\",\"position\":1,\"name\":\"Portada\",\"item\":\"https:\/\/www.montalegre.org\/es\/\"},{\"@type\":\"ListItem\",\"position\":2,\"name\":\"Del d\u00eda Ramos al Viernes Santo\"}]},{\"@type\":\"WebSite\",\"@id\":\"https:\/\/www.montalegre.org\/es\/#website\",\"url\":\"https:\/\/www.montalegre.org\/es\/\",\"name\":\"Montalegre\",\"description\":\"\",\"potentialAction\":[{\"@type\":\"SearchAction\",\"target\":{\"@type\":\"EntryPoint\",\"urlTemplate\":\"https:\/\/www.montalegre.org\/es\/?s={search_term_string}\"},\"query-input\":{\"@type\":\"PropertyValueSpecification\",\"valueRequired\":true,\"valueName\":\"search_term_string\"}}],\"inLanguage\":\"es\"},{\"@type\":\"Person\",\"@id\":\"https:\/\/www.montalegre.org\/es\/#\/schema\/person\/fa12d4cf3a3f1735a9176b4fafd6a633\",\"name\":\"montalegre\",\"image\":{\"@type\":\"ImageObject\",\"inLanguage\":\"es\",\"@id\":\"https:\/\/www.montalegre.org\/es\/#\/schema\/person\/image\/\",\"url\":\"https:\/\/secure.gravatar.com\/avatar\/fe6d886cf5081e723c666dceda1f12d4f39070fa2ed4e79695edc3ca355c9b5a?s=96&d=mm&r=g\",\"contentUrl\":\"https:\/\/secure.gravatar.com\/avatar\/fe6d886cf5081e723c666dceda1f12d4f39070fa2ed4e79695edc3ca355c9b5a?s=96&d=mm&r=g\",\"caption\":\"montalegre\"},\"url\":\"https:\/\/www.montalegre.org\/es\/author\/montalegre\/\"}]}<\/script>\n<!-- \/ Yoast SEO plugin. -->","yoast_head_json":{"title":"Del d\u00eda Ramos al Viernes Santo - Montalegre","robots":{"index":"index","follow":"follow","max-snippet":"max-snippet:-1","max-image-preview":"max-image-preview:large","max-video-preview":"max-video-preview:-1"},"canonical":"https:\/\/www.montalegre.org\/es\/2012\/04\/del-dia-ramos-al-viernes-santo\/","og_locale":"es_ES","og_type":"article","og_title":"Del d\u00eda Ramos al Viernes Santo - Montalegre","og_description":"Al hilo del editorial de Montalegre, en la iglesia se ha celebrado la Semana Santa con toda la solemnidad y sobriedad seg\u00fan est\u00e1 escrito en la liturgia de la Iglesia Cat\u00f3lica. Domingo de Ramos El p\u00f3rtico de la Semana fue el Domingo de Ramos. Antes de la Misa de las 12, los fieles se situaron [&hellip;]","og_url":"https:\/\/www.montalegre.org\/es\/2012\/04\/del-dia-ramos-al-viernes-santo\/","og_site_name":"Montalegre","article_published_time":"2012-04-07T16:40:29+00:00","article_modified_time":"2012-04-08T14:34:29+00:00","og_image":[{"url":"http:\/\/www.montalegre.org\/wp-content\/uploads\/2012\/04\/IMG_7919-150x150.jpg","type":"","width":"","height":""}],"author":"montalegre","twitter_card":"summary_large_image","twitter_misc":{"Escrito por":"montalegre","Tiempo de lectura":"9 minutos"},"schema":{"@context":"https:\/\/schema.org","@graph":[{"@type":"Article","@id":"https:\/\/www.montalegre.org\/es\/2012\/04\/del-dia-ramos-al-viernes-santo\/#article","isPartOf":{"@id":"https:\/\/www.montalegre.org\/es\/2012\/04\/del-dia-ramos-al-viernes-santo\/"},"author":{"name":"montalegre","@id":"https:\/\/www.montalegre.org\/es\/#\/schema\/person\/fa12d4cf3a3f1735a9176b4fafd6a633"},"headline":"Del d\u00eda Ramos al Viernes Santo","datePublished":"2012-04-07T16:40:29+00:00","dateModified":"2012-04-08T14:34:29+00:00","mainEntityOfPage":{"@id":"https:\/\/www.montalegre.org\/es\/2012\/04\/del-dia-ramos-al-viernes-santo\/"},"wordCount":1769,"commentCount":0,"image":{"@id":"https:\/\/www.montalegre.org\/es\/2012\/04\/del-dia-ramos-al-viernes-santo\/#primaryimage"},"thumbnailUrl":"http:\/\/www.montalegre.org\/wp-content\/uploads\/2012\/04\/IMG_7919-150x150.jpg","articleSection":["Noticias de Montalegre"],"inLanguage":"es","potentialAction":[{"@type":"CommentAction","name":"Comment","target":["https:\/\/www.montalegre.org\/es\/2012\/04\/del-dia-ramos-al-viernes-santo\/#respond"]}]},{"@type":"WebPage","@id":"https:\/\/www.montalegre.org\/es\/2012\/04\/del-dia-ramos-al-viernes-santo\/","url":"https:\/\/www.montalegre.org\/es\/2012\/04\/del-dia-ramos-al-viernes-santo\/","name":"Del d\u00eda Ramos al Viernes Santo - Montalegre","isPartOf":{"@id":"https:\/\/www.montalegre.org\/es\/#website"},"primaryImageOfPage":{"@id":"https:\/\/www.montalegre.org\/es\/2012\/04\/del-dia-ramos-al-viernes-santo\/#primaryimage"},"image":{"@id":"https:\/\/www.montalegre.org\/es\/2012\/04\/del-dia-ramos-al-viernes-santo\/#primaryimage"},"thumbnailUrl":"http:\/\/www.montalegre.org\/wp-content\/uploads\/2012\/04\/IMG_7919-150x150.jpg","datePublished":"2012-04-07T16:40:29+00:00","dateModified":"2012-04-08T14:34:29+00:00","author":{"@id":"https:\/\/www.montalegre.org\/es\/#\/schema\/person\/fa12d4cf3a3f1735a9176b4fafd6a633"},"breadcrumb":{"@id":"https:\/\/www.montalegre.org\/es\/2012\/04\/del-dia-ramos-al-viernes-santo\/#breadcrumb"},"inLanguage":"es","potentialAction":[{"@type":"ReadAction","target":["https:\/\/www.montalegre.org\/es\/2012\/04\/del-dia-ramos-al-viernes-santo\/"]}]},{"@type":"ImageObject","inLanguage":"es","@id":"https:\/\/www.montalegre.org\/es\/2012\/04\/del-dia-ramos-al-viernes-santo\/#primaryimage","url":"http:\/\/www.montalegre.org\/wp-content\/uploads\/2012\/04\/IMG_7919-150x150.jpg","contentUrl":"http:\/\/www.montalegre.org\/wp-content\/uploads\/2012\/04\/IMG_7919-150x150.jpg"},{"@type":"BreadcrumbList","@id":"https:\/\/www.montalegre.org\/es\/2012\/04\/del-dia-ramos-al-viernes-santo\/#breadcrumb","itemListElement":[{"@type":"ListItem","position":1,"name":"Portada","item":"https:\/\/www.montalegre.org\/es\/"},{"@type":"ListItem","position":2,"name":"Del d\u00eda Ramos al Viernes Santo"}]},{"@type":"WebSite","@id":"https:\/\/www.montalegre.org\/es\/#website","url":"https:\/\/www.montalegre.org\/es\/","name":"Montalegre","description":"","potentialAction":[{"@type":"SearchAction","target":{"@type":"EntryPoint","urlTemplate":"https:\/\/www.montalegre.org\/es\/?s={search_term_string}"},"query-input":{"@type":"PropertyValueSpecification","valueRequired":true,"valueName":"search_term_string"}}],"inLanguage":"es"},{"@type":"Person","@id":"https:\/\/www.montalegre.org\/es\/#\/schema\/person\/fa12d4cf3a3f1735a9176b4fafd6a633","name":"montalegre","image":{"@type":"ImageObject","inLanguage":"es","@id":"https:\/\/www.montalegre.org\/es\/#\/schema\/person\/image\/","url":"https:\/\/secure.gravatar.com\/avatar\/fe6d886cf5081e723c666dceda1f12d4f39070fa2ed4e79695edc3ca355c9b5a?s=96&d=mm&r=g","contentUrl":"https:\/\/secure.gravatar.com\/avatar\/fe6d886cf5081e723c666dceda1f12d4f39070fa2ed4e79695edc3ca355c9b5a?s=96&d=mm&r=g","caption":"montalegre"},"url":"https:\/\/www.montalegre.org\/es\/author\/montalegre\/"}]}},"_links":{"self":[{"href":"https:\/\/www.montalegre.org\/es\/wp-json\/wp\/v2\/posts\/5050","targetHints":{"allow":["GET"]}}],"collection":[{"href":"https:\/\/www.montalegre.org\/es\/wp-json\/wp\/v2\/posts"}],"about":[{"href":"https:\/\/www.montalegre.org\/es\/wp-json\/wp\/v2\/types\/post"}],"author":[{"embeddable":true,"href":"https:\/\/www.montalegre.org\/es\/wp-json\/wp\/v2\/users\/4"}],"replies":[{"embeddable":true,"href":"https:\/\/www.montalegre.org\/es\/wp-json\/wp\/v2\/comments?post=5050"}],"version-history":[{"count":6,"href":"https:\/\/www.montalegre.org\/es\/wp-json\/wp\/v2\/posts\/5050\/revisions"}],"predecessor-version":[{"id":5072,"href":"https:\/\/www.montalegre.org\/es\/wp-json\/wp\/v2\/posts\/5050\/revisions\/5072"}],"wp:attachment":[{"href":"https:\/\/www.montalegre.org\/es\/wp-json\/wp\/v2\/media?parent=5050"}],"wp:term":[{"taxonomy":"category","embeddable":true,"href":"https:\/\/www.montalegre.org\/es\/wp-json\/wp\/v2\/categories?post=5050"},{"taxonomy":"post_tag","embeddable":true,"href":"https:\/\/www.montalegre.org\/es\/wp-json\/wp\/v2\/tags?post=5050"}],"curies":[{"name":"wp","href":"https:\/\/api.w.org\/{rel}","templated":true}]}}