{"id":5043,"date":"2012-04-01T18:15:23","date_gmt":"2012-04-01T18:15:23","guid":{"rendered":"http:\/\/www.montalegre.org\/?p=5043"},"modified":"2012-04-01T18:15:23","modified_gmt":"2012-04-01T18:15:23","slug":"semana-santa","status":"publish","type":"post","link":"https:\/\/www.montalegre.org\/es\/2012\/04\/semana-santa\/","title":{"rendered":"Semana Santa"},"content":{"rendered":"<p>Es la semana a la que llegamos despu\u00e9s de la larga peregrinaci\u00f3n de la Cuaresma, durante la cual nos hemos ido disponiendo espiritualmente para celebrar con fruto estos d\u00edas, el momento culminante de la Redenci\u00f3n, con la pasi\u00f3n, muerte y resurrecci\u00f3n de Jes\u00fas.<\/p>\n<p>En esta semana la liturgia de la Iglesia quiere seguir el curso natural de los d\u00edas, tal como pasaron las cosas hace dos mil a\u00f1os. Todo empezar\u00e1 el domingo de Ramos.<\/p>\n<p><strong>Domingo de Ramos <\/strong><\/p>\n<p>El domingo antes de la Pasi\u00f3n, Jes\u00fas hizo una entrada impresionante en Jerusal\u00e9n, porque lo hizo sobre un asno, como los reyes antiguos en Israel, y la gente del pueblo, que aquellos d\u00edas llenaba Jerusal\u00e9n porque hab\u00eda ido a celebrar la fiesta de la Pascua jud\u00eda, lo aclamaron triunfalmente. Y lo saludaban agitando palmas y ramas de \u00e1rboles, y cantando hosannas a su paso.<\/p>\n<p>De esto nos queda un recuerdo en la Misa principal de hoy, con la bendici\u00f3n de los Ramos.<\/p>\n<p>Aunque haya este aire de alegr\u00eda y de triunfo, en el Evangelio de la Misa leeremos la Pasi\u00f3n entera, o al menos la parte principal, y queda muy claro que entramos en los momentos m\u00e1s trascendentes de la vida de Jes\u00fas. Estamos a punto de celebrar la Pasi\u00f3n. Saldremos de la Misa del domingo con el coraz\u00f3n encogido, esperando los d\u00edas mas santos del a\u00f1o. E iniciaremos, as\u00ed, la Semana Santa.<\/p>\n<p><strong>Jueves Santo: La Eucarist\u00eda <\/strong><\/p>\n<p>En el jueves Santo el ritmo de la vida de la Iglesia es todav\u00eda m\u00e1s lento que los otros d\u00edas, porque quiere recordar, paso a paso, lo que sucedi\u00f3 aquel d\u00eda en la vida de Jes\u00fas.<\/p>\n<p>Por la ma\u00f1ana los obispos celebran con los sacerdotes de sus di\u00f3cesis la Misa Crismal, que es la Misa donde se consagrar\u00e1n los \u00f3leos sagrados que a lo largo del a\u00f1o se usar\u00e1n para algunas ceremonias, como la unci\u00f3n de los enfermos, los bautizos o las confirmaciones.<\/p>\n<p>Pero el pueblo est\u00e1 invitado a la Misa que se celebra a media tarde y que tiene como hecho m\u00e1s importante el momento en que Jes\u00fas instituy\u00f3 el sacramento de la Eucarist\u00eda, y que mand\u00f3 a sus disc\u00edpulos que la celebraran en recuerdo de su memoria.<\/p>\n<p>El Sant\u00edsimo Sacramento queda despu\u00e9s de la Misa reservado en lugares especiales, que denominamos Monumentos, muy engalanados para facilitar que los fieles puedan adorar al Dios que se nos da de este modo tan sorprendente, bajo estas apariencias de pan.<\/p>\n<p>En muchos lugares existe la tradici\u00f3n de visitar Monumentos en diferentes iglesias, y hacer as\u00ed var\u00edas estaciones al Sant\u00edsimo Sacramento.<\/p>\n<p><strong>Viernes Santo: la Pasi\u00f3n <\/strong><\/p>\n<p>El Viernes Santo es el d\u00eda de la Pasi\u00f3n de Jes\u00fas.<\/p>\n<p>Es el d\u00eda m\u00e1s triste del a\u00f1o cristiano. Y todo nos invita a estar m\u00e1s bien serios y recogidos, procurando sentir con la Iglesia aquellos momentos dur\u00edsimos del juicio, condena, pasi\u00f3n y muerte de Jes\u00fas.<\/p>\n<p>Tradicionalmente era un d\u00eda en que los cristianos procuraban evitar manifestaciones externas de ruido y alegr\u00eda por respeto a la memoria de lo que Jes\u00fas estaba sufriendo aquel d\u00eda. Las personas mayores recordar\u00e1n que esto se traduc\u00eda incluso en el tipo de m\u00fasica que se escuchaba.<\/p>\n<p>L\u00f3gicamente, lo m\u00e1s importante es la disposici\u00f3n interior. Estas manifestaciones exteriores nada significar\u00edan si no fueran un reflejo de nuestro interior.<\/p>\n<p>Para los que han cumplido ya 18 a\u00f1os, y todav\u00eda no tienen 59 es un d\u00eda de ayuno, tal como recordamos al hablar de la Cuaresma.<\/p>\n<p><strong>S\u00e1bado Santo: La Iglesia vela en silencio <\/strong><\/p>\n<p>El S\u00e1bado Santo es un d\u00eda sin liturgia. La Iglesia recordar\u00e1 en este d\u00eda que Jes\u00fas est\u00e1 muerto, encerrado dentro de un sepulcro fr\u00edo, vigilado por los soldados romanos&#8230; Es un d\u00eda de espera.<\/p>\n<p><strong>Vigilia Pascual <\/strong><\/p>\n<p>Acaba la Semana Santa con la celebraci\u00f3n de la Resurrecci\u00f3n de Jes\u00fas, al tercer d\u00eda despu\u00e9s de la muerte en la Cruz. Es el momento culminante del a\u00f1o cristiano: Jes\u00fas triunfa con su resurrecci\u00f3n sobre la muerte, la gran enemiga de la humanidad. La Resurrecci\u00f3n es la gran se\u00f1al que \u00c9l mismo hab\u00eda prometido para certificar que su ense\u00f1anza era verdad.<\/p>\n<p>Jes\u00fas resucit\u00f3 la noche del s\u00e1bado al domingo, por eso los cristianos nos encontramos en primera hora de la noche para celebrar la resurrecci\u00f3n en la Vigilia Pascual. El rito de la celebraci\u00f3n es seguramente uno de los m\u00e1s ricos y m\u00e1s bonitos de toda la liturgia cat\u00f3lica y es aconsejable seguirlo con atenci\u00f3n para poder disfrutar de toda su riqueza.<\/p>\n<p>En la celebraci\u00f3n de la Vigilia Pascual es conveniente no dejarnos llevar por las prisas.<\/p>\n<p>Hemos de dejar las preocupaciones fuera de la iglesia, para emocionarnos siguiendo la historia de la salvaci\u00f3n y sentir la alegr\u00eda profunda de la resurrecci\u00f3n de Jes\u00fas.<\/p>\n<p><strong>RECORDAMOS&#8230;<\/strong><\/p>\n<p><strong>\u00a0<\/strong>S\u00f3lo los domingos son d\u00edas de precepto durante esta semana. No lo son ni el Jueves ni el Viernes Santos. El hecho de que no sean d\u00edas de precepto no excluye que no sea muy interesante participar en la liturgia: nos har\u00e1 mucho bien.<\/p>\n<p>&nbsp;<\/p>\n<p>Mn Francesc Perarnau<\/p>\n<p>&nbsp;<\/p>\n","protected":false},"excerpt":{"rendered":"<p>Es la semana a la que llegamos despu\u00e9s de la larga peregrinaci\u00f3n de la Cuaresma, durante la cual nos hemos ido disponiendo espiritualmente para celebrar con fruto estos d\u00edas, el momento culminante de la Redenci\u00f3n, con la pasi\u00f3n, muerte y resurrecci\u00f3n de Jes\u00fas. En esta semana la liturgia de la Iglesia quiere seguir el curso [&hellip;]<\/p>\n","protected":false},"author":4,"featured_media":0,"comment_status":"open","ping_status":"open","sticky":false,"template":"","format":"standard","meta":{"footnotes":""},"categories":[52],"tags":[],"class_list":["post-5043","post","type-post","status-publish","format-standard","hentry","category-editorial"],"yoast_head":"<!-- This site is optimized with the Yoast SEO plugin v27.1.1 - https:\/\/yoast.com\/product\/yoast-seo-wordpress\/ -->\n<title>Semana Santa - Montalegre<\/title>\n<meta name=\"robots\" content=\"index, follow, max-snippet:-1, max-image-preview:large, max-video-preview:-1\" \/>\n<link rel=\"canonical\" href=\"https:\/\/www.montalegre.org\/es\/2012\/04\/semana-santa\/\" \/>\n<meta property=\"og:locale\" content=\"es_ES\" \/>\n<meta property=\"og:type\" content=\"article\" \/>\n<meta property=\"og:title\" content=\"Semana Santa - Montalegre\" \/>\n<meta property=\"og:description\" content=\"Es la semana a la que llegamos despu\u00e9s de la larga peregrinaci\u00f3n de la Cuaresma, durante la cual nos hemos ido disponiendo espiritualmente para celebrar con fruto estos d\u00edas, el momento culminante de la Redenci\u00f3n, con la pasi\u00f3n, muerte y resurrecci\u00f3n de Jes\u00fas. En esta semana la liturgia de la Iglesia quiere seguir el curso [&hellip;]\" \/>\n<meta property=\"og:url\" content=\"https:\/\/www.montalegre.org\/es\/2012\/04\/semana-santa\/\" \/>\n<meta property=\"og:site_name\" content=\"Montalegre\" \/>\n<meta property=\"article:published_time\" content=\"2012-04-01T18:15:23+00:00\" \/>\n<meta name=\"author\" content=\"montalegre\" \/>\n<meta name=\"twitter:card\" content=\"summary_large_image\" \/>\n<meta name=\"twitter:label1\" content=\"Escrito por\" \/>\n\t<meta name=\"twitter:data1\" content=\"montalegre\" \/>\n\t<meta name=\"twitter:label2\" content=\"Tiempo de lectura\" \/>\n\t<meta name=\"twitter:data2\" content=\"5 minutos\" \/>\n<script type=\"application\/ld+json\" class=\"yoast-schema-graph\">{\"@context\":\"https:\/\/schema.org\",\"@graph\":[{\"@type\":\"Article\",\"@id\":\"https:\/\/www.montalegre.org\/es\/2012\/04\/semana-santa\/#article\",\"isPartOf\":{\"@id\":\"https:\/\/www.montalegre.org\/es\/2012\/04\/semana-santa\/\"},\"author\":{\"name\":\"montalegre\",\"@id\":\"https:\/\/www.montalegre.org\/es\/#\/schema\/person\/fa12d4cf3a3f1735a9176b4fafd6a633\"},\"headline\":\"Semana Santa\",\"datePublished\":\"2012-04-01T18:15:23+00:00\",\"mainEntityOfPage\":{\"@id\":\"https:\/\/www.montalegre.org\/es\/2012\/04\/semana-santa\/\"},\"wordCount\":929,\"commentCount\":0,\"articleSection\":[\"Editorial\"],\"inLanguage\":\"es\",\"potentialAction\":[{\"@type\":\"CommentAction\",\"name\":\"Comment\",\"target\":[\"https:\/\/www.montalegre.org\/es\/2012\/04\/semana-santa\/#respond\"]}]},{\"@type\":\"WebPage\",\"@id\":\"https:\/\/www.montalegre.org\/es\/2012\/04\/semana-santa\/\",\"url\":\"https:\/\/www.montalegre.org\/es\/2012\/04\/semana-santa\/\",\"name\":\"Semana Santa - Montalegre\",\"isPartOf\":{\"@id\":\"https:\/\/www.montalegre.org\/es\/#website\"},\"datePublished\":\"2012-04-01T18:15:23+00:00\",\"author\":{\"@id\":\"https:\/\/www.montalegre.org\/es\/#\/schema\/person\/fa12d4cf3a3f1735a9176b4fafd6a633\"},\"breadcrumb\":{\"@id\":\"https:\/\/www.montalegre.org\/es\/2012\/04\/semana-santa\/#breadcrumb\"},\"inLanguage\":\"es\",\"potentialAction\":[{\"@type\":\"ReadAction\",\"target\":[\"https:\/\/www.montalegre.org\/es\/2012\/04\/semana-santa\/\"]}]},{\"@type\":\"BreadcrumbList\",\"@id\":\"https:\/\/www.montalegre.org\/es\/2012\/04\/semana-santa\/#breadcrumb\",\"itemListElement\":[{\"@type\":\"ListItem\",\"position\":1,\"name\":\"Portada\",\"item\":\"https:\/\/www.montalegre.org\/es\/\"},{\"@type\":\"ListItem\",\"position\":2,\"name\":\"Semana Santa\"}]},{\"@type\":\"WebSite\",\"@id\":\"https:\/\/www.montalegre.org\/es\/#website\",\"url\":\"https:\/\/www.montalegre.org\/es\/\",\"name\":\"Montalegre\",\"description\":\"\",\"potentialAction\":[{\"@type\":\"SearchAction\",\"target\":{\"@type\":\"EntryPoint\",\"urlTemplate\":\"https:\/\/www.montalegre.org\/es\/?s={search_term_string}\"},\"query-input\":{\"@type\":\"PropertyValueSpecification\",\"valueRequired\":true,\"valueName\":\"search_term_string\"}}],\"inLanguage\":\"es\"},{\"@type\":\"Person\",\"@id\":\"https:\/\/www.montalegre.org\/es\/#\/schema\/person\/fa12d4cf3a3f1735a9176b4fafd6a633\",\"name\":\"montalegre\",\"image\":{\"@type\":\"ImageObject\",\"inLanguage\":\"es\",\"@id\":\"https:\/\/www.montalegre.org\/es\/#\/schema\/person\/image\/\",\"url\":\"https:\/\/secure.gravatar.com\/avatar\/fe6d886cf5081e723c666dceda1f12d4f39070fa2ed4e79695edc3ca355c9b5a?s=96&d=mm&r=g\",\"contentUrl\":\"https:\/\/secure.gravatar.com\/avatar\/fe6d886cf5081e723c666dceda1f12d4f39070fa2ed4e79695edc3ca355c9b5a?s=96&d=mm&r=g\",\"caption\":\"montalegre\"},\"url\":\"https:\/\/www.montalegre.org\/es\/author\/montalegre\/\"}]}<\/script>\n<!-- \/ Yoast SEO plugin. -->","yoast_head_json":{"title":"Semana Santa - Montalegre","robots":{"index":"index","follow":"follow","max-snippet":"max-snippet:-1","max-image-preview":"max-image-preview:large","max-video-preview":"max-video-preview:-1"},"canonical":"https:\/\/www.montalegre.org\/es\/2012\/04\/semana-santa\/","og_locale":"es_ES","og_type":"article","og_title":"Semana Santa - Montalegre","og_description":"Es la semana a la que llegamos despu\u00e9s de la larga peregrinaci\u00f3n de la Cuaresma, durante la cual nos hemos ido disponiendo espiritualmente para celebrar con fruto estos d\u00edas, el momento culminante de la Redenci\u00f3n, con la pasi\u00f3n, muerte y resurrecci\u00f3n de Jes\u00fas. En esta semana la liturgia de la Iglesia quiere seguir el curso [&hellip;]","og_url":"https:\/\/www.montalegre.org\/es\/2012\/04\/semana-santa\/","og_site_name":"Montalegre","article_published_time":"2012-04-01T18:15:23+00:00","author":"montalegre","twitter_card":"summary_large_image","twitter_misc":{"Escrito por":"montalegre","Tiempo de lectura":"5 minutos"},"schema":{"@context":"https:\/\/schema.org","@graph":[{"@type":"Article","@id":"https:\/\/www.montalegre.org\/es\/2012\/04\/semana-santa\/#article","isPartOf":{"@id":"https:\/\/www.montalegre.org\/es\/2012\/04\/semana-santa\/"},"author":{"name":"montalegre","@id":"https:\/\/www.montalegre.org\/es\/#\/schema\/person\/fa12d4cf3a3f1735a9176b4fafd6a633"},"headline":"Semana Santa","datePublished":"2012-04-01T18:15:23+00:00","mainEntityOfPage":{"@id":"https:\/\/www.montalegre.org\/es\/2012\/04\/semana-santa\/"},"wordCount":929,"commentCount":0,"articleSection":["Editorial"],"inLanguage":"es","potentialAction":[{"@type":"CommentAction","name":"Comment","target":["https:\/\/www.montalegre.org\/es\/2012\/04\/semana-santa\/#respond"]}]},{"@type":"WebPage","@id":"https:\/\/www.montalegre.org\/es\/2012\/04\/semana-santa\/","url":"https:\/\/www.montalegre.org\/es\/2012\/04\/semana-santa\/","name":"Semana Santa - Montalegre","isPartOf":{"@id":"https:\/\/www.montalegre.org\/es\/#website"},"datePublished":"2012-04-01T18:15:23+00:00","author":{"@id":"https:\/\/www.montalegre.org\/es\/#\/schema\/person\/fa12d4cf3a3f1735a9176b4fafd6a633"},"breadcrumb":{"@id":"https:\/\/www.montalegre.org\/es\/2012\/04\/semana-santa\/#breadcrumb"},"inLanguage":"es","potentialAction":[{"@type":"ReadAction","target":["https:\/\/www.montalegre.org\/es\/2012\/04\/semana-santa\/"]}]},{"@type":"BreadcrumbList","@id":"https:\/\/www.montalegre.org\/es\/2012\/04\/semana-santa\/#breadcrumb","itemListElement":[{"@type":"ListItem","position":1,"name":"Portada","item":"https:\/\/www.montalegre.org\/es\/"},{"@type":"ListItem","position":2,"name":"Semana Santa"}]},{"@type":"WebSite","@id":"https:\/\/www.montalegre.org\/es\/#website","url":"https:\/\/www.montalegre.org\/es\/","name":"Montalegre","description":"","potentialAction":[{"@type":"SearchAction","target":{"@type":"EntryPoint","urlTemplate":"https:\/\/www.montalegre.org\/es\/?s={search_term_string}"},"query-input":{"@type":"PropertyValueSpecification","valueRequired":true,"valueName":"search_term_string"}}],"inLanguage":"es"},{"@type":"Person","@id":"https:\/\/www.montalegre.org\/es\/#\/schema\/person\/fa12d4cf3a3f1735a9176b4fafd6a633","name":"montalegre","image":{"@type":"ImageObject","inLanguage":"es","@id":"https:\/\/www.montalegre.org\/es\/#\/schema\/person\/image\/","url":"https:\/\/secure.gravatar.com\/avatar\/fe6d886cf5081e723c666dceda1f12d4f39070fa2ed4e79695edc3ca355c9b5a?s=96&d=mm&r=g","contentUrl":"https:\/\/secure.gravatar.com\/avatar\/fe6d886cf5081e723c666dceda1f12d4f39070fa2ed4e79695edc3ca355c9b5a?s=96&d=mm&r=g","caption":"montalegre"},"url":"https:\/\/www.montalegre.org\/es\/author\/montalegre\/"}]}},"_links":{"self":[{"href":"https:\/\/www.montalegre.org\/es\/wp-json\/wp\/v2\/posts\/5043","targetHints":{"allow":["GET"]}}],"collection":[{"href":"https:\/\/www.montalegre.org\/es\/wp-json\/wp\/v2\/posts"}],"about":[{"href":"https:\/\/www.montalegre.org\/es\/wp-json\/wp\/v2\/types\/post"}],"author":[{"embeddable":true,"href":"https:\/\/www.montalegre.org\/es\/wp-json\/wp\/v2\/users\/4"}],"replies":[{"embeddable":true,"href":"https:\/\/www.montalegre.org\/es\/wp-json\/wp\/v2\/comments?post=5043"}],"version-history":[{"count":2,"href":"https:\/\/www.montalegre.org\/es\/wp-json\/wp\/v2\/posts\/5043\/revisions"}],"predecessor-version":[{"id":5045,"href":"https:\/\/www.montalegre.org\/es\/wp-json\/wp\/v2\/posts\/5043\/revisions\/5045"}],"wp:attachment":[{"href":"https:\/\/www.montalegre.org\/es\/wp-json\/wp\/v2\/media?parent=5043"}],"wp:term":[{"taxonomy":"category","embeddable":true,"href":"https:\/\/www.montalegre.org\/es\/wp-json\/wp\/v2\/categories?post=5043"},{"taxonomy":"post_tag","embeddable":true,"href":"https:\/\/www.montalegre.org\/es\/wp-json\/wp\/v2\/tags?post=5043"}],"curies":[{"name":"wp","href":"https:\/\/api.w.org\/{rel}","templated":true}]}}