{"id":5019,"date":"2012-03-27T19:53:45","date_gmt":"2012-03-27T19:53:45","guid":{"rendered":"http:\/\/www.montalegre.org\/?p=5019"},"modified":"2012-03-27T20:04:19","modified_gmt":"2012-03-27T20:04:19","slug":"desde-este-lugar-santo-os-hemos-encomendado","status":"publish","type":"post","link":"https:\/\/www.montalegre.org\/es\/2012\/03\/desde-este-lugar-santo-os-hemos-encomendado\/","title":{"rendered":"Desde este lugar santo os hemos encomendado"},"content":{"rendered":"<div id=\"attachment_5012\" style=\"width: 310px\" class=\"wp-caption alignleft\"><a href=\"http:\/\/www.montalegre.org\/2012\/03\/5011\/img_7854\/\" rel=\"attachment wp-att-5012\"><img loading=\"lazy\" decoding=\"async\" aria-describedby=\"caption-attachment-5012\" class=\"size-medium wp-image-5012\" title=\"IMG_7854\" src=\"http:\/\/www.montalegre.org\/wp-content\/uploads\/2012\/03\/IMG_7854-300x225.jpg\" alt=\"\" width=\"300\" height=\"225\" \/><\/a><p id=\"caption-attachment-5012\" class=\"wp-caption-text\">Altar Major de Montalegre<\/p><\/div>\n<p>Un a\u00f1o m\u00e1s en la iglesia hemos celebrado la misa en sufragio por el alma de D. \u00c1lvaro del Portillo, el cual traspas\u00f3 el 23 de marzo de 1994, a los dos d\u00edas de regresar de una peregrinaci\u00f3n a Tierra Santa, y de lo que estaba muy contento. Sin embargo, aquel d\u00eda, con 80 a\u00f1os, lleg\u00f3 su hora. La misa fue concelebrada y presidida como siempre, por el vicario de la Delegaci\u00f3n en Catalu\u00f1a del Opus Dei, Dr. Antoni Pujals, el rector de Montalegre y otros sacerdotes de la iglesia.<\/p>\n<p>En la homil\u00eda, el Dr. Pujals, nos situ\u00f3 en las lecturas que correspond\u00edan al cuarto viernes de Cuaresma: la esperanza en el Se\u00f1or, Dios viene a salvarnos: <em>Nuestra naturaleza es d\u00e9bil y necesitamos de la gracia de Dios<\/em>. Recordando la sencillez de D. \u00c1lvaro nos dijo que San Josemar\u00eda dec\u00eda de \u00e9l: &#8220;Este hijo m\u00edo me descansa&#8221;. A continuaci\u00f3n refiri\u00f3 c\u00f3mo viv\u00eda D. \u00c1lvaro la fidelidad: <em>Destacaba en \u00e9l su paz, una inmensa bondad y mucha energ\u00eda, comprensi\u00f3n ya la vez exigencia, fortaleza, decisi\u00f3n, muchas virtudes dif\u00edciles de encontrar en la misma persona; esta fe y esta seguridad le destacaban en su personalidad.<\/em> <em>Tambi\u00e9n correg\u00eda para cambiar y mejorar y ayudar a los dem\u00e1s.<\/em> El Dr. Pujals tambi\u00e9n nos ley\u00f3 un fragmento del Mensaje del Santo Padre Benedicto XVI para esta Cuaresma y nos hizo reflexionar: <em>\u00bfYo, como vivo mi fe? \u00bfComo ayudo a los dem\u00e1s en lo material y en lo espiritual?<\/em> Al finalizar, el Dr. Pujals dio gracias a Dios por haber tenido entre nosotros a D. \u00c1lvaro, repitiendo aquellas palabras p\u00f3stumas que hab\u00eda escrito en una postal que envi\u00f3 antes de salir de Tierra Santa, y que lleg\u00f3 a Roma cuando ya hab\u00eda muerto: &#8220;Querid\u00edsimos, desde este lugar santo os hemos encomendado&#8221;, <em>desde el cielo tenemos una ayuda que intercede por nosotros.<\/em><\/p>\n<div id=\"attachment_5013\" style=\"width: 310px\" class=\"wp-caption alignright\"><a href=\"http:\/\/www.montalegre.org\/2012\/03\/5011\/img_7857\/\" rel=\"attachment wp-att-5013\"><img loading=\"lazy\" decoding=\"async\" aria-describedby=\"caption-attachment-5013\" class=\"size-medium wp-image-5013\" title=\"IMG_7857\" src=\"http:\/\/www.montalegre.org\/wp-content\/uploads\/2012\/03\/IMG_7857-300x225.jpg\" alt=\"\" width=\"300\" height=\"225\" \/><\/a><p id=\"caption-attachment-5013\" class=\"wp-caption-text\">Nau central de l&#39;esgl\u00e9sia<\/p><\/div>\n<p>La iglesia desde el inicio de la celebraci\u00f3n se hab\u00eda llenado hasta los topes; colabor\u00f3 \u200b\u200bun conjunto de voces masculinas, acompa\u00f1ado al \u00f3rgano por Josep Masabeu.<\/p>\n<p>Para m\u00e1s informaci\u00f3n sobre la causa de canonizaci\u00f3n de D. \u00c1lvaro del Portillo se puede consultar http:\/\/www.opusdei.es\/<\/p>\n<p>&nbsp;<\/p>\n<p>Isabel Hern\u00e1ndez Esteban<\/p>\n","protected":false},"excerpt":{"rendered":"<p>Un a\u00f1o m\u00e1s en la iglesia hemos celebrado la misa en sufragio por el alma de D. \u00c1lvaro del Portillo, el cual traspas\u00f3 el 23 de marzo de 1994, a los dos d\u00edas de regresar de una peregrinaci\u00f3n a Tierra Santa, y de lo que estaba muy contento. Sin embargo, aquel d\u00eda, con 80 a\u00f1os, [&hellip;]<\/p>\n","protected":false},"author":4,"featured_media":0,"comment_status":"open","ping_status":"open","sticky":false,"template":"","format":"standard","meta":{"footnotes":""},"categories":[1],"tags":[],"class_list":["post-5019","post","type-post","status-publish","format-standard","hentry","category-noticias-de-montalegre"],"yoast_head":"<!-- This site is optimized with the Yoast SEO plugin v27.1.1 - https:\/\/yoast.com\/product\/yoast-seo-wordpress\/ -->\n<title>Desde este lugar santo os hemos encomendado - Montalegre<\/title>\n<meta name=\"robots\" content=\"index, follow, max-snippet:-1, max-image-preview:large, max-video-preview:-1\" \/>\n<link rel=\"canonical\" href=\"https:\/\/www.montalegre.org\/es\/2012\/03\/desde-este-lugar-santo-os-hemos-encomendado\/\" \/>\n<meta property=\"og:locale\" content=\"es_ES\" \/>\n<meta property=\"og:type\" content=\"article\" \/>\n<meta property=\"og:title\" content=\"Desde este lugar santo os hemos encomendado - Montalegre\" \/>\n<meta property=\"og:description\" content=\"Un a\u00f1o m\u00e1s en la iglesia hemos celebrado la misa en sufragio por el alma de D. \u00c1lvaro del Portillo, el cual traspas\u00f3 el 23 de marzo de 1994, a los dos d\u00edas de regresar de una peregrinaci\u00f3n a Tierra Santa, y de lo que estaba muy contento. Sin embargo, aquel d\u00eda, con 80 a\u00f1os, [&hellip;]\" \/>\n<meta property=\"og:url\" content=\"https:\/\/www.montalegre.org\/es\/2012\/03\/desde-este-lugar-santo-os-hemos-encomendado\/\" \/>\n<meta property=\"og:site_name\" content=\"Montalegre\" \/>\n<meta property=\"article:published_time\" content=\"2012-03-27T19:53:45+00:00\" \/>\n<meta property=\"article:modified_time\" content=\"2012-03-27T20:04:19+00:00\" \/>\n<meta property=\"og:image\" content=\"http:\/\/www.montalegre.org\/wp-content\/uploads\/2012\/03\/IMG_7854-300x225.jpg\" \/>\n<meta name=\"author\" content=\"montalegre\" \/>\n<meta name=\"twitter:card\" content=\"summary_large_image\" \/>\n<meta name=\"twitter:label1\" content=\"Escrito por\" \/>\n\t<meta name=\"twitter:data1\" content=\"montalegre\" \/>\n\t<meta name=\"twitter:label2\" content=\"Tiempo de lectura\" \/>\n\t<meta name=\"twitter:data2\" content=\"2 minutos\" \/>\n<script type=\"application\/ld+json\" class=\"yoast-schema-graph\">{\"@context\":\"https:\/\/schema.org\",\"@graph\":[{\"@type\":\"Article\",\"@id\":\"https:\/\/www.montalegre.org\/es\/2012\/03\/desde-este-lugar-santo-os-hemos-encomendado\/#article\",\"isPartOf\":{\"@id\":\"https:\/\/www.montalegre.org\/es\/2012\/03\/desde-este-lugar-santo-os-hemos-encomendado\/\"},\"author\":{\"name\":\"montalegre\",\"@id\":\"https:\/\/www.montalegre.org\/es\/#\/schema\/person\/fa12d4cf3a3f1735a9176b4fafd6a633\"},\"headline\":\"Desde este lugar santo os hemos encomendado\",\"datePublished\":\"2012-03-27T19:53:45+00:00\",\"dateModified\":\"2012-03-27T20:04:19+00:00\",\"mainEntityOfPage\":{\"@id\":\"https:\/\/www.montalegre.org\/es\/2012\/03\/desde-este-lugar-santo-os-hemos-encomendado\/\"},\"wordCount\":423,\"commentCount\":0,\"image\":{\"@id\":\"https:\/\/www.montalegre.org\/es\/2012\/03\/desde-este-lugar-santo-os-hemos-encomendado\/#primaryimage\"},\"thumbnailUrl\":\"http:\/\/www.montalegre.org\/wp-content\/uploads\/2012\/03\/IMG_7854-300x225.jpg\",\"articleSection\":[\"Noticias de Montalegre\"],\"inLanguage\":\"es\",\"potentialAction\":[{\"@type\":\"CommentAction\",\"name\":\"Comment\",\"target\":[\"https:\/\/www.montalegre.org\/es\/2012\/03\/desde-este-lugar-santo-os-hemos-encomendado\/#respond\"]}]},{\"@type\":\"WebPage\",\"@id\":\"https:\/\/www.montalegre.org\/es\/2012\/03\/desde-este-lugar-santo-os-hemos-encomendado\/\",\"url\":\"https:\/\/www.montalegre.org\/es\/2012\/03\/desde-este-lugar-santo-os-hemos-encomendado\/\",\"name\":\"Desde este lugar santo os hemos encomendado - Montalegre\",\"isPartOf\":{\"@id\":\"https:\/\/www.montalegre.org\/es\/#website\"},\"primaryImageOfPage\":{\"@id\":\"https:\/\/www.montalegre.org\/es\/2012\/03\/desde-este-lugar-santo-os-hemos-encomendado\/#primaryimage\"},\"image\":{\"@id\":\"https:\/\/www.montalegre.org\/es\/2012\/03\/desde-este-lugar-santo-os-hemos-encomendado\/#primaryimage\"},\"thumbnailUrl\":\"http:\/\/www.montalegre.org\/wp-content\/uploads\/2012\/03\/IMG_7854-300x225.jpg\",\"datePublished\":\"2012-03-27T19:53:45+00:00\",\"dateModified\":\"2012-03-27T20:04:19+00:00\",\"author\":{\"@id\":\"https:\/\/www.montalegre.org\/es\/#\/schema\/person\/fa12d4cf3a3f1735a9176b4fafd6a633\"},\"breadcrumb\":{\"@id\":\"https:\/\/www.montalegre.org\/es\/2012\/03\/desde-este-lugar-santo-os-hemos-encomendado\/#breadcrumb\"},\"inLanguage\":\"es\",\"potentialAction\":[{\"@type\":\"ReadAction\",\"target\":[\"https:\/\/www.montalegre.org\/es\/2012\/03\/desde-este-lugar-santo-os-hemos-encomendado\/\"]}]},{\"@type\":\"ImageObject\",\"inLanguage\":\"es\",\"@id\":\"https:\/\/www.montalegre.org\/es\/2012\/03\/desde-este-lugar-santo-os-hemos-encomendado\/#primaryimage\",\"url\":\"http:\/\/www.montalegre.org\/wp-content\/uploads\/2012\/03\/IMG_7854-300x225.jpg\",\"contentUrl\":\"http:\/\/www.montalegre.org\/wp-content\/uploads\/2012\/03\/IMG_7854-300x225.jpg\"},{\"@type\":\"BreadcrumbList\",\"@id\":\"https:\/\/www.montalegre.org\/es\/2012\/03\/desde-este-lugar-santo-os-hemos-encomendado\/#breadcrumb\",\"itemListElement\":[{\"@type\":\"ListItem\",\"position\":1,\"name\":\"Portada\",\"item\":\"https:\/\/www.montalegre.org\/es\/\"},{\"@type\":\"ListItem\",\"position\":2,\"name\":\"Desde este lugar santo os hemos encomendado\"}]},{\"@type\":\"WebSite\",\"@id\":\"https:\/\/www.montalegre.org\/es\/#website\",\"url\":\"https:\/\/www.montalegre.org\/es\/\",\"name\":\"Montalegre\",\"description\":\"\",\"potentialAction\":[{\"@type\":\"SearchAction\",\"target\":{\"@type\":\"EntryPoint\",\"urlTemplate\":\"https:\/\/www.montalegre.org\/es\/?s={search_term_string}\"},\"query-input\":{\"@type\":\"PropertyValueSpecification\",\"valueRequired\":true,\"valueName\":\"search_term_string\"}}],\"inLanguage\":\"es\"},{\"@type\":\"Person\",\"@id\":\"https:\/\/www.montalegre.org\/es\/#\/schema\/person\/fa12d4cf3a3f1735a9176b4fafd6a633\",\"name\":\"montalegre\",\"image\":{\"@type\":\"ImageObject\",\"inLanguage\":\"es\",\"@id\":\"https:\/\/www.montalegre.org\/es\/#\/schema\/person\/image\/\",\"url\":\"https:\/\/secure.gravatar.com\/avatar\/fe6d886cf5081e723c666dceda1f12d4f39070fa2ed4e79695edc3ca355c9b5a?s=96&d=mm&r=g\",\"contentUrl\":\"https:\/\/secure.gravatar.com\/avatar\/fe6d886cf5081e723c666dceda1f12d4f39070fa2ed4e79695edc3ca355c9b5a?s=96&d=mm&r=g\",\"caption\":\"montalegre\"},\"url\":\"https:\/\/www.montalegre.org\/es\/author\/montalegre\/\"}]}<\/script>\n<!-- \/ Yoast SEO plugin. -->","yoast_head_json":{"title":"Desde este lugar santo os hemos encomendado - Montalegre","robots":{"index":"index","follow":"follow","max-snippet":"max-snippet:-1","max-image-preview":"max-image-preview:large","max-video-preview":"max-video-preview:-1"},"canonical":"https:\/\/www.montalegre.org\/es\/2012\/03\/desde-este-lugar-santo-os-hemos-encomendado\/","og_locale":"es_ES","og_type":"article","og_title":"Desde este lugar santo os hemos encomendado - Montalegre","og_description":"Un a\u00f1o m\u00e1s en la iglesia hemos celebrado la misa en sufragio por el alma de D. \u00c1lvaro del Portillo, el cual traspas\u00f3 el 23 de marzo de 1994, a los dos d\u00edas de regresar de una peregrinaci\u00f3n a Tierra Santa, y de lo que estaba muy contento. Sin embargo, aquel d\u00eda, con 80 a\u00f1os, [&hellip;]","og_url":"https:\/\/www.montalegre.org\/es\/2012\/03\/desde-este-lugar-santo-os-hemos-encomendado\/","og_site_name":"Montalegre","article_published_time":"2012-03-27T19:53:45+00:00","article_modified_time":"2012-03-27T20:04:19+00:00","og_image":[{"url":"http:\/\/www.montalegre.org\/wp-content\/uploads\/2012\/03\/IMG_7854-300x225.jpg","type":"","width":"","height":""}],"author":"montalegre","twitter_card":"summary_large_image","twitter_misc":{"Escrito por":"montalegre","Tiempo de lectura":"2 minutos"},"schema":{"@context":"https:\/\/schema.org","@graph":[{"@type":"Article","@id":"https:\/\/www.montalegre.org\/es\/2012\/03\/desde-este-lugar-santo-os-hemos-encomendado\/#article","isPartOf":{"@id":"https:\/\/www.montalegre.org\/es\/2012\/03\/desde-este-lugar-santo-os-hemos-encomendado\/"},"author":{"name":"montalegre","@id":"https:\/\/www.montalegre.org\/es\/#\/schema\/person\/fa12d4cf3a3f1735a9176b4fafd6a633"},"headline":"Desde este lugar santo os hemos encomendado","datePublished":"2012-03-27T19:53:45+00:00","dateModified":"2012-03-27T20:04:19+00:00","mainEntityOfPage":{"@id":"https:\/\/www.montalegre.org\/es\/2012\/03\/desde-este-lugar-santo-os-hemos-encomendado\/"},"wordCount":423,"commentCount":0,"image":{"@id":"https:\/\/www.montalegre.org\/es\/2012\/03\/desde-este-lugar-santo-os-hemos-encomendado\/#primaryimage"},"thumbnailUrl":"http:\/\/www.montalegre.org\/wp-content\/uploads\/2012\/03\/IMG_7854-300x225.jpg","articleSection":["Noticias de Montalegre"],"inLanguage":"es","potentialAction":[{"@type":"CommentAction","name":"Comment","target":["https:\/\/www.montalegre.org\/es\/2012\/03\/desde-este-lugar-santo-os-hemos-encomendado\/#respond"]}]},{"@type":"WebPage","@id":"https:\/\/www.montalegre.org\/es\/2012\/03\/desde-este-lugar-santo-os-hemos-encomendado\/","url":"https:\/\/www.montalegre.org\/es\/2012\/03\/desde-este-lugar-santo-os-hemos-encomendado\/","name":"Desde este lugar santo os hemos encomendado - Montalegre","isPartOf":{"@id":"https:\/\/www.montalegre.org\/es\/#website"},"primaryImageOfPage":{"@id":"https:\/\/www.montalegre.org\/es\/2012\/03\/desde-este-lugar-santo-os-hemos-encomendado\/#primaryimage"},"image":{"@id":"https:\/\/www.montalegre.org\/es\/2012\/03\/desde-este-lugar-santo-os-hemos-encomendado\/#primaryimage"},"thumbnailUrl":"http:\/\/www.montalegre.org\/wp-content\/uploads\/2012\/03\/IMG_7854-300x225.jpg","datePublished":"2012-03-27T19:53:45+00:00","dateModified":"2012-03-27T20:04:19+00:00","author":{"@id":"https:\/\/www.montalegre.org\/es\/#\/schema\/person\/fa12d4cf3a3f1735a9176b4fafd6a633"},"breadcrumb":{"@id":"https:\/\/www.montalegre.org\/es\/2012\/03\/desde-este-lugar-santo-os-hemos-encomendado\/#breadcrumb"},"inLanguage":"es","potentialAction":[{"@type":"ReadAction","target":["https:\/\/www.montalegre.org\/es\/2012\/03\/desde-este-lugar-santo-os-hemos-encomendado\/"]}]},{"@type":"ImageObject","inLanguage":"es","@id":"https:\/\/www.montalegre.org\/es\/2012\/03\/desde-este-lugar-santo-os-hemos-encomendado\/#primaryimage","url":"http:\/\/www.montalegre.org\/wp-content\/uploads\/2012\/03\/IMG_7854-300x225.jpg","contentUrl":"http:\/\/www.montalegre.org\/wp-content\/uploads\/2012\/03\/IMG_7854-300x225.jpg"},{"@type":"BreadcrumbList","@id":"https:\/\/www.montalegre.org\/es\/2012\/03\/desde-este-lugar-santo-os-hemos-encomendado\/#breadcrumb","itemListElement":[{"@type":"ListItem","position":1,"name":"Portada","item":"https:\/\/www.montalegre.org\/es\/"},{"@type":"ListItem","position":2,"name":"Desde este lugar santo os hemos encomendado"}]},{"@type":"WebSite","@id":"https:\/\/www.montalegre.org\/es\/#website","url":"https:\/\/www.montalegre.org\/es\/","name":"Montalegre","description":"","potentialAction":[{"@type":"SearchAction","target":{"@type":"EntryPoint","urlTemplate":"https:\/\/www.montalegre.org\/es\/?s={search_term_string}"},"query-input":{"@type":"PropertyValueSpecification","valueRequired":true,"valueName":"search_term_string"}}],"inLanguage":"es"},{"@type":"Person","@id":"https:\/\/www.montalegre.org\/es\/#\/schema\/person\/fa12d4cf3a3f1735a9176b4fafd6a633","name":"montalegre","image":{"@type":"ImageObject","inLanguage":"es","@id":"https:\/\/www.montalegre.org\/es\/#\/schema\/person\/image\/","url":"https:\/\/secure.gravatar.com\/avatar\/fe6d886cf5081e723c666dceda1f12d4f39070fa2ed4e79695edc3ca355c9b5a?s=96&d=mm&r=g","contentUrl":"https:\/\/secure.gravatar.com\/avatar\/fe6d886cf5081e723c666dceda1f12d4f39070fa2ed4e79695edc3ca355c9b5a?s=96&d=mm&r=g","caption":"montalegre"},"url":"https:\/\/www.montalegre.org\/es\/author\/montalegre\/"}]}},"_links":{"self":[{"href":"https:\/\/www.montalegre.org\/es\/wp-json\/wp\/v2\/posts\/5019","targetHints":{"allow":["GET"]}}],"collection":[{"href":"https:\/\/www.montalegre.org\/es\/wp-json\/wp\/v2\/posts"}],"about":[{"href":"https:\/\/www.montalegre.org\/es\/wp-json\/wp\/v2\/types\/post"}],"author":[{"embeddable":true,"href":"https:\/\/www.montalegre.org\/es\/wp-json\/wp\/v2\/users\/4"}],"replies":[{"embeddable":true,"href":"https:\/\/www.montalegre.org\/es\/wp-json\/wp\/v2\/comments?post=5019"}],"version-history":[{"count":5,"href":"https:\/\/www.montalegre.org\/es\/wp-json\/wp\/v2\/posts\/5019\/revisions"}],"predecessor-version":[{"id":5022,"href":"https:\/\/www.montalegre.org\/es\/wp-json\/wp\/v2\/posts\/5019\/revisions\/5022"}],"wp:attachment":[{"href":"https:\/\/www.montalegre.org\/es\/wp-json\/wp\/v2\/media?parent=5019"}],"wp:term":[{"taxonomy":"category","embeddable":true,"href":"https:\/\/www.montalegre.org\/es\/wp-json\/wp\/v2\/categories?post=5019"},{"taxonomy":"post_tag","embeddable":true,"href":"https:\/\/www.montalegre.org\/es\/wp-json\/wp\/v2\/tags?post=5019"}],"curies":[{"name":"wp","href":"https:\/\/api.w.org\/{rel}","templated":true}]}}