{"id":4766,"date":"2012-01-26T21:25:12","date_gmt":"2012-01-26T21:25:12","guid":{"rendered":"http:\/\/www.montalegre.org\/?p=4766"},"modified":"2012-01-31T21:59:21","modified_gmt":"2012-01-31T21:59:21","slug":"para-evangelizar-el-matrimonio-y-la-familia","status":"publish","type":"post","link":"https:\/\/www.montalegre.org\/es\/2012\/01\/para-evangelizar-el-matrimonio-y-la-familia\/","title":{"rendered":"Para evangelizar el Matrimonio y la Familia"},"content":{"rendered":"<p>En el a\u00f1o 1965 se iniciaron las Jornadas de Cuestiones Pastorales de Castelldaura, con la finalidad continuada de dar formaci\u00f3n en el marco de la doctrina cat\u00f3lica y siempre sobre temas que fueran de actualidad y de inter\u00e9s pastoral. As\u00ed este a\u00f1o se ha desarrollado la edici\u00f3n 47 con el tema central: Matrimonio y Familia para una nueva evangelizaci\u00f3n, los d\u00edas 24 y 25 de enero en Premi\u00e0 de Dalt (Barcelona).<\/p>\n<div id=\"attachment_4875\" style=\"width: 310px\" class=\"wp-caption alignleft\"><a href=\"http:\/\/www.montalegre.org\/2012\/01\/l%e2%80%99evangelitzacio-del-matrimoni-i-la-familia\/img_7764\/\" rel=\"attachment wp-att-4875\"><img loading=\"lazy\" decoding=\"async\" aria-describedby=\"caption-attachment-4875\" class=\"size-medium wp-image-4875\" title=\"IMG_7764\" src=\"http:\/\/www.montalegre.org\/wp-content\/uploads\/2012\/01\/IMG_7764-300x225.jpg\" alt=\"\" width=\"300\" height=\"225\" \/><\/a><p id=\"caption-attachment-4875\" class=\"wp-caption-text\">El Vicari de l&#39;Opus Dei i l&#39;Arquebisbe de Barcelona<\/p><\/div>\n<p>Los temas en torno al matrimonio y la familia han tenido un car\u00e1cter teol\u00f3gico, antropol\u00f3gico, filos\u00f3fico y metaf\u00edsico, doctrinal, humano y social, por lo tanto entendemos que muy completo.<\/p>\n<p>En la presentaci\u00f3n del Acto<\/p>\n<p>El Vicario del Opus Dei, Dr. Antoni Pujals dio la bienvenida y agradecimientos a todos los presentes en especial al Cardenal Presidente del Consejo Pontificio Ennio Antonelli, al Cardenal Arzobispo de Barcelona Llu\u00eds Mart\u00ednez Sistach, al Arzobispo de la Seu Enric Vives, a todo el clero (unos 150 sacerdotes) y tambi\u00e9n a los laicos all\u00ed presentes. Puso de manifiesto las preocupaciones pastorales en relaci\u00f3n con una nueva manera de hacer la evangelizaci\u00f3n: <em>hay que saber presentar a los j\u00f3venes el matrimonio y la familia de modo que lo vean como un ideal que llena todas las expectativas.<\/em> El Cardenal Arzobispo de Barcelona refiri\u00f3 las actividades que ya se est\u00e1n preparando para esta nueva evangelizaci\u00f3n en la di\u00f3cesis de Barcelona, adem\u00e1s destac\u00f3 como importante (entre otras cosas) el hecho de que el Santo Padre Benedicto XVI haya creado un nuevo Dicasterio, y que el pr\u00f3ximo s\u00ednodo de obispos en octubre tenga que ser sobre la evangelizaci\u00f3n. Dijo: <em>Es urgente evangelizar&#8230;. el matrimonio y la familia deben ser evangelizados y deben evangelizar.<\/em> Tambi\u00e9n hizo referencia a la Bas\u00edlica de la Sagrada Familia, diciendo que <em>Antoni Gaud\u00ed dej\u00f3 un proyecto \u00fanico de forma providencial&#8230;., y ser\u00e1 el icono de la Nueva Evangelizaci\u00f3n.<\/em><br \/>\nEl programa de la 47 Jornadas<\/p>\n<p>Primer d\u00eda<br \/>\n<strong>La familia cristiana, primer camino para la evangelizaci\u00f3n<\/strong><br \/>\npor el Emmo. y Rvdmo. Sr. Cardenal Ennio Antonelli, presidente del Consejo Pontificio para la Familia.<\/p>\n<p><strong>El amor matrimonial y la dignidad humana: claves para la comprensi\u00f3n de la paternidad responsable <\/strong>por el Dr. Joan Costa, profesor de la Facultad de Teolog\u00eda de Catalunya.<\/p>\n<p><strong>Aspectos positivos y problem\u00e1ticos de la perspectiva de g\u00e9nero<\/strong> por el Dr.. Enric Vidal, profesor de la Universidad Internacional de Catalunya.<br \/>\nSegundo d\u00eda<br \/>\n<strong>Porque vale la pena casarse<\/strong>, por el Dr. Tom\u00e1s Melendo, Catedr\u00e1tico de la Universidad de M\u00e1laga.<\/p>\n<p><strong>Reconciliaciones conyugales: experiencias sobre mediaci\u00f3n y terapia familiar<\/strong> para Virginia Olano, Delegaci\u00f3n de Pastoral Familiar del Arzobispado de Barcelona.<\/p>\n<p><strong>Herramientas para la felicidad en el matrimonio: la orientaci\u00f3n familiar <\/strong>por Javier Vidal-Quadras, director del Fert y secretario general de la International Federation for Family Development.<br \/>\nLo que destacamos<\/p>\n<div id=\"attachment_4876\" style=\"width: 310px\" class=\"wp-caption alignright\"><a href=\"http:\/\/www.montalegre.org\/2012\/01\/l%e2%80%99evangelitzacio-del-matrimoni-i-la-familia\/img_7772\/\" rel=\"attachment wp-att-4876\"><img loading=\"lazy\" decoding=\"async\" aria-describedby=\"caption-attachment-4876\" class=\"size-medium wp-image-4876\" title=\"IMG_7772\" src=\"http:\/\/www.montalegre.org\/wp-content\/uploads\/2012\/01\/IMG_7772-300x225.jpg\" alt=\"\" width=\"300\" height=\"225\" \/><\/a><p id=\"caption-attachment-4876\" class=\"wp-caption-text\">Cardenal Ennio Antonelli<\/p><\/div>\n<p style=\"text-align: justify;\">El Cardenal Ennio Antonelli, en su larga e interesante intervenci\u00f3n, inici\u00f3 su conferencia destacando el cambio hist\u00f3rico actual en todos los niveles (cient\u00edfico, teol\u00f3gico, econ\u00f3mico, etc.) y se refiri\u00f3 constantemente a la enc\u00edclica Familiaris Consortio del Beato Juan Pablo II, as\u00ed como a discursos y catequesis del referido Santo Padre, y tambi\u00e9n palabras y textos recientes de Benedicto XVI. Se\u00f1al\u00f3 como muy importante que <em>&#8220;La finalidad del matrimonio no es \u00fanicamente el bien de los c\u00f3nyuges, los hijos y de la sociedad, sino tambi\u00e9n una revelaci\u00f3n en la historia de Dios y de su amor&#8221;. <\/em>Enumer\u00f3 una serie de temas candentes que la familia debe afrontar, y estimul\u00f3 el crecimiento de un fen\u00f3meno nuevo y en expansi\u00f3n: <em>las redes familiares, se trata de grupos de familias que se unen para desarrollar servicios, principalmente educativos y asistenciales.<\/em><\/p>\n<p>Mn. Joan Costa propuso un tema muy importante c\u00f3mo lo es la paternidad (y maternidad) responsables, y habl\u00f3 de la sexualidad y de las relaciones conyugales sin tapujos: <em>La vida esponsal es algo que ha puesto Dios en los esposos, no es un tema de gustos, no se pueden poner condiciones, hay que ponerse de rodillas, rezar, comprometernos en el plan de Dios, y escucharlo&#8230;. No se trata de tomar una decisi\u00f3n sobre el n\u00famero hijos a tener, se trata de escuchar a Dios en la generosidad&#8230;. ya que la corporalidad es como la luz que ha dejado Dios para entender qu\u00e9 hacemos aqu\u00ed.<\/em><\/p>\n<p><!--more-->La Sra. Olano explic\u00f3 el funcionamiento y los contenidos de trabajo del Servicio de Acogida Matrimonial de Orientaci\u00f3n Familiar del Obispado de Barcelona, informaci\u00f3n muy \u00fatil para poder derivar a matrimonios para que encuentren una soluci\u00f3n a sus conflictos conyugales.<\/p>\n<p>&nbsp;<\/p>\n<div id=\"attachment_4880\" style=\"width: 310px\" class=\"wp-caption alignleft\"><a href=\"http:\/\/www.montalegre.org\/2012\/01\/l%e2%80%99evangelitzacio-del-matrimoni-i-la-familia\/img_7788\/\" rel=\"attachment wp-att-4880\"><img loading=\"lazy\" decoding=\"async\" aria-describedby=\"caption-attachment-4880\" class=\"size-medium wp-image-4880\" title=\"IMG_7788\" src=\"http:\/\/www.montalegre.org\/wp-content\/uploads\/2012\/01\/IMG_7788-300x225.jpg\" alt=\"\" width=\"300\" height=\"225\" \/><\/a><p id=\"caption-attachment-4880\" class=\"wp-caption-text\">Dr. Albert Barcel\u00f3 i Dr. Tom\u00e1s Melendo<\/p><\/div>\n<p>Por \u00faltimo quiero destacar al Dr. Tom\u00e1s Melendo el cual utiliz\u00f3 su experiencia profesional de profesor universitario mezclada con sus vivencias positivas y estimulantes de su matrimonio como hilos conductores de una ponencia profunda: <em>&#8220;En el matrimonio es muy importante el amor pero no puedo amar sin casarme&#8230;. Con el s\u00ed (acto supremo de libertad) en el momento de la boda del amor se convierte en obligado, nos comprometemos a amarnos, es una transformaci\u00f3n real y ontol\u00f3gica, es autoconstruir&#8230; El matrimonio es una capacitaci\u00f3n, es aglo que transforma, provoca una virtud que hace querer a una persona, s\u00f3lo una, toda la vida .. el hombre como hombre y la mujer como mujer &#8220;.<br \/>\n<\/em><br \/>\nApuntes<\/p>\n<p>Todos los asistentes al momento de la inscripci\u00f3n recibieron una carpeta con el gui\u00f3n de todas las conferencias. Adem\u00e1s, despu\u00e9s de los almuerzos se desarrollaron animadas tertulias entre los asistentes y de igual manera en todos los turnos de preguntas despu\u00e9s de cada sesi\u00f3n.<br \/>\nEl equipo organizador fue el Centro Sacerdotal Rosell\u00f3 (Barcelona), con el apoyo de AFEC, Fundaci\u00f3n Privada de Promoci\u00f3n Asistencial, y la pastoral de la Iglesia de Santa Mar\u00eda de Montalegre.<br \/>\nPara m\u00e1s informaci\u00f3n se puede visitar la web creada al efecto donde podemos encontrar los textos de algunas conferencias.<\/p>\n<p>Isabel Hern\u00e1ndez Esteban<\/p>\n<p>&nbsp;<\/p>\n<p>&nbsp;<\/p>\n<p>&nbsp;<\/p>\n<p>&nbsp;<\/p>\n<p>&nbsp;<\/p>\n","protected":false},"excerpt":{"rendered":"<p>En el a\u00f1o 1965 se iniciaron las Jornadas de Cuestiones Pastorales de Castelldaura, con la finalidad continuada de dar formaci\u00f3n en el marco de la doctrina cat\u00f3lica y siempre sobre temas que fueran de actualidad y de inter\u00e9s pastoral. As\u00ed este a\u00f1o se ha desarrollado la edici\u00f3n 47 con el tema central: Matrimonio y Familia [&hellip;]<\/p>\n","protected":false},"author":4,"featured_media":0,"comment_status":"open","ping_status":"open","sticky":false,"template":"","format":"standard","meta":{"footnotes":""},"categories":[1],"tags":[],"class_list":["post-4766","post","type-post","status-publish","format-standard","hentry","category-noticias-de-montalegre"],"yoast_head":"<!-- This site is optimized with the Yoast SEO plugin v27.1.1 - https:\/\/yoast.com\/product\/yoast-seo-wordpress\/ -->\n<title>Para evangelizar el Matrimonio y la Familia - Montalegre<\/title>\n<meta name=\"robots\" content=\"index, follow, max-snippet:-1, max-image-preview:large, max-video-preview:-1\" \/>\n<link rel=\"canonical\" href=\"https:\/\/www.montalegre.org\/es\/2012\/01\/para-evangelizar-el-matrimonio-y-la-familia\/\" \/>\n<meta property=\"og:locale\" content=\"es_ES\" \/>\n<meta property=\"og:type\" content=\"article\" \/>\n<meta property=\"og:title\" content=\"Para evangelizar el Matrimonio y la Familia - Montalegre\" \/>\n<meta property=\"og:description\" content=\"En el a\u00f1o 1965 se iniciaron las Jornadas de Cuestiones Pastorales de Castelldaura, con la finalidad continuada de dar formaci\u00f3n en el marco de la doctrina cat\u00f3lica y siempre sobre temas que fueran de actualidad y de inter\u00e9s pastoral. As\u00ed este a\u00f1o se ha desarrollado la edici\u00f3n 47 con el tema central: Matrimonio y Familia [&hellip;]\" \/>\n<meta property=\"og:url\" content=\"https:\/\/www.montalegre.org\/es\/2012\/01\/para-evangelizar-el-matrimonio-y-la-familia\/\" \/>\n<meta property=\"og:site_name\" content=\"Montalegre\" \/>\n<meta property=\"article:published_time\" content=\"2012-01-26T21:25:12+00:00\" \/>\n<meta property=\"article:modified_time\" content=\"2012-01-31T21:59:21+00:00\" \/>\n<meta property=\"og:image\" content=\"http:\/\/www.montalegre.org\/wp-content\/uploads\/2012\/01\/IMG_7764-300x225.jpg\" \/>\n<meta name=\"author\" content=\"montalegre\" \/>\n<meta name=\"twitter:card\" content=\"summary_large_image\" \/>\n<meta name=\"twitter:label1\" content=\"Escrito por\" \/>\n\t<meta name=\"twitter:data1\" content=\"montalegre\" \/>\n\t<meta name=\"twitter:label2\" content=\"Tiempo de lectura\" \/>\n\t<meta name=\"twitter:data2\" content=\"5 minutos\" \/>\n<script type=\"application\/ld+json\" class=\"yoast-schema-graph\">{\"@context\":\"https:\/\/schema.org\",\"@graph\":[{\"@type\":\"Article\",\"@id\":\"https:\/\/www.montalegre.org\/es\/2012\/01\/para-evangelizar-el-matrimonio-y-la-familia\/#article\",\"isPartOf\":{\"@id\":\"https:\/\/www.montalegre.org\/es\/2012\/01\/para-evangelizar-el-matrimonio-y-la-familia\/\"},\"author\":{\"name\":\"montalegre\",\"@id\":\"https:\/\/www.montalegre.org\/es\/#\/schema\/person\/fa12d4cf3a3f1735a9176b4fafd6a633\"},\"headline\":\"Para evangelizar el Matrimonio y la Familia\",\"datePublished\":\"2012-01-26T21:25:12+00:00\",\"dateModified\":\"2012-01-31T21:59:21+00:00\",\"mainEntityOfPage\":{\"@id\":\"https:\/\/www.montalegre.org\/es\/2012\/01\/para-evangelizar-el-matrimonio-y-la-familia\/\"},\"wordCount\":1071,\"commentCount\":0,\"image\":{\"@id\":\"https:\/\/www.montalegre.org\/es\/2012\/01\/para-evangelizar-el-matrimonio-y-la-familia\/#primaryimage\"},\"thumbnailUrl\":\"http:\/\/www.montalegre.org\/wp-content\/uploads\/2012\/01\/IMG_7764-300x225.jpg\",\"articleSection\":[\"Noticias de Montalegre\"],\"inLanguage\":\"es\",\"potentialAction\":[{\"@type\":\"CommentAction\",\"name\":\"Comment\",\"target\":[\"https:\/\/www.montalegre.org\/es\/2012\/01\/para-evangelizar-el-matrimonio-y-la-familia\/#respond\"]}]},{\"@type\":\"WebPage\",\"@id\":\"https:\/\/www.montalegre.org\/es\/2012\/01\/para-evangelizar-el-matrimonio-y-la-familia\/\",\"url\":\"https:\/\/www.montalegre.org\/es\/2012\/01\/para-evangelizar-el-matrimonio-y-la-familia\/\",\"name\":\"Para evangelizar el Matrimonio y la Familia - Montalegre\",\"isPartOf\":{\"@id\":\"https:\/\/www.montalegre.org\/es\/#website\"},\"primaryImageOfPage\":{\"@id\":\"https:\/\/www.montalegre.org\/es\/2012\/01\/para-evangelizar-el-matrimonio-y-la-familia\/#primaryimage\"},\"image\":{\"@id\":\"https:\/\/www.montalegre.org\/es\/2012\/01\/para-evangelizar-el-matrimonio-y-la-familia\/#primaryimage\"},\"thumbnailUrl\":\"http:\/\/www.montalegre.org\/wp-content\/uploads\/2012\/01\/IMG_7764-300x225.jpg\",\"datePublished\":\"2012-01-26T21:25:12+00:00\",\"dateModified\":\"2012-01-31T21:59:21+00:00\",\"author\":{\"@id\":\"https:\/\/www.montalegre.org\/es\/#\/schema\/person\/fa12d4cf3a3f1735a9176b4fafd6a633\"},\"breadcrumb\":{\"@id\":\"https:\/\/www.montalegre.org\/es\/2012\/01\/para-evangelizar-el-matrimonio-y-la-familia\/#breadcrumb\"},\"inLanguage\":\"es\",\"potentialAction\":[{\"@type\":\"ReadAction\",\"target\":[\"https:\/\/www.montalegre.org\/es\/2012\/01\/para-evangelizar-el-matrimonio-y-la-familia\/\"]}]},{\"@type\":\"ImageObject\",\"inLanguage\":\"es\",\"@id\":\"https:\/\/www.montalegre.org\/es\/2012\/01\/para-evangelizar-el-matrimonio-y-la-familia\/#primaryimage\",\"url\":\"http:\/\/www.montalegre.org\/wp-content\/uploads\/2012\/01\/IMG_7764-300x225.jpg\",\"contentUrl\":\"http:\/\/www.montalegre.org\/wp-content\/uploads\/2012\/01\/IMG_7764-300x225.jpg\"},{\"@type\":\"BreadcrumbList\",\"@id\":\"https:\/\/www.montalegre.org\/es\/2012\/01\/para-evangelizar-el-matrimonio-y-la-familia\/#breadcrumb\",\"itemListElement\":[{\"@type\":\"ListItem\",\"position\":1,\"name\":\"Portada\",\"item\":\"https:\/\/www.montalegre.org\/es\/\"},{\"@type\":\"ListItem\",\"position\":2,\"name\":\"Para evangelizar el Matrimonio y la Familia\"}]},{\"@type\":\"WebSite\",\"@id\":\"https:\/\/www.montalegre.org\/es\/#website\",\"url\":\"https:\/\/www.montalegre.org\/es\/\",\"name\":\"Montalegre\",\"description\":\"\",\"potentialAction\":[{\"@type\":\"SearchAction\",\"target\":{\"@type\":\"EntryPoint\",\"urlTemplate\":\"https:\/\/www.montalegre.org\/es\/?s={search_term_string}\"},\"query-input\":{\"@type\":\"PropertyValueSpecification\",\"valueRequired\":true,\"valueName\":\"search_term_string\"}}],\"inLanguage\":\"es\"},{\"@type\":\"Person\",\"@id\":\"https:\/\/www.montalegre.org\/es\/#\/schema\/person\/fa12d4cf3a3f1735a9176b4fafd6a633\",\"name\":\"montalegre\",\"image\":{\"@type\":\"ImageObject\",\"inLanguage\":\"es\",\"@id\":\"https:\/\/www.montalegre.org\/es\/#\/schema\/person\/image\/\",\"url\":\"https:\/\/secure.gravatar.com\/avatar\/fe6d886cf5081e723c666dceda1f12d4f39070fa2ed4e79695edc3ca355c9b5a?s=96&d=mm&r=g\",\"contentUrl\":\"https:\/\/secure.gravatar.com\/avatar\/fe6d886cf5081e723c666dceda1f12d4f39070fa2ed4e79695edc3ca355c9b5a?s=96&d=mm&r=g\",\"caption\":\"montalegre\"},\"url\":\"https:\/\/www.montalegre.org\/es\/author\/montalegre\/\"}]}<\/script>\n<!-- \/ Yoast SEO plugin. -->","yoast_head_json":{"title":"Para evangelizar el Matrimonio y la Familia - Montalegre","robots":{"index":"index","follow":"follow","max-snippet":"max-snippet:-1","max-image-preview":"max-image-preview:large","max-video-preview":"max-video-preview:-1"},"canonical":"https:\/\/www.montalegre.org\/es\/2012\/01\/para-evangelizar-el-matrimonio-y-la-familia\/","og_locale":"es_ES","og_type":"article","og_title":"Para evangelizar el Matrimonio y la Familia - Montalegre","og_description":"En el a\u00f1o 1965 se iniciaron las Jornadas de Cuestiones Pastorales de Castelldaura, con la finalidad continuada de dar formaci\u00f3n en el marco de la doctrina cat\u00f3lica y siempre sobre temas que fueran de actualidad y de inter\u00e9s pastoral. As\u00ed este a\u00f1o se ha desarrollado la edici\u00f3n 47 con el tema central: Matrimonio y Familia [&hellip;]","og_url":"https:\/\/www.montalegre.org\/es\/2012\/01\/para-evangelizar-el-matrimonio-y-la-familia\/","og_site_name":"Montalegre","article_published_time":"2012-01-26T21:25:12+00:00","article_modified_time":"2012-01-31T21:59:21+00:00","og_image":[{"url":"http:\/\/www.montalegre.org\/wp-content\/uploads\/2012\/01\/IMG_7764-300x225.jpg","type":"","width":"","height":""}],"author":"montalegre","twitter_card":"summary_large_image","twitter_misc":{"Escrito por":"montalegre","Tiempo de lectura":"5 minutos"},"schema":{"@context":"https:\/\/schema.org","@graph":[{"@type":"Article","@id":"https:\/\/www.montalegre.org\/es\/2012\/01\/para-evangelizar-el-matrimonio-y-la-familia\/#article","isPartOf":{"@id":"https:\/\/www.montalegre.org\/es\/2012\/01\/para-evangelizar-el-matrimonio-y-la-familia\/"},"author":{"name":"montalegre","@id":"https:\/\/www.montalegre.org\/es\/#\/schema\/person\/fa12d4cf3a3f1735a9176b4fafd6a633"},"headline":"Para evangelizar el Matrimonio y la Familia","datePublished":"2012-01-26T21:25:12+00:00","dateModified":"2012-01-31T21:59:21+00:00","mainEntityOfPage":{"@id":"https:\/\/www.montalegre.org\/es\/2012\/01\/para-evangelizar-el-matrimonio-y-la-familia\/"},"wordCount":1071,"commentCount":0,"image":{"@id":"https:\/\/www.montalegre.org\/es\/2012\/01\/para-evangelizar-el-matrimonio-y-la-familia\/#primaryimage"},"thumbnailUrl":"http:\/\/www.montalegre.org\/wp-content\/uploads\/2012\/01\/IMG_7764-300x225.jpg","articleSection":["Noticias de Montalegre"],"inLanguage":"es","potentialAction":[{"@type":"CommentAction","name":"Comment","target":["https:\/\/www.montalegre.org\/es\/2012\/01\/para-evangelizar-el-matrimonio-y-la-familia\/#respond"]}]},{"@type":"WebPage","@id":"https:\/\/www.montalegre.org\/es\/2012\/01\/para-evangelizar-el-matrimonio-y-la-familia\/","url":"https:\/\/www.montalegre.org\/es\/2012\/01\/para-evangelizar-el-matrimonio-y-la-familia\/","name":"Para evangelizar el Matrimonio y la Familia - Montalegre","isPartOf":{"@id":"https:\/\/www.montalegre.org\/es\/#website"},"primaryImageOfPage":{"@id":"https:\/\/www.montalegre.org\/es\/2012\/01\/para-evangelizar-el-matrimonio-y-la-familia\/#primaryimage"},"image":{"@id":"https:\/\/www.montalegre.org\/es\/2012\/01\/para-evangelizar-el-matrimonio-y-la-familia\/#primaryimage"},"thumbnailUrl":"http:\/\/www.montalegre.org\/wp-content\/uploads\/2012\/01\/IMG_7764-300x225.jpg","datePublished":"2012-01-26T21:25:12+00:00","dateModified":"2012-01-31T21:59:21+00:00","author":{"@id":"https:\/\/www.montalegre.org\/es\/#\/schema\/person\/fa12d4cf3a3f1735a9176b4fafd6a633"},"breadcrumb":{"@id":"https:\/\/www.montalegre.org\/es\/2012\/01\/para-evangelizar-el-matrimonio-y-la-familia\/#breadcrumb"},"inLanguage":"es","potentialAction":[{"@type":"ReadAction","target":["https:\/\/www.montalegre.org\/es\/2012\/01\/para-evangelizar-el-matrimonio-y-la-familia\/"]}]},{"@type":"ImageObject","inLanguage":"es","@id":"https:\/\/www.montalegre.org\/es\/2012\/01\/para-evangelizar-el-matrimonio-y-la-familia\/#primaryimage","url":"http:\/\/www.montalegre.org\/wp-content\/uploads\/2012\/01\/IMG_7764-300x225.jpg","contentUrl":"http:\/\/www.montalegre.org\/wp-content\/uploads\/2012\/01\/IMG_7764-300x225.jpg"},{"@type":"BreadcrumbList","@id":"https:\/\/www.montalegre.org\/es\/2012\/01\/para-evangelizar-el-matrimonio-y-la-familia\/#breadcrumb","itemListElement":[{"@type":"ListItem","position":1,"name":"Portada","item":"https:\/\/www.montalegre.org\/es\/"},{"@type":"ListItem","position":2,"name":"Para evangelizar el Matrimonio y la Familia"}]},{"@type":"WebSite","@id":"https:\/\/www.montalegre.org\/es\/#website","url":"https:\/\/www.montalegre.org\/es\/","name":"Montalegre","description":"","potentialAction":[{"@type":"SearchAction","target":{"@type":"EntryPoint","urlTemplate":"https:\/\/www.montalegre.org\/es\/?s={search_term_string}"},"query-input":{"@type":"PropertyValueSpecification","valueRequired":true,"valueName":"search_term_string"}}],"inLanguage":"es"},{"@type":"Person","@id":"https:\/\/www.montalegre.org\/es\/#\/schema\/person\/fa12d4cf3a3f1735a9176b4fafd6a633","name":"montalegre","image":{"@type":"ImageObject","inLanguage":"es","@id":"https:\/\/www.montalegre.org\/es\/#\/schema\/person\/image\/","url":"https:\/\/secure.gravatar.com\/avatar\/fe6d886cf5081e723c666dceda1f12d4f39070fa2ed4e79695edc3ca355c9b5a?s=96&d=mm&r=g","contentUrl":"https:\/\/secure.gravatar.com\/avatar\/fe6d886cf5081e723c666dceda1f12d4f39070fa2ed4e79695edc3ca355c9b5a?s=96&d=mm&r=g","caption":"montalegre"},"url":"https:\/\/www.montalegre.org\/es\/author\/montalegre\/"}]}},"_links":{"self":[{"href":"https:\/\/www.montalegre.org\/es\/wp-json\/wp\/v2\/posts\/4766","targetHints":{"allow":["GET"]}}],"collection":[{"href":"https:\/\/www.montalegre.org\/es\/wp-json\/wp\/v2\/posts"}],"about":[{"href":"https:\/\/www.montalegre.org\/es\/wp-json\/wp\/v2\/types\/post"}],"author":[{"embeddable":true,"href":"https:\/\/www.montalegre.org\/es\/wp-json\/wp\/v2\/users\/4"}],"replies":[{"embeddable":true,"href":"https:\/\/www.montalegre.org\/es\/wp-json\/wp\/v2\/comments?post=4766"}],"version-history":[{"count":40,"href":"https:\/\/www.montalegre.org\/es\/wp-json\/wp\/v2\/posts\/4766\/revisions"}],"predecessor-version":[{"id":4768,"href":"https:\/\/www.montalegre.org\/es\/wp-json\/wp\/v2\/posts\/4766\/revisions\/4768"}],"wp:attachment":[{"href":"https:\/\/www.montalegre.org\/es\/wp-json\/wp\/v2\/media?parent=4766"}],"wp:term":[{"taxonomy":"category","embeddable":true,"href":"https:\/\/www.montalegre.org\/es\/wp-json\/wp\/v2\/categories?post=4766"},{"taxonomy":"post_tag","embeddable":true,"href":"https:\/\/www.montalegre.org\/es\/wp-json\/wp\/v2\/tags?post=4766"}],"curies":[{"name":"wp","href":"https:\/\/api.w.org\/{rel}","templated":true}]}}