{"id":4711,"date":"2012-01-09T21:44:59","date_gmt":"2012-01-09T21:44:59","guid":{"rendered":"http:\/\/www.montalegre.org\/?p=4711"},"modified":"2012-01-09T21:47:51","modified_gmt":"2012-01-09T21:47:51","slug":"nos-vamos-a-francia","status":"publish","type":"post","link":"https:\/\/www.montalegre.org\/es\/2012\/01\/nos-vamos-a-francia\/","title":{"rendered":"Nos vamos a Francia!"},"content":{"rendered":"<p>La Iglesia de Santa Mar\u00eda de Montalegre organiza una vez m\u00e1s una peregrinaci\u00f3n, con actividades lit\u00fargicas, formativas y tur\u00edsticas. En esta ocasi\u00f3n, y por primera vez, nos vamos a Par\u00eds y a Lisieux en el pr\u00f3ximo mes de mayo, \u00a0en concreto los d\u00edas 11 (viernes), 12 (s\u00e1bado) y 13 (domingo) de MAYO 2012.<\/p>\n<p>En la peregrinaci\u00f3n a Par\u00eds visitaremos la Capilla de la Virgen dela Medalla Milagrosa en Rue du Bac 140. Despu\u00e9s de un almuerzo a la francesa, pasearemos por el r\u00edo Sena en Bateaux Mouche, haremos una visita al templo del Sacre Coeur y al barrio de Montmartre. En Lisieux, visitaremos el lugar donde vivi\u00f3 y reposa Santa Teresita del Ni\u00f1o Jes\u00fas, el Carmelo, Les Buissonnets y la Catedral.<\/p>\n<p>El viaje de ida y vuelta a Par\u00eds ser\u00e1 en avi\u00f3n, y todos los dem\u00e1s traslados en autocar, la pensi\u00f3n completa los 3 d\u00edas, y misa diaria en Par\u00eds y Lisieux. El precio por persona aproximado: 650 euros. El primer pago por persona ahora!: 200 euros.<\/p>\n<p align=\"center\"><strong>Para<\/strong><strong> m\u00e1s informaci\u00f3n e inscripciones:<\/strong><\/p>\n<p align=\"center\"><strong>VIAJES<\/strong><strong> MAGISTER<\/strong><strong>: tel\u00e9fono: 934879423<\/strong><\/p>\n<p align=\"center\"><strong>Por<\/strong><strong> mail: <a href=\"mailto:gef@montalegre.org\">gef@montalegre.org<\/a><\/strong><\/p>\n<p>Servicios Informativos Montalegre<\/p>\n","protected":false},"excerpt":{"rendered":"<p>La Iglesia de Santa Mar\u00eda de Montalegre organiza una vez m\u00e1s una peregrinaci\u00f3n, con actividades lit\u00fargicas, formativas y tur\u00edsticas. En esta ocasi\u00f3n, y por primera vez, nos vamos a Par\u00eds y a Lisieux en el pr\u00f3ximo mes de mayo, \u00a0en concreto los d\u00edas 11 (viernes), 12 (s\u00e1bado) y 13 (domingo) de MAYO 2012. En la [&hellip;]<\/p>\n","protected":false},"author":4,"featured_media":0,"comment_status":"open","ping_status":"open","sticky":false,"template":"","format":"standard","meta":{"footnotes":""},"categories":[1],"tags":[],"class_list":["post-4711","post","type-post","status-publish","format-standard","hentry","category-noticias-de-montalegre"],"yoast_head":"<!-- This site is optimized with the Yoast SEO plugin v27.1.1 - https:\/\/yoast.com\/product\/yoast-seo-wordpress\/ -->\n<title>Nos vamos a Francia! - Montalegre<\/title>\n<meta name=\"robots\" content=\"index, follow, max-snippet:-1, max-image-preview:large, max-video-preview:-1\" \/>\n<link rel=\"canonical\" href=\"https:\/\/www.montalegre.org\/es\/2012\/01\/nos-vamos-a-francia\/\" \/>\n<meta property=\"og:locale\" content=\"es_ES\" \/>\n<meta property=\"og:type\" content=\"article\" \/>\n<meta property=\"og:title\" content=\"Nos vamos a Francia! - Montalegre\" \/>\n<meta property=\"og:description\" content=\"La Iglesia de Santa Mar\u00eda de Montalegre organiza una vez m\u00e1s una peregrinaci\u00f3n, con actividades lit\u00fargicas, formativas y tur\u00edsticas. En esta ocasi\u00f3n, y por primera vez, nos vamos a Par\u00eds y a Lisieux en el pr\u00f3ximo mes de mayo, \u00a0en concreto los d\u00edas 11 (viernes), 12 (s\u00e1bado) y 13 (domingo) de MAYO 2012. En la [&hellip;]\" \/>\n<meta property=\"og:url\" content=\"https:\/\/www.montalegre.org\/es\/2012\/01\/nos-vamos-a-francia\/\" \/>\n<meta property=\"og:site_name\" content=\"Montalegre\" \/>\n<meta property=\"article:published_time\" content=\"2012-01-09T21:44:59+00:00\" \/>\n<meta property=\"article:modified_time\" content=\"2012-01-09T21:47:51+00:00\" \/>\n<meta name=\"author\" content=\"montalegre\" \/>\n<meta name=\"twitter:card\" content=\"summary_large_image\" \/>\n<meta name=\"twitter:label1\" content=\"Escrito por\" \/>\n\t<meta name=\"twitter:data1\" content=\"montalegre\" \/>\n\t<meta name=\"twitter:label2\" content=\"Tiempo de lectura\" \/>\n\t<meta name=\"twitter:data2\" content=\"1 minuto\" \/>\n<script type=\"application\/ld+json\" class=\"yoast-schema-graph\">{\"@context\":\"https:\/\/schema.org\",\"@graph\":[{\"@type\":\"Article\",\"@id\":\"https:\/\/www.montalegre.org\/es\/2012\/01\/nos-vamos-a-francia\/#article\",\"isPartOf\":{\"@id\":\"https:\/\/www.montalegre.org\/es\/2012\/01\/nos-vamos-a-francia\/\"},\"author\":{\"name\":\"montalegre\",\"@id\":\"https:\/\/www.montalegre.org\/es\/#\/schema\/person\/fa12d4cf3a3f1735a9176b4fafd6a633\"},\"headline\":\"Nos vamos a Francia!\",\"datePublished\":\"2012-01-09T21:44:59+00:00\",\"dateModified\":\"2012-01-09T21:47:51+00:00\",\"mainEntityOfPage\":{\"@id\":\"https:\/\/www.montalegre.org\/es\/2012\/01\/nos-vamos-a-francia\/\"},\"wordCount\":204,\"commentCount\":0,\"articleSection\":[\"Noticias de Montalegre\"],\"inLanguage\":\"es\",\"potentialAction\":[{\"@type\":\"CommentAction\",\"name\":\"Comment\",\"target\":[\"https:\/\/www.montalegre.org\/es\/2012\/01\/nos-vamos-a-francia\/#respond\"]}]},{\"@type\":\"WebPage\",\"@id\":\"https:\/\/www.montalegre.org\/es\/2012\/01\/nos-vamos-a-francia\/\",\"url\":\"https:\/\/www.montalegre.org\/es\/2012\/01\/nos-vamos-a-francia\/\",\"name\":\"Nos vamos a Francia! - Montalegre\",\"isPartOf\":{\"@id\":\"https:\/\/www.montalegre.org\/es\/#website\"},\"datePublished\":\"2012-01-09T21:44:59+00:00\",\"dateModified\":\"2012-01-09T21:47:51+00:00\",\"author\":{\"@id\":\"https:\/\/www.montalegre.org\/es\/#\/schema\/person\/fa12d4cf3a3f1735a9176b4fafd6a633\"},\"breadcrumb\":{\"@id\":\"https:\/\/www.montalegre.org\/es\/2012\/01\/nos-vamos-a-francia\/#breadcrumb\"},\"inLanguage\":\"es\",\"potentialAction\":[{\"@type\":\"ReadAction\",\"target\":[\"https:\/\/www.montalegre.org\/es\/2012\/01\/nos-vamos-a-francia\/\"]}]},{\"@type\":\"BreadcrumbList\",\"@id\":\"https:\/\/www.montalegre.org\/es\/2012\/01\/nos-vamos-a-francia\/#breadcrumb\",\"itemListElement\":[{\"@type\":\"ListItem\",\"position\":1,\"name\":\"Portada\",\"item\":\"https:\/\/www.montalegre.org\/es\/\"},{\"@type\":\"ListItem\",\"position\":2,\"name\":\"Nos vamos a Francia!\"}]},{\"@type\":\"WebSite\",\"@id\":\"https:\/\/www.montalegre.org\/es\/#website\",\"url\":\"https:\/\/www.montalegre.org\/es\/\",\"name\":\"Montalegre\",\"description\":\"\",\"potentialAction\":[{\"@type\":\"SearchAction\",\"target\":{\"@type\":\"EntryPoint\",\"urlTemplate\":\"https:\/\/www.montalegre.org\/es\/?s={search_term_string}\"},\"query-input\":{\"@type\":\"PropertyValueSpecification\",\"valueRequired\":true,\"valueName\":\"search_term_string\"}}],\"inLanguage\":\"es\"},{\"@type\":\"Person\",\"@id\":\"https:\/\/www.montalegre.org\/es\/#\/schema\/person\/fa12d4cf3a3f1735a9176b4fafd6a633\",\"name\":\"montalegre\",\"image\":{\"@type\":\"ImageObject\",\"inLanguage\":\"es\",\"@id\":\"https:\/\/www.montalegre.org\/es\/#\/schema\/person\/image\/\",\"url\":\"https:\/\/secure.gravatar.com\/avatar\/fe6d886cf5081e723c666dceda1f12d4f39070fa2ed4e79695edc3ca355c9b5a?s=96&d=mm&r=g\",\"contentUrl\":\"https:\/\/secure.gravatar.com\/avatar\/fe6d886cf5081e723c666dceda1f12d4f39070fa2ed4e79695edc3ca355c9b5a?s=96&d=mm&r=g\",\"caption\":\"montalegre\"},\"url\":\"https:\/\/www.montalegre.org\/es\/author\/montalegre\/\"}]}<\/script>\n<!-- \/ Yoast SEO plugin. -->","yoast_head_json":{"title":"Nos vamos a Francia! - Montalegre","robots":{"index":"index","follow":"follow","max-snippet":"max-snippet:-1","max-image-preview":"max-image-preview:large","max-video-preview":"max-video-preview:-1"},"canonical":"https:\/\/www.montalegre.org\/es\/2012\/01\/nos-vamos-a-francia\/","og_locale":"es_ES","og_type":"article","og_title":"Nos vamos a Francia! - Montalegre","og_description":"La Iglesia de Santa Mar\u00eda de Montalegre organiza una vez m\u00e1s una peregrinaci\u00f3n, con actividades lit\u00fargicas, formativas y tur\u00edsticas. En esta ocasi\u00f3n, y por primera vez, nos vamos a Par\u00eds y a Lisieux en el pr\u00f3ximo mes de mayo, \u00a0en concreto los d\u00edas 11 (viernes), 12 (s\u00e1bado) y 13 (domingo) de MAYO 2012. En la [&hellip;]","og_url":"https:\/\/www.montalegre.org\/es\/2012\/01\/nos-vamos-a-francia\/","og_site_name":"Montalegre","article_published_time":"2012-01-09T21:44:59+00:00","article_modified_time":"2012-01-09T21:47:51+00:00","author":"montalegre","twitter_card":"summary_large_image","twitter_misc":{"Escrito por":"montalegre","Tiempo de lectura":"1 minuto"},"schema":{"@context":"https:\/\/schema.org","@graph":[{"@type":"Article","@id":"https:\/\/www.montalegre.org\/es\/2012\/01\/nos-vamos-a-francia\/#article","isPartOf":{"@id":"https:\/\/www.montalegre.org\/es\/2012\/01\/nos-vamos-a-francia\/"},"author":{"name":"montalegre","@id":"https:\/\/www.montalegre.org\/es\/#\/schema\/person\/fa12d4cf3a3f1735a9176b4fafd6a633"},"headline":"Nos vamos a Francia!","datePublished":"2012-01-09T21:44:59+00:00","dateModified":"2012-01-09T21:47:51+00:00","mainEntityOfPage":{"@id":"https:\/\/www.montalegre.org\/es\/2012\/01\/nos-vamos-a-francia\/"},"wordCount":204,"commentCount":0,"articleSection":["Noticias de Montalegre"],"inLanguage":"es","potentialAction":[{"@type":"CommentAction","name":"Comment","target":["https:\/\/www.montalegre.org\/es\/2012\/01\/nos-vamos-a-francia\/#respond"]}]},{"@type":"WebPage","@id":"https:\/\/www.montalegre.org\/es\/2012\/01\/nos-vamos-a-francia\/","url":"https:\/\/www.montalegre.org\/es\/2012\/01\/nos-vamos-a-francia\/","name":"Nos vamos a Francia! - Montalegre","isPartOf":{"@id":"https:\/\/www.montalegre.org\/es\/#website"},"datePublished":"2012-01-09T21:44:59+00:00","dateModified":"2012-01-09T21:47:51+00:00","author":{"@id":"https:\/\/www.montalegre.org\/es\/#\/schema\/person\/fa12d4cf3a3f1735a9176b4fafd6a633"},"breadcrumb":{"@id":"https:\/\/www.montalegre.org\/es\/2012\/01\/nos-vamos-a-francia\/#breadcrumb"},"inLanguage":"es","potentialAction":[{"@type":"ReadAction","target":["https:\/\/www.montalegre.org\/es\/2012\/01\/nos-vamos-a-francia\/"]}]},{"@type":"BreadcrumbList","@id":"https:\/\/www.montalegre.org\/es\/2012\/01\/nos-vamos-a-francia\/#breadcrumb","itemListElement":[{"@type":"ListItem","position":1,"name":"Portada","item":"https:\/\/www.montalegre.org\/es\/"},{"@type":"ListItem","position":2,"name":"Nos vamos a Francia!"}]},{"@type":"WebSite","@id":"https:\/\/www.montalegre.org\/es\/#website","url":"https:\/\/www.montalegre.org\/es\/","name":"Montalegre","description":"","potentialAction":[{"@type":"SearchAction","target":{"@type":"EntryPoint","urlTemplate":"https:\/\/www.montalegre.org\/es\/?s={search_term_string}"},"query-input":{"@type":"PropertyValueSpecification","valueRequired":true,"valueName":"search_term_string"}}],"inLanguage":"es"},{"@type":"Person","@id":"https:\/\/www.montalegre.org\/es\/#\/schema\/person\/fa12d4cf3a3f1735a9176b4fafd6a633","name":"montalegre","image":{"@type":"ImageObject","inLanguage":"es","@id":"https:\/\/www.montalegre.org\/es\/#\/schema\/person\/image\/","url":"https:\/\/secure.gravatar.com\/avatar\/fe6d886cf5081e723c666dceda1f12d4f39070fa2ed4e79695edc3ca355c9b5a?s=96&d=mm&r=g","contentUrl":"https:\/\/secure.gravatar.com\/avatar\/fe6d886cf5081e723c666dceda1f12d4f39070fa2ed4e79695edc3ca355c9b5a?s=96&d=mm&r=g","caption":"montalegre"},"url":"https:\/\/www.montalegre.org\/es\/author\/montalegre\/"}]}},"_links":{"self":[{"href":"https:\/\/www.montalegre.org\/es\/wp-json\/wp\/v2\/posts\/4711","targetHints":{"allow":["GET"]}}],"collection":[{"href":"https:\/\/www.montalegre.org\/es\/wp-json\/wp\/v2\/posts"}],"about":[{"href":"https:\/\/www.montalegre.org\/es\/wp-json\/wp\/v2\/types\/post"}],"author":[{"embeddable":true,"href":"https:\/\/www.montalegre.org\/es\/wp-json\/wp\/v2\/users\/4"}],"replies":[{"embeddable":true,"href":"https:\/\/www.montalegre.org\/es\/wp-json\/wp\/v2\/comments?post=4711"}],"version-history":[{"count":3,"href":"https:\/\/www.montalegre.org\/es\/wp-json\/wp\/v2\/posts\/4711\/revisions"}],"predecessor-version":[{"id":4713,"href":"https:\/\/www.montalegre.org\/es\/wp-json\/wp\/v2\/posts\/4711\/revisions\/4713"}],"wp:attachment":[{"href":"https:\/\/www.montalegre.org\/es\/wp-json\/wp\/v2\/media?parent=4711"}],"wp:term":[{"taxonomy":"category","embeddable":true,"href":"https:\/\/www.montalegre.org\/es\/wp-json\/wp\/v2\/categories?post=4711"},{"taxonomy":"post_tag","embeddable":true,"href":"https:\/\/www.montalegre.org\/es\/wp-json\/wp\/v2\/tags?post=4711"}],"curies":[{"name":"wp","href":"https:\/\/api.w.org\/{rel}","templated":true}]}}